{"id":9277,"date":"2025-09-03T06:06:21","date_gmt":"2025-09-03T09:06:21","guid":{"rendered":"https:\/\/diariodepe.com.br\/cri\/?p=9277"},"modified":"2025-09-03T06:06:21","modified_gmt":"2025-09-03T09:06:21","slug":"xi-jinping-participa-do-banquete-de-recepcao-da-comemoracao-dos-80-anos-da-vitoria-na-guerra-antifascista-mundial","status":"publish","type":"post","link":"https:\/\/diariodepe.com.br\/cri\/2025\/09\/03\/xi-jinping-participa-do-banquete-de-recepcao-da-comemoracao-dos-80-anos-da-vitoria-na-guerra-antifascista-mundial\/","title":{"rendered":"Xi Jinping participa do banquete de recep\u00e7\u00e3o da comemora\u00e7\u00e3o dos 80 anos da vit\u00f3ria na Guerra Antifascista Mundial"},"content":{"rendered":"<p><img decoding=\"async\" src=\"https:\/\/38picres.cgtn.com\/photoAlbum\/page\/performance\/img\/2025\/9\/3\/1756889762324_287.jpeg\" \/><\/p>\n<p>O banquete de recep\u00e7\u00e3o da comemora\u00e7\u00e3o do 80\u00ba anivers\u00e1rio da vit\u00f3ria na Guerra de Resist\u00eancia do Povo Chin\u00eas contra a Agress\u00e3o Japonesa e na Guerra Antifascista Mundial foi realizado de forma solene nesta quarta-feira (3), no Grande Pal\u00e1cio do Povo, em Beijing. O secret\u00e1rio-geral do Comit\u00ea Central do Partido Comunista da China (PCCh), presidente chin\u00eas e presidente da Comiss\u00e3o Militar Central, Xi Jinping, esteve presente na ocasi\u00e3o e proferiu um importante discurso.<\/p>\n<p>O l\u00edder chin\u00eas destacou que a convic\u00e7\u00e3o na justi\u00e7a \u00e9 inabal\u00e1vel, a aspira\u00e7\u00e3o pela paz \u00e9 irresist\u00edvel e a for\u00e7a do povo imbat\u00edvel. Em qualquer momento, devemos promover os valores comuns de toda a humanidade e defender a equidade e a justi\u00e7a internacionais de maneira firme. Todos t\u00eam que persistir no caminho do desenvolvimento pac\u00edfico, proteger a paz e a tranquilidade mundiais com firmeza e construir unidos uma comunidade com futuro compartilhado para a humanidade. Disse tamb\u00e9m que \u00e9 necess\u00e1rio tomar o cora\u00e7\u00e3o do povo como sendo de todos n\u00f3s e considerar os interesses do mundo como os nossos pr\u00f3prios interesses, trabalhando incansavelmente para melhorar o bem-estar das pessoas.<\/p>\n<p>Xi Jinping salientou que, h\u00e1 80 anos, o povo chin\u00eas, ap\u00f3s 14 anos de \u00e1rduas lutas sangrentas, derrotou completamente os invasores militaristas japoneses, proclamando a vit\u00f3ria total da Guerra Antifascista Mundial. Esse foi um ponto de virada hist\u00f3rica que marcou a passagem da na\u00e7\u00e3o chinesa, mergulhada em uma grave crise desde os tempos modernos, rumo \u00e0 grande revitaliza\u00e7\u00e3o, e constituiu tamb\u00e9m uma importante virada no desenvolvimento mundial. Essa grandiosa vit\u00f3ria foi conquistada pelo povo chin\u00eas lado a lado com os pa\u00edses aliados antifascistas e com os povos de todo o mundo. O governo e o povo da China jamais esquecer\u00e3o os governos estrangeiros e os amigos internacionais que ofereceram ajuda na resist\u00eancia contra a agress\u00e3o.<\/p>\n<p>Xi Jinping enfatizou que a justi\u00e7a, a luz e o progresso certamente triunfar\u00e3o sobre o mal, a escurid\u00e3o e a rea\u00e7\u00e3o. A humanidade vive no mesmo planeta e deve ajudar-se mutuamente e conviver em harmonia, jamais podendo retornar \u00e0 lei da selva do mais forte sobre o mais fraco.<\/p>\n<p><img decoding=\"async\" src=\"https:\/\/38picres.cgtn.com\/photoAlbum\/page\/performance\/img\/2025\/9\/3\/1756889782289_893.jpeg\" \/><\/p>\n<p>O l\u00edder chin\u00eas apontou que a moderniza\u00e7\u00e3o chinesa segue o caminho do desenvolvimento pac\u00edfico, e que a China ser\u00e1 para sempre uma for\u00e7a de paz, estabilidade e progresso no mundo. Ele expressou sua sincera esperan\u00e7a de que todos os pa\u00edses aprendam com a hist\u00f3ria, prezem a harmonia e promovam a moderniza\u00e7\u00e3o mundial de forma conjunta, abrindo um futuro ainda mais promissor para a humanidade.<\/p>\n<p>Xi Jinping prop\u00f4s um brinde junto com os convidados chineses e estrangeiros, celebrando o 80\u00ba anivers\u00e1rio da vit\u00f3ria na Guerra de Resist\u00eancia do Povo Chin\u00eas contra a Agress\u00e3o Japonesa e na Guerra Antifascista Mundial, desejando em conjunto a paz mundial.<\/p>\n","protected":false},"excerpt":{"rendered":"<p>O banquete de recep\u00e7\u00e3o da comemora\u00e7\u00e3o do 80\u00ba anivers\u00e1rio da vit\u00f3ria na Guerra de Resist\u00eancia do Povo Chin\u00eas contra a Agress\u00e3o Japonesa e na Guerra Antifascista Mundial foi realizado de forma solene nesta quarta-feira (3), no Grande Pal\u00e1cio do Povo,&#8230;<\/p>\n","protected":false},"author":2,"featured_media":0,"comment_status":"open","ping_status":"open","sticky":false,"template":"","format":"standard","meta":{"footnotes":""},"categories":[3,5],"tags":[],"class_list":["post-9277","post","type-post","status-publish","format-standard","hentry","category-china","category-destaques-capa"],"yoast_head":"<!-- This site is optimized with the Yoast SEO plugin v27.4 - https:\/\/yoast.com\/product\/yoast-seo-wordpress\/ -->\n<title>Xi Jinping participa do banquete de recep\u00e7\u00e3o da comemora\u00e7\u00e3o dos 80 anos da vit\u00f3ria na Guerra Antifascista Mundial - CRI e Diario de Pernambuco<\/title>\n<meta name=\"robots\" content=\"index, follow, max-snippet:-1, max-image-preview:large, max-video-preview:-1\" \/>\n<link rel=\"canonical\" href=\"https:\/\/diariodepe.com.br\/cri\/2025\/09\/03\/xi-jinping-participa-do-banquete-de-recepcao-da-comemoracao-dos-80-anos-da-vitoria-na-guerra-antifascista-mundial\/\" \/>\n<meta property=\"og:locale\" content=\"pt_BR\" \/>\n<meta property=\"og:type\" content=\"article\" \/>\n<meta property=\"og:title\" content=\"Xi Jinping participa do banquete de recep\u00e7\u00e3o da comemora\u00e7\u00e3o dos 80 anos da vit\u00f3ria na Guerra Antifascista Mundial - CRI e Diario de Pernambuco\" \/>\n<meta property=\"og:description\" content=\"O banquete de recep\u00e7\u00e3o da comemora\u00e7\u00e3o do 80\u00ba anivers\u00e1rio da vit\u00f3ria na Guerra de Resist\u00eancia do Povo Chin\u00eas contra a Agress\u00e3o Japonesa e na Guerra Antifascista Mundial foi realizado de forma solene nesta quarta-feira (3), no Grande Pal\u00e1cio do Povo,...\" \/>\n<meta property=\"og:url\" content=\"https:\/\/diariodepe.com.br\/cri\/2025\/09\/03\/xi-jinping-participa-do-banquete-de-recepcao-da-comemoracao-dos-80-anos-da-vitoria-na-guerra-antifascista-mundial\/\" \/>\n<meta property=\"og:site_name\" content=\"CRI e Diario de Pernambuco\" \/>\n<meta property=\"article:published_time\" content=\"2025-09-03T09:06:21+00:00\" \/>\n<meta property=\"og:image\" content=\"https:\/\/38picres.cgtn.com\/photoAlbum\/page\/performance\/img\/2025\/9\/3\/1756889762324_287.jpeg\" \/>\n<meta name=\"author\" content=\"Ismael Lucas S. Pereira\" \/>\n<meta name=\"twitter:card\" content=\"summary_large_image\" \/>\n<meta name=\"twitter:label1\" content=\"Escrito por\" \/>\n\t<meta name=\"twitter:data1\" content=\"Ismael Lucas S. Pereira\" \/>\n\t<meta name=\"twitter:label2\" content=\"Est. tempo de leitura\" \/>\n\t<meta name=\"twitter:data2\" content=\"3 minutos\" \/>\n<script type=\"application\/ld+json\" class=\"yoast-schema-graph\">{\"@context\":\"https:\\\/\\\/schema.org\",\"@graph\":[{\"@type\":\"Article\",\"@id\":\"https:\\\/\\\/diariodepe.com.br\\\/cri\\\/2025\\\/09\\\/03\\\/xi-jinping-participa-do-banquete-de-recepcao-da-comemoracao-dos-80-anos-da-vitoria-na-guerra-antifascista-mundial\\\/#article\",\"isPartOf\":{\"@id\":\"https:\\\/\\\/diariodepe.com.br\\\/cri\\\/2025\\\/09\\\/03\\\/xi-jinping-participa-do-banquete-de-recepcao-da-comemoracao-dos-80-anos-da-vitoria-na-guerra-antifascista-mundial\\\/\"},\"author\":{\"name\":\"Ismael Lucas S. Pereira\",\"@id\":\"https:\\\/\\\/diariodepe.com.br\\\/cri\\\/#\\\/schema\\\/person\\\/121bb28d84f1a5b1205ef4ce9c2e0c6b\"},\"headline\":\"Xi Jinping participa do banquete de recep\u00e7\u00e3o da comemora\u00e7\u00e3o dos 80 anos da vit\u00f3ria na Guerra Antifascista Mundial\",\"datePublished\":\"2025-09-03T09:06:21+00:00\",\"mainEntityOfPage\":{\"@id\":\"https:\\\/\\\/diariodepe.com.br\\\/cri\\\/2025\\\/09\\\/03\\\/xi-jinping-participa-do-banquete-de-recepcao-da-comemoracao-dos-80-anos-da-vitoria-na-guerra-antifascista-mundial\\\/\"},\"wordCount\":520,\"commentCount\":0,\"publisher\":{\"@id\":\"https:\\\/\\\/diariodepe.com.br\\\/cri\\\/#organization\"},\"image\":{\"@id\":\"https:\\\/\\\/diariodepe.com.br\\\/cri\\\/2025\\\/09\\\/03\\\/xi-jinping-participa-do-banquete-de-recepcao-da-comemoracao-dos-80-anos-da-vitoria-na-guerra-antifascista-mundial\\\/#primaryimage\"},\"thumbnailUrl\":\"https:\\\/\\\/38picres.cgtn.com\\\/photoAlbum\\\/page\\\/performance\\\/img\\\/2025\\\/9\\\/3\\\/1756889762324_287.jpeg\",\"articleSection\":[\"China\",\"Destaques Capa\"],\"inLanguage\":\"pt-BR\",\"potentialAction\":[{\"@type\":\"CommentAction\",\"name\":\"Comment\",\"target\":[\"https:\\\/\\\/diariodepe.com.br\\\/cri\\\/2025\\\/09\\\/03\\\/xi-jinping-participa-do-banquete-de-recepcao-da-comemoracao-dos-80-anos-da-vitoria-na-guerra-antifascista-mundial\\\/#respond\"]}]},{\"@type\":\"WebPage\",\"@id\":\"https:\\\/\\\/diariodepe.com.br\\\/cri\\\/2025\\\/09\\\/03\\\/xi-jinping-participa-do-banquete-de-recepcao-da-comemoracao-dos-80-anos-da-vitoria-na-guerra-antifascista-mundial\\\/\",\"url\":\"https:\\\/\\\/diariodepe.com.br\\\/cri\\\/2025\\\/09\\\/03\\\/xi-jinping-participa-do-banquete-de-recepcao-da-comemoracao-dos-80-anos-da-vitoria-na-guerra-antifascista-mundial\\\/\",\"name\":\"Xi Jinping participa do banquete de recep\u00e7\u00e3o da comemora\u00e7\u00e3o dos 80 anos da vit\u00f3ria na Guerra Antifascista Mundial - CRI e Diario de Pernambuco\",\"isPartOf\":{\"@id\":\"https:\\\/\\\/diariodepe.com.br\\\/cri\\\/#website\"},\"primaryImageOfPage\":{\"@id\":\"https:\\\/\\\/diariodepe.com.br\\\/cri\\\/2025\\\/09\\\/03\\\/xi-jinping-participa-do-banquete-de-recepcao-da-comemoracao-dos-80-anos-da-vitoria-na-guerra-antifascista-mundial\\\/#primaryimage\"},\"image\":{\"@id\":\"https:\\\/\\\/diariodepe.com.br\\\/cri\\\/2025\\\/09\\\/03\\\/xi-jinping-participa-do-banquete-de-recepcao-da-comemoracao-dos-80-anos-da-vitoria-na-guerra-antifascista-mundial\\\/#primaryimage\"},\"thumbnailUrl\":\"https:\\\/\\\/38picres.cgtn.com\\\/photoAlbum\\\/page\\\/performance\\\/img\\\/2025\\\/9\\\/3\\\/1756889762324_287.jpeg\",\"datePublished\":\"2025-09-03T09:06:21+00:00\",\"breadcrumb\":{\"@id\":\"https:\\\/\\\/diariodepe.com.br\\\/cri\\\/2025\\\/09\\\/03\\\/xi-jinping-participa-do-banquete-de-recepcao-da-comemoracao-dos-80-anos-da-vitoria-na-guerra-antifascista-mundial\\\/#breadcrumb\"},\"inLanguage\":\"pt-BR\",\"potentialAction\":[{\"@type\":\"ReadAction\",\"target\":[\"https:\\\/\\\/diariodepe.com.br\\\/cri\\\/2025\\\/09\\\/03\\\/xi-jinping-participa-do-banquete-de-recepcao-da-comemoracao-dos-80-anos-da-vitoria-na-guerra-antifascista-mundial\\\/\"]}]},{\"@type\":\"ImageObject\",\"inLanguage\":\"pt-BR\",\"@id\":\"https:\\\/\\\/diariodepe.com.br\\\/cri\\\/2025\\\/09\\\/03\\\/xi-jinping-participa-do-banquete-de-recepcao-da-comemoracao-dos-80-anos-da-vitoria-na-guerra-antifascista-mundial\\\/#primaryimage\",\"url\":\"https:\\\/\\\/38picres.cgtn.com\\\/photoAlbum\\\/page\\\/performance\\\/img\\\/2025\\\/9\\\/3\\\/1756889762324_287.jpeg\",\"contentUrl\":\"https:\\\/\\\/38picres.cgtn.com\\\/photoAlbum\\\/page\\\/performance\\\/img\\\/2025\\\/9\\\/3\\\/1756889762324_287.jpeg\"},{\"@type\":\"BreadcrumbList\",\"@id\":\"https:\\\/\\\/diariodepe.com.br\\\/cri\\\/2025\\\/09\\\/03\\\/xi-jinping-participa-do-banquete-de-recepcao-da-comemoracao-dos-80-anos-da-vitoria-na-guerra-antifascista-mundial\\\/#breadcrumb\",\"itemListElement\":[{\"@type\":\"ListItem\",\"position\":1,\"name\":\"In\u00edcio\",\"item\":\"https:\\\/\\\/diariodepe.com.br\\\/cri\\\/\"},{\"@type\":\"ListItem\",\"position\":2,\"name\":\"Xi Jinping participa do banquete de recep\u00e7\u00e3o da comemora\u00e7\u00e3o dos 80 anos da vit\u00f3ria na Guerra Antifascista Mundial\"}]},{\"@type\":\"WebSite\",\"@id\":\"https:\\\/\\\/diariodepe.com.br\\\/cri\\\/#website\",\"url\":\"https:\\\/\\\/diariodepe.com.br\\\/cri\\\/\",\"name\":\"CRI e Diario de Pernambuco\",\"description\":\"R\u00e1dio Internacional da China\",\"publisher\":{\"@id\":\"https:\\\/\\\/diariodepe.com.br\\\/cri\\\/#organization\"},\"potentialAction\":[{\"@type\":\"SearchAction\",\"target\":{\"@type\":\"EntryPoint\",\"urlTemplate\":\"https:\\\/\\\/diariodepe.com.br\\\/cri\\\/?s={search_term_string}\"},\"query-input\":{\"@type\":\"PropertyValueSpecification\",\"valueRequired\":true,\"valueName\":\"search_term_string\"}}],\"inLanguage\":\"pt-BR\"},{\"@type\":\"Organization\",\"@id\":\"https:\\\/\\\/diariodepe.com.br\\\/cri\\\/#organization\",\"name\":\"CRI e Diario de Pernambuco\",\"url\":\"https:\\\/\\\/diariodepe.com.br\\\/cri\\\/\",\"logo\":{\"@type\":\"ImageObject\",\"inLanguage\":\"pt-BR\",\"@id\":\"https:\\\/\\\/diariodepe.com.br\\\/cri\\\/#\\\/schema\\\/logo\\\/image\\\/\",\"url\":\"https:\\\/\\\/diariodepe.com.br\\\/cri\\\/wp-content\\\/uploads\\\/sites\\\/2\\\/2022\\\/12\\\/cropped-Logo.jpg\",\"contentUrl\":\"https:\\\/\\\/diariodepe.com.br\\\/cri\\\/wp-content\\\/uploads\\\/sites\\\/2\\\/2022\\\/12\\\/cropped-Logo.jpg\",\"width\":700,\"height\":59,\"caption\":\"CRI e Diario de Pernambuco\"},\"image\":{\"@id\":\"https:\\\/\\\/diariodepe.com.br\\\/cri\\\/#\\\/schema\\\/logo\\\/image\\\/\"}},{\"@type\":\"Person\",\"@id\":\"https:\\\/\\\/diariodepe.com.br\\\/cri\\\/#\\\/schema\\\/person\\\/121bb28d84f1a5b1205ef4ce9c2e0c6b\",\"name\":\"Ismael Lucas S. Pereira\",\"image\":{\"@type\":\"ImageObject\",\"inLanguage\":\"pt-BR\",\"@id\":\"https:\\\/\\\/secure.gravatar.com\\\/avatar\\\/887a0f3b5a7ceea963a48499fb883ffce6b5037362def025c52c2505b15d63e4?s=96&d=mm&r=g\",\"url\":\"https:\\\/\\\/secure.gravatar.com\\\/avatar\\\/887a0f3b5a7ceea963a48499fb883ffce6b5037362def025c52c2505b15d63e4?s=96&d=mm&r=g\",\"contentUrl\":\"https:\\\/\\\/secure.gravatar.com\\\/avatar\\\/887a0f3b5a7ceea963a48499fb883ffce6b5037362def025c52c2505b15d63e4?s=96&d=mm&r=g\",\"caption\":\"Ismael Lucas S. Pereira\"},\"url\":\"https:\\\/\\\/diariodepe.com.br\\\/cri\\\/author\\\/ismael-lucas\\\/\"}]}<\/script>\n<!-- \/ Yoast SEO plugin. -->","yoast_head_json":{"title":"Xi Jinping participa do banquete de recep\u00e7\u00e3o da comemora\u00e7\u00e3o dos 80 anos da vit\u00f3ria na Guerra Antifascista Mundial - CRI e Diario de Pernambuco","robots":{"index":"index","follow":"follow","max-snippet":"max-snippet:-1","max-image-preview":"max-image-preview:large","max-video-preview":"max-video-preview:-1"},"canonical":"https:\/\/diariodepe.com.br\/cri\/2025\/09\/03\/xi-jinping-participa-do-banquete-de-recepcao-da-comemoracao-dos-80-anos-da-vitoria-na-guerra-antifascista-mundial\/","og_locale":"pt_BR","og_type":"article","og_title":"Xi Jinping participa do banquete de recep\u00e7\u00e3o da comemora\u00e7\u00e3o dos 80 anos da vit\u00f3ria na Guerra Antifascista Mundial - CRI e Diario de Pernambuco","og_description":"O banquete de recep\u00e7\u00e3o da comemora\u00e7\u00e3o do 80\u00ba anivers\u00e1rio da vit\u00f3ria na Guerra de Resist\u00eancia do Povo Chin\u00eas contra a Agress\u00e3o Japonesa e na Guerra Antifascista Mundial foi realizado de forma solene nesta quarta-feira (3), no Grande Pal\u00e1cio do Povo,...","og_url":"https:\/\/diariodepe.com.br\/cri\/2025\/09\/03\/xi-jinping-participa-do-banquete-de-recepcao-da-comemoracao-dos-80-anos-da-vitoria-na-guerra-antifascista-mundial\/","og_site_name":"CRI e Diario de Pernambuco","article_published_time":"2025-09-03T09:06:21+00:00","og_image":[{"url":"https:\/\/38picres.cgtn.com\/photoAlbum\/page\/performance\/img\/2025\/9\/3\/1756889762324_287.jpeg","type":"","width":"","height":""}],"author":"Ismael Lucas S. Pereira","twitter_card":"summary_large_image","twitter_misc":{"Escrito por":"Ismael Lucas S. Pereira","Est. tempo de leitura":"3 minutos"},"schema":{"@context":"https:\/\/schema.org","@graph":[{"@type":"Article","@id":"https:\/\/diariodepe.com.br\/cri\/2025\/09\/03\/xi-jinping-participa-do-banquete-de-recepcao-da-comemoracao-dos-80-anos-da-vitoria-na-guerra-antifascista-mundial\/#article","isPartOf":{"@id":"https:\/\/diariodepe.com.br\/cri\/2025\/09\/03\/xi-jinping-participa-do-banquete-de-recepcao-da-comemoracao-dos-80-anos-da-vitoria-na-guerra-antifascista-mundial\/"},"author":{"name":"Ismael Lucas S. Pereira","@id":"https:\/\/diariodepe.com.br\/cri\/#\/schema\/person\/121bb28d84f1a5b1205ef4ce9c2e0c6b"},"headline":"Xi Jinping participa do banquete de recep\u00e7\u00e3o da comemora\u00e7\u00e3o dos 80 anos da vit\u00f3ria na Guerra Antifascista Mundial","datePublished":"2025-09-03T09:06:21+00:00","mainEntityOfPage":{"@id":"https:\/\/diariodepe.com.br\/cri\/2025\/09\/03\/xi-jinping-participa-do-banquete-de-recepcao-da-comemoracao-dos-80-anos-da-vitoria-na-guerra-antifascista-mundial\/"},"wordCount":520,"commentCount":0,"publisher":{"@id":"https:\/\/diariodepe.com.br\/cri\/#organization"},"image":{"@id":"https:\/\/diariodepe.com.br\/cri\/2025\/09\/03\/xi-jinping-participa-do-banquete-de-recepcao-da-comemoracao-dos-80-anos-da-vitoria-na-guerra-antifascista-mundial\/#primaryimage"},"thumbnailUrl":"https:\/\/38picres.cgtn.com\/photoAlbum\/page\/performance\/img\/2025\/9\/3\/1756889762324_287.jpeg","articleSection":["China","Destaques Capa"],"inLanguage":"pt-BR","potentialAction":[{"@type":"CommentAction","name":"Comment","target":["https:\/\/diariodepe.com.br\/cri\/2025\/09\/03\/xi-jinping-participa-do-banquete-de-recepcao-da-comemoracao-dos-80-anos-da-vitoria-na-guerra-antifascista-mundial\/#respond"]}]},{"@type":"WebPage","@id":"https:\/\/diariodepe.com.br\/cri\/2025\/09\/03\/xi-jinping-participa-do-banquete-de-recepcao-da-comemoracao-dos-80-anos-da-vitoria-na-guerra-antifascista-mundial\/","url":"https:\/\/diariodepe.com.br\/cri\/2025\/09\/03\/xi-jinping-participa-do-banquete-de-recepcao-da-comemoracao-dos-80-anos-da-vitoria-na-guerra-antifascista-mundial\/","name":"Xi Jinping participa do banquete de recep\u00e7\u00e3o da comemora\u00e7\u00e3o dos 80 anos da vit\u00f3ria na Guerra Antifascista Mundial - CRI e Diario de Pernambuco","isPartOf":{"@id":"https:\/\/diariodepe.com.br\/cri\/#website"},"primaryImageOfPage":{"@id":"https:\/\/diariodepe.com.br\/cri\/2025\/09\/03\/xi-jinping-participa-do-banquete-de-recepcao-da-comemoracao-dos-80-anos-da-vitoria-na-guerra-antifascista-mundial\/#primaryimage"},"image":{"@id":"https:\/\/diariodepe.com.br\/cri\/2025\/09\/03\/xi-jinping-participa-do-banquete-de-recepcao-da-comemoracao-dos-80-anos-da-vitoria-na-guerra-antifascista-mundial\/#primaryimage"},"thumbnailUrl":"https:\/\/38picres.cgtn.com\/photoAlbum\/page\/performance\/img\/2025\/9\/3\/1756889762324_287.jpeg","datePublished":"2025-09-03T09:06:21+00:00","breadcrumb":{"@id":"https:\/\/diariodepe.com.br\/cri\/2025\/09\/03\/xi-jinping-participa-do-banquete-de-recepcao-da-comemoracao-dos-80-anos-da-vitoria-na-guerra-antifascista-mundial\/#breadcrumb"},"inLanguage":"pt-BR","potentialAction":[{"@type":"ReadAction","target":["https:\/\/diariodepe.com.br\/cri\/2025\/09\/03\/xi-jinping-participa-do-banquete-de-recepcao-da-comemoracao-dos-80-anos-da-vitoria-na-guerra-antifascista-mundial\/"]}]},{"@type":"ImageObject","inLanguage":"pt-BR","@id":"https:\/\/diariodepe.com.br\/cri\/2025\/09\/03\/xi-jinping-participa-do-banquete-de-recepcao-da-comemoracao-dos-80-anos-da-vitoria-na-guerra-antifascista-mundial\/#primaryimage","url":"https:\/\/38picres.cgtn.com\/photoAlbum\/page\/performance\/img\/2025\/9\/3\/1756889762324_287.jpeg","contentUrl":"https:\/\/38picres.cgtn.com\/photoAlbum\/page\/performance\/img\/2025\/9\/3\/1756889762324_287.jpeg"},{"@type":"BreadcrumbList","@id":"https:\/\/diariodepe.com.br\/cri\/2025\/09\/03\/xi-jinping-participa-do-banquete-de-recepcao-da-comemoracao-dos-80-anos-da-vitoria-na-guerra-antifascista-mundial\/#breadcrumb","itemListElement":[{"@type":"ListItem","position":1,"name":"In\u00edcio","item":"https:\/\/diariodepe.com.br\/cri\/"},{"@type":"ListItem","position":2,"name":"Xi Jinping participa do banquete de recep\u00e7\u00e3o da comemora\u00e7\u00e3o dos 80 anos da vit\u00f3ria na Guerra Antifascista Mundial"}]},{"@type":"WebSite","@id":"https:\/\/diariodepe.com.br\/cri\/#website","url":"https:\/\/diariodepe.com.br\/cri\/","name":"CRI e Diario de Pernambuco","description":"R\u00e1dio Internacional da China","publisher":{"@id":"https:\/\/diariodepe.com.br\/cri\/#organization"},"potentialAction":[{"@type":"SearchAction","target":{"@type":"EntryPoint","urlTemplate":"https:\/\/diariodepe.com.br\/cri\/?s={search_term_string}"},"query-input":{"@type":"PropertyValueSpecification","valueRequired":true,"valueName":"search_term_string"}}],"inLanguage":"pt-BR"},{"@type":"Organization","@id":"https:\/\/diariodepe.com.br\/cri\/#organization","name":"CRI e Diario de Pernambuco","url":"https:\/\/diariodepe.com.br\/cri\/","logo":{"@type":"ImageObject","inLanguage":"pt-BR","@id":"https:\/\/diariodepe.com.br\/cri\/#\/schema\/logo\/image\/","url":"https:\/\/diariodepe.com.br\/cri\/wp-content\/uploads\/sites\/2\/2022\/12\/cropped-Logo.jpg","contentUrl":"https:\/\/diariodepe.com.br\/cri\/wp-content\/uploads\/sites\/2\/2022\/12\/cropped-Logo.jpg","width":700,"height":59,"caption":"CRI e Diario de Pernambuco"},"image":{"@id":"https:\/\/diariodepe.com.br\/cri\/#\/schema\/logo\/image\/"}},{"@type":"Person","@id":"https:\/\/diariodepe.com.br\/cri\/#\/schema\/person\/121bb28d84f1a5b1205ef4ce9c2e0c6b","name":"Ismael Lucas S. Pereira","image":{"@type":"ImageObject","inLanguage":"pt-BR","@id":"https:\/\/secure.gravatar.com\/avatar\/887a0f3b5a7ceea963a48499fb883ffce6b5037362def025c52c2505b15d63e4?s=96&d=mm&r=g","url":"https:\/\/secure.gravatar.com\/avatar\/887a0f3b5a7ceea963a48499fb883ffce6b5037362def025c52c2505b15d63e4?s=96&d=mm&r=g","contentUrl":"https:\/\/secure.gravatar.com\/avatar\/887a0f3b5a7ceea963a48499fb883ffce6b5037362def025c52c2505b15d63e4?s=96&d=mm&r=g","caption":"Ismael Lucas S. Pereira"},"url":"https:\/\/diariodepe.com.br\/cri\/author\/ismael-lucas\/"}]}},"cc_featured_image_caption":{"caption_text":false,"source_text":false,"source_url":false},"amp_enabled":true,"_links":{"self":[{"href":"https:\/\/diariodepe.com.br\/cri\/wp-json\/wp\/v2\/posts\/9277","targetHints":{"allow":["GET"]}}],"collection":[{"href":"https:\/\/diariodepe.com.br\/cri\/wp-json\/wp\/v2\/posts"}],"about":[{"href":"https:\/\/diariodepe.com.br\/cri\/wp-json\/wp\/v2\/types\/post"}],"author":[{"embeddable":true,"href":"https:\/\/diariodepe.com.br\/cri\/wp-json\/wp\/v2\/users\/2"}],"replies":[{"embeddable":true,"href":"https:\/\/diariodepe.com.br\/cri\/wp-json\/wp\/v2\/comments?post=9277"}],"version-history":[{"count":1,"href":"https:\/\/diariodepe.com.br\/cri\/wp-json\/wp\/v2\/posts\/9277\/revisions"}],"predecessor-version":[{"id":9278,"href":"https:\/\/diariodepe.com.br\/cri\/wp-json\/wp\/v2\/posts\/9277\/revisions\/9278"}],"wp:attachment":[{"href":"https:\/\/diariodepe.com.br\/cri\/wp-json\/wp\/v2\/media?parent=9277"}],"wp:term":[{"taxonomy":"category","embeddable":true,"href":"https:\/\/diariodepe.com.br\/cri\/wp-json\/wp\/v2\/categories?post=9277"},{"taxonomy":"post_tag","embeddable":true,"href":"https:\/\/diariodepe.com.br\/cri\/wp-json\/wp\/v2\/tags?post=9277"}],"curies":[{"name":"wp","href":"https:\/\/api.w.org\/{rel}","templated":true}]}}