{"id":9269,"date":"2025-09-03T05:37:29","date_gmt":"2025-09-03T08:37:29","guid":{"rendered":"https:\/\/diariodepe.com.br\/cri\/?p=9269"},"modified":"2025-09-03T05:37:29","modified_gmt":"2025-09-03T08:37:29","slug":"china-comemora-os-80-anos-do-dia-da-vitoria-reafirmando-o-desejo-de-paz-e-justica-para-o-mundo","status":"publish","type":"post","link":"https:\/\/diariodepe.com.br\/cri\/2025\/09\/03\/china-comemora-os-80-anos-do-dia-da-vitoria-reafirmando-o-desejo-de-paz-e-justica-para-o-mundo\/","title":{"rendered":"China comemora os 80 anos do Dia da Vit\u00f3ria reafirmando o desejo de paz e justi\u00e7a para o mundo"},"content":{"rendered":"<p><img decoding=\"async\" src=\"https:\/\/38picres.cgtn.com\/photoAlbum\/page\/performance\/img\/2025\/9\/3\/1756885912169_509.jpg\" \/><\/p>\n<p>A Rep\u00fablica Popular da China comemorou nesta quarta-feira, 3 de setembro, com brilhantismo e imenso regozijo popular, sob a lideran\u00e7a do presidente Xi Jinping, tamb\u00e9m secret\u00e1rio-Geral do Partido Comunista da China e presidente da Comiss\u00e3o Militar Central, na presen\u00e7a das demais autoridades de Estado e Governo e de mais de 20 chefes de Estado estrangeiros, o 80\u00ba anivers\u00e1rio da vit\u00f3ria na Guerra de Resist\u00eancia do Povo Chin\u00eas contra a Agress\u00e3o Japonesa e na Guerra Mundial Antifascista.<\/p>\n<p>Trata-se da celebra\u00e7\u00e3o de uma vit\u00f3ria conquistada com ingente esfor\u00e7o, luta renhida e hero\u00edsmo popular, fruto igualmente da alian\u00e7a de povos e na\u00e7\u00f5es amigos na luta antifascista mundial. O Dia da Vit\u00f3ria pertence \u00e0 hist\u00f3ria da na\u00e7\u00e3o chinesa como um grande feito nacional e \u00e0 toda a humanidade.<\/p>\n<p>Dirigindo-se \u00e0 na\u00e7\u00e3o e ao mundo desde a Pra\u00e7a Tian\u2019anmen, o presidente Xi afirmou: \u201cA Guerra de Resist\u00eancia do Povo Chin\u00eas contra a Agress\u00e3o Japonesa \u00e9 uma grande guerra \u00e1rdua. Sob a bandeira da frente nacional \u00fanica contra a agress\u00e3o japonesa, iniciada e estabelecida pelo Partido Comunista da China, o povo chin\u00eas combateu inimigos formid\u00e1veis com vontade f\u00e9rrea e forjou uma grande muralha com sua pr\u00f3pria carne e sangue, conseguindo a primeira vit\u00f3ria total em resist\u00eancia contra agress\u00f5es estrangeiras desde os tempos modernos.\u201d<\/p>\n<p><img decoding=\"async\" src=\"https:\/\/38picres.cgtn.com\/photoAlbum\/page\/performance\/img\/2025\/9\/3\/1756885912153_115.jpg\" \/><\/p>\n<p>A grandeza da celebra\u00e7\u00e3o justifica-se porque o dia 3 de setembro marca a liberta\u00e7\u00e3o nacional ap\u00f3s anos de agress\u00f5es brutais, massacres e destrui\u00e7\u00e3o impostos pelo Jap\u00e3o imperialista e militarista. A resist\u00eancia chinesa, que se prolongou por 14 anos, al\u00e9m de ser uma reden\u00e7\u00e3o nacional, foi uma das contribui\u00e7\u00f5es centrais para a derrota do eixo fascista no continente asi\u00e1tico, um esfor\u00e7o em que milh\u00f5es de soldados e civis sacrificaram suas vidas. N\u00e3o foi uma vit\u00f3ria apenas militar, mas tamb\u00e9m pol\u00edtica e de valores, pois afirmou a soberania do pa\u00eds e refor\u00e7ou a necessidade de uni\u00e3o nacional diante das agress\u00f5es externas.<\/p>\n<p>O presidente Xi ressaltou tamb\u00e9m que a vit\u00f3ria do povo chin\u00eas foi uma inestim\u00e1vel contribui\u00e7\u00e3o \u00e0 humanidade: \u201cA Guerra de Resist\u00eancia do Povo Chin\u00eas contra a Agress\u00e3o Japonesa foi um componente importante da Guerra Antifascista Mundial. O povo chin\u00eas fez grandes contribui\u00e7\u00f5es para salvar as civiliza\u00e7\u00f5es humanas e defender a paz mundial com enormes sacrif\u00edcios nacionais.\u201d<\/p>\n<p>A China, 80 anos depois daquele triunfo, est\u00e1 mais forte do que nunca, gra\u00e7as ao caminho percorrido sob a firme dire\u00e7\u00e3o do Partido Comunista. De posse do legado deixado pelas gera\u00e7\u00f5es anteriores, o povo chin\u00eas n\u00e3o se deixou submeter. \u201cA na\u00e7\u00e3o chinesa \u00e9 uma grande na\u00e7\u00e3o que nunca cede \u00e0 viol\u00eancia e sempre valoriza a independ\u00eancia e o autofortalecimento. No passado, perante a luta decisiva entre a justi\u00e7a e o mal, a luz e a escurid\u00e3o, o progresso e a rea\u00e7\u00e3o, o povo chin\u00eas, unido e determinado, lutou pela sobreviv\u00eancia do pa\u00eds, pela revitaliza\u00e7\u00e3o da na\u00e7\u00e3o e pela justi\u00e7a de toda a humanidade\u201d, afirmou o presidente Xi.<\/p>\n<p>Isto explica por que a na\u00e7\u00e3o chinesa ingressou irreversivelmente no caminho do progresso e se tornou capaz de cooperar com a humanidade. \u201cA hist\u00f3ria nos alerta que a humanidade compartilha as mesmas alegrias e infort\u00fanios. Todos os pa\u00edses e todas as na\u00e7\u00f5es, somente quando se tratam como iguais, convivem em harmonia e se ajudam uns aos outros, podem salvaguardar a seguran\u00e7a comum, erradicar as causas da guerra e evitar a repeti\u00e7\u00e3o de trag\u00e9dias hist\u00f3ricas\u201d, afirmou o presidente chin\u00eas.<\/p>\n<p><img decoding=\"async\" src=\"https:\/\/38picres.cgtn.com\/photoAlbum\/page\/performance\/img\/2025\/9\/3\/1756885912099_562.jpg\" \/><\/p>\n<p>A humanidade ser\u00e1 sempre grata \u00e0 China porque a participa\u00e7\u00e3o da grande na\u00e7\u00e3o asi\u00e1tica foi decisiva para enfraquecer o poderio japon\u00eas e alterar o curso da guerra. Ao manter um longo front de resist\u00eancia, o pa\u00eds impediu que o Jap\u00e3o destinasse todos os seus recursos \u00e0 expans\u00e3o no Pac\u00edfico, contribuindo para as vit\u00f3rias das pot\u00eancias aliadas nas outras frentes da Segunda Guerra Mundial. A mem\u00f3ria desse per\u00edodo \u00e9 uma prova da capacidade chinesa de resist\u00eancia e de sua legitimidade em ocupar um papel de destaque no cen\u00e1rio internacional p\u00f3s-guerra. Nesse sentido, a vit\u00f3ria \u00e9 tamb\u00e9m um ponto de virada que abriu espa\u00e7o para a reconstru\u00e7\u00e3o nacional e para a afirma\u00e7\u00e3o da China como pot\u00eancia.<\/p>\n<p>O presidente Xi tamb\u00e9m advertiu que o mundo est\u00e1 de novo entre a paz e a guerra e que a China est\u00e1 do lado certo da hist\u00f3ria. Diante disso, ressaltou a voca\u00e7\u00e3o pac\u00edfica de seu Pa\u00eds: \u201cHoje, a humanidade est\u00e1 enfrentando mais uma vez a escolha entre paz e guerra, di\u00e1logo e confronto, ganhos compartilhados e jogo de soma zero. O povo chin\u00eas est\u00e1 firmemente do lado certo da hist\u00f3ria e do lado do progresso da civiliza\u00e7\u00e3o humana. Vamos continuar comprometidos com o caminho de desenvolvimento pac\u00edfico, formando, junto com o povo do resto do mundo, uma comunidade com futuro compartilhado para a humanidade.\u201d<\/p>\n<p>A comemora\u00e7\u00e3o do Dia da Vit\u00f3ria \u00e9, assim, uma ocasi\u00e3o prop\u00edcia para refor\u00e7ar valores pol\u00edticos e hist\u00f3ricos, fortalecer a unidade nacional, a solidariedade entre os povos e a luta pela independ\u00eancia, a justi\u00e7a, a prosperidade e a paz.<\/p>\n<p>Esta celebra\u00e7\u00e3o \u00e9 igualmente um alerta para os perigos do revisionismo hist\u00f3rico, a subestima\u00e7\u00e3o da luta do povo chin\u00eas, as tentativas de minimizar os crimes de guerra cometidos pelo Jap\u00e3o e o menosprezo pela mem\u00f3ria coletiva. Ao rememorar a fa\u00e7anha hist\u00f3rica, a China honra os seus m\u00e1rtires, cujo sacrif\u00edcio tamb\u00e9m est\u00e1 na base da China atual, firme, altaneira, soberana, em pleno desenvolvimento, comprometida com a paz mundial e o progresso da humanidade.<\/p>\n<p>As comemora\u00e7\u00f5es dos 80 anos do Dia da Vit\u00f3ria foram marcadas por um imponente desfile militar. Uma vez mais, o Ex\u00e9rcito Popular de Liberta\u00e7\u00e3o da China (EPL) demonstrou ao mundo seu poderoso car\u00e1ter defensivo e dissuasivo, refletindo a prioridade de proteger a soberania e a integridade territorial do pa\u00eds. O mundo inteiro viu na parada militar de Pequim do dia 3 de Setembro, a aplica\u00e7\u00e3o do princ\u00edpio de que a China n\u00e3o busca conflitos, mas se reserva o direito de responder com firmeza caso seja provocada ou amea\u00e7ada. Essa postura \u00e9 essencial para garantir seguran\u00e7a em um mundo marcado por turbul\u00eancias e amea\u00e7as em meio a complicadas disputas geopol\u00edticas.<\/p>\n<p>Nas \u00faltimas d\u00e9cadas, a moderniza\u00e7\u00e3o do EPL transformou a China em uma das maiores pot\u00eancias militares do mundo. Esse avan\u00e7o refor\u00e7a a capacidade de dissuas\u00e3o, tornando qualquer a\u00e7\u00e3o hostil contra a China altamente custosa para potenciais advers\u00e1rios. \u201cO Ex\u00e9rcito Popular de Liberta\u00e7\u00e3o da China \u00e9 sempre a for\u00e7a armada heroica de plena confian\u00e7a do Partido e do povo. Todos que est\u00e3o em servi\u00e7o militar devem cumprir de forma fiel sua responsabilidade sagrada, acelerar a constru\u00e7\u00e3o de um ex\u00e9rcito de classe mundial e salvaguardar firmemente a soberania, a reunifica\u00e7\u00e3o e a integridade territorial da p\u00e1tria, dando um suporte estrat\u00e9gico para a grande revitaliza\u00e7\u00e3o da na\u00e7\u00e3o chinesa e uma maior contribui\u00e7\u00e3o para a paz e o desenvolvimento do mundo\u201d, afirmou o l\u00edder chin\u00eas.<\/p>\n<p>Inspirado pela grandeza da data, o presidente Xi Jinping encerrou seu discurso confiante e entusiasta, sintetizando os princ\u00edpios pol\u00edticos e a ideologia da China socialista: \u201cA hist\u00f3ria carrega o legado do passado enquanto inspira o futuro. Na nova jornada da nova era, o povo chin\u00eas de todos os grupos \u00e9tnicos, sob a firme lideran\u00e7a do Partido Comunista da China, tem de seguir o marxismo-leninismo, o pensamento de Mao Zedong, a teoria de Deng Xiaoping, o importante pensamento da tr\u00edplice representatividade e o conceito de desenvolvimento cient\u00edfico, implementar plenamente o pensamento sobre o socialismo com caracter\u00edsticas chinesas para a nova era, trilhar a passos firmes o caminho do socialismo com caracter\u00edsticas chinesas, herdar e promover o grande esp\u00edrito da Guerra de Resist\u00eancia, trabalhar duro com esp\u00edrito empreendedor e avan\u00e7ar com coragem e perseveran\u00e7a, lutando com uni\u00e3o pela constru\u00e7\u00e3o de um grande pa\u00eds e a revitaliza\u00e7\u00e3o nacional em todas as frentes por meio de moderniza\u00e7\u00e3o chinesa! A grande revitaliza\u00e7\u00e3o da na\u00e7\u00e3o chinesa \u00e9 irresist\u00edvel! A nobre causa da paz e desenvolvimento da humanidade prevalecer\u00e1!\u201d<\/p>\n<p>A celebra\u00e7\u00e3o dos 80 anos da vit\u00f3ria na Guerra de Resist\u00eancia do Povo Chin\u00eas contra a Agress\u00e3o Japonesa e na Guerra Mundial Antifascista infunde ainda mais convic\u00e7\u00f5es no povo chin\u00eas e desperta esperan\u00e7as para os povos do mundo, cujos anseios s\u00e3o o desenvolvimento, a justi\u00e7a e a paz.<\/p>\n<p>&nbsp;<\/p>\n<p><img decoding=\"async\" src=\"https:\/\/38picres.cgtn.com\/photoAlbum\/page\/performance\/img\/2025\/9\/3\/1756885842185_781.jpg\" \/><\/p>\n<p><em>Por Jos\u00e9 Reinaldo Carvalho, jornalista, editor internacional do Brasil 247 e secret\u00e1rio-geral do Centro Brasileiro de Solidariedade aos Povos e Luta pela Paz (Cebrapaz)<\/em><\/p>\n","protected":false},"excerpt":{"rendered":"<p>A Rep\u00fablica Popular da China comemorou nesta quarta-feira, 3 de setembro, com brilhantismo e imenso regozijo popular, sob a lideran\u00e7a do presidente Xi Jinping, tamb\u00e9m secret\u00e1rio-Geral do Partido Comunista da China e presidente da Comiss\u00e3o Militar Central, na presen\u00e7a das&#8230;<\/p>\n","protected":false},"author":2,"featured_media":0,"comment_status":"open","ping_status":"open","sticky":false,"template":"","format":"standard","meta":{"footnotes":""},"categories":[7],"tags":[],"class_list":["post-9269","post","type-post","status-publish","format-standard","hentry","category-visao"],"yoast_head":"<!-- This site is optimized with the Yoast SEO plugin v27.4 - https:\/\/yoast.com\/product\/yoast-seo-wordpress\/ -->\n<title>China comemora os 80 anos do Dia da Vit\u00f3ria reafirmando o desejo de paz e justi\u00e7a para o mundo - CRI e Diario de Pernambuco<\/title>\n<meta name=\"robots\" content=\"index, follow, max-snippet:-1, max-image-preview:large, max-video-preview:-1\" \/>\n<link rel=\"canonical\" href=\"https:\/\/diariodepe.com.br\/cri\/2025\/09\/03\/china-comemora-os-80-anos-do-dia-da-vitoria-reafirmando-o-desejo-de-paz-e-justica-para-o-mundo\/\" \/>\n<meta property=\"og:locale\" content=\"pt_BR\" \/>\n<meta property=\"og:type\" content=\"article\" \/>\n<meta property=\"og:title\" content=\"China comemora os 80 anos do Dia da Vit\u00f3ria reafirmando o desejo de paz e justi\u00e7a para o mundo - CRI e Diario de Pernambuco\" \/>\n<meta property=\"og:description\" content=\"A Rep\u00fablica Popular da China comemorou nesta quarta-feira, 3 de setembro, com brilhantismo e imenso regozijo popular, sob a lideran\u00e7a do presidente Xi Jinping, tamb\u00e9m secret\u00e1rio-Geral do Partido Comunista da China e presidente da Comiss\u00e3o Militar Central, na presen\u00e7a das...\" \/>\n<meta property=\"og:url\" content=\"https:\/\/diariodepe.com.br\/cri\/2025\/09\/03\/china-comemora-os-80-anos-do-dia-da-vitoria-reafirmando-o-desejo-de-paz-e-justica-para-o-mundo\/\" \/>\n<meta property=\"og:site_name\" content=\"CRI e Diario de Pernambuco\" \/>\n<meta property=\"article:published_time\" content=\"2025-09-03T08:37:29+00:00\" \/>\n<meta property=\"og:image\" content=\"https:\/\/38picres.cgtn.com\/photoAlbum\/page\/performance\/img\/2025\/9\/3\/1756885912169_509.jpg\" \/>\n<meta name=\"author\" content=\"Ismael Lucas S. Pereira\" \/>\n<meta name=\"twitter:card\" content=\"summary_large_image\" \/>\n<meta name=\"twitter:label1\" content=\"Escrito por\" \/>\n\t<meta name=\"twitter:data1\" content=\"Ismael Lucas S. Pereira\" \/>\n\t<meta name=\"twitter:label2\" content=\"Est. tempo de leitura\" \/>\n\t<meta name=\"twitter:data2\" content=\"8 minutos\" \/>\n<script type=\"application\/ld+json\" class=\"yoast-schema-graph\">{\"@context\":\"https:\\\/\\\/schema.org\",\"@graph\":[{\"@type\":\"Article\",\"@id\":\"https:\\\/\\\/diariodepe.com.br\\\/cri\\\/2025\\\/09\\\/03\\\/china-comemora-os-80-anos-do-dia-da-vitoria-reafirmando-o-desejo-de-paz-e-justica-para-o-mundo\\\/#article\",\"isPartOf\":{\"@id\":\"https:\\\/\\\/diariodepe.com.br\\\/cri\\\/2025\\\/09\\\/03\\\/china-comemora-os-80-anos-do-dia-da-vitoria-reafirmando-o-desejo-de-paz-e-justica-para-o-mundo\\\/\"},\"author\":{\"name\":\"Ismael Lucas S. Pereira\",\"@id\":\"https:\\\/\\\/diariodepe.com.br\\\/cri\\\/#\\\/schema\\\/person\\\/121bb28d84f1a5b1205ef4ce9c2e0c6b\"},\"headline\":\"China comemora os 80 anos do Dia da Vit\u00f3ria reafirmando o desejo de paz e justi\u00e7a para o mundo\",\"datePublished\":\"2025-09-03T08:37:29+00:00\",\"mainEntityOfPage\":{\"@id\":\"https:\\\/\\\/diariodepe.com.br\\\/cri\\\/2025\\\/09\\\/03\\\/china-comemora-os-80-anos-do-dia-da-vitoria-reafirmando-o-desejo-de-paz-e-justica-para-o-mundo\\\/\"},\"wordCount\":1562,\"commentCount\":0,\"publisher\":{\"@id\":\"https:\\\/\\\/diariodepe.com.br\\\/cri\\\/#organization\"},\"image\":{\"@id\":\"https:\\\/\\\/diariodepe.com.br\\\/cri\\\/2025\\\/09\\\/03\\\/china-comemora-os-80-anos-do-dia-da-vitoria-reafirmando-o-desejo-de-paz-e-justica-para-o-mundo\\\/#primaryimage\"},\"thumbnailUrl\":\"https:\\\/\\\/38picres.cgtn.com\\\/photoAlbum\\\/page\\\/performance\\\/img\\\/2025\\\/9\\\/3\\\/1756885912169_509.jpg\",\"articleSection\":[\"Vis\u00e3o\"],\"inLanguage\":\"pt-BR\",\"potentialAction\":[{\"@type\":\"CommentAction\",\"name\":\"Comment\",\"target\":[\"https:\\\/\\\/diariodepe.com.br\\\/cri\\\/2025\\\/09\\\/03\\\/china-comemora-os-80-anos-do-dia-da-vitoria-reafirmando-o-desejo-de-paz-e-justica-para-o-mundo\\\/#respond\"]}]},{\"@type\":\"WebPage\",\"@id\":\"https:\\\/\\\/diariodepe.com.br\\\/cri\\\/2025\\\/09\\\/03\\\/china-comemora-os-80-anos-do-dia-da-vitoria-reafirmando-o-desejo-de-paz-e-justica-para-o-mundo\\\/\",\"url\":\"https:\\\/\\\/diariodepe.com.br\\\/cri\\\/2025\\\/09\\\/03\\\/china-comemora-os-80-anos-do-dia-da-vitoria-reafirmando-o-desejo-de-paz-e-justica-para-o-mundo\\\/\",\"name\":\"China comemora os 80 anos do Dia da Vit\u00f3ria reafirmando o desejo de paz e justi\u00e7a para o mundo - CRI e Diario de Pernambuco\",\"isPartOf\":{\"@id\":\"https:\\\/\\\/diariodepe.com.br\\\/cri\\\/#website\"},\"primaryImageOfPage\":{\"@id\":\"https:\\\/\\\/diariodepe.com.br\\\/cri\\\/2025\\\/09\\\/03\\\/china-comemora-os-80-anos-do-dia-da-vitoria-reafirmando-o-desejo-de-paz-e-justica-para-o-mundo\\\/#primaryimage\"},\"image\":{\"@id\":\"https:\\\/\\\/diariodepe.com.br\\\/cri\\\/2025\\\/09\\\/03\\\/china-comemora-os-80-anos-do-dia-da-vitoria-reafirmando-o-desejo-de-paz-e-justica-para-o-mundo\\\/#primaryimage\"},\"thumbnailUrl\":\"https:\\\/\\\/38picres.cgtn.com\\\/photoAlbum\\\/page\\\/performance\\\/img\\\/2025\\\/9\\\/3\\\/1756885912169_509.jpg\",\"datePublished\":\"2025-09-03T08:37:29+00:00\",\"breadcrumb\":{\"@id\":\"https:\\\/\\\/diariodepe.com.br\\\/cri\\\/2025\\\/09\\\/03\\\/china-comemora-os-80-anos-do-dia-da-vitoria-reafirmando-o-desejo-de-paz-e-justica-para-o-mundo\\\/#breadcrumb\"},\"inLanguage\":\"pt-BR\",\"potentialAction\":[{\"@type\":\"ReadAction\",\"target\":[\"https:\\\/\\\/diariodepe.com.br\\\/cri\\\/2025\\\/09\\\/03\\\/china-comemora-os-80-anos-do-dia-da-vitoria-reafirmando-o-desejo-de-paz-e-justica-para-o-mundo\\\/\"]}]},{\"@type\":\"ImageObject\",\"inLanguage\":\"pt-BR\",\"@id\":\"https:\\\/\\\/diariodepe.com.br\\\/cri\\\/2025\\\/09\\\/03\\\/china-comemora-os-80-anos-do-dia-da-vitoria-reafirmando-o-desejo-de-paz-e-justica-para-o-mundo\\\/#primaryimage\",\"url\":\"https:\\\/\\\/38picres.cgtn.com\\\/photoAlbum\\\/page\\\/performance\\\/img\\\/2025\\\/9\\\/3\\\/1756885912169_509.jpg\",\"contentUrl\":\"https:\\\/\\\/38picres.cgtn.com\\\/photoAlbum\\\/page\\\/performance\\\/img\\\/2025\\\/9\\\/3\\\/1756885912169_509.jpg\"},{\"@type\":\"BreadcrumbList\",\"@id\":\"https:\\\/\\\/diariodepe.com.br\\\/cri\\\/2025\\\/09\\\/03\\\/china-comemora-os-80-anos-do-dia-da-vitoria-reafirmando-o-desejo-de-paz-e-justica-para-o-mundo\\\/#breadcrumb\",\"itemListElement\":[{\"@type\":\"ListItem\",\"position\":1,\"name\":\"In\u00edcio\",\"item\":\"https:\\\/\\\/diariodepe.com.br\\\/cri\\\/\"},{\"@type\":\"ListItem\",\"position\":2,\"name\":\"China comemora os 80 anos do Dia da Vit\u00f3ria reafirmando o desejo de paz e justi\u00e7a para o mundo\"}]},{\"@type\":\"WebSite\",\"@id\":\"https:\\\/\\\/diariodepe.com.br\\\/cri\\\/#website\",\"url\":\"https:\\\/\\\/diariodepe.com.br\\\/cri\\\/\",\"name\":\"CRI e Diario de Pernambuco\",\"description\":\"R\u00e1dio Internacional da China\",\"publisher\":{\"@id\":\"https:\\\/\\\/diariodepe.com.br\\\/cri\\\/#organization\"},\"potentialAction\":[{\"@type\":\"SearchAction\",\"target\":{\"@type\":\"EntryPoint\",\"urlTemplate\":\"https:\\\/\\\/diariodepe.com.br\\\/cri\\\/?s={search_term_string}\"},\"query-input\":{\"@type\":\"PropertyValueSpecification\",\"valueRequired\":true,\"valueName\":\"search_term_string\"}}],\"inLanguage\":\"pt-BR\"},{\"@type\":\"Organization\",\"@id\":\"https:\\\/\\\/diariodepe.com.br\\\/cri\\\/#organization\",\"name\":\"CRI e Diario de Pernambuco\",\"url\":\"https:\\\/\\\/diariodepe.com.br\\\/cri\\\/\",\"logo\":{\"@type\":\"ImageObject\",\"inLanguage\":\"pt-BR\",\"@id\":\"https:\\\/\\\/diariodepe.com.br\\\/cri\\\/#\\\/schema\\\/logo\\\/image\\\/\",\"url\":\"https:\\\/\\\/diariodepe.com.br\\\/cri\\\/wp-content\\\/uploads\\\/sites\\\/2\\\/2022\\\/12\\\/cropped-Logo.jpg\",\"contentUrl\":\"https:\\\/\\\/diariodepe.com.br\\\/cri\\\/wp-content\\\/uploads\\\/sites\\\/2\\\/2022\\\/12\\\/cropped-Logo.jpg\",\"width\":700,\"height\":59,\"caption\":\"CRI e Diario de Pernambuco\"},\"image\":{\"@id\":\"https:\\\/\\\/diariodepe.com.br\\\/cri\\\/#\\\/schema\\\/logo\\\/image\\\/\"}},{\"@type\":\"Person\",\"@id\":\"https:\\\/\\\/diariodepe.com.br\\\/cri\\\/#\\\/schema\\\/person\\\/121bb28d84f1a5b1205ef4ce9c2e0c6b\",\"name\":\"Ismael Lucas S. Pereira\",\"image\":{\"@type\":\"ImageObject\",\"inLanguage\":\"pt-BR\",\"@id\":\"https:\\\/\\\/secure.gravatar.com\\\/avatar\\\/887a0f3b5a7ceea963a48499fb883ffce6b5037362def025c52c2505b15d63e4?s=96&d=mm&r=g\",\"url\":\"https:\\\/\\\/secure.gravatar.com\\\/avatar\\\/887a0f3b5a7ceea963a48499fb883ffce6b5037362def025c52c2505b15d63e4?s=96&d=mm&r=g\",\"contentUrl\":\"https:\\\/\\\/secure.gravatar.com\\\/avatar\\\/887a0f3b5a7ceea963a48499fb883ffce6b5037362def025c52c2505b15d63e4?s=96&d=mm&r=g\",\"caption\":\"Ismael Lucas S. Pereira\"},\"url\":\"https:\\\/\\\/diariodepe.com.br\\\/cri\\\/author\\\/ismael-lucas\\\/\"}]}<\/script>\n<!-- \/ Yoast SEO plugin. -->","yoast_head_json":{"title":"China comemora os 80 anos do Dia da Vit\u00f3ria reafirmando o desejo de paz e justi\u00e7a para o mundo - CRI e Diario de Pernambuco","robots":{"index":"index","follow":"follow","max-snippet":"max-snippet:-1","max-image-preview":"max-image-preview:large","max-video-preview":"max-video-preview:-1"},"canonical":"https:\/\/diariodepe.com.br\/cri\/2025\/09\/03\/china-comemora-os-80-anos-do-dia-da-vitoria-reafirmando-o-desejo-de-paz-e-justica-para-o-mundo\/","og_locale":"pt_BR","og_type":"article","og_title":"China comemora os 80 anos do Dia da Vit\u00f3ria reafirmando o desejo de paz e justi\u00e7a para o mundo - CRI e Diario de Pernambuco","og_description":"A Rep\u00fablica Popular da China comemorou nesta quarta-feira, 3 de setembro, com brilhantismo e imenso regozijo popular, sob a lideran\u00e7a do presidente Xi Jinping, tamb\u00e9m secret\u00e1rio-Geral do Partido Comunista da China e presidente da Comiss\u00e3o Militar Central, na presen\u00e7a das...","og_url":"https:\/\/diariodepe.com.br\/cri\/2025\/09\/03\/china-comemora-os-80-anos-do-dia-da-vitoria-reafirmando-o-desejo-de-paz-e-justica-para-o-mundo\/","og_site_name":"CRI e Diario de Pernambuco","article_published_time":"2025-09-03T08:37:29+00:00","og_image":[{"url":"https:\/\/38picres.cgtn.com\/photoAlbum\/page\/performance\/img\/2025\/9\/3\/1756885912169_509.jpg","type":"","width":"","height":""}],"author":"Ismael Lucas S. Pereira","twitter_card":"summary_large_image","twitter_misc":{"Escrito por":"Ismael Lucas S. Pereira","Est. tempo de leitura":"8 minutos"},"schema":{"@context":"https:\/\/schema.org","@graph":[{"@type":"Article","@id":"https:\/\/diariodepe.com.br\/cri\/2025\/09\/03\/china-comemora-os-80-anos-do-dia-da-vitoria-reafirmando-o-desejo-de-paz-e-justica-para-o-mundo\/#article","isPartOf":{"@id":"https:\/\/diariodepe.com.br\/cri\/2025\/09\/03\/china-comemora-os-80-anos-do-dia-da-vitoria-reafirmando-o-desejo-de-paz-e-justica-para-o-mundo\/"},"author":{"name":"Ismael Lucas S. Pereira","@id":"https:\/\/diariodepe.com.br\/cri\/#\/schema\/person\/121bb28d84f1a5b1205ef4ce9c2e0c6b"},"headline":"China comemora os 80 anos do Dia da Vit\u00f3ria reafirmando o desejo de paz e justi\u00e7a para o mundo","datePublished":"2025-09-03T08:37:29+00:00","mainEntityOfPage":{"@id":"https:\/\/diariodepe.com.br\/cri\/2025\/09\/03\/china-comemora-os-80-anos-do-dia-da-vitoria-reafirmando-o-desejo-de-paz-e-justica-para-o-mundo\/"},"wordCount":1562,"commentCount":0,"publisher":{"@id":"https:\/\/diariodepe.com.br\/cri\/#organization"},"image":{"@id":"https:\/\/diariodepe.com.br\/cri\/2025\/09\/03\/china-comemora-os-80-anos-do-dia-da-vitoria-reafirmando-o-desejo-de-paz-e-justica-para-o-mundo\/#primaryimage"},"thumbnailUrl":"https:\/\/38picres.cgtn.com\/photoAlbum\/page\/performance\/img\/2025\/9\/3\/1756885912169_509.jpg","articleSection":["Vis\u00e3o"],"inLanguage":"pt-BR","potentialAction":[{"@type":"CommentAction","name":"Comment","target":["https:\/\/diariodepe.com.br\/cri\/2025\/09\/03\/china-comemora-os-80-anos-do-dia-da-vitoria-reafirmando-o-desejo-de-paz-e-justica-para-o-mundo\/#respond"]}]},{"@type":"WebPage","@id":"https:\/\/diariodepe.com.br\/cri\/2025\/09\/03\/china-comemora-os-80-anos-do-dia-da-vitoria-reafirmando-o-desejo-de-paz-e-justica-para-o-mundo\/","url":"https:\/\/diariodepe.com.br\/cri\/2025\/09\/03\/china-comemora-os-80-anos-do-dia-da-vitoria-reafirmando-o-desejo-de-paz-e-justica-para-o-mundo\/","name":"China comemora os 80 anos do Dia da Vit\u00f3ria reafirmando o desejo de paz e justi\u00e7a para o mundo - CRI e Diario de Pernambuco","isPartOf":{"@id":"https:\/\/diariodepe.com.br\/cri\/#website"},"primaryImageOfPage":{"@id":"https:\/\/diariodepe.com.br\/cri\/2025\/09\/03\/china-comemora-os-80-anos-do-dia-da-vitoria-reafirmando-o-desejo-de-paz-e-justica-para-o-mundo\/#primaryimage"},"image":{"@id":"https:\/\/diariodepe.com.br\/cri\/2025\/09\/03\/china-comemora-os-80-anos-do-dia-da-vitoria-reafirmando-o-desejo-de-paz-e-justica-para-o-mundo\/#primaryimage"},"thumbnailUrl":"https:\/\/38picres.cgtn.com\/photoAlbum\/page\/performance\/img\/2025\/9\/3\/1756885912169_509.jpg","datePublished":"2025-09-03T08:37:29+00:00","breadcrumb":{"@id":"https:\/\/diariodepe.com.br\/cri\/2025\/09\/03\/china-comemora-os-80-anos-do-dia-da-vitoria-reafirmando-o-desejo-de-paz-e-justica-para-o-mundo\/#breadcrumb"},"inLanguage":"pt-BR","potentialAction":[{"@type":"ReadAction","target":["https:\/\/diariodepe.com.br\/cri\/2025\/09\/03\/china-comemora-os-80-anos-do-dia-da-vitoria-reafirmando-o-desejo-de-paz-e-justica-para-o-mundo\/"]}]},{"@type":"ImageObject","inLanguage":"pt-BR","@id":"https:\/\/diariodepe.com.br\/cri\/2025\/09\/03\/china-comemora-os-80-anos-do-dia-da-vitoria-reafirmando-o-desejo-de-paz-e-justica-para-o-mundo\/#primaryimage","url":"https:\/\/38picres.cgtn.com\/photoAlbum\/page\/performance\/img\/2025\/9\/3\/1756885912169_509.jpg","contentUrl":"https:\/\/38picres.cgtn.com\/photoAlbum\/page\/performance\/img\/2025\/9\/3\/1756885912169_509.jpg"},{"@type":"BreadcrumbList","@id":"https:\/\/diariodepe.com.br\/cri\/2025\/09\/03\/china-comemora-os-80-anos-do-dia-da-vitoria-reafirmando-o-desejo-de-paz-e-justica-para-o-mundo\/#breadcrumb","itemListElement":[{"@type":"ListItem","position":1,"name":"In\u00edcio","item":"https:\/\/diariodepe.com.br\/cri\/"},{"@type":"ListItem","position":2,"name":"China comemora os 80 anos do Dia da Vit\u00f3ria reafirmando o desejo de paz e justi\u00e7a para o mundo"}]},{"@type":"WebSite","@id":"https:\/\/diariodepe.com.br\/cri\/#website","url":"https:\/\/diariodepe.com.br\/cri\/","name":"CRI e Diario de Pernambuco","description":"R\u00e1dio Internacional da China","publisher":{"@id":"https:\/\/diariodepe.com.br\/cri\/#organization"},"potentialAction":[{"@type":"SearchAction","target":{"@type":"EntryPoint","urlTemplate":"https:\/\/diariodepe.com.br\/cri\/?s={search_term_string}"},"query-input":{"@type":"PropertyValueSpecification","valueRequired":true,"valueName":"search_term_string"}}],"inLanguage":"pt-BR"},{"@type":"Organization","@id":"https:\/\/diariodepe.com.br\/cri\/#organization","name":"CRI e Diario de Pernambuco","url":"https:\/\/diariodepe.com.br\/cri\/","logo":{"@type":"ImageObject","inLanguage":"pt-BR","@id":"https:\/\/diariodepe.com.br\/cri\/#\/schema\/logo\/image\/","url":"https:\/\/diariodepe.com.br\/cri\/wp-content\/uploads\/sites\/2\/2022\/12\/cropped-Logo.jpg","contentUrl":"https:\/\/diariodepe.com.br\/cri\/wp-content\/uploads\/sites\/2\/2022\/12\/cropped-Logo.jpg","width":700,"height":59,"caption":"CRI e Diario de Pernambuco"},"image":{"@id":"https:\/\/diariodepe.com.br\/cri\/#\/schema\/logo\/image\/"}},{"@type":"Person","@id":"https:\/\/diariodepe.com.br\/cri\/#\/schema\/person\/121bb28d84f1a5b1205ef4ce9c2e0c6b","name":"Ismael Lucas S. Pereira","image":{"@type":"ImageObject","inLanguage":"pt-BR","@id":"https:\/\/secure.gravatar.com\/avatar\/887a0f3b5a7ceea963a48499fb883ffce6b5037362def025c52c2505b15d63e4?s=96&d=mm&r=g","url":"https:\/\/secure.gravatar.com\/avatar\/887a0f3b5a7ceea963a48499fb883ffce6b5037362def025c52c2505b15d63e4?s=96&d=mm&r=g","contentUrl":"https:\/\/secure.gravatar.com\/avatar\/887a0f3b5a7ceea963a48499fb883ffce6b5037362def025c52c2505b15d63e4?s=96&d=mm&r=g","caption":"Ismael Lucas S. Pereira"},"url":"https:\/\/diariodepe.com.br\/cri\/author\/ismael-lucas\/"}]}},"cc_featured_image_caption":{"caption_text":false,"source_text":false,"source_url":false},"amp_enabled":true,"_links":{"self":[{"href":"https:\/\/diariodepe.com.br\/cri\/wp-json\/wp\/v2\/posts\/9269","targetHints":{"allow":["GET"]}}],"collection":[{"href":"https:\/\/diariodepe.com.br\/cri\/wp-json\/wp\/v2\/posts"}],"about":[{"href":"https:\/\/diariodepe.com.br\/cri\/wp-json\/wp\/v2\/types\/post"}],"author":[{"embeddable":true,"href":"https:\/\/diariodepe.com.br\/cri\/wp-json\/wp\/v2\/users\/2"}],"replies":[{"embeddable":true,"href":"https:\/\/diariodepe.com.br\/cri\/wp-json\/wp\/v2\/comments?post=9269"}],"version-history":[{"count":1,"href":"https:\/\/diariodepe.com.br\/cri\/wp-json\/wp\/v2\/posts\/9269\/revisions"}],"predecessor-version":[{"id":9270,"href":"https:\/\/diariodepe.com.br\/cri\/wp-json\/wp\/v2\/posts\/9269\/revisions\/9270"}],"wp:attachment":[{"href":"https:\/\/diariodepe.com.br\/cri\/wp-json\/wp\/v2\/media?parent=9269"}],"wp:term":[{"taxonomy":"category","embeddable":true,"href":"https:\/\/diariodepe.com.br\/cri\/wp-json\/wp\/v2\/categories?post=9269"},{"taxonomy":"post_tag","embeddable":true,"href":"https:\/\/diariodepe.com.br\/cri\/wp-json\/wp\/v2\/tags?post=9269"}],"curies":[{"name":"wp","href":"https:\/\/api.w.org\/{rel}","templated":true}]}}