{"id":9266,"date":"2025-09-02T22:44:58","date_gmt":"2025-09-03T01:44:58","guid":{"rendered":"https:\/\/diariodepe.com.br\/cri\/?p=9266"},"modified":"2025-09-02T22:44:58","modified_gmt":"2025-09-03T01:44:58","slug":"texto-na-integra-discurso-do-presidente-xi-jinping-no-dia-da-vitoria-da-china","status":"publish","type":"post","link":"https:\/\/diariodepe.com.br\/cri\/2025\/09\/02\/texto-na-integra-discurso-do-presidente-xi-jinping-no-dia-da-vitoria-da-china\/","title":{"rendered":"Texto na \u00edntegra: Discurso do presidente Xi Jinping no Dia da Vit\u00f3ria da China"},"content":{"rendered":"<p>Compatriotas de todo o pa\u00eds, excelent\u00edssimos chefes de Estado, de governo e representantes das organiza\u00e7\u00f5es internacionais, ilustres convidados, todos os oficiais e soldados que participam deste desfile militar, camaradas e amigos,<\/p>\n<p>Hoje, reunimo-nos aqui em comemora\u00e7\u00e3o solene ao 80\u00ba anivers\u00e1rio da vit\u00f3ria da Guerra de Resist\u00eancia do Povo Chin\u00eas contra a Agress\u00e3o Japonesa e da Guerra Antifascista Mundial, para lembrar a hist\u00f3ria, honrar os her\u00f3is tombados, valorizar a paz e criar um futuro brilhante.<\/p>\n<p>Em nome do Comit\u00ea Central do Partido Comunista da China, da Assembleia Popular Nacional, do Conselho de Estado, da Comiss\u00e3o Nacional da Confer\u00eancia Consultiva Pol\u00edtica do Povo Chin\u00eas e da Comiss\u00e3o Militar Central, gostaria de manifestar a alta considera\u00e7\u00e3o e respeito aos soldados e camaradas veteranos, personalidades patri\u00f3ticas, oficiais de todo o pa\u00eds que lutaram na Guerra de Resist\u00eancia do Povo Chin\u00eas contra a Agress\u00e3o Japonesa, bem como aos filhos e filhas da na\u00e7\u00e3o chinesa, tanto no pa\u00eds como no exterior, que fizeram contribui\u00e7\u00f5es importantes para a nossa vit\u00f3ria. Gostaria de manifestar os sinceros agradecimentos aos governos estrangeiros e amigos internacionais que apoiaram e ajudaram o povo chin\u00eas na resist\u00eancia contra a agress\u00e3o. Gostaria tamb\u00e9m de dar as calorosas boas-vindas aos convidados de todos os pa\u00edses que participam da comemora\u00e7\u00e3o de hoje.<\/p>\n<p>Camaradas e amigos,<\/p>\n<p>A Guerra de Resist\u00eancia do Povo Chin\u00eas contra a Agress\u00e3o Japonesa \u00e9 uma grande guerra \u00e1rdua. Sob a bandeira da frente nacional \u00fanica contra a agress\u00e3o japonesa iniciada e estabelecida pelo Partido Comunista da China, o povo chin\u00eas combateu inimigos formid\u00e1veis com vontade f\u00e9rrea e forjou uma grande muralha com sua pr\u00f3pria carne e sangue, conseguindo a primeira vit\u00f3ria total em resist\u00eancia contra agress\u00f5es estrangeiras desde tempos modernos.<\/p>\n<p>A Guerra de Resist\u00eancia do Povo Chin\u00eas contra a Agress\u00e3o Japonesa foi um componente importante da Guerra Antifascista Mundial. O povo chin\u00eas fez grandes contribui\u00e7\u00f5es para salvar as civiliza\u00e7\u00f5es humanas e defender a paz mundial com enormes sacrif\u00edcios nacionais.<\/p>\n<p>A hist\u00f3ria nos alerta que a humanidade compartilha as mesmas alegrias e infort\u00fanios. Todos os pa\u00edses e todas as na\u00e7\u00f5es, somente quando se tratam como iguais, convivem em harmonia e se ajudam uns aos outros, podemos salvaguardar a seguran\u00e7a comum, erradicar as causas raiz de guerra e evitar a repeti\u00e7\u00e3o de trag\u00e9dias hist\u00f3ricas.<\/p>\n<p>Camaradas e amigos,<\/p>\n<p>A na\u00e7\u00e3o chinesa \u00e9 uma grande na\u00e7\u00e3o que nunca cede \u00e0 viol\u00eancia e sempre valoriza a independ\u00eancia e o autofortalecimento. No passado, perante luta decisiva entre a justi\u00e7a e o mal, a luz e a escurid\u00e3o, o progresso e a rea\u00e7\u00e3o, o povo chin\u00eas, unido e determinado, lutou pela sobreviv\u00eancia do pa\u00eds, revitaliza\u00e7\u00e3o da na\u00e7\u00e3o e justi\u00e7a de toda a humanidade. Hoje, a humanidade est\u00e1 enfrentando mais uma vez a escolha entre paz e guerra, di\u00e1logo e confronto, ganhos compartilhados e jogo de soma zero. O povo chin\u00eas est\u00e1 firmemente do lado certo da hist\u00f3ria e do lado do progresso da civiliza\u00e7\u00e3o humana. Vamos continuar comprometidos com o caminho de desenvolvimento pac\u00edfico, formando, junto com o povo do resto do mundo, uma comunidade com futuro compartilhado para a humanidade.<\/p>\n<p>O Ex\u00e9rcito Popular de Liberta\u00e7\u00e3o da China \u00e9 sempre as for\u00e7as armadas heroicas de plena confian\u00e7a do Partido e do povo. Todos que est\u00e3o em servi\u00e7o militar devem cumprir de forma fiel sua responsabilidade sagrada, acelerar a constru\u00e7\u00e3o de um ex\u00e9rcito de classe mundial e salvaguardar firmemente a soberania, a reunifica\u00e7\u00e3o e a integridade territorial da p\u00e1tria, dando um suporte estrat\u00e9gico para a grande revitaliza\u00e7\u00e3o da na\u00e7\u00e3o chinesa e uma maior contribui\u00e7\u00e3o para a paz e o desenvolvimento do mundo.<\/p>\n<p>A hist\u00f3ria carrega o legado do passado enquanto inspira o futuro. Na nova jornada da nova era, o povo chin\u00eas de todos os grupos \u00e9tnicos, sob a firme lideran\u00e7a do Partido Comunista da China, tem de seguir o marxismo-leninismo, o pensamento de Mao Zedong, a teoria de Deng Xiaoping, o importante pensamento da tr\u00edplice representatividade e o conceito de desenvolvimento cient\u00edfico, implementar plenamente o pensamento sobre o socialismo com caracter\u00edsticas chinesas para a nova era, trilhar a passos firmes o caminho do socialismo com caracter\u00edsticas chinesas, herdar e promover o grande esp\u00edrito da Guerra de Resist\u00eancia, trabalhar duro com esp\u00edrito empreendedor e avan\u00e7ar com coragem e perseveran\u00e7a, lutando com uni\u00e3o pela constru\u00e7\u00e3o de um grande pa\u00eds e a revitaliza\u00e7\u00e3o nacional em todas as frentes por meio de moderniza\u00e7\u00e3o chinesa!<\/p>\n<p>A grande revitaliza\u00e7\u00e3o da na\u00e7\u00e3o chinesa \u00e9 irresist\u00edvel! A nobre causa da paz e desenvolvimento da humanidade prevalecer\u00e1!<\/p>\n","protected":false},"excerpt":{"rendered":"<p>Compatriotas de todo o pa\u00eds, excelent\u00edssimos chefes de Estado, de governo e representantes das organiza\u00e7\u00f5es internacionais, ilustres convidados, todos os oficiais e soldados que participam deste desfile militar, camaradas e amigos, Hoje, reunimo-nos aqui em comemora\u00e7\u00e3o solene ao 80\u00ba anivers\u00e1rio&#8230;<\/p>\n","protected":false},"author":2,"featured_media":0,"comment_status":"open","ping_status":"open","sticky":false,"template":"","format":"standard","meta":{"footnotes":""},"categories":[3],"tags":[],"class_list":["post-9266","post","type-post","status-publish","format-standard","hentry","category-china"],"yoast_head":"<!-- This site is optimized with the Yoast SEO plugin v27.4 - https:\/\/yoast.com\/product\/yoast-seo-wordpress\/ -->\n<title>Texto na \u00edntegra: Discurso do presidente Xi Jinping no Dia da Vit\u00f3ria da China - CRI e Diario de Pernambuco<\/title>\n<meta name=\"robots\" content=\"index, follow, max-snippet:-1, max-image-preview:large, max-video-preview:-1\" \/>\n<link rel=\"canonical\" href=\"https:\/\/diariodepe.com.br\/cri\/2025\/09\/02\/texto-na-integra-discurso-do-presidente-xi-jinping-no-dia-da-vitoria-da-china\/\" \/>\n<meta property=\"og:locale\" content=\"pt_BR\" \/>\n<meta property=\"og:type\" content=\"article\" \/>\n<meta property=\"og:title\" content=\"Texto na \u00edntegra: Discurso do presidente Xi Jinping no Dia da Vit\u00f3ria da China - CRI e Diario de Pernambuco\" \/>\n<meta property=\"og:description\" content=\"Compatriotas de todo o pa\u00eds, excelent\u00edssimos chefes de Estado, de governo e representantes das organiza\u00e7\u00f5es internacionais, ilustres convidados, todos os oficiais e soldados que participam deste desfile militar, camaradas e amigos, Hoje, reunimo-nos aqui em comemora\u00e7\u00e3o solene ao 80\u00ba anivers\u00e1rio...\" \/>\n<meta property=\"og:url\" content=\"https:\/\/diariodepe.com.br\/cri\/2025\/09\/02\/texto-na-integra-discurso-do-presidente-xi-jinping-no-dia-da-vitoria-da-china\/\" \/>\n<meta property=\"og:site_name\" content=\"CRI e Diario de Pernambuco\" \/>\n<meta property=\"article:published_time\" content=\"2025-09-03T01:44:58+00:00\" \/>\n<meta name=\"author\" content=\"Ismael Lucas S. Pereira\" \/>\n<meta name=\"twitter:card\" content=\"summary_large_image\" \/>\n<meta name=\"twitter:label1\" content=\"Escrito por\" \/>\n\t<meta name=\"twitter:data1\" content=\"Ismael Lucas S. Pereira\" \/>\n<script type=\"application\/ld+json\" class=\"yoast-schema-graph\">{\"@context\":\"https:\\\/\\\/schema.org\",\"@graph\":[{\"@type\":\"Article\",\"@id\":\"https:\\\/\\\/diariodepe.com.br\\\/cri\\\/2025\\\/09\\\/02\\\/texto-na-integra-discurso-do-presidente-xi-jinping-no-dia-da-vitoria-da-china\\\/#article\",\"isPartOf\":{\"@id\":\"https:\\\/\\\/diariodepe.com.br\\\/cri\\\/2025\\\/09\\\/02\\\/texto-na-integra-discurso-do-presidente-xi-jinping-no-dia-da-vitoria-da-china\\\/\"},\"author\":{\"name\":\"Ismael Lucas S. Pereira\",\"@id\":\"https:\\\/\\\/diariodepe.com.br\\\/cri\\\/#\\\/schema\\\/person\\\/121bb28d84f1a5b1205ef4ce9c2e0c6b\"},\"headline\":\"Texto na \u00edntegra: Discurso do presidente Xi Jinping no Dia da Vit\u00f3ria da China\",\"datePublished\":\"2025-09-03T01:44:58+00:00\",\"mainEntityOfPage\":{\"@id\":\"https:\\\/\\\/diariodepe.com.br\\\/cri\\\/2025\\\/09\\\/02\\\/texto-na-integra-discurso-do-presidente-xi-jinping-no-dia-da-vitoria-da-china\\\/\"},\"wordCount\":847,\"commentCount\":0,\"publisher\":{\"@id\":\"https:\\\/\\\/diariodepe.com.br\\\/cri\\\/#organization\"},\"articleSection\":[\"China\"],\"inLanguage\":\"pt-BR\",\"potentialAction\":[{\"@type\":\"CommentAction\",\"name\":\"Comment\",\"target\":[\"https:\\\/\\\/diariodepe.com.br\\\/cri\\\/2025\\\/09\\\/02\\\/texto-na-integra-discurso-do-presidente-xi-jinping-no-dia-da-vitoria-da-china\\\/#respond\"]}]},{\"@type\":\"WebPage\",\"@id\":\"https:\\\/\\\/diariodepe.com.br\\\/cri\\\/2025\\\/09\\\/02\\\/texto-na-integra-discurso-do-presidente-xi-jinping-no-dia-da-vitoria-da-china\\\/\",\"url\":\"https:\\\/\\\/diariodepe.com.br\\\/cri\\\/2025\\\/09\\\/02\\\/texto-na-integra-discurso-do-presidente-xi-jinping-no-dia-da-vitoria-da-china\\\/\",\"name\":\"Texto na \u00edntegra: Discurso do presidente Xi Jinping no Dia da Vit\u00f3ria da China - CRI e Diario de Pernambuco\",\"isPartOf\":{\"@id\":\"https:\\\/\\\/diariodepe.com.br\\\/cri\\\/#website\"},\"datePublished\":\"2025-09-03T01:44:58+00:00\",\"breadcrumb\":{\"@id\":\"https:\\\/\\\/diariodepe.com.br\\\/cri\\\/2025\\\/09\\\/02\\\/texto-na-integra-discurso-do-presidente-xi-jinping-no-dia-da-vitoria-da-china\\\/#breadcrumb\"},\"inLanguage\":\"pt-BR\",\"potentialAction\":[{\"@type\":\"ReadAction\",\"target\":[\"https:\\\/\\\/diariodepe.com.br\\\/cri\\\/2025\\\/09\\\/02\\\/texto-na-integra-discurso-do-presidente-xi-jinping-no-dia-da-vitoria-da-china\\\/\"]}]},{\"@type\":\"BreadcrumbList\",\"@id\":\"https:\\\/\\\/diariodepe.com.br\\\/cri\\\/2025\\\/09\\\/02\\\/texto-na-integra-discurso-do-presidente-xi-jinping-no-dia-da-vitoria-da-china\\\/#breadcrumb\",\"itemListElement\":[{\"@type\":\"ListItem\",\"position\":1,\"name\":\"In\u00edcio\",\"item\":\"https:\\\/\\\/diariodepe.com.br\\\/cri\\\/\"},{\"@type\":\"ListItem\",\"position\":2,\"name\":\"Texto na \u00edntegra: Discurso do presidente Xi Jinping no Dia da Vit\u00f3ria da China\"}]},{\"@type\":\"WebSite\",\"@id\":\"https:\\\/\\\/diariodepe.com.br\\\/cri\\\/#website\",\"url\":\"https:\\\/\\\/diariodepe.com.br\\\/cri\\\/\",\"name\":\"CRI e Diario de Pernambuco\",\"description\":\"R\u00e1dio Internacional da China\",\"publisher\":{\"@id\":\"https:\\\/\\\/diariodepe.com.br\\\/cri\\\/#organization\"},\"potentialAction\":[{\"@type\":\"SearchAction\",\"target\":{\"@type\":\"EntryPoint\",\"urlTemplate\":\"https:\\\/\\\/diariodepe.com.br\\\/cri\\\/?s={search_term_string}\"},\"query-input\":{\"@type\":\"PropertyValueSpecification\",\"valueRequired\":true,\"valueName\":\"search_term_string\"}}],\"inLanguage\":\"pt-BR\"},{\"@type\":\"Organization\",\"@id\":\"https:\\\/\\\/diariodepe.com.br\\\/cri\\\/#organization\",\"name\":\"CRI e Diario de Pernambuco\",\"url\":\"https:\\\/\\\/diariodepe.com.br\\\/cri\\\/\",\"logo\":{\"@type\":\"ImageObject\",\"inLanguage\":\"pt-BR\",\"@id\":\"https:\\\/\\\/diariodepe.com.br\\\/cri\\\/#\\\/schema\\\/logo\\\/image\\\/\",\"url\":\"https:\\\/\\\/diariodepe.com.br\\\/cri\\\/wp-content\\\/uploads\\\/sites\\\/2\\\/2022\\\/12\\\/cropped-Logo.jpg\",\"contentUrl\":\"https:\\\/\\\/diariodepe.com.br\\\/cri\\\/wp-content\\\/uploads\\\/sites\\\/2\\\/2022\\\/12\\\/cropped-Logo.jpg\",\"width\":700,\"height\":59,\"caption\":\"CRI e Diario de Pernambuco\"},\"image\":{\"@id\":\"https:\\\/\\\/diariodepe.com.br\\\/cri\\\/#\\\/schema\\\/logo\\\/image\\\/\"}},{\"@type\":\"Person\",\"@id\":\"https:\\\/\\\/diariodepe.com.br\\\/cri\\\/#\\\/schema\\\/person\\\/121bb28d84f1a5b1205ef4ce9c2e0c6b\",\"name\":\"Ismael Lucas S. Pereira\",\"image\":{\"@type\":\"ImageObject\",\"inLanguage\":\"pt-BR\",\"@id\":\"https:\\\/\\\/secure.gravatar.com\\\/avatar\\\/887a0f3b5a7ceea963a48499fb883ffce6b5037362def025c52c2505b15d63e4?s=96&d=mm&r=g\",\"url\":\"https:\\\/\\\/secure.gravatar.com\\\/avatar\\\/887a0f3b5a7ceea963a48499fb883ffce6b5037362def025c52c2505b15d63e4?s=96&d=mm&r=g\",\"contentUrl\":\"https:\\\/\\\/secure.gravatar.com\\\/avatar\\\/887a0f3b5a7ceea963a48499fb883ffce6b5037362def025c52c2505b15d63e4?s=96&d=mm&r=g\",\"caption\":\"Ismael Lucas S. Pereira\"},\"url\":\"https:\\\/\\\/diariodepe.com.br\\\/cri\\\/author\\\/ismael-lucas\\\/\"}]}<\/script>\n<!-- \/ Yoast SEO plugin. -->","yoast_head_json":{"title":"Texto na \u00edntegra: Discurso do presidente Xi Jinping no Dia da Vit\u00f3ria da China - CRI e Diario de Pernambuco","robots":{"index":"index","follow":"follow","max-snippet":"max-snippet:-1","max-image-preview":"max-image-preview:large","max-video-preview":"max-video-preview:-1"},"canonical":"https:\/\/diariodepe.com.br\/cri\/2025\/09\/02\/texto-na-integra-discurso-do-presidente-xi-jinping-no-dia-da-vitoria-da-china\/","og_locale":"pt_BR","og_type":"article","og_title":"Texto na \u00edntegra: Discurso do presidente Xi Jinping no Dia da Vit\u00f3ria da China - CRI e Diario de Pernambuco","og_description":"Compatriotas de todo o pa\u00eds, excelent\u00edssimos chefes de Estado, de governo e representantes das organiza\u00e7\u00f5es internacionais, ilustres convidados, todos os oficiais e soldados que participam deste desfile militar, camaradas e amigos, Hoje, reunimo-nos aqui em comemora\u00e7\u00e3o solene ao 80\u00ba anivers\u00e1rio...","og_url":"https:\/\/diariodepe.com.br\/cri\/2025\/09\/02\/texto-na-integra-discurso-do-presidente-xi-jinping-no-dia-da-vitoria-da-china\/","og_site_name":"CRI e Diario de Pernambuco","article_published_time":"2025-09-03T01:44:58+00:00","author":"Ismael Lucas S. Pereira","twitter_card":"summary_large_image","twitter_misc":{"Escrito por":"Ismael Lucas S. Pereira"},"schema":{"@context":"https:\/\/schema.org","@graph":[{"@type":"Article","@id":"https:\/\/diariodepe.com.br\/cri\/2025\/09\/02\/texto-na-integra-discurso-do-presidente-xi-jinping-no-dia-da-vitoria-da-china\/#article","isPartOf":{"@id":"https:\/\/diariodepe.com.br\/cri\/2025\/09\/02\/texto-na-integra-discurso-do-presidente-xi-jinping-no-dia-da-vitoria-da-china\/"},"author":{"name":"Ismael Lucas S. Pereira","@id":"https:\/\/diariodepe.com.br\/cri\/#\/schema\/person\/121bb28d84f1a5b1205ef4ce9c2e0c6b"},"headline":"Texto na \u00edntegra: Discurso do presidente Xi Jinping no Dia da Vit\u00f3ria da China","datePublished":"2025-09-03T01:44:58+00:00","mainEntityOfPage":{"@id":"https:\/\/diariodepe.com.br\/cri\/2025\/09\/02\/texto-na-integra-discurso-do-presidente-xi-jinping-no-dia-da-vitoria-da-china\/"},"wordCount":847,"commentCount":0,"publisher":{"@id":"https:\/\/diariodepe.com.br\/cri\/#organization"},"articleSection":["China"],"inLanguage":"pt-BR","potentialAction":[{"@type":"CommentAction","name":"Comment","target":["https:\/\/diariodepe.com.br\/cri\/2025\/09\/02\/texto-na-integra-discurso-do-presidente-xi-jinping-no-dia-da-vitoria-da-china\/#respond"]}]},{"@type":"WebPage","@id":"https:\/\/diariodepe.com.br\/cri\/2025\/09\/02\/texto-na-integra-discurso-do-presidente-xi-jinping-no-dia-da-vitoria-da-china\/","url":"https:\/\/diariodepe.com.br\/cri\/2025\/09\/02\/texto-na-integra-discurso-do-presidente-xi-jinping-no-dia-da-vitoria-da-china\/","name":"Texto na \u00edntegra: Discurso do presidente Xi Jinping no Dia da Vit\u00f3ria da China - CRI e Diario de Pernambuco","isPartOf":{"@id":"https:\/\/diariodepe.com.br\/cri\/#website"},"datePublished":"2025-09-03T01:44:58+00:00","breadcrumb":{"@id":"https:\/\/diariodepe.com.br\/cri\/2025\/09\/02\/texto-na-integra-discurso-do-presidente-xi-jinping-no-dia-da-vitoria-da-china\/#breadcrumb"},"inLanguage":"pt-BR","potentialAction":[{"@type":"ReadAction","target":["https:\/\/diariodepe.com.br\/cri\/2025\/09\/02\/texto-na-integra-discurso-do-presidente-xi-jinping-no-dia-da-vitoria-da-china\/"]}]},{"@type":"BreadcrumbList","@id":"https:\/\/diariodepe.com.br\/cri\/2025\/09\/02\/texto-na-integra-discurso-do-presidente-xi-jinping-no-dia-da-vitoria-da-china\/#breadcrumb","itemListElement":[{"@type":"ListItem","position":1,"name":"In\u00edcio","item":"https:\/\/diariodepe.com.br\/cri\/"},{"@type":"ListItem","position":2,"name":"Texto na \u00edntegra: Discurso do presidente Xi Jinping no Dia da Vit\u00f3ria da China"}]},{"@type":"WebSite","@id":"https:\/\/diariodepe.com.br\/cri\/#website","url":"https:\/\/diariodepe.com.br\/cri\/","name":"CRI e Diario de Pernambuco","description":"R\u00e1dio Internacional da China","publisher":{"@id":"https:\/\/diariodepe.com.br\/cri\/#organization"},"potentialAction":[{"@type":"SearchAction","target":{"@type":"EntryPoint","urlTemplate":"https:\/\/diariodepe.com.br\/cri\/?s={search_term_string}"},"query-input":{"@type":"PropertyValueSpecification","valueRequired":true,"valueName":"search_term_string"}}],"inLanguage":"pt-BR"},{"@type":"Organization","@id":"https:\/\/diariodepe.com.br\/cri\/#organization","name":"CRI e Diario de Pernambuco","url":"https:\/\/diariodepe.com.br\/cri\/","logo":{"@type":"ImageObject","inLanguage":"pt-BR","@id":"https:\/\/diariodepe.com.br\/cri\/#\/schema\/logo\/image\/","url":"https:\/\/diariodepe.com.br\/cri\/wp-content\/uploads\/sites\/2\/2022\/12\/cropped-Logo.jpg","contentUrl":"https:\/\/diariodepe.com.br\/cri\/wp-content\/uploads\/sites\/2\/2022\/12\/cropped-Logo.jpg","width":700,"height":59,"caption":"CRI e Diario de Pernambuco"},"image":{"@id":"https:\/\/diariodepe.com.br\/cri\/#\/schema\/logo\/image\/"}},{"@type":"Person","@id":"https:\/\/diariodepe.com.br\/cri\/#\/schema\/person\/121bb28d84f1a5b1205ef4ce9c2e0c6b","name":"Ismael Lucas S. Pereira","image":{"@type":"ImageObject","inLanguage":"pt-BR","@id":"https:\/\/secure.gravatar.com\/avatar\/887a0f3b5a7ceea963a48499fb883ffce6b5037362def025c52c2505b15d63e4?s=96&d=mm&r=g","url":"https:\/\/secure.gravatar.com\/avatar\/887a0f3b5a7ceea963a48499fb883ffce6b5037362def025c52c2505b15d63e4?s=96&d=mm&r=g","contentUrl":"https:\/\/secure.gravatar.com\/avatar\/887a0f3b5a7ceea963a48499fb883ffce6b5037362def025c52c2505b15d63e4?s=96&d=mm&r=g","caption":"Ismael Lucas S. Pereira"},"url":"https:\/\/diariodepe.com.br\/cri\/author\/ismael-lucas\/"}]}},"cc_featured_image_caption":{"caption_text":false,"source_text":false,"source_url":false},"amp_enabled":true,"_links":{"self":[{"href":"https:\/\/diariodepe.com.br\/cri\/wp-json\/wp\/v2\/posts\/9266","targetHints":{"allow":["GET"]}}],"collection":[{"href":"https:\/\/diariodepe.com.br\/cri\/wp-json\/wp\/v2\/posts"}],"about":[{"href":"https:\/\/diariodepe.com.br\/cri\/wp-json\/wp\/v2\/types\/post"}],"author":[{"embeddable":true,"href":"https:\/\/diariodepe.com.br\/cri\/wp-json\/wp\/v2\/users\/2"}],"replies":[{"embeddable":true,"href":"https:\/\/diariodepe.com.br\/cri\/wp-json\/wp\/v2\/comments?post=9266"}],"version-history":[{"count":1,"href":"https:\/\/diariodepe.com.br\/cri\/wp-json\/wp\/v2\/posts\/9266\/revisions"}],"predecessor-version":[{"id":9267,"href":"https:\/\/diariodepe.com.br\/cri\/wp-json\/wp\/v2\/posts\/9266\/revisions\/9267"}],"wp:attachment":[{"href":"https:\/\/diariodepe.com.br\/cri\/wp-json\/wp\/v2\/media?parent=9266"}],"wp:term":[{"taxonomy":"category","embeddable":true,"href":"https:\/\/diariodepe.com.br\/cri\/wp-json\/wp\/v2\/categories?post=9266"},{"taxonomy":"post_tag","embeddable":true,"href":"https:\/\/diariodepe.com.br\/cri\/wp-json\/wp\/v2\/tags?post=9266"}],"curies":[{"name":"wp","href":"https:\/\/api.w.org\/{rel}","templated":true}]}}