{"id":9235,"date":"2025-09-06T02:12:00","date_gmt":"2025-09-06T05:12:00","guid":{"rendered":"https:\/\/diariodepe.com.br\/cri\/?p=9235"},"modified":"2025-09-06T02:15:35","modified_gmt":"2025-09-06T05:15:35","slug":"comunidade-internacional-aprecia-discurso-de-xi-jinping-em-grande-cerimonia","status":"publish","type":"post","link":"https:\/\/diariodepe.com.br\/cri\/2025\/09\/06\/comunidade-internacional-aprecia-discurso-de-xi-jinping-em-grande-cerimonia\/","title":{"rendered":"Comunidade internacional aprecia discurso de Xi Jinping em grande cerim\u00f4nia"},"content":{"rendered":"\r\n<p>O discurso proferido pelo presidente chin\u00eas na grande comemora\u00e7\u00e3o ao 80\u00ba anivers\u00e1rio da vit\u00f3ria da Guerra de Resist\u00eancia do Povo Chin\u00eas contra a Agress\u00e3o Japonesa e da Guerra Antifascista Mundial gerou repercuss\u00e3o na comunidade internacional.<\/p>\r\n<p><img decoding=\"async\" src=\"https:\/\/38picres.cgtn.com\/photoAlbum\/page\/performance\/img\/2025\/9\/5\/1757077455830_394.jpeg\" \/><\/p>\r\n<p>Miguel Diaz-Canel, primeiro secret\u00e1rio do Comit\u00ea Central do Partido Comunista de Cuba e Presidente de Cuba disse que estar impressionado pela participa\u00e7\u00e3o das comemora\u00e7\u00f5es na Pra\u00e7a Tian\u2019anmen. \u201cConsidero que o discurso de Xi Jinping \u00e9 um apelo para que todas as partes unam for\u00e7as na constru\u00e7\u00e3o de uma ordem mundial mais justa e equitativa, permitindo que todos os pa\u00edses desfrutem de oportunidades iguais de desenvolvimento. A China defende a constru\u00e7\u00e3o da comunidade de futuro compartilhado para a humanidade, injetando uma forte confian\u00e7a no desenvolvimento global.\u201d<\/p>\r\n<p><img decoding=\"async\" src=\"https:\/\/38picres.cgtn.com\/photoAlbum\/page\/performance\/img\/2025\/9\/5\/1757077463480_282.jpeg\" \/><br \/>O presidente da S\u00e9rvia, Aleksandar Vucic, disse que a grandiosidade do evento nos permitiu testemunhar as conquistas do desenvolvimento da China. O discurso de Xi Jinping transmitiu ao mundo a determina\u00e7\u00e3o da China em seguir o caminho do desenvolvimento pac\u00edfico e em manter a seguran\u00e7a e estabilidade globais, que \u00e9 exatamente o que o mundo atual necessita.<\/p>\r\n<p><img decoding=\"async\" src=\"https:\/\/38picres.cgtn.com\/photoAlbum\/page\/performance\/img\/2025\/9\/5\/1757077471057_404.jpeg\" \/><br \/>O ex-primeiro-ministro do Jap\u00e3o, Hatoyama Yuki, disse que, no passado, a guerra de invas\u00e3o desencadeada pelo Jap\u00e3o matou muitas vidas. \u201cComo um japon\u00eas e ex-primeiro-ministro do pa\u00eds, participei da cerim\u00f4nia comemorativa com um sentimento de reflex\u00e3o e desculpas. Acredito que \u00e9 essencial encarar com a hist\u00f3ria passada, usar a hist\u00f3ria como espelho e educar as gera\u00e7\u00f5es futuras\u201d, assinalou Hatoyama Yuki.<\/p>\r\n","protected":false},"excerpt":{"rendered":"<p>O discurso proferido pelo presidente chin\u00eas na grande comemora\u00e7\u00e3o ao 80\u00ba anivers\u00e1rio da vit\u00f3ria da Guerra de Resist\u00eancia do Povo Chin\u00eas contra a Agress\u00e3o Japonesa e da Guerra Antifascista Mundial gerou repercuss\u00e3o na comunidade internacional. Miguel Diaz-Canel, primeiro secret\u00e1rio do&#8230;<\/p>\n","protected":false},"author":2,"featured_media":0,"comment_status":"open","ping_status":"open","sticky":false,"template":"","format":"standard","meta":{"footnotes":""},"categories":[3],"tags":[],"class_list":["post-9235","post","type-post","status-publish","format-standard","hentry","category-china"],"yoast_head":"<!-- This site is optimized with the Yoast SEO plugin v27.4 - https:\/\/yoast.com\/product\/yoast-seo-wordpress\/ -->\n<title>Comunidade internacional aprecia discurso de Xi Jinping em grande cerim\u00f4nia - CRI e Diario de Pernambuco<\/title>\n<meta name=\"robots\" content=\"index, follow, max-snippet:-1, max-image-preview:large, max-video-preview:-1\" \/>\n<link rel=\"canonical\" href=\"https:\/\/diariodepe.com.br\/cri\/2025\/09\/06\/comunidade-internacional-aprecia-discurso-de-xi-jinping-em-grande-cerimonia\/\" \/>\n<meta property=\"og:locale\" content=\"pt_BR\" \/>\n<meta property=\"og:type\" content=\"article\" \/>\n<meta property=\"og:title\" content=\"Comunidade internacional aprecia discurso de Xi Jinping em grande cerim\u00f4nia - CRI e Diario de Pernambuco\" \/>\n<meta property=\"og:description\" content=\"O discurso proferido pelo presidente chin\u00eas na grande comemora\u00e7\u00e3o ao 80\u00ba anivers\u00e1rio da vit\u00f3ria da Guerra de Resist\u00eancia do Povo Chin\u00eas contra a Agress\u00e3o Japonesa e da Guerra Antifascista Mundial gerou repercuss\u00e3o na comunidade internacional. Miguel Diaz-Canel, primeiro secret\u00e1rio do...\" \/>\n<meta property=\"og:url\" content=\"https:\/\/diariodepe.com.br\/cri\/2025\/09\/06\/comunidade-internacional-aprecia-discurso-de-xi-jinping-em-grande-cerimonia\/\" \/>\n<meta property=\"og:site_name\" content=\"CRI e Diario de Pernambuco\" \/>\n<meta property=\"article:published_time\" content=\"2025-09-06T05:12:00+00:00\" \/>\n<meta property=\"article:modified_time\" content=\"2025-09-06T05:15:35+00:00\" \/>\n<meta property=\"og:image\" content=\"https:\/\/38picres.cgtn.com\/photoAlbum\/page\/performance\/img\/2025\/9\/5\/1757077455830_394.jpeg\" \/>\n<meta name=\"author\" content=\"Ismael Lucas S. Pereira\" \/>\n<meta name=\"twitter:card\" content=\"summary_large_image\" \/>\n<meta name=\"twitter:label1\" content=\"Escrito por\" \/>\n\t<meta name=\"twitter:data1\" content=\"Ismael Lucas S. Pereira\" \/>\n\t<meta name=\"twitter:label2\" content=\"Est. tempo de leitura\" \/>\n\t<meta name=\"twitter:data2\" content=\"2 minutos\" \/>\n<script type=\"application\/ld+json\" class=\"yoast-schema-graph\">{\"@context\":\"https:\\\/\\\/schema.org\",\"@graph\":[{\"@type\":\"Article\",\"@id\":\"https:\\\/\\\/diariodepe.com.br\\\/cri\\\/2025\\\/09\\\/06\\\/comunidade-internacional-aprecia-discurso-de-xi-jinping-em-grande-cerimonia\\\/#article\",\"isPartOf\":{\"@id\":\"https:\\\/\\\/diariodepe.com.br\\\/cri\\\/2025\\\/09\\\/06\\\/comunidade-internacional-aprecia-discurso-de-xi-jinping-em-grande-cerimonia\\\/\"},\"author\":{\"name\":\"Ismael Lucas S. Pereira\",\"@id\":\"https:\\\/\\\/diariodepe.com.br\\\/cri\\\/#\\\/schema\\\/person\\\/121bb28d84f1a5b1205ef4ce9c2e0c6b\"},\"headline\":\"Comunidade internacional aprecia discurso de Xi Jinping em grande cerim\u00f4nia\",\"datePublished\":\"2025-09-06T05:12:00+00:00\",\"dateModified\":\"2025-09-06T05:15:35+00:00\",\"mainEntityOfPage\":{\"@id\":\"https:\\\/\\\/diariodepe.com.br\\\/cri\\\/2025\\\/09\\\/06\\\/comunidade-internacional-aprecia-discurso-de-xi-jinping-em-grande-cerimonia\\\/\"},\"wordCount\":276,\"commentCount\":0,\"publisher\":{\"@id\":\"https:\\\/\\\/diariodepe.com.br\\\/cri\\\/#organization\"},\"image\":{\"@id\":\"https:\\\/\\\/diariodepe.com.br\\\/cri\\\/2025\\\/09\\\/06\\\/comunidade-internacional-aprecia-discurso-de-xi-jinping-em-grande-cerimonia\\\/#primaryimage\"},\"thumbnailUrl\":\"https:\\\/\\\/38picres.cgtn.com\\\/photoAlbum\\\/page\\\/performance\\\/img\\\/2025\\\/9\\\/5\\\/1757077455830_394.jpeg\",\"articleSection\":[\"China\"],\"inLanguage\":\"pt-BR\",\"potentialAction\":[{\"@type\":\"CommentAction\",\"name\":\"Comment\",\"target\":[\"https:\\\/\\\/diariodepe.com.br\\\/cri\\\/2025\\\/09\\\/06\\\/comunidade-internacional-aprecia-discurso-de-xi-jinping-em-grande-cerimonia\\\/#respond\"]}]},{\"@type\":\"WebPage\",\"@id\":\"https:\\\/\\\/diariodepe.com.br\\\/cri\\\/2025\\\/09\\\/06\\\/comunidade-internacional-aprecia-discurso-de-xi-jinping-em-grande-cerimonia\\\/\",\"url\":\"https:\\\/\\\/diariodepe.com.br\\\/cri\\\/2025\\\/09\\\/06\\\/comunidade-internacional-aprecia-discurso-de-xi-jinping-em-grande-cerimonia\\\/\",\"name\":\"Comunidade internacional aprecia discurso de Xi Jinping em grande cerim\u00f4nia - CRI e Diario de Pernambuco\",\"isPartOf\":{\"@id\":\"https:\\\/\\\/diariodepe.com.br\\\/cri\\\/#website\"},\"primaryImageOfPage\":{\"@id\":\"https:\\\/\\\/diariodepe.com.br\\\/cri\\\/2025\\\/09\\\/06\\\/comunidade-internacional-aprecia-discurso-de-xi-jinping-em-grande-cerimonia\\\/#primaryimage\"},\"image\":{\"@id\":\"https:\\\/\\\/diariodepe.com.br\\\/cri\\\/2025\\\/09\\\/06\\\/comunidade-internacional-aprecia-discurso-de-xi-jinping-em-grande-cerimonia\\\/#primaryimage\"},\"thumbnailUrl\":\"https:\\\/\\\/38picres.cgtn.com\\\/photoAlbum\\\/page\\\/performance\\\/img\\\/2025\\\/9\\\/5\\\/1757077455830_394.jpeg\",\"datePublished\":\"2025-09-06T05:12:00+00:00\",\"dateModified\":\"2025-09-06T05:15:35+00:00\",\"breadcrumb\":{\"@id\":\"https:\\\/\\\/diariodepe.com.br\\\/cri\\\/2025\\\/09\\\/06\\\/comunidade-internacional-aprecia-discurso-de-xi-jinping-em-grande-cerimonia\\\/#breadcrumb\"},\"inLanguage\":\"pt-BR\",\"potentialAction\":[{\"@type\":\"ReadAction\",\"target\":[\"https:\\\/\\\/diariodepe.com.br\\\/cri\\\/2025\\\/09\\\/06\\\/comunidade-internacional-aprecia-discurso-de-xi-jinping-em-grande-cerimonia\\\/\"]}]},{\"@type\":\"ImageObject\",\"inLanguage\":\"pt-BR\",\"@id\":\"https:\\\/\\\/diariodepe.com.br\\\/cri\\\/2025\\\/09\\\/06\\\/comunidade-internacional-aprecia-discurso-de-xi-jinping-em-grande-cerimonia\\\/#primaryimage\",\"url\":\"https:\\\/\\\/38picres.cgtn.com\\\/photoAlbum\\\/page\\\/performance\\\/img\\\/2025\\\/9\\\/5\\\/1757077455830_394.jpeg\",\"contentUrl\":\"https:\\\/\\\/38picres.cgtn.com\\\/photoAlbum\\\/page\\\/performance\\\/img\\\/2025\\\/9\\\/5\\\/1757077455830_394.jpeg\"},{\"@type\":\"BreadcrumbList\",\"@id\":\"https:\\\/\\\/diariodepe.com.br\\\/cri\\\/2025\\\/09\\\/06\\\/comunidade-internacional-aprecia-discurso-de-xi-jinping-em-grande-cerimonia\\\/#breadcrumb\",\"itemListElement\":[{\"@type\":\"ListItem\",\"position\":1,\"name\":\"In\u00edcio\",\"item\":\"https:\\\/\\\/diariodepe.com.br\\\/cri\\\/\"},{\"@type\":\"ListItem\",\"position\":2,\"name\":\"Comunidade internacional aprecia discurso de Xi Jinping em grande cerim\u00f4nia\"}]},{\"@type\":\"WebSite\",\"@id\":\"https:\\\/\\\/diariodepe.com.br\\\/cri\\\/#website\",\"url\":\"https:\\\/\\\/diariodepe.com.br\\\/cri\\\/\",\"name\":\"CRI e Diario de Pernambuco\",\"description\":\"R\u00e1dio Internacional da China\",\"publisher\":{\"@id\":\"https:\\\/\\\/diariodepe.com.br\\\/cri\\\/#organization\"},\"potentialAction\":[{\"@type\":\"SearchAction\",\"target\":{\"@type\":\"EntryPoint\",\"urlTemplate\":\"https:\\\/\\\/diariodepe.com.br\\\/cri\\\/?s={search_term_string}\"},\"query-input\":{\"@type\":\"PropertyValueSpecification\",\"valueRequired\":true,\"valueName\":\"search_term_string\"}}],\"inLanguage\":\"pt-BR\"},{\"@type\":\"Organization\",\"@id\":\"https:\\\/\\\/diariodepe.com.br\\\/cri\\\/#organization\",\"name\":\"CRI e Diario de Pernambuco\",\"url\":\"https:\\\/\\\/diariodepe.com.br\\\/cri\\\/\",\"logo\":{\"@type\":\"ImageObject\",\"inLanguage\":\"pt-BR\",\"@id\":\"https:\\\/\\\/diariodepe.com.br\\\/cri\\\/#\\\/schema\\\/logo\\\/image\\\/\",\"url\":\"https:\\\/\\\/diariodepe.com.br\\\/cri\\\/wp-content\\\/uploads\\\/sites\\\/2\\\/2022\\\/12\\\/cropped-Logo.jpg\",\"contentUrl\":\"https:\\\/\\\/diariodepe.com.br\\\/cri\\\/wp-content\\\/uploads\\\/sites\\\/2\\\/2022\\\/12\\\/cropped-Logo.jpg\",\"width\":700,\"height\":59,\"caption\":\"CRI e Diario de Pernambuco\"},\"image\":{\"@id\":\"https:\\\/\\\/diariodepe.com.br\\\/cri\\\/#\\\/schema\\\/logo\\\/image\\\/\"}},{\"@type\":\"Person\",\"@id\":\"https:\\\/\\\/diariodepe.com.br\\\/cri\\\/#\\\/schema\\\/person\\\/121bb28d84f1a5b1205ef4ce9c2e0c6b\",\"name\":\"Ismael Lucas S. Pereira\",\"image\":{\"@type\":\"ImageObject\",\"inLanguage\":\"pt-BR\",\"@id\":\"https:\\\/\\\/secure.gravatar.com\\\/avatar\\\/887a0f3b5a7ceea963a48499fb883ffce6b5037362def025c52c2505b15d63e4?s=96&d=mm&r=g\",\"url\":\"https:\\\/\\\/secure.gravatar.com\\\/avatar\\\/887a0f3b5a7ceea963a48499fb883ffce6b5037362def025c52c2505b15d63e4?s=96&d=mm&r=g\",\"contentUrl\":\"https:\\\/\\\/secure.gravatar.com\\\/avatar\\\/887a0f3b5a7ceea963a48499fb883ffce6b5037362def025c52c2505b15d63e4?s=96&d=mm&r=g\",\"caption\":\"Ismael Lucas S. Pereira\"},\"url\":\"https:\\\/\\\/diariodepe.com.br\\\/cri\\\/author\\\/ismael-lucas\\\/\"}]}<\/script>\n<!-- \/ Yoast SEO plugin. -->","yoast_head_json":{"title":"Comunidade internacional aprecia discurso de Xi Jinping em grande cerim\u00f4nia - CRI e Diario de Pernambuco","robots":{"index":"index","follow":"follow","max-snippet":"max-snippet:-1","max-image-preview":"max-image-preview:large","max-video-preview":"max-video-preview:-1"},"canonical":"https:\/\/diariodepe.com.br\/cri\/2025\/09\/06\/comunidade-internacional-aprecia-discurso-de-xi-jinping-em-grande-cerimonia\/","og_locale":"pt_BR","og_type":"article","og_title":"Comunidade internacional aprecia discurso de Xi Jinping em grande cerim\u00f4nia - CRI e Diario de Pernambuco","og_description":"O discurso proferido pelo presidente chin\u00eas na grande comemora\u00e7\u00e3o ao 80\u00ba anivers\u00e1rio da vit\u00f3ria da Guerra de Resist\u00eancia do Povo Chin\u00eas contra a Agress\u00e3o Japonesa e da Guerra Antifascista Mundial gerou repercuss\u00e3o na comunidade internacional. Miguel Diaz-Canel, primeiro secret\u00e1rio do...","og_url":"https:\/\/diariodepe.com.br\/cri\/2025\/09\/06\/comunidade-internacional-aprecia-discurso-de-xi-jinping-em-grande-cerimonia\/","og_site_name":"CRI e Diario de Pernambuco","article_published_time":"2025-09-06T05:12:00+00:00","article_modified_time":"2025-09-06T05:15:35+00:00","og_image":[{"url":"https:\/\/38picres.cgtn.com\/photoAlbum\/page\/performance\/img\/2025\/9\/5\/1757077455830_394.jpeg","type":"","width":"","height":""}],"author":"Ismael Lucas S. Pereira","twitter_card":"summary_large_image","twitter_misc":{"Escrito por":"Ismael Lucas S. Pereira","Est. tempo de leitura":"2 minutos"},"schema":{"@context":"https:\/\/schema.org","@graph":[{"@type":"Article","@id":"https:\/\/diariodepe.com.br\/cri\/2025\/09\/06\/comunidade-internacional-aprecia-discurso-de-xi-jinping-em-grande-cerimonia\/#article","isPartOf":{"@id":"https:\/\/diariodepe.com.br\/cri\/2025\/09\/06\/comunidade-internacional-aprecia-discurso-de-xi-jinping-em-grande-cerimonia\/"},"author":{"name":"Ismael Lucas S. Pereira","@id":"https:\/\/diariodepe.com.br\/cri\/#\/schema\/person\/121bb28d84f1a5b1205ef4ce9c2e0c6b"},"headline":"Comunidade internacional aprecia discurso de Xi Jinping em grande cerim\u00f4nia","datePublished":"2025-09-06T05:12:00+00:00","dateModified":"2025-09-06T05:15:35+00:00","mainEntityOfPage":{"@id":"https:\/\/diariodepe.com.br\/cri\/2025\/09\/06\/comunidade-internacional-aprecia-discurso-de-xi-jinping-em-grande-cerimonia\/"},"wordCount":276,"commentCount":0,"publisher":{"@id":"https:\/\/diariodepe.com.br\/cri\/#organization"},"image":{"@id":"https:\/\/diariodepe.com.br\/cri\/2025\/09\/06\/comunidade-internacional-aprecia-discurso-de-xi-jinping-em-grande-cerimonia\/#primaryimage"},"thumbnailUrl":"https:\/\/38picres.cgtn.com\/photoAlbum\/page\/performance\/img\/2025\/9\/5\/1757077455830_394.jpeg","articleSection":["China"],"inLanguage":"pt-BR","potentialAction":[{"@type":"CommentAction","name":"Comment","target":["https:\/\/diariodepe.com.br\/cri\/2025\/09\/06\/comunidade-internacional-aprecia-discurso-de-xi-jinping-em-grande-cerimonia\/#respond"]}]},{"@type":"WebPage","@id":"https:\/\/diariodepe.com.br\/cri\/2025\/09\/06\/comunidade-internacional-aprecia-discurso-de-xi-jinping-em-grande-cerimonia\/","url":"https:\/\/diariodepe.com.br\/cri\/2025\/09\/06\/comunidade-internacional-aprecia-discurso-de-xi-jinping-em-grande-cerimonia\/","name":"Comunidade internacional aprecia discurso de Xi Jinping em grande cerim\u00f4nia - CRI e Diario de Pernambuco","isPartOf":{"@id":"https:\/\/diariodepe.com.br\/cri\/#website"},"primaryImageOfPage":{"@id":"https:\/\/diariodepe.com.br\/cri\/2025\/09\/06\/comunidade-internacional-aprecia-discurso-de-xi-jinping-em-grande-cerimonia\/#primaryimage"},"image":{"@id":"https:\/\/diariodepe.com.br\/cri\/2025\/09\/06\/comunidade-internacional-aprecia-discurso-de-xi-jinping-em-grande-cerimonia\/#primaryimage"},"thumbnailUrl":"https:\/\/38picres.cgtn.com\/photoAlbum\/page\/performance\/img\/2025\/9\/5\/1757077455830_394.jpeg","datePublished":"2025-09-06T05:12:00+00:00","dateModified":"2025-09-06T05:15:35+00:00","breadcrumb":{"@id":"https:\/\/diariodepe.com.br\/cri\/2025\/09\/06\/comunidade-internacional-aprecia-discurso-de-xi-jinping-em-grande-cerimonia\/#breadcrumb"},"inLanguage":"pt-BR","potentialAction":[{"@type":"ReadAction","target":["https:\/\/diariodepe.com.br\/cri\/2025\/09\/06\/comunidade-internacional-aprecia-discurso-de-xi-jinping-em-grande-cerimonia\/"]}]},{"@type":"ImageObject","inLanguage":"pt-BR","@id":"https:\/\/diariodepe.com.br\/cri\/2025\/09\/06\/comunidade-internacional-aprecia-discurso-de-xi-jinping-em-grande-cerimonia\/#primaryimage","url":"https:\/\/38picres.cgtn.com\/photoAlbum\/page\/performance\/img\/2025\/9\/5\/1757077455830_394.jpeg","contentUrl":"https:\/\/38picres.cgtn.com\/photoAlbum\/page\/performance\/img\/2025\/9\/5\/1757077455830_394.jpeg"},{"@type":"BreadcrumbList","@id":"https:\/\/diariodepe.com.br\/cri\/2025\/09\/06\/comunidade-internacional-aprecia-discurso-de-xi-jinping-em-grande-cerimonia\/#breadcrumb","itemListElement":[{"@type":"ListItem","position":1,"name":"In\u00edcio","item":"https:\/\/diariodepe.com.br\/cri\/"},{"@type":"ListItem","position":2,"name":"Comunidade internacional aprecia discurso de Xi Jinping em grande cerim\u00f4nia"}]},{"@type":"WebSite","@id":"https:\/\/diariodepe.com.br\/cri\/#website","url":"https:\/\/diariodepe.com.br\/cri\/","name":"CRI e Diario de Pernambuco","description":"R\u00e1dio Internacional da China","publisher":{"@id":"https:\/\/diariodepe.com.br\/cri\/#organization"},"potentialAction":[{"@type":"SearchAction","target":{"@type":"EntryPoint","urlTemplate":"https:\/\/diariodepe.com.br\/cri\/?s={search_term_string}"},"query-input":{"@type":"PropertyValueSpecification","valueRequired":true,"valueName":"search_term_string"}}],"inLanguage":"pt-BR"},{"@type":"Organization","@id":"https:\/\/diariodepe.com.br\/cri\/#organization","name":"CRI e Diario de Pernambuco","url":"https:\/\/diariodepe.com.br\/cri\/","logo":{"@type":"ImageObject","inLanguage":"pt-BR","@id":"https:\/\/diariodepe.com.br\/cri\/#\/schema\/logo\/image\/","url":"https:\/\/diariodepe.com.br\/cri\/wp-content\/uploads\/sites\/2\/2022\/12\/cropped-Logo.jpg","contentUrl":"https:\/\/diariodepe.com.br\/cri\/wp-content\/uploads\/sites\/2\/2022\/12\/cropped-Logo.jpg","width":700,"height":59,"caption":"CRI e Diario de Pernambuco"},"image":{"@id":"https:\/\/diariodepe.com.br\/cri\/#\/schema\/logo\/image\/"}},{"@type":"Person","@id":"https:\/\/diariodepe.com.br\/cri\/#\/schema\/person\/121bb28d84f1a5b1205ef4ce9c2e0c6b","name":"Ismael Lucas S. Pereira","image":{"@type":"ImageObject","inLanguage":"pt-BR","@id":"https:\/\/secure.gravatar.com\/avatar\/887a0f3b5a7ceea963a48499fb883ffce6b5037362def025c52c2505b15d63e4?s=96&d=mm&r=g","url":"https:\/\/secure.gravatar.com\/avatar\/887a0f3b5a7ceea963a48499fb883ffce6b5037362def025c52c2505b15d63e4?s=96&d=mm&r=g","contentUrl":"https:\/\/secure.gravatar.com\/avatar\/887a0f3b5a7ceea963a48499fb883ffce6b5037362def025c52c2505b15d63e4?s=96&d=mm&r=g","caption":"Ismael Lucas S. Pereira"},"url":"https:\/\/diariodepe.com.br\/cri\/author\/ismael-lucas\/"}]}},"cc_featured_image_caption":{"caption_text":false,"source_text":false,"source_url":false},"amp_enabled":true,"_links":{"self":[{"href":"https:\/\/diariodepe.com.br\/cri\/wp-json\/wp\/v2\/posts\/9235","targetHints":{"allow":["GET"]}}],"collection":[{"href":"https:\/\/diariodepe.com.br\/cri\/wp-json\/wp\/v2\/posts"}],"about":[{"href":"https:\/\/diariodepe.com.br\/cri\/wp-json\/wp\/v2\/types\/post"}],"author":[{"embeddable":true,"href":"https:\/\/diariodepe.com.br\/cri\/wp-json\/wp\/v2\/users\/2"}],"replies":[{"embeddable":true,"href":"https:\/\/diariodepe.com.br\/cri\/wp-json\/wp\/v2\/comments?post=9235"}],"version-history":[{"count":5,"href":"https:\/\/diariodepe.com.br\/cri\/wp-json\/wp\/v2\/posts\/9235\/revisions"}],"predecessor-version":[{"id":9300,"href":"https:\/\/diariodepe.com.br\/cri\/wp-json\/wp\/v2\/posts\/9235\/revisions\/9300"}],"wp:attachment":[{"href":"https:\/\/diariodepe.com.br\/cri\/wp-json\/wp\/v2\/media?parent=9235"}],"wp:term":[{"taxonomy":"category","embeddable":true,"href":"https:\/\/diariodepe.com.br\/cri\/wp-json\/wp\/v2\/categories?post=9235"},{"taxonomy":"post_tag","embeddable":true,"href":"https:\/\/diariodepe.com.br\/cri\/wp-json\/wp\/v2\/tags?post=9235"}],"curies":[{"name":"wp","href":"https:\/\/api.w.org\/{rel}","templated":true}]}}