{"id":9164,"date":"2025-08-26T06:30:34","date_gmt":"2025-08-26T09:30:34","guid":{"rendered":"https:\/\/diariodepe.com.br\/cri\/?p=9164"},"modified":"2025-08-26T06:30:34","modified_gmt":"2025-08-26T09:30:34","slug":"documentario-o-guardiao-do-patrimonio-e-exibido-nos-paises-membros-da-ocs","status":"publish","type":"post","link":"https:\/\/diariodepe.com.br\/cri\/2025\/08\/26\/documentario-o-guardiao-do-patrimonio-e-exibido-nos-paises-membros-da-ocs\/","title":{"rendered":"Document\u00e1rio \u201cO Guardi\u00e3o do Patrim\u00f4nio\u201d \u00e9 exibido nos pa\u00edses-membros da OCS"},"content":{"rendered":"<p>A cerim\u00f4nia de lan\u00e7amento do document\u00e1rio\u00a0<i>O<\/i><i><\/i><i>\u00a0Guardi\u00e3o\u00a0<\/i><i>do Patrim\u00f4nio<\/i>\u00a0nos pa\u00edses da C\u00fapula da Organiza\u00e7\u00e3o de Coopera\u00e7\u00e3o de Shanghai (OCS) foi realizada nesta segunda-feira (25) em Beijing.\u00a0Produzido pelo Grupo de M\u00eddia da China (CMG), o document\u00e1rio\u00a0ser\u00e1 exibido nos principais ve\u00edculos de comunica\u00e7\u00e3o dos pa\u00edses-membros,\u00a0um dia antes do encontro que ocorrer\u00e1 no fim deste m\u00eas em Tianjin.<\/p>\n<p><img decoding=\"async\" src=\"https:\/\/38picres.cgtn.com\/photoAlbum\/page\/performance\/img\/2025\/8\/25\/1756112739755_858.jpg\" \/><\/p>\n<p>O presidente do Quirquist\u00e3o, Sadyr Japarov, e o primeiro-ministro do Paquist\u00e3o, Shahbaz Sharif, enviaram mensagens parabenizando o lan\u00e7amento do programa. A partir de hoje, o document\u00e1rio ser\u00e1 exibido nos pa\u00edses da OCS, incluindo R\u00fassia, Cazaquist\u00e3o, Quirguist\u00e3o, Paquist\u00e3o, Ir\u00e3 e Bielorr\u00fassia.<\/p>\n<p>&nbsp;<\/p>\n<p>O programa\u00a0apresenta\u00a0hist\u00f3rias dos\u00a0locais visitados por Xi Jinping e das pessoas\u00a0com quem ele trabalhou,\u00a0destacando\u00a0os esfor\u00e7os do pa\u00eds\u00a0na preserva\u00e7\u00e3o da civiliza\u00e7\u00e3o e do patrim\u00f4nio cultural. Tamb\u00e9m aborda as reflex\u00f5es do l\u00edder sobre o desenvolvimento da na\u00e7\u00e3o por meio da cultura e seu apre\u00e7o profundo pelas tradi\u00e7\u00f5es culturais chinesas.<\/p>\n<p><img decoding=\"async\" src=\"https:\/\/38picres.cgtn.com\/photoAlbum\/page\/performance\/img\/2025\/8\/25\/1756112750483_417.jpg\" \/><\/p>\n<p>&nbsp;<\/p>\n<p>Shen Haixiong,\u00a0vice-chefe do Departamento de Comunica\u00e7\u00e3o do Comit\u00ea Central do Partido Comunista da China (PCCh) e presidente do CMG,\u00a0afirmou que o lan\u00e7amento do document\u00e1rio\u00a0busca apresentar\u00a0ao p\u00fablico internacional a ess\u00eancia do pensamento cultural de Xi Jinping e o\u00a0conceito de que &#8220;uma cultura pr\u00f3spera traz prosperidade\u00a0\u00e0\u00a0na\u00e7\u00e3o, e uma cultura forte fortalece\u00a0a\u00a0na\u00e7\u00e3o&#8221;.\u00a0Segundo ele, o\u00a0CMG\u00a0est\u00e1 disposto a trabalhar com todos os parceiros para\u00a0consolidar o\u00a0consenso global e\u00a0aprofundar interc\u00e2mbios e coopera\u00e7\u00e3o.<\/p>\n<p><img decoding=\"async\" src=\"https:\/\/38picres.cgtn.com\/photoAlbum\/page\/performance\/img\/2025\/8\/25\/1756112758992_316.jpg\" \/><\/p>\n<p>O secret\u00e1rio-geral\u00a0da OCS,\u00a0Nurlan Yermekbayev,\u00a0destacou\u00a0que a m\u00eddia n\u00e3o \u00e9 apenas\u00a0um reflexo\u00a0da sociedade,\u00a0mas tamb\u00e9m uma influente formadora de opini\u00e3o p\u00fablica.\u00a0Segundo ele, o lan\u00e7amento nos pa\u00edses-membros da OCS chamou aten\u00e7\u00e3o da m\u00eddia e do p\u00fablico, refor\u00e7ando o conhecimento da cultura chinesa e os la\u00e7os de amizade entre os pa\u00edses.\u201d<\/p>\n","protected":false},"excerpt":{"rendered":"<p>A cerim\u00f4nia de lan\u00e7amento do document\u00e1rio\u00a0O\u00a0Guardi\u00e3o\u00a0do Patrim\u00f4nio\u00a0nos pa\u00edses da C\u00fapula da Organiza\u00e7\u00e3o de Coopera\u00e7\u00e3o de Shanghai (OCS) foi realizada nesta segunda-feira (25) em Beijing.\u00a0Produzido pelo Grupo de M\u00eddia da China (CMG), o document\u00e1rio\u00a0ser\u00e1 exibido nos principais ve\u00edculos de comunica\u00e7\u00e3o dos&#8230;<\/p>\n","protected":false},"author":2,"featured_media":0,"comment_status":"open","ping_status":"open","sticky":false,"template":"","format":"standard","meta":{"footnotes":""},"categories":[3],"tags":[],"class_list":["post-9164","post","type-post","status-publish","format-standard","hentry","category-china"],"yoast_head":"<!-- This site is optimized with the Yoast SEO plugin v27.4 - https:\/\/yoast.com\/product\/yoast-seo-wordpress\/ -->\n<title>Document\u00e1rio \u201cO Guardi\u00e3o do Patrim\u00f4nio\u201d \u00e9 exibido nos pa\u00edses-membros da OCS - CRI e Diario de Pernambuco<\/title>\n<meta name=\"robots\" content=\"index, follow, max-snippet:-1, max-image-preview:large, max-video-preview:-1\" \/>\n<link rel=\"canonical\" href=\"https:\/\/diariodepe.com.br\/cri\/2025\/08\/26\/documentario-o-guardiao-do-patrimonio-e-exibido-nos-paises-membros-da-ocs\/\" \/>\n<meta property=\"og:locale\" content=\"pt_BR\" \/>\n<meta property=\"og:type\" content=\"article\" \/>\n<meta property=\"og:title\" content=\"Document\u00e1rio \u201cO Guardi\u00e3o do Patrim\u00f4nio\u201d \u00e9 exibido nos pa\u00edses-membros da OCS - CRI e Diario de Pernambuco\" \/>\n<meta property=\"og:description\" content=\"A cerim\u00f4nia de lan\u00e7amento do document\u00e1rio\u00a0O\u00a0Guardi\u00e3o\u00a0do Patrim\u00f4nio\u00a0nos pa\u00edses da C\u00fapula da Organiza\u00e7\u00e3o de Coopera\u00e7\u00e3o de Shanghai (OCS) foi realizada nesta segunda-feira (25) em Beijing.\u00a0Produzido pelo Grupo de M\u00eddia da China (CMG), o document\u00e1rio\u00a0ser\u00e1 exibido nos principais ve\u00edculos de comunica\u00e7\u00e3o dos...\" \/>\n<meta property=\"og:url\" content=\"https:\/\/diariodepe.com.br\/cri\/2025\/08\/26\/documentario-o-guardiao-do-patrimonio-e-exibido-nos-paises-membros-da-ocs\/\" \/>\n<meta property=\"og:site_name\" content=\"CRI e Diario de Pernambuco\" \/>\n<meta property=\"article:published_time\" content=\"2025-08-26T09:30:34+00:00\" \/>\n<meta property=\"og:image\" content=\"https:\/\/38picres.cgtn.com\/photoAlbum\/page\/performance\/img\/2025\/8\/25\/1756112739755_858.jpg\" \/>\n<meta name=\"author\" content=\"Ismael Lucas S. Pereira\" \/>\n<meta name=\"twitter:card\" content=\"summary_large_image\" \/>\n<meta name=\"twitter:label1\" content=\"Escrito por\" \/>\n\t<meta name=\"twitter:data1\" content=\"Ismael Lucas S. Pereira\" \/>\n<script type=\"application\/ld+json\" class=\"yoast-schema-graph\">{\"@context\":\"https:\\\/\\\/schema.org\",\"@graph\":[{\"@type\":\"Article\",\"@id\":\"https:\\\/\\\/diariodepe.com.br\\\/cri\\\/2025\\\/08\\\/26\\\/documentario-o-guardiao-do-patrimonio-e-exibido-nos-paises-membros-da-ocs\\\/#article\",\"isPartOf\":{\"@id\":\"https:\\\/\\\/diariodepe.com.br\\\/cri\\\/2025\\\/08\\\/26\\\/documentario-o-guardiao-do-patrimonio-e-exibido-nos-paises-membros-da-ocs\\\/\"},\"author\":{\"name\":\"Ismael Lucas S. Pereira\",\"@id\":\"https:\\\/\\\/diariodepe.com.br\\\/cri\\\/#\\\/schema\\\/person\\\/121bb28d84f1a5b1205ef4ce9c2e0c6b\"},\"headline\":\"Document\u00e1rio \u201cO Guardi\u00e3o do Patrim\u00f4nio\u201d \u00e9 exibido nos pa\u00edses-membros da OCS\",\"datePublished\":\"2025-08-26T09:30:34+00:00\",\"mainEntityOfPage\":{\"@id\":\"https:\\\/\\\/diariodepe.com.br\\\/cri\\\/2025\\\/08\\\/26\\\/documentario-o-guardiao-do-patrimonio-e-exibido-nos-paises-membros-da-ocs\\\/\"},\"wordCount\":361,\"commentCount\":0,\"publisher\":{\"@id\":\"https:\\\/\\\/diariodepe.com.br\\\/cri\\\/#organization\"},\"image\":{\"@id\":\"https:\\\/\\\/diariodepe.com.br\\\/cri\\\/2025\\\/08\\\/26\\\/documentario-o-guardiao-do-patrimonio-e-exibido-nos-paises-membros-da-ocs\\\/#primaryimage\"},\"thumbnailUrl\":\"https:\\\/\\\/38picres.cgtn.com\\\/photoAlbum\\\/page\\\/performance\\\/img\\\/2025\\\/8\\\/25\\\/1756112739755_858.jpg\",\"articleSection\":[\"China\"],\"inLanguage\":\"pt-BR\",\"potentialAction\":[{\"@type\":\"CommentAction\",\"name\":\"Comment\",\"target\":[\"https:\\\/\\\/diariodepe.com.br\\\/cri\\\/2025\\\/08\\\/26\\\/documentario-o-guardiao-do-patrimonio-e-exibido-nos-paises-membros-da-ocs\\\/#respond\"]}]},{\"@type\":\"WebPage\",\"@id\":\"https:\\\/\\\/diariodepe.com.br\\\/cri\\\/2025\\\/08\\\/26\\\/documentario-o-guardiao-do-patrimonio-e-exibido-nos-paises-membros-da-ocs\\\/\",\"url\":\"https:\\\/\\\/diariodepe.com.br\\\/cri\\\/2025\\\/08\\\/26\\\/documentario-o-guardiao-do-patrimonio-e-exibido-nos-paises-membros-da-ocs\\\/\",\"name\":\"Document\u00e1rio \u201cO Guardi\u00e3o do Patrim\u00f4nio\u201d \u00e9 exibido nos pa\u00edses-membros da OCS - CRI e Diario de Pernambuco\",\"isPartOf\":{\"@id\":\"https:\\\/\\\/diariodepe.com.br\\\/cri\\\/#website\"},\"primaryImageOfPage\":{\"@id\":\"https:\\\/\\\/diariodepe.com.br\\\/cri\\\/2025\\\/08\\\/26\\\/documentario-o-guardiao-do-patrimonio-e-exibido-nos-paises-membros-da-ocs\\\/#primaryimage\"},\"image\":{\"@id\":\"https:\\\/\\\/diariodepe.com.br\\\/cri\\\/2025\\\/08\\\/26\\\/documentario-o-guardiao-do-patrimonio-e-exibido-nos-paises-membros-da-ocs\\\/#primaryimage\"},\"thumbnailUrl\":\"https:\\\/\\\/38picres.cgtn.com\\\/photoAlbum\\\/page\\\/performance\\\/img\\\/2025\\\/8\\\/25\\\/1756112739755_858.jpg\",\"datePublished\":\"2025-08-26T09:30:34+00:00\",\"breadcrumb\":{\"@id\":\"https:\\\/\\\/diariodepe.com.br\\\/cri\\\/2025\\\/08\\\/26\\\/documentario-o-guardiao-do-patrimonio-e-exibido-nos-paises-membros-da-ocs\\\/#breadcrumb\"},\"inLanguage\":\"pt-BR\",\"potentialAction\":[{\"@type\":\"ReadAction\",\"target\":[\"https:\\\/\\\/diariodepe.com.br\\\/cri\\\/2025\\\/08\\\/26\\\/documentario-o-guardiao-do-patrimonio-e-exibido-nos-paises-membros-da-ocs\\\/\"]}]},{\"@type\":\"ImageObject\",\"inLanguage\":\"pt-BR\",\"@id\":\"https:\\\/\\\/diariodepe.com.br\\\/cri\\\/2025\\\/08\\\/26\\\/documentario-o-guardiao-do-patrimonio-e-exibido-nos-paises-membros-da-ocs\\\/#primaryimage\",\"url\":\"https:\\\/\\\/38picres.cgtn.com\\\/photoAlbum\\\/page\\\/performance\\\/img\\\/2025\\\/8\\\/25\\\/1756112739755_858.jpg\",\"contentUrl\":\"https:\\\/\\\/38picres.cgtn.com\\\/photoAlbum\\\/page\\\/performance\\\/img\\\/2025\\\/8\\\/25\\\/1756112739755_858.jpg\"},{\"@type\":\"BreadcrumbList\",\"@id\":\"https:\\\/\\\/diariodepe.com.br\\\/cri\\\/2025\\\/08\\\/26\\\/documentario-o-guardiao-do-patrimonio-e-exibido-nos-paises-membros-da-ocs\\\/#breadcrumb\",\"itemListElement\":[{\"@type\":\"ListItem\",\"position\":1,\"name\":\"In\u00edcio\",\"item\":\"https:\\\/\\\/diariodepe.com.br\\\/cri\\\/\"},{\"@type\":\"ListItem\",\"position\":2,\"name\":\"Document\u00e1rio \u201cO Guardi\u00e3o do Patrim\u00f4nio\u201d \u00e9 exibido nos pa\u00edses-membros da OCS\"}]},{\"@type\":\"WebSite\",\"@id\":\"https:\\\/\\\/diariodepe.com.br\\\/cri\\\/#website\",\"url\":\"https:\\\/\\\/diariodepe.com.br\\\/cri\\\/\",\"name\":\"CRI e Diario de Pernambuco\",\"description\":\"R\u00e1dio Internacional da China\",\"publisher\":{\"@id\":\"https:\\\/\\\/diariodepe.com.br\\\/cri\\\/#organization\"},\"potentialAction\":[{\"@type\":\"SearchAction\",\"target\":{\"@type\":\"EntryPoint\",\"urlTemplate\":\"https:\\\/\\\/diariodepe.com.br\\\/cri\\\/?s={search_term_string}\"},\"query-input\":{\"@type\":\"PropertyValueSpecification\",\"valueRequired\":true,\"valueName\":\"search_term_string\"}}],\"inLanguage\":\"pt-BR\"},{\"@type\":\"Organization\",\"@id\":\"https:\\\/\\\/diariodepe.com.br\\\/cri\\\/#organization\",\"name\":\"CRI e Diario de Pernambuco\",\"url\":\"https:\\\/\\\/diariodepe.com.br\\\/cri\\\/\",\"logo\":{\"@type\":\"ImageObject\",\"inLanguage\":\"pt-BR\",\"@id\":\"https:\\\/\\\/diariodepe.com.br\\\/cri\\\/#\\\/schema\\\/logo\\\/image\\\/\",\"url\":\"https:\\\/\\\/diariodepe.com.br\\\/cri\\\/wp-content\\\/uploads\\\/sites\\\/2\\\/2022\\\/12\\\/cropped-Logo.jpg\",\"contentUrl\":\"https:\\\/\\\/diariodepe.com.br\\\/cri\\\/wp-content\\\/uploads\\\/sites\\\/2\\\/2022\\\/12\\\/cropped-Logo.jpg\",\"width\":700,\"height\":59,\"caption\":\"CRI e Diario de Pernambuco\"},\"image\":{\"@id\":\"https:\\\/\\\/diariodepe.com.br\\\/cri\\\/#\\\/schema\\\/logo\\\/image\\\/\"}},{\"@type\":\"Person\",\"@id\":\"https:\\\/\\\/diariodepe.com.br\\\/cri\\\/#\\\/schema\\\/person\\\/121bb28d84f1a5b1205ef4ce9c2e0c6b\",\"name\":\"Ismael Lucas S. Pereira\",\"image\":{\"@type\":\"ImageObject\",\"inLanguage\":\"pt-BR\",\"@id\":\"https:\\\/\\\/secure.gravatar.com\\\/avatar\\\/887a0f3b5a7ceea963a48499fb883ffce6b5037362def025c52c2505b15d63e4?s=96&d=mm&r=g\",\"url\":\"https:\\\/\\\/secure.gravatar.com\\\/avatar\\\/887a0f3b5a7ceea963a48499fb883ffce6b5037362def025c52c2505b15d63e4?s=96&d=mm&r=g\",\"contentUrl\":\"https:\\\/\\\/secure.gravatar.com\\\/avatar\\\/887a0f3b5a7ceea963a48499fb883ffce6b5037362def025c52c2505b15d63e4?s=96&d=mm&r=g\",\"caption\":\"Ismael Lucas S. Pereira\"},\"url\":\"https:\\\/\\\/diariodepe.com.br\\\/cri\\\/author\\\/ismael-lucas\\\/\"}]}<\/script>\n<!-- \/ Yoast SEO plugin. -->","yoast_head_json":{"title":"Document\u00e1rio \u201cO Guardi\u00e3o do Patrim\u00f4nio\u201d \u00e9 exibido nos pa\u00edses-membros da OCS - CRI e Diario de Pernambuco","robots":{"index":"index","follow":"follow","max-snippet":"max-snippet:-1","max-image-preview":"max-image-preview:large","max-video-preview":"max-video-preview:-1"},"canonical":"https:\/\/diariodepe.com.br\/cri\/2025\/08\/26\/documentario-o-guardiao-do-patrimonio-e-exibido-nos-paises-membros-da-ocs\/","og_locale":"pt_BR","og_type":"article","og_title":"Document\u00e1rio \u201cO Guardi\u00e3o do Patrim\u00f4nio\u201d \u00e9 exibido nos pa\u00edses-membros da OCS - CRI e Diario de Pernambuco","og_description":"A cerim\u00f4nia de lan\u00e7amento do document\u00e1rio\u00a0O\u00a0Guardi\u00e3o\u00a0do Patrim\u00f4nio\u00a0nos pa\u00edses da C\u00fapula da Organiza\u00e7\u00e3o de Coopera\u00e7\u00e3o de Shanghai (OCS) foi realizada nesta segunda-feira (25) em Beijing.\u00a0Produzido pelo Grupo de M\u00eddia da China (CMG), o document\u00e1rio\u00a0ser\u00e1 exibido nos principais ve\u00edculos de comunica\u00e7\u00e3o dos...","og_url":"https:\/\/diariodepe.com.br\/cri\/2025\/08\/26\/documentario-o-guardiao-do-patrimonio-e-exibido-nos-paises-membros-da-ocs\/","og_site_name":"CRI e Diario de Pernambuco","article_published_time":"2025-08-26T09:30:34+00:00","og_image":[{"url":"https:\/\/38picres.cgtn.com\/photoAlbum\/page\/performance\/img\/2025\/8\/25\/1756112739755_858.jpg","type":"","width":"","height":""}],"author":"Ismael Lucas S. Pereira","twitter_card":"summary_large_image","twitter_misc":{"Escrito por":"Ismael Lucas S. Pereira"},"schema":{"@context":"https:\/\/schema.org","@graph":[{"@type":"Article","@id":"https:\/\/diariodepe.com.br\/cri\/2025\/08\/26\/documentario-o-guardiao-do-patrimonio-e-exibido-nos-paises-membros-da-ocs\/#article","isPartOf":{"@id":"https:\/\/diariodepe.com.br\/cri\/2025\/08\/26\/documentario-o-guardiao-do-patrimonio-e-exibido-nos-paises-membros-da-ocs\/"},"author":{"name":"Ismael Lucas S. Pereira","@id":"https:\/\/diariodepe.com.br\/cri\/#\/schema\/person\/121bb28d84f1a5b1205ef4ce9c2e0c6b"},"headline":"Document\u00e1rio \u201cO Guardi\u00e3o do Patrim\u00f4nio\u201d \u00e9 exibido nos pa\u00edses-membros da OCS","datePublished":"2025-08-26T09:30:34+00:00","mainEntityOfPage":{"@id":"https:\/\/diariodepe.com.br\/cri\/2025\/08\/26\/documentario-o-guardiao-do-patrimonio-e-exibido-nos-paises-membros-da-ocs\/"},"wordCount":361,"commentCount":0,"publisher":{"@id":"https:\/\/diariodepe.com.br\/cri\/#organization"},"image":{"@id":"https:\/\/diariodepe.com.br\/cri\/2025\/08\/26\/documentario-o-guardiao-do-patrimonio-e-exibido-nos-paises-membros-da-ocs\/#primaryimage"},"thumbnailUrl":"https:\/\/38picres.cgtn.com\/photoAlbum\/page\/performance\/img\/2025\/8\/25\/1756112739755_858.jpg","articleSection":["China"],"inLanguage":"pt-BR","potentialAction":[{"@type":"CommentAction","name":"Comment","target":["https:\/\/diariodepe.com.br\/cri\/2025\/08\/26\/documentario-o-guardiao-do-patrimonio-e-exibido-nos-paises-membros-da-ocs\/#respond"]}]},{"@type":"WebPage","@id":"https:\/\/diariodepe.com.br\/cri\/2025\/08\/26\/documentario-o-guardiao-do-patrimonio-e-exibido-nos-paises-membros-da-ocs\/","url":"https:\/\/diariodepe.com.br\/cri\/2025\/08\/26\/documentario-o-guardiao-do-patrimonio-e-exibido-nos-paises-membros-da-ocs\/","name":"Document\u00e1rio \u201cO Guardi\u00e3o do Patrim\u00f4nio\u201d \u00e9 exibido nos pa\u00edses-membros da OCS - CRI e Diario de Pernambuco","isPartOf":{"@id":"https:\/\/diariodepe.com.br\/cri\/#website"},"primaryImageOfPage":{"@id":"https:\/\/diariodepe.com.br\/cri\/2025\/08\/26\/documentario-o-guardiao-do-patrimonio-e-exibido-nos-paises-membros-da-ocs\/#primaryimage"},"image":{"@id":"https:\/\/diariodepe.com.br\/cri\/2025\/08\/26\/documentario-o-guardiao-do-patrimonio-e-exibido-nos-paises-membros-da-ocs\/#primaryimage"},"thumbnailUrl":"https:\/\/38picres.cgtn.com\/photoAlbum\/page\/performance\/img\/2025\/8\/25\/1756112739755_858.jpg","datePublished":"2025-08-26T09:30:34+00:00","breadcrumb":{"@id":"https:\/\/diariodepe.com.br\/cri\/2025\/08\/26\/documentario-o-guardiao-do-patrimonio-e-exibido-nos-paises-membros-da-ocs\/#breadcrumb"},"inLanguage":"pt-BR","potentialAction":[{"@type":"ReadAction","target":["https:\/\/diariodepe.com.br\/cri\/2025\/08\/26\/documentario-o-guardiao-do-patrimonio-e-exibido-nos-paises-membros-da-ocs\/"]}]},{"@type":"ImageObject","inLanguage":"pt-BR","@id":"https:\/\/diariodepe.com.br\/cri\/2025\/08\/26\/documentario-o-guardiao-do-patrimonio-e-exibido-nos-paises-membros-da-ocs\/#primaryimage","url":"https:\/\/38picres.cgtn.com\/photoAlbum\/page\/performance\/img\/2025\/8\/25\/1756112739755_858.jpg","contentUrl":"https:\/\/38picres.cgtn.com\/photoAlbum\/page\/performance\/img\/2025\/8\/25\/1756112739755_858.jpg"},{"@type":"BreadcrumbList","@id":"https:\/\/diariodepe.com.br\/cri\/2025\/08\/26\/documentario-o-guardiao-do-patrimonio-e-exibido-nos-paises-membros-da-ocs\/#breadcrumb","itemListElement":[{"@type":"ListItem","position":1,"name":"In\u00edcio","item":"https:\/\/diariodepe.com.br\/cri\/"},{"@type":"ListItem","position":2,"name":"Document\u00e1rio \u201cO Guardi\u00e3o do Patrim\u00f4nio\u201d \u00e9 exibido nos pa\u00edses-membros da OCS"}]},{"@type":"WebSite","@id":"https:\/\/diariodepe.com.br\/cri\/#website","url":"https:\/\/diariodepe.com.br\/cri\/","name":"CRI e Diario de Pernambuco","description":"R\u00e1dio Internacional da China","publisher":{"@id":"https:\/\/diariodepe.com.br\/cri\/#organization"},"potentialAction":[{"@type":"SearchAction","target":{"@type":"EntryPoint","urlTemplate":"https:\/\/diariodepe.com.br\/cri\/?s={search_term_string}"},"query-input":{"@type":"PropertyValueSpecification","valueRequired":true,"valueName":"search_term_string"}}],"inLanguage":"pt-BR"},{"@type":"Organization","@id":"https:\/\/diariodepe.com.br\/cri\/#organization","name":"CRI e Diario de Pernambuco","url":"https:\/\/diariodepe.com.br\/cri\/","logo":{"@type":"ImageObject","inLanguage":"pt-BR","@id":"https:\/\/diariodepe.com.br\/cri\/#\/schema\/logo\/image\/","url":"https:\/\/diariodepe.com.br\/cri\/wp-content\/uploads\/sites\/2\/2022\/12\/cropped-Logo.jpg","contentUrl":"https:\/\/diariodepe.com.br\/cri\/wp-content\/uploads\/sites\/2\/2022\/12\/cropped-Logo.jpg","width":700,"height":59,"caption":"CRI e Diario de Pernambuco"},"image":{"@id":"https:\/\/diariodepe.com.br\/cri\/#\/schema\/logo\/image\/"}},{"@type":"Person","@id":"https:\/\/diariodepe.com.br\/cri\/#\/schema\/person\/121bb28d84f1a5b1205ef4ce9c2e0c6b","name":"Ismael Lucas S. Pereira","image":{"@type":"ImageObject","inLanguage":"pt-BR","@id":"https:\/\/secure.gravatar.com\/avatar\/887a0f3b5a7ceea963a48499fb883ffce6b5037362def025c52c2505b15d63e4?s=96&d=mm&r=g","url":"https:\/\/secure.gravatar.com\/avatar\/887a0f3b5a7ceea963a48499fb883ffce6b5037362def025c52c2505b15d63e4?s=96&d=mm&r=g","contentUrl":"https:\/\/secure.gravatar.com\/avatar\/887a0f3b5a7ceea963a48499fb883ffce6b5037362def025c52c2505b15d63e4?s=96&d=mm&r=g","caption":"Ismael Lucas S. Pereira"},"url":"https:\/\/diariodepe.com.br\/cri\/author\/ismael-lucas\/"}]}},"cc_featured_image_caption":{"caption_text":false,"source_text":false,"source_url":false},"amp_enabled":true,"_links":{"self":[{"href":"https:\/\/diariodepe.com.br\/cri\/wp-json\/wp\/v2\/posts\/9164","targetHints":{"allow":["GET"]}}],"collection":[{"href":"https:\/\/diariodepe.com.br\/cri\/wp-json\/wp\/v2\/posts"}],"about":[{"href":"https:\/\/diariodepe.com.br\/cri\/wp-json\/wp\/v2\/types\/post"}],"author":[{"embeddable":true,"href":"https:\/\/diariodepe.com.br\/cri\/wp-json\/wp\/v2\/users\/2"}],"replies":[{"embeddable":true,"href":"https:\/\/diariodepe.com.br\/cri\/wp-json\/wp\/v2\/comments?post=9164"}],"version-history":[{"count":1,"href":"https:\/\/diariodepe.com.br\/cri\/wp-json\/wp\/v2\/posts\/9164\/revisions"}],"predecessor-version":[{"id":9165,"href":"https:\/\/diariodepe.com.br\/cri\/wp-json\/wp\/v2\/posts\/9164\/revisions\/9165"}],"wp:attachment":[{"href":"https:\/\/diariodepe.com.br\/cri\/wp-json\/wp\/v2\/media?parent=9164"}],"wp:term":[{"taxonomy":"category","embeddable":true,"href":"https:\/\/diariodepe.com.br\/cri\/wp-json\/wp\/v2\/categories?post=9164"},{"taxonomy":"post_tag","embeddable":true,"href":"https:\/\/diariodepe.com.br\/cri\/wp-json\/wp\/v2\/tags?post=9164"}],"curies":[{"name":"wp","href":"https:\/\/api.w.org\/{rel}","templated":true}]}}