{"id":9162,"date":"2025-08-25T06:56:35","date_gmt":"2025-08-25T09:56:35","guid":{"rendered":"https:\/\/diariodepe.com.br\/cri\/?p=9162"},"modified":"2025-08-25T06:56:35","modified_gmt":"2025-08-25T09:56:35","slug":"a-china-e-seu-partido-comunista-a-verdadeira-historia-da-segunda-guerra-mundial-e-a-falencia-moral-do-ocidente","status":"publish","type":"post","link":"https:\/\/diariodepe.com.br\/cri\/2025\/08\/25\/a-china-e-seu-partido-comunista-a-verdadeira-historia-da-segunda-guerra-mundial-e-a-falencia-moral-do-ocidente\/","title":{"rendered":"A China e seu Partido Comunista: a verdadeira hist\u00f3ria da Segunda Guerra Mundial e a fal\u00eancia moral do Ocidente"},"content":{"rendered":"<p><img decoding=\"async\" src=\"https:\/\/38picres.cgtn.com\/photoAlbum\/page\/performance\/img\/2025\/8\/25\/1756103613014_312.jpg\" \/><\/p>\n<p align=\"justify\"><em>Por Elias Jabbour, professor associado da Faculdade de Ci\u00eancias Econ\u00f4micas da Universidade do Estado do Rio de Janeiro (FCE-UERJ)<\/em><\/p>\n<p align=\"justify\">Vivemos uma \u00e9poca marcada por regress\u00f5es em v\u00e1rios campos. Na pol\u00edtica, a ascens\u00e3o da extrema-direita, a tentativa de construir um \u201cmundo sem lei\u201d por parte dos Estados Unidos e o genoc\u00eddio em Gaza demonstram a fal\u00eancia moral do Ocidente. Esta fal\u00eancia moral fica evidenciada no total apoio do chamado \u201cOcidente coletivo\u201d ao genoc\u00eddio perpetrado por Israel na mesma \u00e9poca hist\u00f3rica em que seus l\u00edderes se negaram a ir \u00e0 comemora\u00e7\u00e3o dos 80 anos da vit\u00f3ria na Segunda Guerra Mundial ocorrida em Moscou. Falsificam a hist\u00f3ria. Negam a verdadeira hist\u00f3ria ao mundo apagando que a Uni\u00e3o Sovi\u00e9tica e a China foram os pa\u00edses com maiores sacrif\u00edcios pagos naquela guerra.<\/p>\n<p align=\"justify\">A hist\u00f3ria n\u00e3o pode ser apagada. Em resumo, a China desempenhou um papel significativo, mas frequentemente negligenciado, na Segunda Guerra Mundial. A China \u00a0foi o primeiro pa\u00eds a entrar em guerra com o Jap\u00e3o, e sua resist\u00eancia manteve uma grande parte do ex\u00e9rcito japon\u00eas ocupada\u00a0durante toda a guerra. Isso impactou significativamente a capacidade do Jap\u00e3o de projetar poder em outras regi\u00f5es, particularmente no teatro de opera\u00e7\u00f5es do Pac\u00edfico, e auxiliou o esfor\u00e7o de guerra dos Aliados. A China foi reconhecida como uma das \u201cQuatro Grandes\u201d pot\u00eancias aliadas e membro fundador das Na\u00e7\u00f5es Unidas.<\/p>\n<p align=\"justify\">N\u00e3o somente isso, pois a invas\u00e3o na regi\u00e3o nordeste da China em 1931 pelo Jap\u00e3o foi o prel\u00fadio da pr\u00f3pria Segunda Guerra Mundial e onde uma s\u00e9rie de experimentos que seriam consolidados com a m\u00e1quina de guerra nazista seriam testados. Soma-se, entre mortos e feridos chineses, cerca de 35 milh\u00f5es de pessoas. Uma cat\u00e1strofe se abateu sobre o povo chin\u00eas, incluindo a escravid\u00e3o de crian\u00e7as, estupros coletivos de mulheres, utiliza\u00e7\u00e3o de armas qu\u00edmicas e guerra bacteriol\u00f3gica antes mesmo de Auschwitz e a solu\u00e7\u00e3o final alem\u00e3 contra o povo judeu. O massacre de Nanjing foi um dos epis\u00f3dios mais horrorosos impetrados pelo ser humano contra o pr\u00f3prio ser humano com o assassinato de 300 mil pessoas em apenas alguns dias.<\/p>\n<p align=\"justify\">Abrindo par\u00eantese, podemos chamar as grandes guerras mundiais, notadamente a Primeira e a Segunda, mas tamb\u00e9m as demais guerras de pilhagem contra os pa\u00edses pobres como prel\u00fadios da fal\u00eancia moral do Ocidente que assistimos hoje. Este mesmo Ocidente que apaga a verdadeira hist\u00f3ria da Segunda Guerra Mundial, negando inclusive a admira\u00e7\u00e3o que muitos l\u00edderes de pot\u00eancias coloniais por Hitler, hoje submete o mundo a conflitos militares e econ\u00f4micos, empobrecem ainda mais pa\u00edses vulner\u00e1veis ao mesmo tempo que se mostram incapazes de entregar uma vida melhor \u00e0s suas pr\u00f3prias popula\u00e7\u00f5es. Como a Alemanha e o Jap\u00e3o tentaram submeter o mundo aos seus desejos na Segunda Guerra Mundial, hoje os Estados Unidos tamb\u00e9m tentam impor ao mundo uma ordem baseada em guerras convencionais e econ\u00f4micas, exportam e inspiram seitas de extrema-direita mundo afora mostrando que mesmo ap\u00f3s a derrota dos nazistas na Segunda Guerra Mundial o fascismo continua mais vivo do que nunca.<\/p>\n<p align=\"justify\">Por outro lado, a China liderada pelo Partido Comunista da China continua a mostrar que a humanidade, como na Segunda Guerra Mundial, pode vencer. O mesmo Partido Comunista da China (PCCh) que hoje comanda o maior processo de emancipa\u00e7\u00e3o humana da hist\u00f3ria teve um papel central na vit\u00f3ria do povo chin\u00eas na guerra contra a agress\u00e3o impetrada pelo Jap\u00e3o. Se atualmente o PCCh entrega ao mundo uma China que deseja a paz e a independ\u00eancia de todos os povos em um mundo baseado na justi\u00e7a, na Segunda Guerra Mundial foi a principal for\u00e7a ativa na China contra a ocupa\u00e7\u00e3o japonesa. Combinando t\u00e1ticas modernas de guerrilha \u2013 que desgastaram o inimigo em todas as frentes \u2013 e amplitude pol\u00edtica ao prop\u00f4r ao Kuomintang e as demais for\u00e7as pol\u00edticas do pa\u00eds unidade contra o inimigo externo, o PCCh ganhou os cora\u00e7\u00f5es e mentes do povo chin\u00eas, transformando-se no verdadeiro \u201cPartido da Na\u00e7\u00e3o Chinesa\u201d.<\/p>\n<p align=\"justify\">\u00c0 \u00e9poca da invas\u00e3o japonesa a China ainda vivia a \u00e9poca do \u201cs\u00e9culo das humilha\u00e7\u00f5es\u201d. O surgimento do PCCh na cena pol\u00edtica do pa\u00eds no in\u00edcio da d\u00e9cada de 1920 do s\u00e9culo passado marcou um ponto de viragem nesta situa\u00e7\u00e3o. A derrota do inimigo fascista e militarista japon\u00eas e o grande papel do Partido Comunista da China de unir o povo s\u00e3o p\u00e1ginas que a hist\u00f3ria nunca poder\u00e1 apagar. Segundo Xi Jinping em discurso ao dia da vit\u00f3ria em 2015:<\/p>\n<p align=\"justify\">\u201cA vit\u00f3ria na Guerra de Resist\u00eancia do Povo Chin\u00eas contra a Agress\u00e3o Japonesa foi a primeira vit\u00f3ria total que o povo chin\u00eas conquis- tou nas suas lutas contra as agress\u00f5es estrangeiras desde os tempos modernos. Esta grande vit\u00f3ria frustrou definitivamente o compl\u00f4 do militarismo japon\u00eas para colonizar e escravizar a China, lavando a humilha\u00e7\u00e3o nacional dos fracassos cont\u00ednuos nos combates contra os agressores estrangeiros desde tempos modernos. Esta grande vit\u00f3- ria restabeleceu a posi\u00e7\u00e3o da China como um grande pa\u00eds no cen\u00e1rio internacional, permitindo ao povo chin\u00eas obter o respeito dos povos amantes da paz em todo o mundo. Esta transcendental vit\u00f3ria representou o renascimento da China, abriu as perspectivas brilhantes para a grande revitaliza\u00e7\u00e3o da na\u00e7\u00e3o chinesa, e deu in\u00edcio a uma nova jornada do pa\u00eds milenar.\u201d<\/p>\n<p align=\"justify\">Na verdade, a hist\u00f3ria se repete com a mesma for\u00e7a pol\u00edtica que jogou papel fundamental na vit\u00f3ria da humanidade na Segunda Guerra Mundial ser o partido pol\u00edtico que dirige a China no rumo da constru\u00e7\u00e3o do \u201csocialismo com caracter\u00edsticas chinesas\u201d, entregando dignidade ao seu povo e apontando a toda os povos do mundo que estamos longe do fim da Hist\u00f3ria. Liderar o povo chin\u00eas contra a ocupa\u00e7\u00e3o japonesa e hoje, construindo um pa\u00eds socialista rico, pr\u00f3spero e digno demonstram que o mundo pode ser um lugar muito melhor para se viver. Mais uma luta pela humanidade estamos a travar em nossa \u00e9poca!<\/p>\n","protected":false},"excerpt":{"rendered":"<p>Por Elias Jabbour, professor associado da Faculdade de Ci\u00eancias Econ\u00f4micas da Universidade do Estado do Rio de Janeiro (FCE-UERJ) Vivemos uma \u00e9poca marcada por regress\u00f5es em v\u00e1rios campos. Na pol\u00edtica, a ascens\u00e3o da extrema-direita, a tentativa de construir um \u201cmundo&#8230;<\/p>\n","protected":false},"author":2,"featured_media":0,"comment_status":"open","ping_status":"open","sticky":false,"template":"","format":"standard","meta":{"footnotes":""},"categories":[7],"tags":[],"class_list":["post-9162","post","type-post","status-publish","format-standard","hentry","category-visao"],"yoast_head":"<!-- This site is optimized with the Yoast SEO plugin v27.4 - https:\/\/yoast.com\/product\/yoast-seo-wordpress\/ -->\n<title>A China e seu Partido Comunista: a verdadeira hist\u00f3ria da Segunda Guerra Mundial e a fal\u00eancia moral do Ocidente - CRI e Diario de Pernambuco<\/title>\n<meta name=\"robots\" content=\"index, follow, max-snippet:-1, max-image-preview:large, max-video-preview:-1\" \/>\n<link rel=\"canonical\" href=\"https:\/\/diariodepe.com.br\/cri\/2025\/08\/25\/a-china-e-seu-partido-comunista-a-verdadeira-historia-da-segunda-guerra-mundial-e-a-falencia-moral-do-ocidente\/\" \/>\n<meta property=\"og:locale\" content=\"pt_BR\" \/>\n<meta property=\"og:type\" content=\"article\" \/>\n<meta property=\"og:title\" content=\"A China e seu Partido Comunista: a verdadeira hist\u00f3ria da Segunda Guerra Mundial e a fal\u00eancia moral do Ocidente - CRI e Diario de Pernambuco\" \/>\n<meta property=\"og:description\" content=\"Por Elias Jabbour, professor associado da Faculdade de Ci\u00eancias Econ\u00f4micas da Universidade do Estado do Rio de Janeiro (FCE-UERJ) Vivemos uma \u00e9poca marcada por regress\u00f5es em v\u00e1rios campos. Na pol\u00edtica, a ascens\u00e3o da extrema-direita, a tentativa de construir um \u201cmundo...\" \/>\n<meta property=\"og:url\" content=\"https:\/\/diariodepe.com.br\/cri\/2025\/08\/25\/a-china-e-seu-partido-comunista-a-verdadeira-historia-da-segunda-guerra-mundial-e-a-falencia-moral-do-ocidente\/\" \/>\n<meta property=\"og:site_name\" content=\"CRI e Diario de Pernambuco\" \/>\n<meta property=\"article:published_time\" content=\"2025-08-25T09:56:35+00:00\" \/>\n<meta property=\"og:image\" content=\"https:\/\/38picres.cgtn.com\/photoAlbum\/page\/performance\/img\/2025\/8\/25\/1756103613014_312.jpg\" \/>\n<meta name=\"author\" content=\"Ismael Lucas S. Pereira\" \/>\n<meta name=\"twitter:card\" content=\"summary_large_image\" \/>\n<meta name=\"twitter:label1\" content=\"Escrito por\" \/>\n\t<meta name=\"twitter:data1\" content=\"Ismael Lucas S. Pereira\" \/>\n\t<meta name=\"twitter:label2\" content=\"Est. tempo de leitura\" \/>\n\t<meta name=\"twitter:data2\" content=\"6 minutos\" \/>\n<script type=\"application\/ld+json\" class=\"yoast-schema-graph\">{\"@context\":\"https:\\\/\\\/schema.org\",\"@graph\":[{\"@type\":\"Article\",\"@id\":\"https:\\\/\\\/diariodepe.com.br\\\/cri\\\/2025\\\/08\\\/25\\\/a-china-e-seu-partido-comunista-a-verdadeira-historia-da-segunda-guerra-mundial-e-a-falencia-moral-do-ocidente\\\/#article\",\"isPartOf\":{\"@id\":\"https:\\\/\\\/diariodepe.com.br\\\/cri\\\/2025\\\/08\\\/25\\\/a-china-e-seu-partido-comunista-a-verdadeira-historia-da-segunda-guerra-mundial-e-a-falencia-moral-do-ocidente\\\/\"},\"author\":{\"name\":\"Ismael Lucas S. Pereira\",\"@id\":\"https:\\\/\\\/diariodepe.com.br\\\/cri\\\/#\\\/schema\\\/person\\\/121bb28d84f1a5b1205ef4ce9c2e0c6b\"},\"headline\":\"A China e seu Partido Comunista: a verdadeira hist\u00f3ria da Segunda Guerra Mundial e a fal\u00eancia moral do Ocidente\",\"datePublished\":\"2025-08-25T09:56:35+00:00\",\"mainEntityOfPage\":{\"@id\":\"https:\\\/\\\/diariodepe.com.br\\\/cri\\\/2025\\\/08\\\/25\\\/a-china-e-seu-partido-comunista-a-verdadeira-historia-da-segunda-guerra-mundial-e-a-falencia-moral-do-ocidente\\\/\"},\"wordCount\":1100,\"commentCount\":0,\"publisher\":{\"@id\":\"https:\\\/\\\/diariodepe.com.br\\\/cri\\\/#organization\"},\"image\":{\"@id\":\"https:\\\/\\\/diariodepe.com.br\\\/cri\\\/2025\\\/08\\\/25\\\/a-china-e-seu-partido-comunista-a-verdadeira-historia-da-segunda-guerra-mundial-e-a-falencia-moral-do-ocidente\\\/#primaryimage\"},\"thumbnailUrl\":\"https:\\\/\\\/38picres.cgtn.com\\\/photoAlbum\\\/page\\\/performance\\\/img\\\/2025\\\/8\\\/25\\\/1756103613014_312.jpg\",\"articleSection\":[\"Vis\u00e3o\"],\"inLanguage\":\"pt-BR\",\"potentialAction\":[{\"@type\":\"CommentAction\",\"name\":\"Comment\",\"target\":[\"https:\\\/\\\/diariodepe.com.br\\\/cri\\\/2025\\\/08\\\/25\\\/a-china-e-seu-partido-comunista-a-verdadeira-historia-da-segunda-guerra-mundial-e-a-falencia-moral-do-ocidente\\\/#respond\"]}]},{\"@type\":\"WebPage\",\"@id\":\"https:\\\/\\\/diariodepe.com.br\\\/cri\\\/2025\\\/08\\\/25\\\/a-china-e-seu-partido-comunista-a-verdadeira-historia-da-segunda-guerra-mundial-e-a-falencia-moral-do-ocidente\\\/\",\"url\":\"https:\\\/\\\/diariodepe.com.br\\\/cri\\\/2025\\\/08\\\/25\\\/a-china-e-seu-partido-comunista-a-verdadeira-historia-da-segunda-guerra-mundial-e-a-falencia-moral-do-ocidente\\\/\",\"name\":\"A China e seu Partido Comunista: a verdadeira hist\u00f3ria da Segunda Guerra Mundial e a fal\u00eancia moral do Ocidente - CRI e Diario de Pernambuco\",\"isPartOf\":{\"@id\":\"https:\\\/\\\/diariodepe.com.br\\\/cri\\\/#website\"},\"primaryImageOfPage\":{\"@id\":\"https:\\\/\\\/diariodepe.com.br\\\/cri\\\/2025\\\/08\\\/25\\\/a-china-e-seu-partido-comunista-a-verdadeira-historia-da-segunda-guerra-mundial-e-a-falencia-moral-do-ocidente\\\/#primaryimage\"},\"image\":{\"@id\":\"https:\\\/\\\/diariodepe.com.br\\\/cri\\\/2025\\\/08\\\/25\\\/a-china-e-seu-partido-comunista-a-verdadeira-historia-da-segunda-guerra-mundial-e-a-falencia-moral-do-ocidente\\\/#primaryimage\"},\"thumbnailUrl\":\"https:\\\/\\\/38picres.cgtn.com\\\/photoAlbum\\\/page\\\/performance\\\/img\\\/2025\\\/8\\\/25\\\/1756103613014_312.jpg\",\"datePublished\":\"2025-08-25T09:56:35+00:00\",\"breadcrumb\":{\"@id\":\"https:\\\/\\\/diariodepe.com.br\\\/cri\\\/2025\\\/08\\\/25\\\/a-china-e-seu-partido-comunista-a-verdadeira-historia-da-segunda-guerra-mundial-e-a-falencia-moral-do-ocidente\\\/#breadcrumb\"},\"inLanguage\":\"pt-BR\",\"potentialAction\":[{\"@type\":\"ReadAction\",\"target\":[\"https:\\\/\\\/diariodepe.com.br\\\/cri\\\/2025\\\/08\\\/25\\\/a-china-e-seu-partido-comunista-a-verdadeira-historia-da-segunda-guerra-mundial-e-a-falencia-moral-do-ocidente\\\/\"]}]},{\"@type\":\"ImageObject\",\"inLanguage\":\"pt-BR\",\"@id\":\"https:\\\/\\\/diariodepe.com.br\\\/cri\\\/2025\\\/08\\\/25\\\/a-china-e-seu-partido-comunista-a-verdadeira-historia-da-segunda-guerra-mundial-e-a-falencia-moral-do-ocidente\\\/#primaryimage\",\"url\":\"https:\\\/\\\/38picres.cgtn.com\\\/photoAlbum\\\/page\\\/performance\\\/img\\\/2025\\\/8\\\/25\\\/1756103613014_312.jpg\",\"contentUrl\":\"https:\\\/\\\/38picres.cgtn.com\\\/photoAlbum\\\/page\\\/performance\\\/img\\\/2025\\\/8\\\/25\\\/1756103613014_312.jpg\"},{\"@type\":\"BreadcrumbList\",\"@id\":\"https:\\\/\\\/diariodepe.com.br\\\/cri\\\/2025\\\/08\\\/25\\\/a-china-e-seu-partido-comunista-a-verdadeira-historia-da-segunda-guerra-mundial-e-a-falencia-moral-do-ocidente\\\/#breadcrumb\",\"itemListElement\":[{\"@type\":\"ListItem\",\"position\":1,\"name\":\"In\u00edcio\",\"item\":\"https:\\\/\\\/diariodepe.com.br\\\/cri\\\/\"},{\"@type\":\"ListItem\",\"position\":2,\"name\":\"A China e seu Partido Comunista: a verdadeira hist\u00f3ria da Segunda Guerra Mundial e a fal\u00eancia moral do Ocidente\"}]},{\"@type\":\"WebSite\",\"@id\":\"https:\\\/\\\/diariodepe.com.br\\\/cri\\\/#website\",\"url\":\"https:\\\/\\\/diariodepe.com.br\\\/cri\\\/\",\"name\":\"CRI e Diario de Pernambuco\",\"description\":\"R\u00e1dio Internacional da China\",\"publisher\":{\"@id\":\"https:\\\/\\\/diariodepe.com.br\\\/cri\\\/#organization\"},\"potentialAction\":[{\"@type\":\"SearchAction\",\"target\":{\"@type\":\"EntryPoint\",\"urlTemplate\":\"https:\\\/\\\/diariodepe.com.br\\\/cri\\\/?s={search_term_string}\"},\"query-input\":{\"@type\":\"PropertyValueSpecification\",\"valueRequired\":true,\"valueName\":\"search_term_string\"}}],\"inLanguage\":\"pt-BR\"},{\"@type\":\"Organization\",\"@id\":\"https:\\\/\\\/diariodepe.com.br\\\/cri\\\/#organization\",\"name\":\"CRI e Diario de Pernambuco\",\"url\":\"https:\\\/\\\/diariodepe.com.br\\\/cri\\\/\",\"logo\":{\"@type\":\"ImageObject\",\"inLanguage\":\"pt-BR\",\"@id\":\"https:\\\/\\\/diariodepe.com.br\\\/cri\\\/#\\\/schema\\\/logo\\\/image\\\/\",\"url\":\"https:\\\/\\\/diariodepe.com.br\\\/cri\\\/wp-content\\\/uploads\\\/sites\\\/2\\\/2022\\\/12\\\/cropped-Logo.jpg\",\"contentUrl\":\"https:\\\/\\\/diariodepe.com.br\\\/cri\\\/wp-content\\\/uploads\\\/sites\\\/2\\\/2022\\\/12\\\/cropped-Logo.jpg\",\"width\":700,\"height\":59,\"caption\":\"CRI e Diario de Pernambuco\"},\"image\":{\"@id\":\"https:\\\/\\\/diariodepe.com.br\\\/cri\\\/#\\\/schema\\\/logo\\\/image\\\/\"}},{\"@type\":\"Person\",\"@id\":\"https:\\\/\\\/diariodepe.com.br\\\/cri\\\/#\\\/schema\\\/person\\\/121bb28d84f1a5b1205ef4ce9c2e0c6b\",\"name\":\"Ismael Lucas S. Pereira\",\"image\":{\"@type\":\"ImageObject\",\"inLanguage\":\"pt-BR\",\"@id\":\"https:\\\/\\\/secure.gravatar.com\\\/avatar\\\/887a0f3b5a7ceea963a48499fb883ffce6b5037362def025c52c2505b15d63e4?s=96&d=mm&r=g\",\"url\":\"https:\\\/\\\/secure.gravatar.com\\\/avatar\\\/887a0f3b5a7ceea963a48499fb883ffce6b5037362def025c52c2505b15d63e4?s=96&d=mm&r=g\",\"contentUrl\":\"https:\\\/\\\/secure.gravatar.com\\\/avatar\\\/887a0f3b5a7ceea963a48499fb883ffce6b5037362def025c52c2505b15d63e4?s=96&d=mm&r=g\",\"caption\":\"Ismael Lucas S. Pereira\"},\"url\":\"https:\\\/\\\/diariodepe.com.br\\\/cri\\\/author\\\/ismael-lucas\\\/\"}]}<\/script>\n<!-- \/ Yoast SEO plugin. -->","yoast_head_json":{"title":"A China e seu Partido Comunista: a verdadeira hist\u00f3ria da Segunda Guerra Mundial e a fal\u00eancia moral do Ocidente - CRI e Diario de Pernambuco","robots":{"index":"index","follow":"follow","max-snippet":"max-snippet:-1","max-image-preview":"max-image-preview:large","max-video-preview":"max-video-preview:-1"},"canonical":"https:\/\/diariodepe.com.br\/cri\/2025\/08\/25\/a-china-e-seu-partido-comunista-a-verdadeira-historia-da-segunda-guerra-mundial-e-a-falencia-moral-do-ocidente\/","og_locale":"pt_BR","og_type":"article","og_title":"A China e seu Partido Comunista: a verdadeira hist\u00f3ria da Segunda Guerra Mundial e a fal\u00eancia moral do Ocidente - CRI e Diario de Pernambuco","og_description":"Por Elias Jabbour, professor associado da Faculdade de Ci\u00eancias Econ\u00f4micas da Universidade do Estado do Rio de Janeiro (FCE-UERJ) Vivemos uma \u00e9poca marcada por regress\u00f5es em v\u00e1rios campos. Na pol\u00edtica, a ascens\u00e3o da extrema-direita, a tentativa de construir um \u201cmundo...","og_url":"https:\/\/diariodepe.com.br\/cri\/2025\/08\/25\/a-china-e-seu-partido-comunista-a-verdadeira-historia-da-segunda-guerra-mundial-e-a-falencia-moral-do-ocidente\/","og_site_name":"CRI e Diario de Pernambuco","article_published_time":"2025-08-25T09:56:35+00:00","og_image":[{"url":"https:\/\/38picres.cgtn.com\/photoAlbum\/page\/performance\/img\/2025\/8\/25\/1756103613014_312.jpg","type":"","width":"","height":""}],"author":"Ismael Lucas S. Pereira","twitter_card":"summary_large_image","twitter_misc":{"Escrito por":"Ismael Lucas S. Pereira","Est. tempo de leitura":"6 minutos"},"schema":{"@context":"https:\/\/schema.org","@graph":[{"@type":"Article","@id":"https:\/\/diariodepe.com.br\/cri\/2025\/08\/25\/a-china-e-seu-partido-comunista-a-verdadeira-historia-da-segunda-guerra-mundial-e-a-falencia-moral-do-ocidente\/#article","isPartOf":{"@id":"https:\/\/diariodepe.com.br\/cri\/2025\/08\/25\/a-china-e-seu-partido-comunista-a-verdadeira-historia-da-segunda-guerra-mundial-e-a-falencia-moral-do-ocidente\/"},"author":{"name":"Ismael Lucas S. Pereira","@id":"https:\/\/diariodepe.com.br\/cri\/#\/schema\/person\/121bb28d84f1a5b1205ef4ce9c2e0c6b"},"headline":"A China e seu Partido Comunista: a verdadeira hist\u00f3ria da Segunda Guerra Mundial e a fal\u00eancia moral do Ocidente","datePublished":"2025-08-25T09:56:35+00:00","mainEntityOfPage":{"@id":"https:\/\/diariodepe.com.br\/cri\/2025\/08\/25\/a-china-e-seu-partido-comunista-a-verdadeira-historia-da-segunda-guerra-mundial-e-a-falencia-moral-do-ocidente\/"},"wordCount":1100,"commentCount":0,"publisher":{"@id":"https:\/\/diariodepe.com.br\/cri\/#organization"},"image":{"@id":"https:\/\/diariodepe.com.br\/cri\/2025\/08\/25\/a-china-e-seu-partido-comunista-a-verdadeira-historia-da-segunda-guerra-mundial-e-a-falencia-moral-do-ocidente\/#primaryimage"},"thumbnailUrl":"https:\/\/38picres.cgtn.com\/photoAlbum\/page\/performance\/img\/2025\/8\/25\/1756103613014_312.jpg","articleSection":["Vis\u00e3o"],"inLanguage":"pt-BR","potentialAction":[{"@type":"CommentAction","name":"Comment","target":["https:\/\/diariodepe.com.br\/cri\/2025\/08\/25\/a-china-e-seu-partido-comunista-a-verdadeira-historia-da-segunda-guerra-mundial-e-a-falencia-moral-do-ocidente\/#respond"]}]},{"@type":"WebPage","@id":"https:\/\/diariodepe.com.br\/cri\/2025\/08\/25\/a-china-e-seu-partido-comunista-a-verdadeira-historia-da-segunda-guerra-mundial-e-a-falencia-moral-do-ocidente\/","url":"https:\/\/diariodepe.com.br\/cri\/2025\/08\/25\/a-china-e-seu-partido-comunista-a-verdadeira-historia-da-segunda-guerra-mundial-e-a-falencia-moral-do-ocidente\/","name":"A China e seu Partido Comunista: a verdadeira hist\u00f3ria da Segunda Guerra Mundial e a fal\u00eancia moral do Ocidente - CRI e Diario de Pernambuco","isPartOf":{"@id":"https:\/\/diariodepe.com.br\/cri\/#website"},"primaryImageOfPage":{"@id":"https:\/\/diariodepe.com.br\/cri\/2025\/08\/25\/a-china-e-seu-partido-comunista-a-verdadeira-historia-da-segunda-guerra-mundial-e-a-falencia-moral-do-ocidente\/#primaryimage"},"image":{"@id":"https:\/\/diariodepe.com.br\/cri\/2025\/08\/25\/a-china-e-seu-partido-comunista-a-verdadeira-historia-da-segunda-guerra-mundial-e-a-falencia-moral-do-ocidente\/#primaryimage"},"thumbnailUrl":"https:\/\/38picres.cgtn.com\/photoAlbum\/page\/performance\/img\/2025\/8\/25\/1756103613014_312.jpg","datePublished":"2025-08-25T09:56:35+00:00","breadcrumb":{"@id":"https:\/\/diariodepe.com.br\/cri\/2025\/08\/25\/a-china-e-seu-partido-comunista-a-verdadeira-historia-da-segunda-guerra-mundial-e-a-falencia-moral-do-ocidente\/#breadcrumb"},"inLanguage":"pt-BR","potentialAction":[{"@type":"ReadAction","target":["https:\/\/diariodepe.com.br\/cri\/2025\/08\/25\/a-china-e-seu-partido-comunista-a-verdadeira-historia-da-segunda-guerra-mundial-e-a-falencia-moral-do-ocidente\/"]}]},{"@type":"ImageObject","inLanguage":"pt-BR","@id":"https:\/\/diariodepe.com.br\/cri\/2025\/08\/25\/a-china-e-seu-partido-comunista-a-verdadeira-historia-da-segunda-guerra-mundial-e-a-falencia-moral-do-ocidente\/#primaryimage","url":"https:\/\/38picres.cgtn.com\/photoAlbum\/page\/performance\/img\/2025\/8\/25\/1756103613014_312.jpg","contentUrl":"https:\/\/38picres.cgtn.com\/photoAlbum\/page\/performance\/img\/2025\/8\/25\/1756103613014_312.jpg"},{"@type":"BreadcrumbList","@id":"https:\/\/diariodepe.com.br\/cri\/2025\/08\/25\/a-china-e-seu-partido-comunista-a-verdadeira-historia-da-segunda-guerra-mundial-e-a-falencia-moral-do-ocidente\/#breadcrumb","itemListElement":[{"@type":"ListItem","position":1,"name":"In\u00edcio","item":"https:\/\/diariodepe.com.br\/cri\/"},{"@type":"ListItem","position":2,"name":"A China e seu Partido Comunista: a verdadeira hist\u00f3ria da Segunda Guerra Mundial e a fal\u00eancia moral do Ocidente"}]},{"@type":"WebSite","@id":"https:\/\/diariodepe.com.br\/cri\/#website","url":"https:\/\/diariodepe.com.br\/cri\/","name":"CRI e Diario de Pernambuco","description":"R\u00e1dio Internacional da China","publisher":{"@id":"https:\/\/diariodepe.com.br\/cri\/#organization"},"potentialAction":[{"@type":"SearchAction","target":{"@type":"EntryPoint","urlTemplate":"https:\/\/diariodepe.com.br\/cri\/?s={search_term_string}"},"query-input":{"@type":"PropertyValueSpecification","valueRequired":true,"valueName":"search_term_string"}}],"inLanguage":"pt-BR"},{"@type":"Organization","@id":"https:\/\/diariodepe.com.br\/cri\/#organization","name":"CRI e Diario de Pernambuco","url":"https:\/\/diariodepe.com.br\/cri\/","logo":{"@type":"ImageObject","inLanguage":"pt-BR","@id":"https:\/\/diariodepe.com.br\/cri\/#\/schema\/logo\/image\/","url":"https:\/\/diariodepe.com.br\/cri\/wp-content\/uploads\/sites\/2\/2022\/12\/cropped-Logo.jpg","contentUrl":"https:\/\/diariodepe.com.br\/cri\/wp-content\/uploads\/sites\/2\/2022\/12\/cropped-Logo.jpg","width":700,"height":59,"caption":"CRI e Diario de Pernambuco"},"image":{"@id":"https:\/\/diariodepe.com.br\/cri\/#\/schema\/logo\/image\/"}},{"@type":"Person","@id":"https:\/\/diariodepe.com.br\/cri\/#\/schema\/person\/121bb28d84f1a5b1205ef4ce9c2e0c6b","name":"Ismael Lucas S. Pereira","image":{"@type":"ImageObject","inLanguage":"pt-BR","@id":"https:\/\/secure.gravatar.com\/avatar\/887a0f3b5a7ceea963a48499fb883ffce6b5037362def025c52c2505b15d63e4?s=96&d=mm&r=g","url":"https:\/\/secure.gravatar.com\/avatar\/887a0f3b5a7ceea963a48499fb883ffce6b5037362def025c52c2505b15d63e4?s=96&d=mm&r=g","contentUrl":"https:\/\/secure.gravatar.com\/avatar\/887a0f3b5a7ceea963a48499fb883ffce6b5037362def025c52c2505b15d63e4?s=96&d=mm&r=g","caption":"Ismael Lucas S. Pereira"},"url":"https:\/\/diariodepe.com.br\/cri\/author\/ismael-lucas\/"}]}},"cc_featured_image_caption":{"caption_text":false,"source_text":false,"source_url":false},"amp_enabled":true,"_links":{"self":[{"href":"https:\/\/diariodepe.com.br\/cri\/wp-json\/wp\/v2\/posts\/9162","targetHints":{"allow":["GET"]}}],"collection":[{"href":"https:\/\/diariodepe.com.br\/cri\/wp-json\/wp\/v2\/posts"}],"about":[{"href":"https:\/\/diariodepe.com.br\/cri\/wp-json\/wp\/v2\/types\/post"}],"author":[{"embeddable":true,"href":"https:\/\/diariodepe.com.br\/cri\/wp-json\/wp\/v2\/users\/2"}],"replies":[{"embeddable":true,"href":"https:\/\/diariodepe.com.br\/cri\/wp-json\/wp\/v2\/comments?post=9162"}],"version-history":[{"count":1,"href":"https:\/\/diariodepe.com.br\/cri\/wp-json\/wp\/v2\/posts\/9162\/revisions"}],"predecessor-version":[{"id":9163,"href":"https:\/\/diariodepe.com.br\/cri\/wp-json\/wp\/v2\/posts\/9162\/revisions\/9163"}],"wp:attachment":[{"href":"https:\/\/diariodepe.com.br\/cri\/wp-json\/wp\/v2\/media?parent=9162"}],"wp:term":[{"taxonomy":"category","embeddable":true,"href":"https:\/\/diariodepe.com.br\/cri\/wp-json\/wp\/v2\/categories?post=9162"},{"taxonomy":"post_tag","embeddable":true,"href":"https:\/\/diariodepe.com.br\/cri\/wp-json\/wp\/v2\/tags?post=9162"}],"curies":[{"name":"wp","href":"https:\/\/api.w.org\/{rel}","templated":true}]}}