{"id":9158,"date":"2025-08-24T22:59:54","date_gmt":"2025-08-25T01:59:54","guid":{"rendered":"https:\/\/diariodepe.com.br\/cri\/?p=9158"},"modified":"2025-08-24T22:59:54","modified_gmt":"2025-08-25T01:59:54","slug":"cmg-transmitira-eventos-dos-80-anos-da-guerra-mundial-antifascista-em-85-idiomas-184049-2025-08-24","status":"publish","type":"post","link":"https:\/\/diariodepe.com.br\/cri\/2025\/08\/24\/cmg-transmitira-eventos-dos-80-anos-da-guerra-mundial-antifascista-em-85-idiomas-184049-2025-08-24\/","title":{"rendered":"CMG transmitir\u00e1 eventos dos 80 anos da Guerra Mundial Antifascista em 85 idiomas 18:40:49 2025-08-24"},"content":{"rendered":"<div class=\"detailContent\" data-v-6a32acc9=\"\">\n<div class=\"pc\" data-v-9cf1b08a=\"\" data-v-6a32acc9=\"\">\n<div id=\"detailContent\" class=\"pc\" data-v-9cf1b08a=\"\">\n<p>O Grupo de M\u00eddia da China (CMG, sigla em ingl\u00eas) anunciou neste domingo (24) que vai transmitir em 85 idiomas a cerim\u00f4nia e o desfile militar do 80\u00ba anivers\u00e1rio da Vit\u00f3ria da Guerra de Resist\u00eancia do Povo Chin\u00eas contra a Agress\u00e3o Japonesa e da Guerra Mundial Antifascista, marcados para 3 de setembro.<\/p>\n<p>Para garantir uma difus\u00e3o maior dos eventos, o grupo decidiu adicionar \u200btr\u00eas novos idiomas\u200b: \u200birland\u00eas, \u200btok pisin\u200b e \u200bkinyarwanda\u200b.<\/p>\n<p>O \u200birland\u00eas\u200b abrange a Irlanda, a Irlanda do Norte (Reino Unido) e partes da Am\u00e9rica do Norte, com cerca de \u200b7,2 milh\u00f5es de falantes. O \u200btok pisin\u200b \u00e9 utilizado em pa\u00edses como \u200bPapua Nova Guin\u00e9, Ilhas Salom\u00e3o e Vanuatu, totalizando \u200bmais de 10 milh\u00f5es de pessoas em todo o mundo. O \u200bkinyarwanda\u200b \u00e9 falado principalmente em \u200bRuanda, Burundi, Uganda e Rep\u00fablica Democr\u00e1tica do Congo, com \u200bmais de 13 milh\u00f5es de usu\u00e1rios\u200b globalmente.<\/p>\n<p>A inclus\u00e3o dos tr\u00eas idiomas fortalecer\u00e1 a \u200bpersonaliza\u00e7\u00e3o e cobertura\u200b do CMG nas regi\u00f5es da \u200bEuropa Ocidental, do Pac\u00edfico Sul e da \u00c1frica Centro-Oriental, fazendo com que o CMG se mantenha como \u200ba m\u00eddia internacional com o maior n\u00famero de idiomas em transmiss\u00f5es pelo mundo.<\/p>\n<\/div>\n<\/div>\n<\/div>\n","protected":false},"excerpt":{"rendered":"<p>O Grupo de M\u00eddia da China (CMG, sigla em ingl\u00eas) anunciou neste domingo (24) que vai transmitir em 85 idiomas a cerim\u00f4nia e o desfile militar do 80\u00ba anivers\u00e1rio da Vit\u00f3ria da Guerra de Resist\u00eancia do Povo Chin\u00eas contra a&#8230;<\/p>\n","protected":false},"author":2,"featured_media":0,"comment_status":"open","ping_status":"open","sticky":false,"template":"","format":"standard","meta":{"footnotes":""},"categories":[3],"tags":[],"class_list":["post-9158","post","type-post","status-publish","format-standard","hentry","category-china"],"yoast_head":"<!-- This site is optimized with the Yoast SEO plugin v27.4 - https:\/\/yoast.com\/product\/yoast-seo-wordpress\/ -->\n<title>CMG transmitir\u00e1 eventos dos 80 anos da Guerra Mundial Antifascista em 85 idiomas 18:40:49 2025-08-24 - CRI e Diario de Pernambuco<\/title>\n<meta name=\"robots\" content=\"index, follow, max-snippet:-1, max-image-preview:large, max-video-preview:-1\" \/>\n<link rel=\"canonical\" href=\"https:\/\/diariodepe.com.br\/cri\/2025\/08\/24\/cmg-transmitira-eventos-dos-80-anos-da-guerra-mundial-antifascista-em-85-idiomas-184049-2025-08-24\/\" \/>\n<meta property=\"og:locale\" content=\"pt_BR\" \/>\n<meta property=\"og:type\" content=\"article\" \/>\n<meta property=\"og:title\" content=\"CMG transmitir\u00e1 eventos dos 80 anos da Guerra Mundial Antifascista em 85 idiomas 18:40:49 2025-08-24 - CRI e Diario de Pernambuco\" \/>\n<meta property=\"og:description\" content=\"O Grupo de M\u00eddia da China (CMG, sigla em ingl\u00eas) anunciou neste domingo (24) que vai transmitir em 85 idiomas a cerim\u00f4nia e o desfile militar do 80\u00ba anivers\u00e1rio da Vit\u00f3ria da Guerra de Resist\u00eancia do Povo Chin\u00eas contra a...\" \/>\n<meta property=\"og:url\" content=\"https:\/\/diariodepe.com.br\/cri\/2025\/08\/24\/cmg-transmitira-eventos-dos-80-anos-da-guerra-mundial-antifascista-em-85-idiomas-184049-2025-08-24\/\" \/>\n<meta property=\"og:site_name\" content=\"CRI e Diario de Pernambuco\" \/>\n<meta property=\"article:published_time\" content=\"2025-08-25T01:59:54+00:00\" \/>\n<meta name=\"author\" content=\"Ismael Lucas S. Pereira\" \/>\n<meta name=\"twitter:card\" content=\"summary_large_image\" \/>\n<meta name=\"twitter:label1\" content=\"Escrito por\" \/>\n\t<meta name=\"twitter:data1\" content=\"Ismael Lucas S. Pereira\" \/>\n\t<meta name=\"twitter:label2\" content=\"Est. tempo de leitura\" \/>\n\t<meta name=\"twitter:data2\" content=\"2 minutos\" \/>\n<script type=\"application\/ld+json\" class=\"yoast-schema-graph\">{\"@context\":\"https:\\\/\\\/schema.org\",\"@graph\":[{\"@type\":\"Article\",\"@id\":\"https:\\\/\\\/diariodepe.com.br\\\/cri\\\/2025\\\/08\\\/24\\\/cmg-transmitira-eventos-dos-80-anos-da-guerra-mundial-antifascista-em-85-idiomas-184049-2025-08-24\\\/#article\",\"isPartOf\":{\"@id\":\"https:\\\/\\\/diariodepe.com.br\\\/cri\\\/2025\\\/08\\\/24\\\/cmg-transmitira-eventos-dos-80-anos-da-guerra-mundial-antifascista-em-85-idiomas-184049-2025-08-24\\\/\"},\"author\":{\"name\":\"Ismael Lucas S. Pereira\",\"@id\":\"https:\\\/\\\/diariodepe.com.br\\\/cri\\\/#\\\/schema\\\/person\\\/121bb28d84f1a5b1205ef4ce9c2e0c6b\"},\"headline\":\"CMG transmitir\u00e1 eventos dos 80 anos da Guerra Mundial Antifascista em 85 idiomas 18:40:49 2025-08-24\",\"datePublished\":\"2025-08-25T01:59:54+00:00\",\"mainEntityOfPage\":{\"@id\":\"https:\\\/\\\/diariodepe.com.br\\\/cri\\\/2025\\\/08\\\/24\\\/cmg-transmitira-eventos-dos-80-anos-da-guerra-mundial-antifascista-em-85-idiomas-184049-2025-08-24\\\/\"},\"wordCount\":221,\"commentCount\":0,\"publisher\":{\"@id\":\"https:\\\/\\\/diariodepe.com.br\\\/cri\\\/#organization\"},\"articleSection\":[\"China\"],\"inLanguage\":\"pt-BR\",\"potentialAction\":[{\"@type\":\"CommentAction\",\"name\":\"Comment\",\"target\":[\"https:\\\/\\\/diariodepe.com.br\\\/cri\\\/2025\\\/08\\\/24\\\/cmg-transmitira-eventos-dos-80-anos-da-guerra-mundial-antifascista-em-85-idiomas-184049-2025-08-24\\\/#respond\"]}]},{\"@type\":\"WebPage\",\"@id\":\"https:\\\/\\\/diariodepe.com.br\\\/cri\\\/2025\\\/08\\\/24\\\/cmg-transmitira-eventos-dos-80-anos-da-guerra-mundial-antifascista-em-85-idiomas-184049-2025-08-24\\\/\",\"url\":\"https:\\\/\\\/diariodepe.com.br\\\/cri\\\/2025\\\/08\\\/24\\\/cmg-transmitira-eventos-dos-80-anos-da-guerra-mundial-antifascista-em-85-idiomas-184049-2025-08-24\\\/\",\"name\":\"CMG transmitir\u00e1 eventos dos 80 anos da Guerra Mundial Antifascista em 85 idiomas 18:40:49 2025-08-24 - CRI e Diario de Pernambuco\",\"isPartOf\":{\"@id\":\"https:\\\/\\\/diariodepe.com.br\\\/cri\\\/#website\"},\"datePublished\":\"2025-08-25T01:59:54+00:00\",\"breadcrumb\":{\"@id\":\"https:\\\/\\\/diariodepe.com.br\\\/cri\\\/2025\\\/08\\\/24\\\/cmg-transmitira-eventos-dos-80-anos-da-guerra-mundial-antifascista-em-85-idiomas-184049-2025-08-24\\\/#breadcrumb\"},\"inLanguage\":\"pt-BR\",\"potentialAction\":[{\"@type\":\"ReadAction\",\"target\":[\"https:\\\/\\\/diariodepe.com.br\\\/cri\\\/2025\\\/08\\\/24\\\/cmg-transmitira-eventos-dos-80-anos-da-guerra-mundial-antifascista-em-85-idiomas-184049-2025-08-24\\\/\"]}]},{\"@type\":\"BreadcrumbList\",\"@id\":\"https:\\\/\\\/diariodepe.com.br\\\/cri\\\/2025\\\/08\\\/24\\\/cmg-transmitira-eventos-dos-80-anos-da-guerra-mundial-antifascista-em-85-idiomas-184049-2025-08-24\\\/#breadcrumb\",\"itemListElement\":[{\"@type\":\"ListItem\",\"position\":1,\"name\":\"In\u00edcio\",\"item\":\"https:\\\/\\\/diariodepe.com.br\\\/cri\\\/\"},{\"@type\":\"ListItem\",\"position\":2,\"name\":\"CMG transmitir\u00e1 eventos dos 80 anos da Guerra Mundial Antifascista em 85 idiomas 18:40:49 2025-08-24\"}]},{\"@type\":\"WebSite\",\"@id\":\"https:\\\/\\\/diariodepe.com.br\\\/cri\\\/#website\",\"url\":\"https:\\\/\\\/diariodepe.com.br\\\/cri\\\/\",\"name\":\"CRI e Diario de Pernambuco\",\"description\":\"R\u00e1dio Internacional da China\",\"publisher\":{\"@id\":\"https:\\\/\\\/diariodepe.com.br\\\/cri\\\/#organization\"},\"potentialAction\":[{\"@type\":\"SearchAction\",\"target\":{\"@type\":\"EntryPoint\",\"urlTemplate\":\"https:\\\/\\\/diariodepe.com.br\\\/cri\\\/?s={search_term_string}\"},\"query-input\":{\"@type\":\"PropertyValueSpecification\",\"valueRequired\":true,\"valueName\":\"search_term_string\"}}],\"inLanguage\":\"pt-BR\"},{\"@type\":\"Organization\",\"@id\":\"https:\\\/\\\/diariodepe.com.br\\\/cri\\\/#organization\",\"name\":\"CRI e Diario de Pernambuco\",\"url\":\"https:\\\/\\\/diariodepe.com.br\\\/cri\\\/\",\"logo\":{\"@type\":\"ImageObject\",\"inLanguage\":\"pt-BR\",\"@id\":\"https:\\\/\\\/diariodepe.com.br\\\/cri\\\/#\\\/schema\\\/logo\\\/image\\\/\",\"url\":\"https:\\\/\\\/diariodepe.com.br\\\/cri\\\/wp-content\\\/uploads\\\/sites\\\/2\\\/2022\\\/12\\\/cropped-Logo.jpg\",\"contentUrl\":\"https:\\\/\\\/diariodepe.com.br\\\/cri\\\/wp-content\\\/uploads\\\/sites\\\/2\\\/2022\\\/12\\\/cropped-Logo.jpg\",\"width\":700,\"height\":59,\"caption\":\"CRI e Diario de Pernambuco\"},\"image\":{\"@id\":\"https:\\\/\\\/diariodepe.com.br\\\/cri\\\/#\\\/schema\\\/logo\\\/image\\\/\"}},{\"@type\":\"Person\",\"@id\":\"https:\\\/\\\/diariodepe.com.br\\\/cri\\\/#\\\/schema\\\/person\\\/121bb28d84f1a5b1205ef4ce9c2e0c6b\",\"name\":\"Ismael Lucas S. Pereira\",\"image\":{\"@type\":\"ImageObject\",\"inLanguage\":\"pt-BR\",\"@id\":\"https:\\\/\\\/secure.gravatar.com\\\/avatar\\\/887a0f3b5a7ceea963a48499fb883ffce6b5037362def025c52c2505b15d63e4?s=96&d=mm&r=g\",\"url\":\"https:\\\/\\\/secure.gravatar.com\\\/avatar\\\/887a0f3b5a7ceea963a48499fb883ffce6b5037362def025c52c2505b15d63e4?s=96&d=mm&r=g\",\"contentUrl\":\"https:\\\/\\\/secure.gravatar.com\\\/avatar\\\/887a0f3b5a7ceea963a48499fb883ffce6b5037362def025c52c2505b15d63e4?s=96&d=mm&r=g\",\"caption\":\"Ismael Lucas S. Pereira\"},\"url\":\"https:\\\/\\\/diariodepe.com.br\\\/cri\\\/author\\\/ismael-lucas\\\/\"}]}<\/script>\n<!-- \/ Yoast SEO plugin. -->","yoast_head_json":{"title":"CMG transmitir\u00e1 eventos dos 80 anos da Guerra Mundial Antifascista em 85 idiomas 18:40:49 2025-08-24 - CRI e Diario de Pernambuco","robots":{"index":"index","follow":"follow","max-snippet":"max-snippet:-1","max-image-preview":"max-image-preview:large","max-video-preview":"max-video-preview:-1"},"canonical":"https:\/\/diariodepe.com.br\/cri\/2025\/08\/24\/cmg-transmitira-eventos-dos-80-anos-da-guerra-mundial-antifascista-em-85-idiomas-184049-2025-08-24\/","og_locale":"pt_BR","og_type":"article","og_title":"CMG transmitir\u00e1 eventos dos 80 anos da Guerra Mundial Antifascista em 85 idiomas 18:40:49 2025-08-24 - CRI e Diario de Pernambuco","og_description":"O Grupo de M\u00eddia da China (CMG, sigla em ingl\u00eas) anunciou neste domingo (24) que vai transmitir em 85 idiomas a cerim\u00f4nia e o desfile militar do 80\u00ba anivers\u00e1rio da Vit\u00f3ria da Guerra de Resist\u00eancia do Povo Chin\u00eas contra a...","og_url":"https:\/\/diariodepe.com.br\/cri\/2025\/08\/24\/cmg-transmitira-eventos-dos-80-anos-da-guerra-mundial-antifascista-em-85-idiomas-184049-2025-08-24\/","og_site_name":"CRI e Diario de Pernambuco","article_published_time":"2025-08-25T01:59:54+00:00","author":"Ismael Lucas S. Pereira","twitter_card":"summary_large_image","twitter_misc":{"Escrito por":"Ismael Lucas S. Pereira","Est. tempo de leitura":"2 minutos"},"schema":{"@context":"https:\/\/schema.org","@graph":[{"@type":"Article","@id":"https:\/\/diariodepe.com.br\/cri\/2025\/08\/24\/cmg-transmitira-eventos-dos-80-anos-da-guerra-mundial-antifascista-em-85-idiomas-184049-2025-08-24\/#article","isPartOf":{"@id":"https:\/\/diariodepe.com.br\/cri\/2025\/08\/24\/cmg-transmitira-eventos-dos-80-anos-da-guerra-mundial-antifascista-em-85-idiomas-184049-2025-08-24\/"},"author":{"name":"Ismael Lucas S. Pereira","@id":"https:\/\/diariodepe.com.br\/cri\/#\/schema\/person\/121bb28d84f1a5b1205ef4ce9c2e0c6b"},"headline":"CMG transmitir\u00e1 eventos dos 80 anos da Guerra Mundial Antifascista em 85 idiomas 18:40:49 2025-08-24","datePublished":"2025-08-25T01:59:54+00:00","mainEntityOfPage":{"@id":"https:\/\/diariodepe.com.br\/cri\/2025\/08\/24\/cmg-transmitira-eventos-dos-80-anos-da-guerra-mundial-antifascista-em-85-idiomas-184049-2025-08-24\/"},"wordCount":221,"commentCount":0,"publisher":{"@id":"https:\/\/diariodepe.com.br\/cri\/#organization"},"articleSection":["China"],"inLanguage":"pt-BR","potentialAction":[{"@type":"CommentAction","name":"Comment","target":["https:\/\/diariodepe.com.br\/cri\/2025\/08\/24\/cmg-transmitira-eventos-dos-80-anos-da-guerra-mundial-antifascista-em-85-idiomas-184049-2025-08-24\/#respond"]}]},{"@type":"WebPage","@id":"https:\/\/diariodepe.com.br\/cri\/2025\/08\/24\/cmg-transmitira-eventos-dos-80-anos-da-guerra-mundial-antifascista-em-85-idiomas-184049-2025-08-24\/","url":"https:\/\/diariodepe.com.br\/cri\/2025\/08\/24\/cmg-transmitira-eventos-dos-80-anos-da-guerra-mundial-antifascista-em-85-idiomas-184049-2025-08-24\/","name":"CMG transmitir\u00e1 eventos dos 80 anos da Guerra Mundial Antifascista em 85 idiomas 18:40:49 2025-08-24 - CRI e Diario de Pernambuco","isPartOf":{"@id":"https:\/\/diariodepe.com.br\/cri\/#website"},"datePublished":"2025-08-25T01:59:54+00:00","breadcrumb":{"@id":"https:\/\/diariodepe.com.br\/cri\/2025\/08\/24\/cmg-transmitira-eventos-dos-80-anos-da-guerra-mundial-antifascista-em-85-idiomas-184049-2025-08-24\/#breadcrumb"},"inLanguage":"pt-BR","potentialAction":[{"@type":"ReadAction","target":["https:\/\/diariodepe.com.br\/cri\/2025\/08\/24\/cmg-transmitira-eventos-dos-80-anos-da-guerra-mundial-antifascista-em-85-idiomas-184049-2025-08-24\/"]}]},{"@type":"BreadcrumbList","@id":"https:\/\/diariodepe.com.br\/cri\/2025\/08\/24\/cmg-transmitira-eventos-dos-80-anos-da-guerra-mundial-antifascista-em-85-idiomas-184049-2025-08-24\/#breadcrumb","itemListElement":[{"@type":"ListItem","position":1,"name":"In\u00edcio","item":"https:\/\/diariodepe.com.br\/cri\/"},{"@type":"ListItem","position":2,"name":"CMG transmitir\u00e1 eventos dos 80 anos da Guerra Mundial Antifascista em 85 idiomas 18:40:49 2025-08-24"}]},{"@type":"WebSite","@id":"https:\/\/diariodepe.com.br\/cri\/#website","url":"https:\/\/diariodepe.com.br\/cri\/","name":"CRI e Diario de Pernambuco","description":"R\u00e1dio Internacional da China","publisher":{"@id":"https:\/\/diariodepe.com.br\/cri\/#organization"},"potentialAction":[{"@type":"SearchAction","target":{"@type":"EntryPoint","urlTemplate":"https:\/\/diariodepe.com.br\/cri\/?s={search_term_string}"},"query-input":{"@type":"PropertyValueSpecification","valueRequired":true,"valueName":"search_term_string"}}],"inLanguage":"pt-BR"},{"@type":"Organization","@id":"https:\/\/diariodepe.com.br\/cri\/#organization","name":"CRI e Diario de Pernambuco","url":"https:\/\/diariodepe.com.br\/cri\/","logo":{"@type":"ImageObject","inLanguage":"pt-BR","@id":"https:\/\/diariodepe.com.br\/cri\/#\/schema\/logo\/image\/","url":"https:\/\/diariodepe.com.br\/cri\/wp-content\/uploads\/sites\/2\/2022\/12\/cropped-Logo.jpg","contentUrl":"https:\/\/diariodepe.com.br\/cri\/wp-content\/uploads\/sites\/2\/2022\/12\/cropped-Logo.jpg","width":700,"height":59,"caption":"CRI e Diario de Pernambuco"},"image":{"@id":"https:\/\/diariodepe.com.br\/cri\/#\/schema\/logo\/image\/"}},{"@type":"Person","@id":"https:\/\/diariodepe.com.br\/cri\/#\/schema\/person\/121bb28d84f1a5b1205ef4ce9c2e0c6b","name":"Ismael Lucas S. Pereira","image":{"@type":"ImageObject","inLanguage":"pt-BR","@id":"https:\/\/secure.gravatar.com\/avatar\/887a0f3b5a7ceea963a48499fb883ffce6b5037362def025c52c2505b15d63e4?s=96&d=mm&r=g","url":"https:\/\/secure.gravatar.com\/avatar\/887a0f3b5a7ceea963a48499fb883ffce6b5037362def025c52c2505b15d63e4?s=96&d=mm&r=g","contentUrl":"https:\/\/secure.gravatar.com\/avatar\/887a0f3b5a7ceea963a48499fb883ffce6b5037362def025c52c2505b15d63e4?s=96&d=mm&r=g","caption":"Ismael Lucas S. Pereira"},"url":"https:\/\/diariodepe.com.br\/cri\/author\/ismael-lucas\/"}]}},"cc_featured_image_caption":{"caption_text":false,"source_text":false,"source_url":false},"amp_enabled":true,"_links":{"self":[{"href":"https:\/\/diariodepe.com.br\/cri\/wp-json\/wp\/v2\/posts\/9158","targetHints":{"allow":["GET"]}}],"collection":[{"href":"https:\/\/diariodepe.com.br\/cri\/wp-json\/wp\/v2\/posts"}],"about":[{"href":"https:\/\/diariodepe.com.br\/cri\/wp-json\/wp\/v2\/types\/post"}],"author":[{"embeddable":true,"href":"https:\/\/diariodepe.com.br\/cri\/wp-json\/wp\/v2\/users\/2"}],"replies":[{"embeddable":true,"href":"https:\/\/diariodepe.com.br\/cri\/wp-json\/wp\/v2\/comments?post=9158"}],"version-history":[{"count":1,"href":"https:\/\/diariodepe.com.br\/cri\/wp-json\/wp\/v2\/posts\/9158\/revisions"}],"predecessor-version":[{"id":9159,"href":"https:\/\/diariodepe.com.br\/cri\/wp-json\/wp\/v2\/posts\/9158\/revisions\/9159"}],"wp:attachment":[{"href":"https:\/\/diariodepe.com.br\/cri\/wp-json\/wp\/v2\/media?parent=9158"}],"wp:term":[{"taxonomy":"category","embeddable":true,"href":"https:\/\/diariodepe.com.br\/cri\/wp-json\/wp\/v2\/categories?post=9158"},{"taxonomy":"post_tag","embeddable":true,"href":"https:\/\/diariodepe.com.br\/cri\/wp-json\/wp\/v2\/tags?post=9158"}],"curies":[{"name":"wp","href":"https:\/\/api.w.org\/{rel}","templated":true}]}}