{"id":9073,"date":"2025-08-19T04:10:00","date_gmt":"2025-08-19T07:10:00","guid":{"rendered":"https:\/\/diariodepe.com.br\/cri\/?p=9073"},"modified":"2025-08-19T04:10:00","modified_gmt":"2025-08-19T07:10:00","slug":"quais-sao-os-beneficios-da-prorrogacao-da-tregua-tarifaria-entre-china-e-eua","status":"publish","type":"post","link":"https:\/\/diariodepe.com.br\/cri\/2025\/08\/19\/quais-sao-os-beneficios-da-prorrogacao-da-tregua-tarifaria-entre-china-e-eua\/","title":{"rendered":"Quais s\u00e3o os benef\u00edcios da prorroga\u00e7\u00e3o da tr\u00e9gua tarif\u00e1ria entre China e EUA?"},"content":{"rendered":"<p><img decoding=\"async\" src=\"https:\/\/38picres.cgtn.com\/photoAlbum\/page\/performance\/img\/2025\/7\/31\/1753948627545_561.png\" \/><\/p>\n<p>A China e os Estados Unidos concordaram em seguir com a prorroga\u00e7\u00e3o da tr\u00e9gua tarif\u00e1ria, que suspende a aplica\u00e7\u00e3o de tarifas de 24% impostas pelos EUA e as contramedidas adotadas pela China.<\/p>\n<p>O consenso foi alcan\u00e7ado durante uma nova rodada de negocia\u00e7\u00f5es econ\u00f4micas e comerciais, realizada entre os dias 28 e 29 de julho em Estocolmo, na Su\u00e9cia.<\/p>\n<p>O encontro marca mais uma rodada presencial entre as duas maiores economias do mundo, sucedendo as conversa\u00e7\u00f5es de maio em Genebra e de junho em Londres.<\/p>\n<p>As duas partes alcan\u00e7aram v\u00e1rios consensos em Estocolmo. Foi reconhecida a import\u00e2ncia de um \u00a0relacionamento econ\u00f4mico est\u00e1vel, tanto para as duas na\u00e7\u00f5es quanto para o mundo. Tamb\u00e9m foi reafirmado o compromisso de utilizar o mecanismo bilateral de consultas para obter mais resultados positivos.<\/p>\n<p>Os representantes estadunidenses descreveram o encontro como \u201cconstrutivo\u201d. Analistas apontaram que, diante da baixa probabilidade de resolver as diverg\u00eancias econ\u00f4micas e comerciais no curto prazo, o acordo entre China e EUA serve para ganhar tempo e manter aberto o canal de di\u00e1logo. A medida corresponde \u00e0s expectativas da comunidade internacional e trouxe mais previsibilidade \u00e0 economia mundial.<\/p>\n<p>A tr\u00e9gua atual, firmada em maio em Genebra, tem validade de 90 dias e venceria em 12 de agosto. Em Estocolmo, ficou acordada sua prorroga\u00e7\u00e3o por mais 90 dias.<\/p>\n<p>O professor da Universidade das Rela\u00e7\u00f5es Exteriores da China, Li Haidong, avaliou que a decis\u00e3o \u00a0\u00a0reflete as intera\u00e7\u00f5es positivas recentes e o desejo m\u00fatuo de evitar a escalada da \u201cguerra tarif\u00e1ria\u201d. Por outro lado, segundo ele, as dificuldades em alcan\u00e7ar consensos sobre quest\u00f5es importantes exigem maior empenho conjunto.<\/p>\n<p>\u00c9 natural que existam diverg\u00eancias, considerando a grande escala e o amplo escopo dos contatos econ\u00f4micos e comerciais entre a China e os EUA.<\/p>\n<p>Em telefonema com Donald Trump no dia 5 de junho, o presidente Xi Jinping enfatizou a necessidade de aproveitar bem o mecanismo j\u00e1 existente de negocia\u00e7\u00f5es bilaterais.<\/p>\n<p>Desde ent\u00e3o, alguns avan\u00e7os foram registrados. A China aprovou pedidos de exporta\u00e7\u00e3o de produtos sob controle, conforme a legisla\u00e7\u00e3o vigente, e os EUA suspenderam restri\u00e7\u00f5es anunciadas anteriormente, al\u00e9m de autorizar a venda de chips Nvidia H20 para o mercado chin\u00eas.<\/p>\n<p>Ainda assim, Washington mant\u00e9m uma s\u00e9rie de pol\u00edticas de conten\u00e7\u00e3o e repress\u00e3o contra a China. Para Beijing, \u00e9 essencial que os EUA corrijam percep\u00e7\u00f5es equivocadas e adotem uma vis\u00e3o mais racional sobre o desenvolvimento chin\u00eas.<\/p>\n<p>O governo estadunidense tamb\u00e9m precisa considerar as preocupa\u00e7\u00f5es de seu setor empresarial. Um relat\u00f3rio rec\u00e9m-divulgado mostra que 82% das empresas do pa\u00eds norte-americano presentes na China tiveram lucro em 2023. Apesar das incertezas nas rela\u00e7\u00f5es bilaterais, muitas seguem considerando o mercado chin\u00eas como estrat\u00e9gico.<\/p>\n<p>As negocia\u00e7\u00f5es em Estocolmo representam mais um passo \u00e0 frente. Agora, cabe \u00e0s duas partes aproveitar o momento para ampliar consensos, reduzir mal-entendidos e refor\u00e7ar a coopera\u00e7\u00e3o, contribuindo para o crescimento econ\u00f4mico mundial e cumprindo o papel de grandes pot\u00eancias.<\/p>\n","protected":false},"excerpt":{"rendered":"<p>A China e os Estados Unidos concordaram em seguir com a prorroga\u00e7\u00e3o da tr\u00e9gua tarif\u00e1ria, que suspende a aplica\u00e7\u00e3o de tarifas de 24% impostas pelos EUA e as contramedidas adotadas pela China. O consenso foi alcan\u00e7ado durante uma nova rodada&#8230;<\/p>\n","protected":false},"author":2,"featured_media":0,"comment_status":"open","ping_status":"open","sticky":false,"template":"","format":"standard","meta":{"footnotes":""},"categories":[7],"tags":[],"class_list":["post-9073","post","type-post","status-publish","format-standard","hentry","category-visao"],"yoast_head":"<!-- This site is optimized with the Yoast SEO plugin v27.4 - https:\/\/yoast.com\/product\/yoast-seo-wordpress\/ -->\n<title>Quais s\u00e3o os benef\u00edcios da prorroga\u00e7\u00e3o da tr\u00e9gua tarif\u00e1ria entre China e EUA? - CRI e Diario de Pernambuco<\/title>\n<meta name=\"robots\" content=\"index, follow, max-snippet:-1, max-image-preview:large, max-video-preview:-1\" \/>\n<link rel=\"canonical\" href=\"https:\/\/diariodepe.com.br\/cri\/2025\/08\/19\/quais-sao-os-beneficios-da-prorrogacao-da-tregua-tarifaria-entre-china-e-eua\/\" \/>\n<meta property=\"og:locale\" content=\"pt_BR\" \/>\n<meta property=\"og:type\" content=\"article\" \/>\n<meta property=\"og:title\" content=\"Quais s\u00e3o os benef\u00edcios da prorroga\u00e7\u00e3o da tr\u00e9gua tarif\u00e1ria entre China e EUA? - CRI e Diario de Pernambuco\" \/>\n<meta property=\"og:description\" content=\"A China e os Estados Unidos concordaram em seguir com a prorroga\u00e7\u00e3o da tr\u00e9gua tarif\u00e1ria, que suspende a aplica\u00e7\u00e3o de tarifas de 24% impostas pelos EUA e as contramedidas adotadas pela China. O consenso foi alcan\u00e7ado durante uma nova rodada...\" \/>\n<meta property=\"og:url\" content=\"https:\/\/diariodepe.com.br\/cri\/2025\/08\/19\/quais-sao-os-beneficios-da-prorrogacao-da-tregua-tarifaria-entre-china-e-eua\/\" \/>\n<meta property=\"og:site_name\" content=\"CRI e Diario de Pernambuco\" \/>\n<meta property=\"article:published_time\" content=\"2025-08-19T07:10:00+00:00\" \/>\n<meta property=\"og:image\" content=\"https:\/\/38picres.cgtn.com\/photoAlbum\/page\/performance\/img\/2025\/7\/31\/1753948627545_561.png\" \/>\n<meta name=\"author\" content=\"Ismael Lucas S. Pereira\" \/>\n<meta name=\"twitter:card\" content=\"summary_large_image\" \/>\n<meta name=\"twitter:label1\" content=\"Escrito por\" \/>\n\t<meta name=\"twitter:data1\" content=\"Ismael Lucas S. Pereira\" \/>\n\t<meta name=\"twitter:label2\" content=\"Est. tempo de leitura\" \/>\n\t<meta name=\"twitter:data2\" content=\"3 minutos\" \/>\n<script type=\"application\/ld+json\" class=\"yoast-schema-graph\">{\"@context\":\"https:\\\/\\\/schema.org\",\"@graph\":[{\"@type\":\"Article\",\"@id\":\"https:\\\/\\\/diariodepe.com.br\\\/cri\\\/2025\\\/08\\\/19\\\/quais-sao-os-beneficios-da-prorrogacao-da-tregua-tarifaria-entre-china-e-eua\\\/#article\",\"isPartOf\":{\"@id\":\"https:\\\/\\\/diariodepe.com.br\\\/cri\\\/2025\\\/08\\\/19\\\/quais-sao-os-beneficios-da-prorrogacao-da-tregua-tarifaria-entre-china-e-eua\\\/\"},\"author\":{\"name\":\"Ismael Lucas S. Pereira\",\"@id\":\"https:\\\/\\\/diariodepe.com.br\\\/cri\\\/#\\\/schema\\\/person\\\/121bb28d84f1a5b1205ef4ce9c2e0c6b\"},\"headline\":\"Quais s\u00e3o os benef\u00edcios da prorroga\u00e7\u00e3o da tr\u00e9gua tarif\u00e1ria entre China e EUA?\",\"datePublished\":\"2025-08-19T07:10:00+00:00\",\"mainEntityOfPage\":{\"@id\":\"https:\\\/\\\/diariodepe.com.br\\\/cri\\\/2025\\\/08\\\/19\\\/quais-sao-os-beneficios-da-prorrogacao-da-tregua-tarifaria-entre-china-e-eua\\\/\"},\"wordCount\":535,\"commentCount\":0,\"publisher\":{\"@id\":\"https:\\\/\\\/diariodepe.com.br\\\/cri\\\/#organization\"},\"image\":{\"@id\":\"https:\\\/\\\/diariodepe.com.br\\\/cri\\\/2025\\\/08\\\/19\\\/quais-sao-os-beneficios-da-prorrogacao-da-tregua-tarifaria-entre-china-e-eua\\\/#primaryimage\"},\"thumbnailUrl\":\"https:\\\/\\\/38picres.cgtn.com\\\/photoAlbum\\\/page\\\/performance\\\/img\\\/2025\\\/7\\\/31\\\/1753948627545_561.png\",\"articleSection\":[\"Vis\u00e3o\"],\"inLanguage\":\"pt-BR\",\"potentialAction\":[{\"@type\":\"CommentAction\",\"name\":\"Comment\",\"target\":[\"https:\\\/\\\/diariodepe.com.br\\\/cri\\\/2025\\\/08\\\/19\\\/quais-sao-os-beneficios-da-prorrogacao-da-tregua-tarifaria-entre-china-e-eua\\\/#respond\"]}]},{\"@type\":\"WebPage\",\"@id\":\"https:\\\/\\\/diariodepe.com.br\\\/cri\\\/2025\\\/08\\\/19\\\/quais-sao-os-beneficios-da-prorrogacao-da-tregua-tarifaria-entre-china-e-eua\\\/\",\"url\":\"https:\\\/\\\/diariodepe.com.br\\\/cri\\\/2025\\\/08\\\/19\\\/quais-sao-os-beneficios-da-prorrogacao-da-tregua-tarifaria-entre-china-e-eua\\\/\",\"name\":\"Quais s\u00e3o os benef\u00edcios da prorroga\u00e7\u00e3o da tr\u00e9gua tarif\u00e1ria entre China e EUA? - CRI e Diario de Pernambuco\",\"isPartOf\":{\"@id\":\"https:\\\/\\\/diariodepe.com.br\\\/cri\\\/#website\"},\"primaryImageOfPage\":{\"@id\":\"https:\\\/\\\/diariodepe.com.br\\\/cri\\\/2025\\\/08\\\/19\\\/quais-sao-os-beneficios-da-prorrogacao-da-tregua-tarifaria-entre-china-e-eua\\\/#primaryimage\"},\"image\":{\"@id\":\"https:\\\/\\\/diariodepe.com.br\\\/cri\\\/2025\\\/08\\\/19\\\/quais-sao-os-beneficios-da-prorrogacao-da-tregua-tarifaria-entre-china-e-eua\\\/#primaryimage\"},\"thumbnailUrl\":\"https:\\\/\\\/38picres.cgtn.com\\\/photoAlbum\\\/page\\\/performance\\\/img\\\/2025\\\/7\\\/31\\\/1753948627545_561.png\",\"datePublished\":\"2025-08-19T07:10:00+00:00\",\"breadcrumb\":{\"@id\":\"https:\\\/\\\/diariodepe.com.br\\\/cri\\\/2025\\\/08\\\/19\\\/quais-sao-os-beneficios-da-prorrogacao-da-tregua-tarifaria-entre-china-e-eua\\\/#breadcrumb\"},\"inLanguage\":\"pt-BR\",\"potentialAction\":[{\"@type\":\"ReadAction\",\"target\":[\"https:\\\/\\\/diariodepe.com.br\\\/cri\\\/2025\\\/08\\\/19\\\/quais-sao-os-beneficios-da-prorrogacao-da-tregua-tarifaria-entre-china-e-eua\\\/\"]}]},{\"@type\":\"ImageObject\",\"inLanguage\":\"pt-BR\",\"@id\":\"https:\\\/\\\/diariodepe.com.br\\\/cri\\\/2025\\\/08\\\/19\\\/quais-sao-os-beneficios-da-prorrogacao-da-tregua-tarifaria-entre-china-e-eua\\\/#primaryimage\",\"url\":\"https:\\\/\\\/38picres.cgtn.com\\\/photoAlbum\\\/page\\\/performance\\\/img\\\/2025\\\/7\\\/31\\\/1753948627545_561.png\",\"contentUrl\":\"https:\\\/\\\/38picres.cgtn.com\\\/photoAlbum\\\/page\\\/performance\\\/img\\\/2025\\\/7\\\/31\\\/1753948627545_561.png\"},{\"@type\":\"BreadcrumbList\",\"@id\":\"https:\\\/\\\/diariodepe.com.br\\\/cri\\\/2025\\\/08\\\/19\\\/quais-sao-os-beneficios-da-prorrogacao-da-tregua-tarifaria-entre-china-e-eua\\\/#breadcrumb\",\"itemListElement\":[{\"@type\":\"ListItem\",\"position\":1,\"name\":\"In\u00edcio\",\"item\":\"https:\\\/\\\/diariodepe.com.br\\\/cri\\\/\"},{\"@type\":\"ListItem\",\"position\":2,\"name\":\"Quais s\u00e3o os benef\u00edcios da prorroga\u00e7\u00e3o da tr\u00e9gua tarif\u00e1ria entre China e EUA?\"}]},{\"@type\":\"WebSite\",\"@id\":\"https:\\\/\\\/diariodepe.com.br\\\/cri\\\/#website\",\"url\":\"https:\\\/\\\/diariodepe.com.br\\\/cri\\\/\",\"name\":\"CRI e Diario de Pernambuco\",\"description\":\"R\u00e1dio Internacional da China\",\"publisher\":{\"@id\":\"https:\\\/\\\/diariodepe.com.br\\\/cri\\\/#organization\"},\"potentialAction\":[{\"@type\":\"SearchAction\",\"target\":{\"@type\":\"EntryPoint\",\"urlTemplate\":\"https:\\\/\\\/diariodepe.com.br\\\/cri\\\/?s={search_term_string}\"},\"query-input\":{\"@type\":\"PropertyValueSpecification\",\"valueRequired\":true,\"valueName\":\"search_term_string\"}}],\"inLanguage\":\"pt-BR\"},{\"@type\":\"Organization\",\"@id\":\"https:\\\/\\\/diariodepe.com.br\\\/cri\\\/#organization\",\"name\":\"CRI e Diario de Pernambuco\",\"url\":\"https:\\\/\\\/diariodepe.com.br\\\/cri\\\/\",\"logo\":{\"@type\":\"ImageObject\",\"inLanguage\":\"pt-BR\",\"@id\":\"https:\\\/\\\/diariodepe.com.br\\\/cri\\\/#\\\/schema\\\/logo\\\/image\\\/\",\"url\":\"https:\\\/\\\/diariodepe.com.br\\\/cri\\\/wp-content\\\/uploads\\\/sites\\\/2\\\/2022\\\/12\\\/cropped-Logo.jpg\",\"contentUrl\":\"https:\\\/\\\/diariodepe.com.br\\\/cri\\\/wp-content\\\/uploads\\\/sites\\\/2\\\/2022\\\/12\\\/cropped-Logo.jpg\",\"width\":700,\"height\":59,\"caption\":\"CRI e Diario de Pernambuco\"},\"image\":{\"@id\":\"https:\\\/\\\/diariodepe.com.br\\\/cri\\\/#\\\/schema\\\/logo\\\/image\\\/\"}},{\"@type\":\"Person\",\"@id\":\"https:\\\/\\\/diariodepe.com.br\\\/cri\\\/#\\\/schema\\\/person\\\/121bb28d84f1a5b1205ef4ce9c2e0c6b\",\"name\":\"Ismael Lucas S. Pereira\",\"image\":{\"@type\":\"ImageObject\",\"inLanguage\":\"pt-BR\",\"@id\":\"https:\\\/\\\/secure.gravatar.com\\\/avatar\\\/887a0f3b5a7ceea963a48499fb883ffce6b5037362def025c52c2505b15d63e4?s=96&d=mm&r=g\",\"url\":\"https:\\\/\\\/secure.gravatar.com\\\/avatar\\\/887a0f3b5a7ceea963a48499fb883ffce6b5037362def025c52c2505b15d63e4?s=96&d=mm&r=g\",\"contentUrl\":\"https:\\\/\\\/secure.gravatar.com\\\/avatar\\\/887a0f3b5a7ceea963a48499fb883ffce6b5037362def025c52c2505b15d63e4?s=96&d=mm&r=g\",\"caption\":\"Ismael Lucas S. Pereira\"},\"url\":\"https:\\\/\\\/diariodepe.com.br\\\/cri\\\/author\\\/ismael-lucas\\\/\"}]}<\/script>\n<!-- \/ Yoast SEO plugin. -->","yoast_head_json":{"title":"Quais s\u00e3o os benef\u00edcios da prorroga\u00e7\u00e3o da tr\u00e9gua tarif\u00e1ria entre China e EUA? - CRI e Diario de Pernambuco","robots":{"index":"index","follow":"follow","max-snippet":"max-snippet:-1","max-image-preview":"max-image-preview:large","max-video-preview":"max-video-preview:-1"},"canonical":"https:\/\/diariodepe.com.br\/cri\/2025\/08\/19\/quais-sao-os-beneficios-da-prorrogacao-da-tregua-tarifaria-entre-china-e-eua\/","og_locale":"pt_BR","og_type":"article","og_title":"Quais s\u00e3o os benef\u00edcios da prorroga\u00e7\u00e3o da tr\u00e9gua tarif\u00e1ria entre China e EUA? - CRI e Diario de Pernambuco","og_description":"A China e os Estados Unidos concordaram em seguir com a prorroga\u00e7\u00e3o da tr\u00e9gua tarif\u00e1ria, que suspende a aplica\u00e7\u00e3o de tarifas de 24% impostas pelos EUA e as contramedidas adotadas pela China. O consenso foi alcan\u00e7ado durante uma nova rodada...","og_url":"https:\/\/diariodepe.com.br\/cri\/2025\/08\/19\/quais-sao-os-beneficios-da-prorrogacao-da-tregua-tarifaria-entre-china-e-eua\/","og_site_name":"CRI e Diario de Pernambuco","article_published_time":"2025-08-19T07:10:00+00:00","og_image":[{"url":"https:\/\/38picres.cgtn.com\/photoAlbum\/page\/performance\/img\/2025\/7\/31\/1753948627545_561.png","type":"","width":"","height":""}],"author":"Ismael Lucas S. Pereira","twitter_card":"summary_large_image","twitter_misc":{"Escrito por":"Ismael Lucas S. Pereira","Est. tempo de leitura":"3 minutos"},"schema":{"@context":"https:\/\/schema.org","@graph":[{"@type":"Article","@id":"https:\/\/diariodepe.com.br\/cri\/2025\/08\/19\/quais-sao-os-beneficios-da-prorrogacao-da-tregua-tarifaria-entre-china-e-eua\/#article","isPartOf":{"@id":"https:\/\/diariodepe.com.br\/cri\/2025\/08\/19\/quais-sao-os-beneficios-da-prorrogacao-da-tregua-tarifaria-entre-china-e-eua\/"},"author":{"name":"Ismael Lucas S. Pereira","@id":"https:\/\/diariodepe.com.br\/cri\/#\/schema\/person\/121bb28d84f1a5b1205ef4ce9c2e0c6b"},"headline":"Quais s\u00e3o os benef\u00edcios da prorroga\u00e7\u00e3o da tr\u00e9gua tarif\u00e1ria entre China e EUA?","datePublished":"2025-08-19T07:10:00+00:00","mainEntityOfPage":{"@id":"https:\/\/diariodepe.com.br\/cri\/2025\/08\/19\/quais-sao-os-beneficios-da-prorrogacao-da-tregua-tarifaria-entre-china-e-eua\/"},"wordCount":535,"commentCount":0,"publisher":{"@id":"https:\/\/diariodepe.com.br\/cri\/#organization"},"image":{"@id":"https:\/\/diariodepe.com.br\/cri\/2025\/08\/19\/quais-sao-os-beneficios-da-prorrogacao-da-tregua-tarifaria-entre-china-e-eua\/#primaryimage"},"thumbnailUrl":"https:\/\/38picres.cgtn.com\/photoAlbum\/page\/performance\/img\/2025\/7\/31\/1753948627545_561.png","articleSection":["Vis\u00e3o"],"inLanguage":"pt-BR","potentialAction":[{"@type":"CommentAction","name":"Comment","target":["https:\/\/diariodepe.com.br\/cri\/2025\/08\/19\/quais-sao-os-beneficios-da-prorrogacao-da-tregua-tarifaria-entre-china-e-eua\/#respond"]}]},{"@type":"WebPage","@id":"https:\/\/diariodepe.com.br\/cri\/2025\/08\/19\/quais-sao-os-beneficios-da-prorrogacao-da-tregua-tarifaria-entre-china-e-eua\/","url":"https:\/\/diariodepe.com.br\/cri\/2025\/08\/19\/quais-sao-os-beneficios-da-prorrogacao-da-tregua-tarifaria-entre-china-e-eua\/","name":"Quais s\u00e3o os benef\u00edcios da prorroga\u00e7\u00e3o da tr\u00e9gua tarif\u00e1ria entre China e EUA? - CRI e Diario de Pernambuco","isPartOf":{"@id":"https:\/\/diariodepe.com.br\/cri\/#website"},"primaryImageOfPage":{"@id":"https:\/\/diariodepe.com.br\/cri\/2025\/08\/19\/quais-sao-os-beneficios-da-prorrogacao-da-tregua-tarifaria-entre-china-e-eua\/#primaryimage"},"image":{"@id":"https:\/\/diariodepe.com.br\/cri\/2025\/08\/19\/quais-sao-os-beneficios-da-prorrogacao-da-tregua-tarifaria-entre-china-e-eua\/#primaryimage"},"thumbnailUrl":"https:\/\/38picres.cgtn.com\/photoAlbum\/page\/performance\/img\/2025\/7\/31\/1753948627545_561.png","datePublished":"2025-08-19T07:10:00+00:00","breadcrumb":{"@id":"https:\/\/diariodepe.com.br\/cri\/2025\/08\/19\/quais-sao-os-beneficios-da-prorrogacao-da-tregua-tarifaria-entre-china-e-eua\/#breadcrumb"},"inLanguage":"pt-BR","potentialAction":[{"@type":"ReadAction","target":["https:\/\/diariodepe.com.br\/cri\/2025\/08\/19\/quais-sao-os-beneficios-da-prorrogacao-da-tregua-tarifaria-entre-china-e-eua\/"]}]},{"@type":"ImageObject","inLanguage":"pt-BR","@id":"https:\/\/diariodepe.com.br\/cri\/2025\/08\/19\/quais-sao-os-beneficios-da-prorrogacao-da-tregua-tarifaria-entre-china-e-eua\/#primaryimage","url":"https:\/\/38picres.cgtn.com\/photoAlbum\/page\/performance\/img\/2025\/7\/31\/1753948627545_561.png","contentUrl":"https:\/\/38picres.cgtn.com\/photoAlbum\/page\/performance\/img\/2025\/7\/31\/1753948627545_561.png"},{"@type":"BreadcrumbList","@id":"https:\/\/diariodepe.com.br\/cri\/2025\/08\/19\/quais-sao-os-beneficios-da-prorrogacao-da-tregua-tarifaria-entre-china-e-eua\/#breadcrumb","itemListElement":[{"@type":"ListItem","position":1,"name":"In\u00edcio","item":"https:\/\/diariodepe.com.br\/cri\/"},{"@type":"ListItem","position":2,"name":"Quais s\u00e3o os benef\u00edcios da prorroga\u00e7\u00e3o da tr\u00e9gua tarif\u00e1ria entre China e EUA?"}]},{"@type":"WebSite","@id":"https:\/\/diariodepe.com.br\/cri\/#website","url":"https:\/\/diariodepe.com.br\/cri\/","name":"CRI e Diario de Pernambuco","description":"R\u00e1dio Internacional da China","publisher":{"@id":"https:\/\/diariodepe.com.br\/cri\/#organization"},"potentialAction":[{"@type":"SearchAction","target":{"@type":"EntryPoint","urlTemplate":"https:\/\/diariodepe.com.br\/cri\/?s={search_term_string}"},"query-input":{"@type":"PropertyValueSpecification","valueRequired":true,"valueName":"search_term_string"}}],"inLanguage":"pt-BR"},{"@type":"Organization","@id":"https:\/\/diariodepe.com.br\/cri\/#organization","name":"CRI e Diario de Pernambuco","url":"https:\/\/diariodepe.com.br\/cri\/","logo":{"@type":"ImageObject","inLanguage":"pt-BR","@id":"https:\/\/diariodepe.com.br\/cri\/#\/schema\/logo\/image\/","url":"https:\/\/diariodepe.com.br\/cri\/wp-content\/uploads\/sites\/2\/2022\/12\/cropped-Logo.jpg","contentUrl":"https:\/\/diariodepe.com.br\/cri\/wp-content\/uploads\/sites\/2\/2022\/12\/cropped-Logo.jpg","width":700,"height":59,"caption":"CRI e Diario de Pernambuco"},"image":{"@id":"https:\/\/diariodepe.com.br\/cri\/#\/schema\/logo\/image\/"}},{"@type":"Person","@id":"https:\/\/diariodepe.com.br\/cri\/#\/schema\/person\/121bb28d84f1a5b1205ef4ce9c2e0c6b","name":"Ismael Lucas S. Pereira","image":{"@type":"ImageObject","inLanguage":"pt-BR","@id":"https:\/\/secure.gravatar.com\/avatar\/887a0f3b5a7ceea963a48499fb883ffce6b5037362def025c52c2505b15d63e4?s=96&d=mm&r=g","url":"https:\/\/secure.gravatar.com\/avatar\/887a0f3b5a7ceea963a48499fb883ffce6b5037362def025c52c2505b15d63e4?s=96&d=mm&r=g","contentUrl":"https:\/\/secure.gravatar.com\/avatar\/887a0f3b5a7ceea963a48499fb883ffce6b5037362def025c52c2505b15d63e4?s=96&d=mm&r=g","caption":"Ismael Lucas S. Pereira"},"url":"https:\/\/diariodepe.com.br\/cri\/author\/ismael-lucas\/"}]}},"cc_featured_image_caption":{"caption_text":false,"source_text":false,"source_url":false},"amp_enabled":true,"_links":{"self":[{"href":"https:\/\/diariodepe.com.br\/cri\/wp-json\/wp\/v2\/posts\/9073","targetHints":{"allow":["GET"]}}],"collection":[{"href":"https:\/\/diariodepe.com.br\/cri\/wp-json\/wp\/v2\/posts"}],"about":[{"href":"https:\/\/diariodepe.com.br\/cri\/wp-json\/wp\/v2\/types\/post"}],"author":[{"embeddable":true,"href":"https:\/\/diariodepe.com.br\/cri\/wp-json\/wp\/v2\/users\/2"}],"replies":[{"embeddable":true,"href":"https:\/\/diariodepe.com.br\/cri\/wp-json\/wp\/v2\/comments?post=9073"}],"version-history":[{"count":1,"href":"https:\/\/diariodepe.com.br\/cri\/wp-json\/wp\/v2\/posts\/9073\/revisions"}],"predecessor-version":[{"id":9074,"href":"https:\/\/diariodepe.com.br\/cri\/wp-json\/wp\/v2\/posts\/9073\/revisions\/9074"}],"wp:attachment":[{"href":"https:\/\/diariodepe.com.br\/cri\/wp-json\/wp\/v2\/media?parent=9073"}],"wp:term":[{"taxonomy":"category","embeddable":true,"href":"https:\/\/diariodepe.com.br\/cri\/wp-json\/wp\/v2\/categories?post=9073"},{"taxonomy":"post_tag","embeddable":true,"href":"https:\/\/diariodepe.com.br\/cri\/wp-json\/wp\/v2\/tags?post=9073"}],"curies":[{"name":"wp","href":"https:\/\/api.w.org\/{rel}","templated":true}]}}