{"id":9071,"date":"2025-08-19T04:09:25","date_gmt":"2025-08-19T07:09:25","guid":{"rendered":"https:\/\/diariodepe.com.br\/cri\/?p=9071"},"modified":"2025-08-19T04:09:25","modified_gmt":"2025-08-19T07:09:25","slug":"comite-central-do-pcch-realiza-simposio-para-discutir-estrategias-economicas","status":"publish","type":"post","link":"https:\/\/diariodepe.com.br\/cri\/2025\/08\/19\/comite-central-do-pcch-realiza-simposio-para-discutir-estrategias-economicas\/","title":{"rendered":"Comit\u00ea Central do PCCh realiza simp\u00f3sio para discutir estrat\u00e9gias econ\u00f4micas"},"content":{"rendered":"<p>O Comit\u00ea Central do Partido Comunista da China (PCCh) realizou,\u00a0em\u00a023 de julho,\u00a0em Beijing,\u00a0um\u00a0simp\u00f3sio\u00a0com\u00a0representantes dos\u00a0comit\u00eas centrais de outros partidos pol\u00edticos, da Federa\u00e7\u00e3o Nacional da\u00a0Ind\u00fastria e Com\u00e9rcio, al\u00e9m de\u00a0personalidades sem filia\u00e7\u00e3o partid\u00e1ria. O objetivo foi ouvir opini\u00f5es e sugest\u00f5es sobre a situa\u00e7\u00e3o econ\u00f4mica atual\u00a0e o trabalho\u00a0a ser desenvolvido no segundo semestre do ano. O secret\u00e1rio-geral do Comit\u00ea Central do PCCh, Xi Jinping, presidiu\u00a0\u2028\u00a0o encontro e proferiu um importante discurso.<\/p>\n<p>Segundo o l\u00edder chin\u00eas, para\u00a0assegurar um desempenho econ\u00f4mico s\u00f3lido no segundo semestre, \u00e9 necess\u00e1rio\u00a0buscar o progresso\u00a0com base na estabilidade, implementar integralmente a nova filosofia de\u00a0desenvolvimento e acelerar a constru\u00e7\u00e3o de\u00a0uma nova din\u00e2mica de\u00a0crescimento. Ele enfatizou a import\u00e2ncia de\u00a0manter a continuidade e\u00a0a estabilidade das pol\u00edticas, aumentando sua flexibilidade e previsibilidade. Xi Jinping\u00a0tamb\u00e9m destacou a necessidade de\u00a0garantir a\u00a0estabilidade\u00a0no emprego,\u00a0nas empresas e nas expectativas do mercado, al\u00e9m de\u00a0incentivar o consumo,\u00a0impulsionar a circula\u00e7\u00e3o interna da economia e\u00a0promover a\u00a0dupla circula\u00e7\u00e3o\u00a0das economias\u00a0dom\u00e9stica e internacional. O objetivo \u00e9 cumprir as metas e tarefas anuais de desenvolvimento econ\u00f4mico e social, assegurando\u00a0uma conclus\u00e3o bem-sucedida do 14\u00ba Plano Quinquenal.<\/p>\n","protected":false},"excerpt":{"rendered":"<p>O Comit\u00ea Central do Partido Comunista da China (PCCh) realizou,\u00a0em\u00a023 de julho,\u00a0em Beijing,\u00a0um\u00a0simp\u00f3sio\u00a0com\u00a0representantes dos\u00a0comit\u00eas centrais de outros partidos pol\u00edticos, da Federa\u00e7\u00e3o Nacional da\u00a0Ind\u00fastria e Com\u00e9rcio, al\u00e9m de\u00a0personalidades sem filia\u00e7\u00e3o partid\u00e1ria. O objetivo foi ouvir opini\u00f5es e sugest\u00f5es sobre a situa\u00e7\u00e3o&#8230;<\/p>\n","protected":false},"author":2,"featured_media":0,"comment_status":"open","ping_status":"open","sticky":false,"template":"","format":"standard","meta":{"footnotes":""},"categories":[3],"tags":[],"class_list":["post-9071","post","type-post","status-publish","format-standard","hentry","category-china"],"yoast_head":"<!-- This site is optimized with the Yoast SEO plugin v27.4 - https:\/\/yoast.com\/product\/yoast-seo-wordpress\/ -->\n<title>Comit\u00ea Central do PCCh realiza simp\u00f3sio para discutir estrat\u00e9gias econ\u00f4micas - CRI e Diario de Pernambuco<\/title>\n<meta name=\"robots\" content=\"index, follow, max-snippet:-1, max-image-preview:large, max-video-preview:-1\" \/>\n<link rel=\"canonical\" href=\"https:\/\/diariodepe.com.br\/cri\/2025\/08\/19\/comite-central-do-pcch-realiza-simposio-para-discutir-estrategias-economicas\/\" \/>\n<meta property=\"og:locale\" content=\"pt_BR\" \/>\n<meta property=\"og:type\" content=\"article\" \/>\n<meta property=\"og:title\" content=\"Comit\u00ea Central do PCCh realiza simp\u00f3sio para discutir estrat\u00e9gias econ\u00f4micas - CRI e Diario de Pernambuco\" \/>\n<meta property=\"og:description\" content=\"O Comit\u00ea Central do Partido Comunista da China (PCCh) realizou,\u00a0em\u00a023 de julho,\u00a0em Beijing,\u00a0um\u00a0simp\u00f3sio\u00a0com\u00a0representantes dos\u00a0comit\u00eas centrais de outros partidos pol\u00edticos, da Federa\u00e7\u00e3o Nacional da\u00a0Ind\u00fastria e Com\u00e9rcio, al\u00e9m de\u00a0personalidades sem filia\u00e7\u00e3o partid\u00e1ria. O objetivo foi ouvir opini\u00f5es e sugest\u00f5es sobre a situa\u00e7\u00e3o...\" \/>\n<meta property=\"og:url\" content=\"https:\/\/diariodepe.com.br\/cri\/2025\/08\/19\/comite-central-do-pcch-realiza-simposio-para-discutir-estrategias-economicas\/\" \/>\n<meta property=\"og:site_name\" content=\"CRI e Diario de Pernambuco\" \/>\n<meta property=\"article:published_time\" content=\"2025-08-19T07:09:25+00:00\" \/>\n<meta name=\"author\" content=\"Ismael Lucas S. Pereira\" \/>\n<meta name=\"twitter:card\" content=\"summary_large_image\" \/>\n<meta name=\"twitter:label1\" content=\"Escrito por\" \/>\n\t<meta name=\"twitter:data1\" content=\"Ismael Lucas S. Pereira\" \/>\n\t<meta name=\"twitter:label2\" content=\"Est. tempo de leitura\" \/>\n\t<meta name=\"twitter:data2\" content=\"2 minutos\" \/>\n<script type=\"application\/ld+json\" class=\"yoast-schema-graph\">{\"@context\":\"https:\\\/\\\/schema.org\",\"@graph\":[{\"@type\":\"Article\",\"@id\":\"https:\\\/\\\/diariodepe.com.br\\\/cri\\\/2025\\\/08\\\/19\\\/comite-central-do-pcch-realiza-simposio-para-discutir-estrategias-economicas\\\/#article\",\"isPartOf\":{\"@id\":\"https:\\\/\\\/diariodepe.com.br\\\/cri\\\/2025\\\/08\\\/19\\\/comite-central-do-pcch-realiza-simposio-para-discutir-estrategias-economicas\\\/\"},\"author\":{\"name\":\"Ismael Lucas S. Pereira\",\"@id\":\"https:\\\/\\\/diariodepe.com.br\\\/cri\\\/#\\\/schema\\\/person\\\/121bb28d84f1a5b1205ef4ce9c2e0c6b\"},\"headline\":\"Comit\u00ea Central do PCCh realiza simp\u00f3sio para discutir estrat\u00e9gias econ\u00f4micas\",\"datePublished\":\"2025-08-19T07:09:25+00:00\",\"mainEntityOfPage\":{\"@id\":\"https:\\\/\\\/diariodepe.com.br\\\/cri\\\/2025\\\/08\\\/19\\\/comite-central-do-pcch-realiza-simposio-para-discutir-estrategias-economicas\\\/\"},\"wordCount\":238,\"commentCount\":0,\"publisher\":{\"@id\":\"https:\\\/\\\/diariodepe.com.br\\\/cri\\\/#organization\"},\"articleSection\":[\"China\"],\"inLanguage\":\"pt-BR\",\"potentialAction\":[{\"@type\":\"CommentAction\",\"name\":\"Comment\",\"target\":[\"https:\\\/\\\/diariodepe.com.br\\\/cri\\\/2025\\\/08\\\/19\\\/comite-central-do-pcch-realiza-simposio-para-discutir-estrategias-economicas\\\/#respond\"]}]},{\"@type\":\"WebPage\",\"@id\":\"https:\\\/\\\/diariodepe.com.br\\\/cri\\\/2025\\\/08\\\/19\\\/comite-central-do-pcch-realiza-simposio-para-discutir-estrategias-economicas\\\/\",\"url\":\"https:\\\/\\\/diariodepe.com.br\\\/cri\\\/2025\\\/08\\\/19\\\/comite-central-do-pcch-realiza-simposio-para-discutir-estrategias-economicas\\\/\",\"name\":\"Comit\u00ea Central do PCCh realiza simp\u00f3sio para discutir estrat\u00e9gias econ\u00f4micas - CRI e Diario de Pernambuco\",\"isPartOf\":{\"@id\":\"https:\\\/\\\/diariodepe.com.br\\\/cri\\\/#website\"},\"datePublished\":\"2025-08-19T07:09:25+00:00\",\"breadcrumb\":{\"@id\":\"https:\\\/\\\/diariodepe.com.br\\\/cri\\\/2025\\\/08\\\/19\\\/comite-central-do-pcch-realiza-simposio-para-discutir-estrategias-economicas\\\/#breadcrumb\"},\"inLanguage\":\"pt-BR\",\"potentialAction\":[{\"@type\":\"ReadAction\",\"target\":[\"https:\\\/\\\/diariodepe.com.br\\\/cri\\\/2025\\\/08\\\/19\\\/comite-central-do-pcch-realiza-simposio-para-discutir-estrategias-economicas\\\/\"]}]},{\"@type\":\"BreadcrumbList\",\"@id\":\"https:\\\/\\\/diariodepe.com.br\\\/cri\\\/2025\\\/08\\\/19\\\/comite-central-do-pcch-realiza-simposio-para-discutir-estrategias-economicas\\\/#breadcrumb\",\"itemListElement\":[{\"@type\":\"ListItem\",\"position\":1,\"name\":\"In\u00edcio\",\"item\":\"https:\\\/\\\/diariodepe.com.br\\\/cri\\\/\"},{\"@type\":\"ListItem\",\"position\":2,\"name\":\"Comit\u00ea Central do PCCh realiza simp\u00f3sio para discutir estrat\u00e9gias econ\u00f4micas\"}]},{\"@type\":\"WebSite\",\"@id\":\"https:\\\/\\\/diariodepe.com.br\\\/cri\\\/#website\",\"url\":\"https:\\\/\\\/diariodepe.com.br\\\/cri\\\/\",\"name\":\"CRI e Diario de Pernambuco\",\"description\":\"R\u00e1dio Internacional da China\",\"publisher\":{\"@id\":\"https:\\\/\\\/diariodepe.com.br\\\/cri\\\/#organization\"},\"potentialAction\":[{\"@type\":\"SearchAction\",\"target\":{\"@type\":\"EntryPoint\",\"urlTemplate\":\"https:\\\/\\\/diariodepe.com.br\\\/cri\\\/?s={search_term_string}\"},\"query-input\":{\"@type\":\"PropertyValueSpecification\",\"valueRequired\":true,\"valueName\":\"search_term_string\"}}],\"inLanguage\":\"pt-BR\"},{\"@type\":\"Organization\",\"@id\":\"https:\\\/\\\/diariodepe.com.br\\\/cri\\\/#organization\",\"name\":\"CRI e Diario de Pernambuco\",\"url\":\"https:\\\/\\\/diariodepe.com.br\\\/cri\\\/\",\"logo\":{\"@type\":\"ImageObject\",\"inLanguage\":\"pt-BR\",\"@id\":\"https:\\\/\\\/diariodepe.com.br\\\/cri\\\/#\\\/schema\\\/logo\\\/image\\\/\",\"url\":\"https:\\\/\\\/diariodepe.com.br\\\/cri\\\/wp-content\\\/uploads\\\/sites\\\/2\\\/2022\\\/12\\\/cropped-Logo.jpg\",\"contentUrl\":\"https:\\\/\\\/diariodepe.com.br\\\/cri\\\/wp-content\\\/uploads\\\/sites\\\/2\\\/2022\\\/12\\\/cropped-Logo.jpg\",\"width\":700,\"height\":59,\"caption\":\"CRI e Diario de Pernambuco\"},\"image\":{\"@id\":\"https:\\\/\\\/diariodepe.com.br\\\/cri\\\/#\\\/schema\\\/logo\\\/image\\\/\"}},{\"@type\":\"Person\",\"@id\":\"https:\\\/\\\/diariodepe.com.br\\\/cri\\\/#\\\/schema\\\/person\\\/121bb28d84f1a5b1205ef4ce9c2e0c6b\",\"name\":\"Ismael Lucas S. Pereira\",\"image\":{\"@type\":\"ImageObject\",\"inLanguage\":\"pt-BR\",\"@id\":\"https:\\\/\\\/secure.gravatar.com\\\/avatar\\\/887a0f3b5a7ceea963a48499fb883ffce6b5037362def025c52c2505b15d63e4?s=96&d=mm&r=g\",\"url\":\"https:\\\/\\\/secure.gravatar.com\\\/avatar\\\/887a0f3b5a7ceea963a48499fb883ffce6b5037362def025c52c2505b15d63e4?s=96&d=mm&r=g\",\"contentUrl\":\"https:\\\/\\\/secure.gravatar.com\\\/avatar\\\/887a0f3b5a7ceea963a48499fb883ffce6b5037362def025c52c2505b15d63e4?s=96&d=mm&r=g\",\"caption\":\"Ismael Lucas S. Pereira\"},\"url\":\"https:\\\/\\\/diariodepe.com.br\\\/cri\\\/author\\\/ismael-lucas\\\/\"}]}<\/script>\n<!-- \/ Yoast SEO plugin. -->","yoast_head_json":{"title":"Comit\u00ea Central do PCCh realiza simp\u00f3sio para discutir estrat\u00e9gias econ\u00f4micas - CRI e Diario de Pernambuco","robots":{"index":"index","follow":"follow","max-snippet":"max-snippet:-1","max-image-preview":"max-image-preview:large","max-video-preview":"max-video-preview:-1"},"canonical":"https:\/\/diariodepe.com.br\/cri\/2025\/08\/19\/comite-central-do-pcch-realiza-simposio-para-discutir-estrategias-economicas\/","og_locale":"pt_BR","og_type":"article","og_title":"Comit\u00ea Central do PCCh realiza simp\u00f3sio para discutir estrat\u00e9gias econ\u00f4micas - CRI e Diario de Pernambuco","og_description":"O Comit\u00ea Central do Partido Comunista da China (PCCh) realizou,\u00a0em\u00a023 de julho,\u00a0em Beijing,\u00a0um\u00a0simp\u00f3sio\u00a0com\u00a0representantes dos\u00a0comit\u00eas centrais de outros partidos pol\u00edticos, da Federa\u00e7\u00e3o Nacional da\u00a0Ind\u00fastria e Com\u00e9rcio, al\u00e9m de\u00a0personalidades sem filia\u00e7\u00e3o partid\u00e1ria. O objetivo foi ouvir opini\u00f5es e sugest\u00f5es sobre a situa\u00e7\u00e3o...","og_url":"https:\/\/diariodepe.com.br\/cri\/2025\/08\/19\/comite-central-do-pcch-realiza-simposio-para-discutir-estrategias-economicas\/","og_site_name":"CRI e Diario de Pernambuco","article_published_time":"2025-08-19T07:09:25+00:00","author":"Ismael Lucas S. Pereira","twitter_card":"summary_large_image","twitter_misc":{"Escrito por":"Ismael Lucas S. Pereira","Est. tempo de leitura":"2 minutos"},"schema":{"@context":"https:\/\/schema.org","@graph":[{"@type":"Article","@id":"https:\/\/diariodepe.com.br\/cri\/2025\/08\/19\/comite-central-do-pcch-realiza-simposio-para-discutir-estrategias-economicas\/#article","isPartOf":{"@id":"https:\/\/diariodepe.com.br\/cri\/2025\/08\/19\/comite-central-do-pcch-realiza-simposio-para-discutir-estrategias-economicas\/"},"author":{"name":"Ismael Lucas S. Pereira","@id":"https:\/\/diariodepe.com.br\/cri\/#\/schema\/person\/121bb28d84f1a5b1205ef4ce9c2e0c6b"},"headline":"Comit\u00ea Central do PCCh realiza simp\u00f3sio para discutir estrat\u00e9gias econ\u00f4micas","datePublished":"2025-08-19T07:09:25+00:00","mainEntityOfPage":{"@id":"https:\/\/diariodepe.com.br\/cri\/2025\/08\/19\/comite-central-do-pcch-realiza-simposio-para-discutir-estrategias-economicas\/"},"wordCount":238,"commentCount":0,"publisher":{"@id":"https:\/\/diariodepe.com.br\/cri\/#organization"},"articleSection":["China"],"inLanguage":"pt-BR","potentialAction":[{"@type":"CommentAction","name":"Comment","target":["https:\/\/diariodepe.com.br\/cri\/2025\/08\/19\/comite-central-do-pcch-realiza-simposio-para-discutir-estrategias-economicas\/#respond"]}]},{"@type":"WebPage","@id":"https:\/\/diariodepe.com.br\/cri\/2025\/08\/19\/comite-central-do-pcch-realiza-simposio-para-discutir-estrategias-economicas\/","url":"https:\/\/diariodepe.com.br\/cri\/2025\/08\/19\/comite-central-do-pcch-realiza-simposio-para-discutir-estrategias-economicas\/","name":"Comit\u00ea Central do PCCh realiza simp\u00f3sio para discutir estrat\u00e9gias econ\u00f4micas - CRI e Diario de Pernambuco","isPartOf":{"@id":"https:\/\/diariodepe.com.br\/cri\/#website"},"datePublished":"2025-08-19T07:09:25+00:00","breadcrumb":{"@id":"https:\/\/diariodepe.com.br\/cri\/2025\/08\/19\/comite-central-do-pcch-realiza-simposio-para-discutir-estrategias-economicas\/#breadcrumb"},"inLanguage":"pt-BR","potentialAction":[{"@type":"ReadAction","target":["https:\/\/diariodepe.com.br\/cri\/2025\/08\/19\/comite-central-do-pcch-realiza-simposio-para-discutir-estrategias-economicas\/"]}]},{"@type":"BreadcrumbList","@id":"https:\/\/diariodepe.com.br\/cri\/2025\/08\/19\/comite-central-do-pcch-realiza-simposio-para-discutir-estrategias-economicas\/#breadcrumb","itemListElement":[{"@type":"ListItem","position":1,"name":"In\u00edcio","item":"https:\/\/diariodepe.com.br\/cri\/"},{"@type":"ListItem","position":2,"name":"Comit\u00ea Central do PCCh realiza simp\u00f3sio para discutir estrat\u00e9gias econ\u00f4micas"}]},{"@type":"WebSite","@id":"https:\/\/diariodepe.com.br\/cri\/#website","url":"https:\/\/diariodepe.com.br\/cri\/","name":"CRI e Diario de Pernambuco","description":"R\u00e1dio Internacional da China","publisher":{"@id":"https:\/\/diariodepe.com.br\/cri\/#organization"},"potentialAction":[{"@type":"SearchAction","target":{"@type":"EntryPoint","urlTemplate":"https:\/\/diariodepe.com.br\/cri\/?s={search_term_string}"},"query-input":{"@type":"PropertyValueSpecification","valueRequired":true,"valueName":"search_term_string"}}],"inLanguage":"pt-BR"},{"@type":"Organization","@id":"https:\/\/diariodepe.com.br\/cri\/#organization","name":"CRI e Diario de Pernambuco","url":"https:\/\/diariodepe.com.br\/cri\/","logo":{"@type":"ImageObject","inLanguage":"pt-BR","@id":"https:\/\/diariodepe.com.br\/cri\/#\/schema\/logo\/image\/","url":"https:\/\/diariodepe.com.br\/cri\/wp-content\/uploads\/sites\/2\/2022\/12\/cropped-Logo.jpg","contentUrl":"https:\/\/diariodepe.com.br\/cri\/wp-content\/uploads\/sites\/2\/2022\/12\/cropped-Logo.jpg","width":700,"height":59,"caption":"CRI e Diario de Pernambuco"},"image":{"@id":"https:\/\/diariodepe.com.br\/cri\/#\/schema\/logo\/image\/"}},{"@type":"Person","@id":"https:\/\/diariodepe.com.br\/cri\/#\/schema\/person\/121bb28d84f1a5b1205ef4ce9c2e0c6b","name":"Ismael Lucas S. Pereira","image":{"@type":"ImageObject","inLanguage":"pt-BR","@id":"https:\/\/secure.gravatar.com\/avatar\/887a0f3b5a7ceea963a48499fb883ffce6b5037362def025c52c2505b15d63e4?s=96&d=mm&r=g","url":"https:\/\/secure.gravatar.com\/avatar\/887a0f3b5a7ceea963a48499fb883ffce6b5037362def025c52c2505b15d63e4?s=96&d=mm&r=g","contentUrl":"https:\/\/secure.gravatar.com\/avatar\/887a0f3b5a7ceea963a48499fb883ffce6b5037362def025c52c2505b15d63e4?s=96&d=mm&r=g","caption":"Ismael Lucas S. Pereira"},"url":"https:\/\/diariodepe.com.br\/cri\/author\/ismael-lucas\/"}]}},"cc_featured_image_caption":{"caption_text":false,"source_text":false,"source_url":false},"amp_enabled":true,"_links":{"self":[{"href":"https:\/\/diariodepe.com.br\/cri\/wp-json\/wp\/v2\/posts\/9071","targetHints":{"allow":["GET"]}}],"collection":[{"href":"https:\/\/diariodepe.com.br\/cri\/wp-json\/wp\/v2\/posts"}],"about":[{"href":"https:\/\/diariodepe.com.br\/cri\/wp-json\/wp\/v2\/types\/post"}],"author":[{"embeddable":true,"href":"https:\/\/diariodepe.com.br\/cri\/wp-json\/wp\/v2\/users\/2"}],"replies":[{"embeddable":true,"href":"https:\/\/diariodepe.com.br\/cri\/wp-json\/wp\/v2\/comments?post=9071"}],"version-history":[{"count":1,"href":"https:\/\/diariodepe.com.br\/cri\/wp-json\/wp\/v2\/posts\/9071\/revisions"}],"predecessor-version":[{"id":9072,"href":"https:\/\/diariodepe.com.br\/cri\/wp-json\/wp\/v2\/posts\/9071\/revisions\/9072"}],"wp:attachment":[{"href":"https:\/\/diariodepe.com.br\/cri\/wp-json\/wp\/v2\/media?parent=9071"}],"wp:term":[{"taxonomy":"category","embeddable":true,"href":"https:\/\/diariodepe.com.br\/cri\/wp-json\/wp\/v2\/categories?post=9071"},{"taxonomy":"post_tag","embeddable":true,"href":"https:\/\/diariodepe.com.br\/cri\/wp-json\/wp\/v2\/tags?post=9071"}],"curies":[{"name":"wp","href":"https:\/\/api.w.org\/{rel}","templated":true}]}}