{"id":8938,"date":"2025-07-30T00:10:45","date_gmt":"2025-07-30T03:10:45","guid":{"rendered":"https:\/\/diariodepe.com.br\/cri\/?p=8938"},"modified":"2025-07-30T00:10:45","modified_gmt":"2025-07-30T03:10:45","slug":"economia-resiliente-da-china-da-confianca-ao-mundo-todo","status":"publish","type":"post","link":"https:\/\/diariodepe.com.br\/cri\/2025\/07\/30\/economia-resiliente-da-china-da-confianca-ao-mundo-todo\/","title":{"rendered":"Economia resiliente da China d\u00e1 confian\u00e7a ao mundo todo"},"content":{"rendered":"<p><img decoding=\"async\" src=\"https:\/\/38picres.cgtn.com\/photoAlbum\/page\/performance\/img\/2025\/7\/16\/1752633315887_74.png\" \/><\/p>\n<p>Ap\u00f3s o an\u00fancio oficial da China nesta ter\u00e7a-feira (15), sobre o crescimento econ\u00f4mico de 5,3% no primeiro semestre deste ano, a opini\u00e3o p\u00fablica internacional utilizou termos como \u201ccrescimento acima do esperado\u201d e \u201crecordes de importa\u00e7\u00e3o e exporta\u00e7\u00e3o\u201d para avaliar o desempenho da economia chinesa.<\/p>\n<p>Recentemente, v\u00e1rias organiza\u00e7\u00f5es internacionais elevaram suas proje\u00e7\u00f5es para o crescimento econ\u00f4mico da China. Al\u00e9m disso, investidores estrangeiros, incluindo fundos soberanos, aumentaram suas posi\u00e7\u00f5es em a\u00e7\u00f5es da categoria A, o que demonstra\u00a0a confian\u00e7a na economia do pa\u00eds.<\/p>\n<p>Desde o in\u00edcio deste ano,\u00a0a taxa de desemprego chinesa tem se mantido basicamente est\u00e1vel, e os pre\u00e7os,\u00a0em um n\u00edvel baixo. O\u00a0\u00cdndice de Pre\u00e7os ao Consumidor\u00a0(IPC) passou de negativo para positivo em junho, com um aumento de 0,1%. Esses fatores contribu\u00edram para estabelecer uma base s\u00f3lida rumo \u00e0 meta de crescimento anual e confirmam que o tom principal de\u00a0estabilidade da economia chinesa permanece inalterado.<\/p>\n<p>De janeiro a junho, o valor agregado dos setores de alta tecnologia cresceu 9,5% em rela\u00e7\u00e3o ao mesmo per\u00edodo do ano passado. A integra\u00e7\u00e3o industrial de diversas conquistas em inova\u00e7\u00e3o impulsionou a expans\u00e3o de setores relacionados, refletindo o r\u00e1pido desenvolvimento de novas for\u00e7as produtivas de qualidade.<\/p>\n<p>As importa\u00e7\u00f5es e exporta\u00e7\u00f5es de mercadorias da China no primeiro semestre totalizaram 21,79 trilh\u00f5es\u00a0de yuans, um aumento anual de 2,9%,\u00a0evidenciando\u00a0a forte resili\u00eancia\u00a0da economia chinesa.<\/p>\n<p>Vale destacar que as empresas estrangeiras na China tornaram-se\u00a0participantes\u00a0importantes\u00a0no com\u00e9rcio exterior do pa\u00eds. No primeiro semestre,\u00a0as importa\u00e7\u00f5es e exporta\u00e7\u00f5es dessas\u00a0empresas aumentaram 2,4% em rela\u00e7\u00e3o ao mesmo per\u00edodo do ano anterior, mantendo o crescimento por cinco trimestres consecutivos.<\/p>\n<p>Wang Xiaosong, professor da Universidade Renmin da China, destacou que uma base industrial s\u00f3lida, um mercado amplo, grande potencial e uma estrat\u00e9gia orientada\u00a0\u00e0\u00a0inova\u00e7\u00e3o contribu\u00edram para o desenvolvimento de alta qualidade da economia chinesa. Al\u00e9m disso, o governo implementou uma s\u00e9rie de pol\u00edticas para expandir a demanda interna, promover a produtividade, facilitar a circula\u00e7\u00e3o e estabilizar o investimento estrangeiro, o que tamb\u00e9m teve papel relevante nesse desempenho.<\/p>\n<p>Apesar da complexidade e da severidade do ambiente externo, a resili\u00eancia da economia chinesa e a\u00a0determina\u00e7\u00e3o\u00a0do pa\u00eds\u00a0em continuar ampliando sua abertura convencem o mundo de que a China\u00a0seguir\u00e1 sendo uma fonte de estabilidade para a economia global e um polo de oportunidades para o desenvolvimento futuro.<\/p>\n","protected":false},"excerpt":{"rendered":"<p>Ap\u00f3s o an\u00fancio oficial da China nesta ter\u00e7a-feira (15), sobre o crescimento econ\u00f4mico de 5,3% no primeiro semestre deste ano, a opini\u00e3o p\u00fablica internacional utilizou termos como \u201ccrescimento acima do esperado\u201d e \u201crecordes de importa\u00e7\u00e3o e exporta\u00e7\u00e3o\u201d para avaliar o&#8230;<\/p>\n","protected":false},"author":2,"featured_media":0,"comment_status":"open","ping_status":"open","sticky":false,"template":"","format":"standard","meta":{"footnotes":""},"categories":[7],"tags":[],"class_list":["post-8938","post","type-post","status-publish","format-standard","hentry","category-visao"],"yoast_head":"<!-- This site is optimized with the Yoast SEO plugin v27.4 - https:\/\/yoast.com\/product\/yoast-seo-wordpress\/ -->\n<title>Economia resiliente da China d\u00e1 confian\u00e7a ao mundo todo - CRI e Diario de Pernambuco<\/title>\n<meta name=\"robots\" content=\"index, follow, max-snippet:-1, max-image-preview:large, max-video-preview:-1\" \/>\n<link rel=\"canonical\" href=\"https:\/\/diariodepe.com.br\/cri\/2025\/07\/30\/economia-resiliente-da-china-da-confianca-ao-mundo-todo\/\" \/>\n<meta property=\"og:locale\" content=\"pt_BR\" \/>\n<meta property=\"og:type\" content=\"article\" \/>\n<meta property=\"og:title\" content=\"Economia resiliente da China d\u00e1 confian\u00e7a ao mundo todo - CRI e Diario de Pernambuco\" \/>\n<meta property=\"og:description\" content=\"Ap\u00f3s o an\u00fancio oficial da China nesta ter\u00e7a-feira (15), sobre o crescimento econ\u00f4mico de 5,3% no primeiro semestre deste ano, a opini\u00e3o p\u00fablica internacional utilizou termos como \u201ccrescimento acima do esperado\u201d e \u201crecordes de importa\u00e7\u00e3o e exporta\u00e7\u00e3o\u201d para avaliar o...\" \/>\n<meta property=\"og:url\" content=\"https:\/\/diariodepe.com.br\/cri\/2025\/07\/30\/economia-resiliente-da-china-da-confianca-ao-mundo-todo\/\" \/>\n<meta property=\"og:site_name\" content=\"CRI e Diario de Pernambuco\" \/>\n<meta property=\"article:published_time\" content=\"2025-07-30T03:10:45+00:00\" \/>\n<meta property=\"og:image\" content=\"https:\/\/38picres.cgtn.com\/photoAlbum\/page\/performance\/img\/2025\/7\/16\/1752633315887_74.png\" \/>\n<meta name=\"author\" content=\"Ismael Lucas S. Pereira\" \/>\n<meta name=\"twitter:card\" content=\"summary_large_image\" \/>\n<meta name=\"twitter:label1\" content=\"Escrito por\" \/>\n\t<meta name=\"twitter:data1\" content=\"Ismael Lucas S. Pereira\" \/>\n\t<meta name=\"twitter:label2\" content=\"Est. tempo de leitura\" \/>\n\t<meta name=\"twitter:data2\" content=\"3 minutos\" \/>\n<script type=\"application\/ld+json\" class=\"yoast-schema-graph\">{\"@context\":\"https:\\\/\\\/schema.org\",\"@graph\":[{\"@type\":\"Article\",\"@id\":\"https:\\\/\\\/diariodepe.com.br\\\/cri\\\/2025\\\/07\\\/30\\\/economia-resiliente-da-china-da-confianca-ao-mundo-todo\\\/#article\",\"isPartOf\":{\"@id\":\"https:\\\/\\\/diariodepe.com.br\\\/cri\\\/2025\\\/07\\\/30\\\/economia-resiliente-da-china-da-confianca-ao-mundo-todo\\\/\"},\"author\":{\"name\":\"Ismael Lucas S. Pereira\",\"@id\":\"https:\\\/\\\/diariodepe.com.br\\\/cri\\\/#\\\/schema\\\/person\\\/121bb28d84f1a5b1205ef4ce9c2e0c6b\"},\"headline\":\"Economia resiliente da China d\u00e1 confian\u00e7a ao mundo todo\",\"datePublished\":\"2025-07-30T03:10:45+00:00\",\"mainEntityOfPage\":{\"@id\":\"https:\\\/\\\/diariodepe.com.br\\\/cri\\\/2025\\\/07\\\/30\\\/economia-resiliente-da-china-da-confianca-ao-mundo-todo\\\/\"},\"wordCount\":437,\"commentCount\":0,\"publisher\":{\"@id\":\"https:\\\/\\\/diariodepe.com.br\\\/cri\\\/#organization\"},\"image\":{\"@id\":\"https:\\\/\\\/diariodepe.com.br\\\/cri\\\/2025\\\/07\\\/30\\\/economia-resiliente-da-china-da-confianca-ao-mundo-todo\\\/#primaryimage\"},\"thumbnailUrl\":\"https:\\\/\\\/38picres.cgtn.com\\\/photoAlbum\\\/page\\\/performance\\\/img\\\/2025\\\/7\\\/16\\\/1752633315887_74.png\",\"articleSection\":[\"Vis\u00e3o\"],\"inLanguage\":\"pt-BR\",\"potentialAction\":[{\"@type\":\"CommentAction\",\"name\":\"Comment\",\"target\":[\"https:\\\/\\\/diariodepe.com.br\\\/cri\\\/2025\\\/07\\\/30\\\/economia-resiliente-da-china-da-confianca-ao-mundo-todo\\\/#respond\"]}]},{\"@type\":\"WebPage\",\"@id\":\"https:\\\/\\\/diariodepe.com.br\\\/cri\\\/2025\\\/07\\\/30\\\/economia-resiliente-da-china-da-confianca-ao-mundo-todo\\\/\",\"url\":\"https:\\\/\\\/diariodepe.com.br\\\/cri\\\/2025\\\/07\\\/30\\\/economia-resiliente-da-china-da-confianca-ao-mundo-todo\\\/\",\"name\":\"Economia resiliente da China d\u00e1 confian\u00e7a ao mundo todo - CRI e Diario de Pernambuco\",\"isPartOf\":{\"@id\":\"https:\\\/\\\/diariodepe.com.br\\\/cri\\\/#website\"},\"primaryImageOfPage\":{\"@id\":\"https:\\\/\\\/diariodepe.com.br\\\/cri\\\/2025\\\/07\\\/30\\\/economia-resiliente-da-china-da-confianca-ao-mundo-todo\\\/#primaryimage\"},\"image\":{\"@id\":\"https:\\\/\\\/diariodepe.com.br\\\/cri\\\/2025\\\/07\\\/30\\\/economia-resiliente-da-china-da-confianca-ao-mundo-todo\\\/#primaryimage\"},\"thumbnailUrl\":\"https:\\\/\\\/38picres.cgtn.com\\\/photoAlbum\\\/page\\\/performance\\\/img\\\/2025\\\/7\\\/16\\\/1752633315887_74.png\",\"datePublished\":\"2025-07-30T03:10:45+00:00\",\"breadcrumb\":{\"@id\":\"https:\\\/\\\/diariodepe.com.br\\\/cri\\\/2025\\\/07\\\/30\\\/economia-resiliente-da-china-da-confianca-ao-mundo-todo\\\/#breadcrumb\"},\"inLanguage\":\"pt-BR\",\"potentialAction\":[{\"@type\":\"ReadAction\",\"target\":[\"https:\\\/\\\/diariodepe.com.br\\\/cri\\\/2025\\\/07\\\/30\\\/economia-resiliente-da-china-da-confianca-ao-mundo-todo\\\/\"]}]},{\"@type\":\"ImageObject\",\"inLanguage\":\"pt-BR\",\"@id\":\"https:\\\/\\\/diariodepe.com.br\\\/cri\\\/2025\\\/07\\\/30\\\/economia-resiliente-da-china-da-confianca-ao-mundo-todo\\\/#primaryimage\",\"url\":\"https:\\\/\\\/38picres.cgtn.com\\\/photoAlbum\\\/page\\\/performance\\\/img\\\/2025\\\/7\\\/16\\\/1752633315887_74.png\",\"contentUrl\":\"https:\\\/\\\/38picres.cgtn.com\\\/photoAlbum\\\/page\\\/performance\\\/img\\\/2025\\\/7\\\/16\\\/1752633315887_74.png\"},{\"@type\":\"BreadcrumbList\",\"@id\":\"https:\\\/\\\/diariodepe.com.br\\\/cri\\\/2025\\\/07\\\/30\\\/economia-resiliente-da-china-da-confianca-ao-mundo-todo\\\/#breadcrumb\",\"itemListElement\":[{\"@type\":\"ListItem\",\"position\":1,\"name\":\"In\u00edcio\",\"item\":\"https:\\\/\\\/diariodepe.com.br\\\/cri\\\/\"},{\"@type\":\"ListItem\",\"position\":2,\"name\":\"Economia resiliente da China d\u00e1 confian\u00e7a ao mundo todo\"}]},{\"@type\":\"WebSite\",\"@id\":\"https:\\\/\\\/diariodepe.com.br\\\/cri\\\/#website\",\"url\":\"https:\\\/\\\/diariodepe.com.br\\\/cri\\\/\",\"name\":\"CRI e Diario de Pernambuco\",\"description\":\"R\u00e1dio Internacional da China\",\"publisher\":{\"@id\":\"https:\\\/\\\/diariodepe.com.br\\\/cri\\\/#organization\"},\"potentialAction\":[{\"@type\":\"SearchAction\",\"target\":{\"@type\":\"EntryPoint\",\"urlTemplate\":\"https:\\\/\\\/diariodepe.com.br\\\/cri\\\/?s={search_term_string}\"},\"query-input\":{\"@type\":\"PropertyValueSpecification\",\"valueRequired\":true,\"valueName\":\"search_term_string\"}}],\"inLanguage\":\"pt-BR\"},{\"@type\":\"Organization\",\"@id\":\"https:\\\/\\\/diariodepe.com.br\\\/cri\\\/#organization\",\"name\":\"CRI e Diario de Pernambuco\",\"url\":\"https:\\\/\\\/diariodepe.com.br\\\/cri\\\/\",\"logo\":{\"@type\":\"ImageObject\",\"inLanguage\":\"pt-BR\",\"@id\":\"https:\\\/\\\/diariodepe.com.br\\\/cri\\\/#\\\/schema\\\/logo\\\/image\\\/\",\"url\":\"https:\\\/\\\/diariodepe.com.br\\\/cri\\\/wp-content\\\/uploads\\\/sites\\\/2\\\/2022\\\/12\\\/cropped-Logo.jpg\",\"contentUrl\":\"https:\\\/\\\/diariodepe.com.br\\\/cri\\\/wp-content\\\/uploads\\\/sites\\\/2\\\/2022\\\/12\\\/cropped-Logo.jpg\",\"width\":700,\"height\":59,\"caption\":\"CRI e Diario de Pernambuco\"},\"image\":{\"@id\":\"https:\\\/\\\/diariodepe.com.br\\\/cri\\\/#\\\/schema\\\/logo\\\/image\\\/\"}},{\"@type\":\"Person\",\"@id\":\"https:\\\/\\\/diariodepe.com.br\\\/cri\\\/#\\\/schema\\\/person\\\/121bb28d84f1a5b1205ef4ce9c2e0c6b\",\"name\":\"Ismael Lucas S. Pereira\",\"image\":{\"@type\":\"ImageObject\",\"inLanguage\":\"pt-BR\",\"@id\":\"https:\\\/\\\/secure.gravatar.com\\\/avatar\\\/887a0f3b5a7ceea963a48499fb883ffce6b5037362def025c52c2505b15d63e4?s=96&d=mm&r=g\",\"url\":\"https:\\\/\\\/secure.gravatar.com\\\/avatar\\\/887a0f3b5a7ceea963a48499fb883ffce6b5037362def025c52c2505b15d63e4?s=96&d=mm&r=g\",\"contentUrl\":\"https:\\\/\\\/secure.gravatar.com\\\/avatar\\\/887a0f3b5a7ceea963a48499fb883ffce6b5037362def025c52c2505b15d63e4?s=96&d=mm&r=g\",\"caption\":\"Ismael Lucas S. Pereira\"},\"url\":\"https:\\\/\\\/diariodepe.com.br\\\/cri\\\/author\\\/ismael-lucas\\\/\"}]}<\/script>\n<!-- \/ Yoast SEO plugin. -->","yoast_head_json":{"title":"Economia resiliente da China d\u00e1 confian\u00e7a ao mundo todo - CRI e Diario de Pernambuco","robots":{"index":"index","follow":"follow","max-snippet":"max-snippet:-1","max-image-preview":"max-image-preview:large","max-video-preview":"max-video-preview:-1"},"canonical":"https:\/\/diariodepe.com.br\/cri\/2025\/07\/30\/economia-resiliente-da-china-da-confianca-ao-mundo-todo\/","og_locale":"pt_BR","og_type":"article","og_title":"Economia resiliente da China d\u00e1 confian\u00e7a ao mundo todo - CRI e Diario de Pernambuco","og_description":"Ap\u00f3s o an\u00fancio oficial da China nesta ter\u00e7a-feira (15), sobre o crescimento econ\u00f4mico de 5,3% no primeiro semestre deste ano, a opini\u00e3o p\u00fablica internacional utilizou termos como \u201ccrescimento acima do esperado\u201d e \u201crecordes de importa\u00e7\u00e3o e exporta\u00e7\u00e3o\u201d para avaliar o...","og_url":"https:\/\/diariodepe.com.br\/cri\/2025\/07\/30\/economia-resiliente-da-china-da-confianca-ao-mundo-todo\/","og_site_name":"CRI e Diario de Pernambuco","article_published_time":"2025-07-30T03:10:45+00:00","og_image":[{"url":"https:\/\/38picres.cgtn.com\/photoAlbum\/page\/performance\/img\/2025\/7\/16\/1752633315887_74.png","type":"","width":"","height":""}],"author":"Ismael Lucas S. Pereira","twitter_card":"summary_large_image","twitter_misc":{"Escrito por":"Ismael Lucas S. Pereira","Est. tempo de leitura":"3 minutos"},"schema":{"@context":"https:\/\/schema.org","@graph":[{"@type":"Article","@id":"https:\/\/diariodepe.com.br\/cri\/2025\/07\/30\/economia-resiliente-da-china-da-confianca-ao-mundo-todo\/#article","isPartOf":{"@id":"https:\/\/diariodepe.com.br\/cri\/2025\/07\/30\/economia-resiliente-da-china-da-confianca-ao-mundo-todo\/"},"author":{"name":"Ismael Lucas S. Pereira","@id":"https:\/\/diariodepe.com.br\/cri\/#\/schema\/person\/121bb28d84f1a5b1205ef4ce9c2e0c6b"},"headline":"Economia resiliente da China d\u00e1 confian\u00e7a ao mundo todo","datePublished":"2025-07-30T03:10:45+00:00","mainEntityOfPage":{"@id":"https:\/\/diariodepe.com.br\/cri\/2025\/07\/30\/economia-resiliente-da-china-da-confianca-ao-mundo-todo\/"},"wordCount":437,"commentCount":0,"publisher":{"@id":"https:\/\/diariodepe.com.br\/cri\/#organization"},"image":{"@id":"https:\/\/diariodepe.com.br\/cri\/2025\/07\/30\/economia-resiliente-da-china-da-confianca-ao-mundo-todo\/#primaryimage"},"thumbnailUrl":"https:\/\/38picres.cgtn.com\/photoAlbum\/page\/performance\/img\/2025\/7\/16\/1752633315887_74.png","articleSection":["Vis\u00e3o"],"inLanguage":"pt-BR","potentialAction":[{"@type":"CommentAction","name":"Comment","target":["https:\/\/diariodepe.com.br\/cri\/2025\/07\/30\/economia-resiliente-da-china-da-confianca-ao-mundo-todo\/#respond"]}]},{"@type":"WebPage","@id":"https:\/\/diariodepe.com.br\/cri\/2025\/07\/30\/economia-resiliente-da-china-da-confianca-ao-mundo-todo\/","url":"https:\/\/diariodepe.com.br\/cri\/2025\/07\/30\/economia-resiliente-da-china-da-confianca-ao-mundo-todo\/","name":"Economia resiliente da China d\u00e1 confian\u00e7a ao mundo todo - CRI e Diario de Pernambuco","isPartOf":{"@id":"https:\/\/diariodepe.com.br\/cri\/#website"},"primaryImageOfPage":{"@id":"https:\/\/diariodepe.com.br\/cri\/2025\/07\/30\/economia-resiliente-da-china-da-confianca-ao-mundo-todo\/#primaryimage"},"image":{"@id":"https:\/\/diariodepe.com.br\/cri\/2025\/07\/30\/economia-resiliente-da-china-da-confianca-ao-mundo-todo\/#primaryimage"},"thumbnailUrl":"https:\/\/38picres.cgtn.com\/photoAlbum\/page\/performance\/img\/2025\/7\/16\/1752633315887_74.png","datePublished":"2025-07-30T03:10:45+00:00","breadcrumb":{"@id":"https:\/\/diariodepe.com.br\/cri\/2025\/07\/30\/economia-resiliente-da-china-da-confianca-ao-mundo-todo\/#breadcrumb"},"inLanguage":"pt-BR","potentialAction":[{"@type":"ReadAction","target":["https:\/\/diariodepe.com.br\/cri\/2025\/07\/30\/economia-resiliente-da-china-da-confianca-ao-mundo-todo\/"]}]},{"@type":"ImageObject","inLanguage":"pt-BR","@id":"https:\/\/diariodepe.com.br\/cri\/2025\/07\/30\/economia-resiliente-da-china-da-confianca-ao-mundo-todo\/#primaryimage","url":"https:\/\/38picres.cgtn.com\/photoAlbum\/page\/performance\/img\/2025\/7\/16\/1752633315887_74.png","contentUrl":"https:\/\/38picres.cgtn.com\/photoAlbum\/page\/performance\/img\/2025\/7\/16\/1752633315887_74.png"},{"@type":"BreadcrumbList","@id":"https:\/\/diariodepe.com.br\/cri\/2025\/07\/30\/economia-resiliente-da-china-da-confianca-ao-mundo-todo\/#breadcrumb","itemListElement":[{"@type":"ListItem","position":1,"name":"In\u00edcio","item":"https:\/\/diariodepe.com.br\/cri\/"},{"@type":"ListItem","position":2,"name":"Economia resiliente da China d\u00e1 confian\u00e7a ao mundo todo"}]},{"@type":"WebSite","@id":"https:\/\/diariodepe.com.br\/cri\/#website","url":"https:\/\/diariodepe.com.br\/cri\/","name":"CRI e Diario de Pernambuco","description":"R\u00e1dio Internacional da China","publisher":{"@id":"https:\/\/diariodepe.com.br\/cri\/#organization"},"potentialAction":[{"@type":"SearchAction","target":{"@type":"EntryPoint","urlTemplate":"https:\/\/diariodepe.com.br\/cri\/?s={search_term_string}"},"query-input":{"@type":"PropertyValueSpecification","valueRequired":true,"valueName":"search_term_string"}}],"inLanguage":"pt-BR"},{"@type":"Organization","@id":"https:\/\/diariodepe.com.br\/cri\/#organization","name":"CRI e Diario de Pernambuco","url":"https:\/\/diariodepe.com.br\/cri\/","logo":{"@type":"ImageObject","inLanguage":"pt-BR","@id":"https:\/\/diariodepe.com.br\/cri\/#\/schema\/logo\/image\/","url":"https:\/\/diariodepe.com.br\/cri\/wp-content\/uploads\/sites\/2\/2022\/12\/cropped-Logo.jpg","contentUrl":"https:\/\/diariodepe.com.br\/cri\/wp-content\/uploads\/sites\/2\/2022\/12\/cropped-Logo.jpg","width":700,"height":59,"caption":"CRI e Diario de Pernambuco"},"image":{"@id":"https:\/\/diariodepe.com.br\/cri\/#\/schema\/logo\/image\/"}},{"@type":"Person","@id":"https:\/\/diariodepe.com.br\/cri\/#\/schema\/person\/121bb28d84f1a5b1205ef4ce9c2e0c6b","name":"Ismael Lucas S. Pereira","image":{"@type":"ImageObject","inLanguage":"pt-BR","@id":"https:\/\/secure.gravatar.com\/avatar\/887a0f3b5a7ceea963a48499fb883ffce6b5037362def025c52c2505b15d63e4?s=96&d=mm&r=g","url":"https:\/\/secure.gravatar.com\/avatar\/887a0f3b5a7ceea963a48499fb883ffce6b5037362def025c52c2505b15d63e4?s=96&d=mm&r=g","contentUrl":"https:\/\/secure.gravatar.com\/avatar\/887a0f3b5a7ceea963a48499fb883ffce6b5037362def025c52c2505b15d63e4?s=96&d=mm&r=g","caption":"Ismael Lucas S. Pereira"},"url":"https:\/\/diariodepe.com.br\/cri\/author\/ismael-lucas\/"}]}},"cc_featured_image_caption":{"caption_text":false,"source_text":false,"source_url":false},"amp_enabled":true,"_links":{"self":[{"href":"https:\/\/diariodepe.com.br\/cri\/wp-json\/wp\/v2\/posts\/8938","targetHints":{"allow":["GET"]}}],"collection":[{"href":"https:\/\/diariodepe.com.br\/cri\/wp-json\/wp\/v2\/posts"}],"about":[{"href":"https:\/\/diariodepe.com.br\/cri\/wp-json\/wp\/v2\/types\/post"}],"author":[{"embeddable":true,"href":"https:\/\/diariodepe.com.br\/cri\/wp-json\/wp\/v2\/users\/2"}],"replies":[{"embeddable":true,"href":"https:\/\/diariodepe.com.br\/cri\/wp-json\/wp\/v2\/comments?post=8938"}],"version-history":[{"count":1,"href":"https:\/\/diariodepe.com.br\/cri\/wp-json\/wp\/v2\/posts\/8938\/revisions"}],"predecessor-version":[{"id":8939,"href":"https:\/\/diariodepe.com.br\/cri\/wp-json\/wp\/v2\/posts\/8938\/revisions\/8939"}],"wp:attachment":[{"href":"https:\/\/diariodepe.com.br\/cri\/wp-json\/wp\/v2\/media?parent=8938"}],"wp:term":[{"taxonomy":"category","embeddable":true,"href":"https:\/\/diariodepe.com.br\/cri\/wp-json\/wp\/v2\/categories?post=8938"},{"taxonomy":"post_tag","embeddable":true,"href":"https:\/\/diariodepe.com.br\/cri\/wp-json\/wp\/v2\/tags?post=8938"}],"curies":[{"name":"wp","href":"https:\/\/api.w.org\/{rel}","templated":true}]}}