{"id":8933,"date":"2025-07-30T00:08:40","date_gmt":"2025-07-30T03:08:40","guid":{"rendered":"https:\/\/diariodepe.com.br\/cri\/?p=8933"},"modified":"2025-07-30T00:08:40","modified_gmt":"2025-07-30T03:08:40","slug":"xi-jinping-recebe-ministros-que-participam-da-reuniao-do-conselho-de-chanceleres-da-ocs","status":"publish","type":"post","link":"https:\/\/diariodepe.com.br\/cri\/2025\/07\/30\/xi-jinping-recebe-ministros-que-participam-da-reuniao-do-conselho-de-chanceleres-da-ocs\/","title":{"rendered":"Xi Jinping recebe ministros que participam da reuni\u00e3o do conselho de chanceleres da OCS"},"content":{"rendered":"<p><img decoding=\"async\" src=\"https:\/\/38picres.cgtn.com\/photoAlbum\/page\/performance\/img\/2025\/7\/15\/1752564605535_975.jpeg\" \/><\/p>\n<p>O presidente da China, Xi Jinping, recebeu na manh\u00e3 desta ter\u00e7a-feira (15), no Grande Pal\u00e1cio do Povo em Beijing, os ministros das Rela\u00e7\u00f5es Exteriores e chefes dos \u00f3rg\u00e3os permanentes da Organiza\u00e7\u00e3o de Coopera\u00e7\u00e3o de Shanghai (OCS),\u00a0os quais\u00a0se encontram na China para a reuni\u00e3o do Conselho de Ministros das Rela\u00e7\u00f5es Exteriores da OCS.<\/p>\n<p>Na ocasi\u00e3o, o presidente chin\u00eas lembrou que ao longo dos 24 anos da OCS, a organiza\u00e7\u00e3o sempre defendeu o \u201cesp\u00edrito de Shanghai\u201d\u00a0e se tornou mais madura e forte com uma grande vitalidade. Os pa\u00edses membros da OCS aprofundaram sua confian\u00e7a pol\u00edtica m\u00fatua, alcan\u00e7aram resultados frut\u00edferos em todas as \u00e1reas de coopera\u00e7\u00e3o\u00a0e exploraram um caminho de colabora\u00e7\u00e3o\u00a0regional que corresponde \u00e0 tend\u00eancia dos tempos e \u00e0 demanda de todas as partes relacionadas, estabelecendo assim um exemplo de um novo tipo de rela\u00e7\u00f5es internacionais.<\/p>\n<p>Xi Jinping afirmou que a parte chinesa sempre considerou a OCS como prioridade na diplomacia de vizinhan\u00e7a e est\u00e1 disposta a trabalhar para que a OCS se torne mais pr\u00e1tica e forte, a fim de defender a seguran\u00e7a e estabilidade regionais, promover o desenvolvimento e a prosperidade dos pa\u00edses membros e estabelecer uma comunidade mais estreita com futuro compartilhado.<\/p>\n<p>O l\u00edder chin\u00eas reiterou que perante o cen\u00e1rio internacional marcado por turbul\u00eancias e mudan\u00e7as, a OCS deve seguir a dire\u00e7\u00e3o correta, consolidar confian\u00e7as, trabalhar com alta efici\u00eancia\u00a0e\u00a0buscar mais feitos, a fim de injetar mais estabilidade e energia positiva ao mundo.<\/p>\n<p>Na ocasi\u00e3o, o chanceler chin\u00eas, Wang Yi, relatou os trabalhos feitos desde que a China assumiu a presid\u00eancia rotativa da OCS e os preparativos para a C\u00fapula da OCS em Tianjin.<\/p>\n<p>O chanceler russo, Sergey Lavrov, discursou representando as partes estrangeiras, salientando a persist\u00eancia no multilateralismo e a promo\u00e7\u00e3o da ordem internacional rumo a uma dire\u00e7\u00e3o mais justa e razo\u00e1vel. Lavrov tamb\u00e9m se comprometeu,\u00a0em concord\u00e2ncia\u00a0com\u00a0todas as partes, a apoiar\u00a0a\u00a0presid\u00eancia da China para assegurar o pleno sucesso da C\u00fapula da OCS em Tianjin.<\/p>\n","protected":false},"excerpt":{"rendered":"<p>O presidente da China, Xi Jinping, recebeu na manh\u00e3 desta ter\u00e7a-feira (15), no Grande Pal\u00e1cio do Povo em Beijing, os ministros das Rela\u00e7\u00f5es Exteriores e chefes dos \u00f3rg\u00e3os permanentes da Organiza\u00e7\u00e3o de Coopera\u00e7\u00e3o de Shanghai (OCS),\u00a0os quais\u00a0se encontram na China&#8230;<\/p>\n","protected":false},"author":2,"featured_media":0,"comment_status":"open","ping_status":"open","sticky":false,"template":"","format":"standard","meta":{"footnotes":""},"categories":[3],"tags":[],"class_list":["post-8933","post","type-post","status-publish","format-standard","hentry","category-china"],"yoast_head":"<!-- This site is optimized with the Yoast SEO plugin v27.4 - https:\/\/yoast.com\/product\/yoast-seo-wordpress\/ -->\n<title>Xi Jinping recebe ministros que participam da reuni\u00e3o do conselho de chanceleres da OCS - CRI e Diario de Pernambuco<\/title>\n<meta name=\"robots\" content=\"index, follow, max-snippet:-1, max-image-preview:large, max-video-preview:-1\" \/>\n<link rel=\"canonical\" href=\"https:\/\/diariodepe.com.br\/cri\/2025\/07\/30\/xi-jinping-recebe-ministros-que-participam-da-reuniao-do-conselho-de-chanceleres-da-ocs\/\" \/>\n<meta property=\"og:locale\" content=\"pt_BR\" \/>\n<meta property=\"og:type\" content=\"article\" \/>\n<meta property=\"og:title\" content=\"Xi Jinping recebe ministros que participam da reuni\u00e3o do conselho de chanceleres da OCS - CRI e Diario de Pernambuco\" \/>\n<meta property=\"og:description\" content=\"O presidente da China, Xi Jinping, recebeu na manh\u00e3 desta ter\u00e7a-feira (15), no Grande Pal\u00e1cio do Povo em Beijing, os ministros das Rela\u00e7\u00f5es Exteriores e chefes dos \u00f3rg\u00e3os permanentes da Organiza\u00e7\u00e3o de Coopera\u00e7\u00e3o de Shanghai (OCS),\u00a0os quais\u00a0se encontram na China...\" \/>\n<meta property=\"og:url\" content=\"https:\/\/diariodepe.com.br\/cri\/2025\/07\/30\/xi-jinping-recebe-ministros-que-participam-da-reuniao-do-conselho-de-chanceleres-da-ocs\/\" \/>\n<meta property=\"og:site_name\" content=\"CRI e Diario de Pernambuco\" \/>\n<meta property=\"article:published_time\" content=\"2025-07-30T03:08:40+00:00\" \/>\n<meta property=\"og:image\" content=\"https:\/\/38picres.cgtn.com\/photoAlbum\/page\/performance\/img\/2025\/7\/15\/1752564605535_975.jpeg\" \/>\n<meta name=\"author\" content=\"Ismael Lucas S. Pereira\" \/>\n<meta name=\"twitter:card\" content=\"summary_large_image\" \/>\n<meta name=\"twitter:label1\" content=\"Escrito por\" \/>\n\t<meta name=\"twitter:data1\" content=\"Ismael Lucas S. Pereira\" \/>\n\t<meta name=\"twitter:label2\" content=\"Est. tempo de leitura\" \/>\n\t<meta name=\"twitter:data2\" content=\"3 minutos\" \/>\n<script type=\"application\/ld+json\" class=\"yoast-schema-graph\">{\"@context\":\"https:\\\/\\\/schema.org\",\"@graph\":[{\"@type\":\"Article\",\"@id\":\"https:\\\/\\\/diariodepe.com.br\\\/cri\\\/2025\\\/07\\\/30\\\/xi-jinping-recebe-ministros-que-participam-da-reuniao-do-conselho-de-chanceleres-da-ocs\\\/#article\",\"isPartOf\":{\"@id\":\"https:\\\/\\\/diariodepe.com.br\\\/cri\\\/2025\\\/07\\\/30\\\/xi-jinping-recebe-ministros-que-participam-da-reuniao-do-conselho-de-chanceleres-da-ocs\\\/\"},\"author\":{\"name\":\"Ismael Lucas S. Pereira\",\"@id\":\"https:\\\/\\\/diariodepe.com.br\\\/cri\\\/#\\\/schema\\\/person\\\/121bb28d84f1a5b1205ef4ce9c2e0c6b\"},\"headline\":\"Xi Jinping recebe ministros que participam da reuni\u00e3o do conselho de chanceleres da OCS\",\"datePublished\":\"2025-07-30T03:08:40+00:00\",\"mainEntityOfPage\":{\"@id\":\"https:\\\/\\\/diariodepe.com.br\\\/cri\\\/2025\\\/07\\\/30\\\/xi-jinping-recebe-ministros-que-participam-da-reuniao-do-conselho-de-chanceleres-da-ocs\\\/\"},\"wordCount\":383,\"commentCount\":0,\"publisher\":{\"@id\":\"https:\\\/\\\/diariodepe.com.br\\\/cri\\\/#organization\"},\"image\":{\"@id\":\"https:\\\/\\\/diariodepe.com.br\\\/cri\\\/2025\\\/07\\\/30\\\/xi-jinping-recebe-ministros-que-participam-da-reuniao-do-conselho-de-chanceleres-da-ocs\\\/#primaryimage\"},\"thumbnailUrl\":\"https:\\\/\\\/38picres.cgtn.com\\\/photoAlbum\\\/page\\\/performance\\\/img\\\/2025\\\/7\\\/15\\\/1752564605535_975.jpeg\",\"articleSection\":[\"China\"],\"inLanguage\":\"pt-BR\",\"potentialAction\":[{\"@type\":\"CommentAction\",\"name\":\"Comment\",\"target\":[\"https:\\\/\\\/diariodepe.com.br\\\/cri\\\/2025\\\/07\\\/30\\\/xi-jinping-recebe-ministros-que-participam-da-reuniao-do-conselho-de-chanceleres-da-ocs\\\/#respond\"]}]},{\"@type\":\"WebPage\",\"@id\":\"https:\\\/\\\/diariodepe.com.br\\\/cri\\\/2025\\\/07\\\/30\\\/xi-jinping-recebe-ministros-que-participam-da-reuniao-do-conselho-de-chanceleres-da-ocs\\\/\",\"url\":\"https:\\\/\\\/diariodepe.com.br\\\/cri\\\/2025\\\/07\\\/30\\\/xi-jinping-recebe-ministros-que-participam-da-reuniao-do-conselho-de-chanceleres-da-ocs\\\/\",\"name\":\"Xi Jinping recebe ministros que participam da reuni\u00e3o do conselho de chanceleres da OCS - CRI e Diario de Pernambuco\",\"isPartOf\":{\"@id\":\"https:\\\/\\\/diariodepe.com.br\\\/cri\\\/#website\"},\"primaryImageOfPage\":{\"@id\":\"https:\\\/\\\/diariodepe.com.br\\\/cri\\\/2025\\\/07\\\/30\\\/xi-jinping-recebe-ministros-que-participam-da-reuniao-do-conselho-de-chanceleres-da-ocs\\\/#primaryimage\"},\"image\":{\"@id\":\"https:\\\/\\\/diariodepe.com.br\\\/cri\\\/2025\\\/07\\\/30\\\/xi-jinping-recebe-ministros-que-participam-da-reuniao-do-conselho-de-chanceleres-da-ocs\\\/#primaryimage\"},\"thumbnailUrl\":\"https:\\\/\\\/38picres.cgtn.com\\\/photoAlbum\\\/page\\\/performance\\\/img\\\/2025\\\/7\\\/15\\\/1752564605535_975.jpeg\",\"datePublished\":\"2025-07-30T03:08:40+00:00\",\"breadcrumb\":{\"@id\":\"https:\\\/\\\/diariodepe.com.br\\\/cri\\\/2025\\\/07\\\/30\\\/xi-jinping-recebe-ministros-que-participam-da-reuniao-do-conselho-de-chanceleres-da-ocs\\\/#breadcrumb\"},\"inLanguage\":\"pt-BR\",\"potentialAction\":[{\"@type\":\"ReadAction\",\"target\":[\"https:\\\/\\\/diariodepe.com.br\\\/cri\\\/2025\\\/07\\\/30\\\/xi-jinping-recebe-ministros-que-participam-da-reuniao-do-conselho-de-chanceleres-da-ocs\\\/\"]}]},{\"@type\":\"ImageObject\",\"inLanguage\":\"pt-BR\",\"@id\":\"https:\\\/\\\/diariodepe.com.br\\\/cri\\\/2025\\\/07\\\/30\\\/xi-jinping-recebe-ministros-que-participam-da-reuniao-do-conselho-de-chanceleres-da-ocs\\\/#primaryimage\",\"url\":\"https:\\\/\\\/38picres.cgtn.com\\\/photoAlbum\\\/page\\\/performance\\\/img\\\/2025\\\/7\\\/15\\\/1752564605535_975.jpeg\",\"contentUrl\":\"https:\\\/\\\/38picres.cgtn.com\\\/photoAlbum\\\/page\\\/performance\\\/img\\\/2025\\\/7\\\/15\\\/1752564605535_975.jpeg\"},{\"@type\":\"BreadcrumbList\",\"@id\":\"https:\\\/\\\/diariodepe.com.br\\\/cri\\\/2025\\\/07\\\/30\\\/xi-jinping-recebe-ministros-que-participam-da-reuniao-do-conselho-de-chanceleres-da-ocs\\\/#breadcrumb\",\"itemListElement\":[{\"@type\":\"ListItem\",\"position\":1,\"name\":\"In\u00edcio\",\"item\":\"https:\\\/\\\/diariodepe.com.br\\\/cri\\\/\"},{\"@type\":\"ListItem\",\"position\":2,\"name\":\"Xi Jinping recebe ministros que participam da reuni\u00e3o do conselho de chanceleres da OCS\"}]},{\"@type\":\"WebSite\",\"@id\":\"https:\\\/\\\/diariodepe.com.br\\\/cri\\\/#website\",\"url\":\"https:\\\/\\\/diariodepe.com.br\\\/cri\\\/\",\"name\":\"CRI e Diario de Pernambuco\",\"description\":\"R\u00e1dio Internacional da China\",\"publisher\":{\"@id\":\"https:\\\/\\\/diariodepe.com.br\\\/cri\\\/#organization\"},\"potentialAction\":[{\"@type\":\"SearchAction\",\"target\":{\"@type\":\"EntryPoint\",\"urlTemplate\":\"https:\\\/\\\/diariodepe.com.br\\\/cri\\\/?s={search_term_string}\"},\"query-input\":{\"@type\":\"PropertyValueSpecification\",\"valueRequired\":true,\"valueName\":\"search_term_string\"}}],\"inLanguage\":\"pt-BR\"},{\"@type\":\"Organization\",\"@id\":\"https:\\\/\\\/diariodepe.com.br\\\/cri\\\/#organization\",\"name\":\"CRI e Diario de Pernambuco\",\"url\":\"https:\\\/\\\/diariodepe.com.br\\\/cri\\\/\",\"logo\":{\"@type\":\"ImageObject\",\"inLanguage\":\"pt-BR\",\"@id\":\"https:\\\/\\\/diariodepe.com.br\\\/cri\\\/#\\\/schema\\\/logo\\\/image\\\/\",\"url\":\"https:\\\/\\\/diariodepe.com.br\\\/cri\\\/wp-content\\\/uploads\\\/sites\\\/2\\\/2022\\\/12\\\/cropped-Logo.jpg\",\"contentUrl\":\"https:\\\/\\\/diariodepe.com.br\\\/cri\\\/wp-content\\\/uploads\\\/sites\\\/2\\\/2022\\\/12\\\/cropped-Logo.jpg\",\"width\":700,\"height\":59,\"caption\":\"CRI e Diario de Pernambuco\"},\"image\":{\"@id\":\"https:\\\/\\\/diariodepe.com.br\\\/cri\\\/#\\\/schema\\\/logo\\\/image\\\/\"}},{\"@type\":\"Person\",\"@id\":\"https:\\\/\\\/diariodepe.com.br\\\/cri\\\/#\\\/schema\\\/person\\\/121bb28d84f1a5b1205ef4ce9c2e0c6b\",\"name\":\"Ismael Lucas S. Pereira\",\"image\":{\"@type\":\"ImageObject\",\"inLanguage\":\"pt-BR\",\"@id\":\"https:\\\/\\\/secure.gravatar.com\\\/avatar\\\/887a0f3b5a7ceea963a48499fb883ffce6b5037362def025c52c2505b15d63e4?s=96&d=mm&r=g\",\"url\":\"https:\\\/\\\/secure.gravatar.com\\\/avatar\\\/887a0f3b5a7ceea963a48499fb883ffce6b5037362def025c52c2505b15d63e4?s=96&d=mm&r=g\",\"contentUrl\":\"https:\\\/\\\/secure.gravatar.com\\\/avatar\\\/887a0f3b5a7ceea963a48499fb883ffce6b5037362def025c52c2505b15d63e4?s=96&d=mm&r=g\",\"caption\":\"Ismael Lucas S. Pereira\"},\"url\":\"https:\\\/\\\/diariodepe.com.br\\\/cri\\\/author\\\/ismael-lucas\\\/\"}]}<\/script>\n<!-- \/ Yoast SEO plugin. -->","yoast_head_json":{"title":"Xi Jinping recebe ministros que participam da reuni\u00e3o do conselho de chanceleres da OCS - CRI e Diario de Pernambuco","robots":{"index":"index","follow":"follow","max-snippet":"max-snippet:-1","max-image-preview":"max-image-preview:large","max-video-preview":"max-video-preview:-1"},"canonical":"https:\/\/diariodepe.com.br\/cri\/2025\/07\/30\/xi-jinping-recebe-ministros-que-participam-da-reuniao-do-conselho-de-chanceleres-da-ocs\/","og_locale":"pt_BR","og_type":"article","og_title":"Xi Jinping recebe ministros que participam da reuni\u00e3o do conselho de chanceleres da OCS - CRI e Diario de Pernambuco","og_description":"O presidente da China, Xi Jinping, recebeu na manh\u00e3 desta ter\u00e7a-feira (15), no Grande Pal\u00e1cio do Povo em Beijing, os ministros das Rela\u00e7\u00f5es Exteriores e chefes dos \u00f3rg\u00e3os permanentes da Organiza\u00e7\u00e3o de Coopera\u00e7\u00e3o de Shanghai (OCS),\u00a0os quais\u00a0se encontram na China...","og_url":"https:\/\/diariodepe.com.br\/cri\/2025\/07\/30\/xi-jinping-recebe-ministros-que-participam-da-reuniao-do-conselho-de-chanceleres-da-ocs\/","og_site_name":"CRI e Diario de Pernambuco","article_published_time":"2025-07-30T03:08:40+00:00","og_image":[{"url":"https:\/\/38picres.cgtn.com\/photoAlbum\/page\/performance\/img\/2025\/7\/15\/1752564605535_975.jpeg","type":"","width":"","height":""}],"author":"Ismael Lucas S. Pereira","twitter_card":"summary_large_image","twitter_misc":{"Escrito por":"Ismael Lucas S. Pereira","Est. tempo de leitura":"3 minutos"},"schema":{"@context":"https:\/\/schema.org","@graph":[{"@type":"Article","@id":"https:\/\/diariodepe.com.br\/cri\/2025\/07\/30\/xi-jinping-recebe-ministros-que-participam-da-reuniao-do-conselho-de-chanceleres-da-ocs\/#article","isPartOf":{"@id":"https:\/\/diariodepe.com.br\/cri\/2025\/07\/30\/xi-jinping-recebe-ministros-que-participam-da-reuniao-do-conselho-de-chanceleres-da-ocs\/"},"author":{"name":"Ismael Lucas S. Pereira","@id":"https:\/\/diariodepe.com.br\/cri\/#\/schema\/person\/121bb28d84f1a5b1205ef4ce9c2e0c6b"},"headline":"Xi Jinping recebe ministros que participam da reuni\u00e3o do conselho de chanceleres da OCS","datePublished":"2025-07-30T03:08:40+00:00","mainEntityOfPage":{"@id":"https:\/\/diariodepe.com.br\/cri\/2025\/07\/30\/xi-jinping-recebe-ministros-que-participam-da-reuniao-do-conselho-de-chanceleres-da-ocs\/"},"wordCount":383,"commentCount":0,"publisher":{"@id":"https:\/\/diariodepe.com.br\/cri\/#organization"},"image":{"@id":"https:\/\/diariodepe.com.br\/cri\/2025\/07\/30\/xi-jinping-recebe-ministros-que-participam-da-reuniao-do-conselho-de-chanceleres-da-ocs\/#primaryimage"},"thumbnailUrl":"https:\/\/38picres.cgtn.com\/photoAlbum\/page\/performance\/img\/2025\/7\/15\/1752564605535_975.jpeg","articleSection":["China"],"inLanguage":"pt-BR","potentialAction":[{"@type":"CommentAction","name":"Comment","target":["https:\/\/diariodepe.com.br\/cri\/2025\/07\/30\/xi-jinping-recebe-ministros-que-participam-da-reuniao-do-conselho-de-chanceleres-da-ocs\/#respond"]}]},{"@type":"WebPage","@id":"https:\/\/diariodepe.com.br\/cri\/2025\/07\/30\/xi-jinping-recebe-ministros-que-participam-da-reuniao-do-conselho-de-chanceleres-da-ocs\/","url":"https:\/\/diariodepe.com.br\/cri\/2025\/07\/30\/xi-jinping-recebe-ministros-que-participam-da-reuniao-do-conselho-de-chanceleres-da-ocs\/","name":"Xi Jinping recebe ministros que participam da reuni\u00e3o do conselho de chanceleres da OCS - CRI e Diario de Pernambuco","isPartOf":{"@id":"https:\/\/diariodepe.com.br\/cri\/#website"},"primaryImageOfPage":{"@id":"https:\/\/diariodepe.com.br\/cri\/2025\/07\/30\/xi-jinping-recebe-ministros-que-participam-da-reuniao-do-conselho-de-chanceleres-da-ocs\/#primaryimage"},"image":{"@id":"https:\/\/diariodepe.com.br\/cri\/2025\/07\/30\/xi-jinping-recebe-ministros-que-participam-da-reuniao-do-conselho-de-chanceleres-da-ocs\/#primaryimage"},"thumbnailUrl":"https:\/\/38picres.cgtn.com\/photoAlbum\/page\/performance\/img\/2025\/7\/15\/1752564605535_975.jpeg","datePublished":"2025-07-30T03:08:40+00:00","breadcrumb":{"@id":"https:\/\/diariodepe.com.br\/cri\/2025\/07\/30\/xi-jinping-recebe-ministros-que-participam-da-reuniao-do-conselho-de-chanceleres-da-ocs\/#breadcrumb"},"inLanguage":"pt-BR","potentialAction":[{"@type":"ReadAction","target":["https:\/\/diariodepe.com.br\/cri\/2025\/07\/30\/xi-jinping-recebe-ministros-que-participam-da-reuniao-do-conselho-de-chanceleres-da-ocs\/"]}]},{"@type":"ImageObject","inLanguage":"pt-BR","@id":"https:\/\/diariodepe.com.br\/cri\/2025\/07\/30\/xi-jinping-recebe-ministros-que-participam-da-reuniao-do-conselho-de-chanceleres-da-ocs\/#primaryimage","url":"https:\/\/38picres.cgtn.com\/photoAlbum\/page\/performance\/img\/2025\/7\/15\/1752564605535_975.jpeg","contentUrl":"https:\/\/38picres.cgtn.com\/photoAlbum\/page\/performance\/img\/2025\/7\/15\/1752564605535_975.jpeg"},{"@type":"BreadcrumbList","@id":"https:\/\/diariodepe.com.br\/cri\/2025\/07\/30\/xi-jinping-recebe-ministros-que-participam-da-reuniao-do-conselho-de-chanceleres-da-ocs\/#breadcrumb","itemListElement":[{"@type":"ListItem","position":1,"name":"In\u00edcio","item":"https:\/\/diariodepe.com.br\/cri\/"},{"@type":"ListItem","position":2,"name":"Xi Jinping recebe ministros que participam da reuni\u00e3o do conselho de chanceleres da OCS"}]},{"@type":"WebSite","@id":"https:\/\/diariodepe.com.br\/cri\/#website","url":"https:\/\/diariodepe.com.br\/cri\/","name":"CRI e Diario de Pernambuco","description":"R\u00e1dio Internacional da China","publisher":{"@id":"https:\/\/diariodepe.com.br\/cri\/#organization"},"potentialAction":[{"@type":"SearchAction","target":{"@type":"EntryPoint","urlTemplate":"https:\/\/diariodepe.com.br\/cri\/?s={search_term_string}"},"query-input":{"@type":"PropertyValueSpecification","valueRequired":true,"valueName":"search_term_string"}}],"inLanguage":"pt-BR"},{"@type":"Organization","@id":"https:\/\/diariodepe.com.br\/cri\/#organization","name":"CRI e Diario de Pernambuco","url":"https:\/\/diariodepe.com.br\/cri\/","logo":{"@type":"ImageObject","inLanguage":"pt-BR","@id":"https:\/\/diariodepe.com.br\/cri\/#\/schema\/logo\/image\/","url":"https:\/\/diariodepe.com.br\/cri\/wp-content\/uploads\/sites\/2\/2022\/12\/cropped-Logo.jpg","contentUrl":"https:\/\/diariodepe.com.br\/cri\/wp-content\/uploads\/sites\/2\/2022\/12\/cropped-Logo.jpg","width":700,"height":59,"caption":"CRI e Diario de Pernambuco"},"image":{"@id":"https:\/\/diariodepe.com.br\/cri\/#\/schema\/logo\/image\/"}},{"@type":"Person","@id":"https:\/\/diariodepe.com.br\/cri\/#\/schema\/person\/121bb28d84f1a5b1205ef4ce9c2e0c6b","name":"Ismael Lucas S. Pereira","image":{"@type":"ImageObject","inLanguage":"pt-BR","@id":"https:\/\/secure.gravatar.com\/avatar\/887a0f3b5a7ceea963a48499fb883ffce6b5037362def025c52c2505b15d63e4?s=96&d=mm&r=g","url":"https:\/\/secure.gravatar.com\/avatar\/887a0f3b5a7ceea963a48499fb883ffce6b5037362def025c52c2505b15d63e4?s=96&d=mm&r=g","contentUrl":"https:\/\/secure.gravatar.com\/avatar\/887a0f3b5a7ceea963a48499fb883ffce6b5037362def025c52c2505b15d63e4?s=96&d=mm&r=g","caption":"Ismael Lucas S. Pereira"},"url":"https:\/\/diariodepe.com.br\/cri\/author\/ismael-lucas\/"}]}},"cc_featured_image_caption":{"caption_text":false,"source_text":false,"source_url":false},"amp_enabled":true,"_links":{"self":[{"href":"https:\/\/diariodepe.com.br\/cri\/wp-json\/wp\/v2\/posts\/8933","targetHints":{"allow":["GET"]}}],"collection":[{"href":"https:\/\/diariodepe.com.br\/cri\/wp-json\/wp\/v2\/posts"}],"about":[{"href":"https:\/\/diariodepe.com.br\/cri\/wp-json\/wp\/v2\/types\/post"}],"author":[{"embeddable":true,"href":"https:\/\/diariodepe.com.br\/cri\/wp-json\/wp\/v2\/users\/2"}],"replies":[{"embeddable":true,"href":"https:\/\/diariodepe.com.br\/cri\/wp-json\/wp\/v2\/comments?post=8933"}],"version-history":[{"count":1,"href":"https:\/\/diariodepe.com.br\/cri\/wp-json\/wp\/v2\/posts\/8933\/revisions"}],"predecessor-version":[{"id":8934,"href":"https:\/\/diariodepe.com.br\/cri\/wp-json\/wp\/v2\/posts\/8933\/revisions\/8934"}],"wp:attachment":[{"href":"https:\/\/diariodepe.com.br\/cri\/wp-json\/wp\/v2\/media?parent=8933"}],"wp:term":[{"taxonomy":"category","embeddable":true,"href":"https:\/\/diariodepe.com.br\/cri\/wp-json\/wp\/v2\/categories?post=8933"},{"taxonomy":"post_tag","embeddable":true,"href":"https:\/\/diariodepe.com.br\/cri\/wp-json\/wp\/v2\/tags?post=8933"}],"curies":[{"name":"wp","href":"https:\/\/api.w.org\/{rel}","templated":true}]}}