{"id":8835,"date":"2025-07-14T04:20:56","date_gmt":"2025-07-14T07:20:56","guid":{"rendered":"https:\/\/diariodepe.com.br\/cri\/?p=8835"},"modified":"2025-07-14T04:20:56","modified_gmt":"2025-07-14T07:20:56","slug":"china-destaca-papel-da-cooperacao-cultural-em-forum-global-sobre-civilizacoes","status":"publish","type":"post","link":"https:\/\/diariodepe.com.br\/cri\/2025\/07\/14\/china-destaca-papel-da-cooperacao-cultural-em-forum-global-sobre-civilizacoes\/","title":{"rendered":"China destaca papel da coopera\u00e7\u00e3o cultural em f\u00f3rum global sobre civiliza\u00e7\u00f5es"},"content":{"rendered":"<p>Nesta sexta-feira (11), foi realizado o f\u00f3rum paralelo intitulado \u201cInterc\u00e2mbios e Aprendizados M\u00fatuos entre Civiliza\u00e7\u00f5es: Sucess\u00e3o e Inova\u00e7\u00e3o Cultural\u201d, como parte da Reuni\u00e3o Ministerial do Di\u00e1logo Global sobre Civiliza\u00e7\u00f5es, inaugurada na quinta-feira (10).<\/p>\n<p>O vice-ministro do Departamento de Comunica\u00e7\u00e3o do Comit\u00ea Central do Partido Comunista da China (PCCh), Shen Haixiong, discursou na cerim\u00f4nia de abertura, expressando seu desejo de se esfor\u00e7ar junto com todos os amigos do mundo para criar um futuro de paz, desenvolvimento e coopera\u00e7\u00e3o para ganha-ganha sob o Pensamento de Xi Jinping sobre a Cultura e promovendo a coexist\u00eancia harmoniosa entre diversas civiliza\u00e7\u00f5es. O evento reuniu mais de 140 convidados chineses e estrangeiros, provenientes de mais de 20 pa\u00edses.<\/p>\n<p>Durante a apresenta\u00e7\u00e3o de resultados do f\u00f3rum, foi publicado o relat\u00f3rio \u201cNossa Vis\u00e3o sobre Civiliza\u00e7\u00f5es: Pesquisa Global de Opini\u00e3o P\u00fablica\u201d e lan\u00e7ado o \u201cPrograma de Pesquisa Global para Interc\u00e2mbios e Aprendizados M\u00fatuos entre Civiliza\u00e7\u00f5es\u201d.<\/p>\n<p><iframe title=\"China destaca papel da coopera\u00e7\u00e3o cultural em f\u00f3rum global sobre civiliza\u00e7\u00f5es\" width=\"640\" height=\"360\" src=\"https:\/\/www.youtube.com\/embed\/fZNhOdK8fHE?feature=oembed\" frameborder=\"0\" allow=\"accelerometer; autoplay; clipboard-write; encrypted-media; gyroscope; picture-in-picture; web-share\" referrerpolicy=\"strict-origin-when-cross-origin\" allowfullscreen><\/iframe><\/p>\n","protected":false},"excerpt":{"rendered":"<p>Nesta sexta-feira (11), foi realizado o f\u00f3rum paralelo intitulado \u201cInterc\u00e2mbios e Aprendizados M\u00fatuos entre Civiliza\u00e7\u00f5es: Sucess\u00e3o e Inova\u00e7\u00e3o Cultural\u201d, como parte da Reuni\u00e3o Ministerial do Di\u00e1logo Global sobre Civiliza\u00e7\u00f5es, inaugurada na quinta-feira (10). O vice-ministro do Departamento de Comunica\u00e7\u00e3o do&#8230;<\/p>\n","protected":false},"author":2,"featured_media":0,"comment_status":"open","ping_status":"open","sticky":false,"template":"","format":"standard","meta":{"footnotes":""},"categories":[11],"tags":[],"class_list":["post-8835","post","type-post","status-publish","format-standard","hentry","category-videos"],"yoast_head":"<!-- This site is optimized with the Yoast SEO plugin v27.4 - https:\/\/yoast.com\/product\/yoast-seo-wordpress\/ -->\n<title>China destaca papel da coopera\u00e7\u00e3o cultural em f\u00f3rum global sobre civiliza\u00e7\u00f5es - CRI e Diario de Pernambuco<\/title>\n<meta name=\"robots\" content=\"index, follow, max-snippet:-1, max-image-preview:large, max-video-preview:-1\" \/>\n<link rel=\"canonical\" href=\"https:\/\/diariodepe.com.br\/cri\/2025\/07\/14\/china-destaca-papel-da-cooperacao-cultural-em-forum-global-sobre-civilizacoes\/\" \/>\n<meta property=\"og:locale\" content=\"pt_BR\" \/>\n<meta property=\"og:type\" content=\"article\" \/>\n<meta property=\"og:title\" content=\"China destaca papel da coopera\u00e7\u00e3o cultural em f\u00f3rum global sobre civiliza\u00e7\u00f5es - CRI e Diario de Pernambuco\" \/>\n<meta property=\"og:description\" content=\"Nesta sexta-feira (11), foi realizado o f\u00f3rum paralelo intitulado \u201cInterc\u00e2mbios e Aprendizados M\u00fatuos entre Civiliza\u00e7\u00f5es: Sucess\u00e3o e Inova\u00e7\u00e3o Cultural\u201d, como parte da Reuni\u00e3o Ministerial do Di\u00e1logo Global sobre Civiliza\u00e7\u00f5es, inaugurada na quinta-feira (10). O vice-ministro do Departamento de Comunica\u00e7\u00e3o do...\" \/>\n<meta property=\"og:url\" content=\"https:\/\/diariodepe.com.br\/cri\/2025\/07\/14\/china-destaca-papel-da-cooperacao-cultural-em-forum-global-sobre-civilizacoes\/\" \/>\n<meta property=\"og:site_name\" content=\"CRI e Diario de Pernambuco\" \/>\n<meta property=\"article:published_time\" content=\"2025-07-14T07:20:56+00:00\" \/>\n<meta name=\"author\" content=\"Ismael Lucas S. Pereira\" \/>\n<meta name=\"twitter:card\" content=\"summary_large_image\" \/>\n<meta name=\"twitter:label1\" content=\"Escrito por\" \/>\n\t<meta name=\"twitter:data1\" content=\"Ismael Lucas S. Pereira\" \/>\n\t<meta name=\"twitter:label2\" content=\"Est. tempo de leitura\" \/>\n\t<meta name=\"twitter:data2\" content=\"1 minuto\" \/>\n<script type=\"application\/ld+json\" class=\"yoast-schema-graph\">{\"@context\":\"https:\\\/\\\/schema.org\",\"@graph\":[{\"@type\":\"Article\",\"@id\":\"https:\\\/\\\/diariodepe.com.br\\\/cri\\\/2025\\\/07\\\/14\\\/china-destaca-papel-da-cooperacao-cultural-em-forum-global-sobre-civilizacoes\\\/#article\",\"isPartOf\":{\"@id\":\"https:\\\/\\\/diariodepe.com.br\\\/cri\\\/2025\\\/07\\\/14\\\/china-destaca-papel-da-cooperacao-cultural-em-forum-global-sobre-civilizacoes\\\/\"},\"author\":{\"name\":\"Ismael Lucas S. Pereira\",\"@id\":\"https:\\\/\\\/diariodepe.com.br\\\/cri\\\/#\\\/schema\\\/person\\\/121bb28d84f1a5b1205ef4ce9c2e0c6b\"},\"headline\":\"China destaca papel da coopera\u00e7\u00e3o cultural em f\u00f3rum global sobre civiliza\u00e7\u00f5es\",\"datePublished\":\"2025-07-14T07:20:56+00:00\",\"mainEntityOfPage\":{\"@id\":\"https:\\\/\\\/diariodepe.com.br\\\/cri\\\/2025\\\/07\\\/14\\\/china-destaca-papel-da-cooperacao-cultural-em-forum-global-sobre-civilizacoes\\\/\"},\"wordCount\":193,\"commentCount\":0,\"publisher\":{\"@id\":\"https:\\\/\\\/diariodepe.com.br\\\/cri\\\/#organization\"},\"articleSection\":[\"V\u00eddeos\"],\"inLanguage\":\"pt-BR\",\"potentialAction\":[{\"@type\":\"CommentAction\",\"name\":\"Comment\",\"target\":[\"https:\\\/\\\/diariodepe.com.br\\\/cri\\\/2025\\\/07\\\/14\\\/china-destaca-papel-da-cooperacao-cultural-em-forum-global-sobre-civilizacoes\\\/#respond\"]}]},{\"@type\":\"WebPage\",\"@id\":\"https:\\\/\\\/diariodepe.com.br\\\/cri\\\/2025\\\/07\\\/14\\\/china-destaca-papel-da-cooperacao-cultural-em-forum-global-sobre-civilizacoes\\\/\",\"url\":\"https:\\\/\\\/diariodepe.com.br\\\/cri\\\/2025\\\/07\\\/14\\\/china-destaca-papel-da-cooperacao-cultural-em-forum-global-sobre-civilizacoes\\\/\",\"name\":\"China destaca papel da coopera\u00e7\u00e3o cultural em f\u00f3rum global sobre civiliza\u00e7\u00f5es - CRI e Diario de Pernambuco\",\"isPartOf\":{\"@id\":\"https:\\\/\\\/diariodepe.com.br\\\/cri\\\/#website\"},\"datePublished\":\"2025-07-14T07:20:56+00:00\",\"breadcrumb\":{\"@id\":\"https:\\\/\\\/diariodepe.com.br\\\/cri\\\/2025\\\/07\\\/14\\\/china-destaca-papel-da-cooperacao-cultural-em-forum-global-sobre-civilizacoes\\\/#breadcrumb\"},\"inLanguage\":\"pt-BR\",\"potentialAction\":[{\"@type\":\"ReadAction\",\"target\":[\"https:\\\/\\\/diariodepe.com.br\\\/cri\\\/2025\\\/07\\\/14\\\/china-destaca-papel-da-cooperacao-cultural-em-forum-global-sobre-civilizacoes\\\/\"]}]},{\"@type\":\"BreadcrumbList\",\"@id\":\"https:\\\/\\\/diariodepe.com.br\\\/cri\\\/2025\\\/07\\\/14\\\/china-destaca-papel-da-cooperacao-cultural-em-forum-global-sobre-civilizacoes\\\/#breadcrumb\",\"itemListElement\":[{\"@type\":\"ListItem\",\"position\":1,\"name\":\"In\u00edcio\",\"item\":\"https:\\\/\\\/diariodepe.com.br\\\/cri\\\/\"},{\"@type\":\"ListItem\",\"position\":2,\"name\":\"China destaca papel da coopera\u00e7\u00e3o cultural em f\u00f3rum global sobre civiliza\u00e7\u00f5es\"}]},{\"@type\":\"WebSite\",\"@id\":\"https:\\\/\\\/diariodepe.com.br\\\/cri\\\/#website\",\"url\":\"https:\\\/\\\/diariodepe.com.br\\\/cri\\\/\",\"name\":\"CRI e Diario de Pernambuco\",\"description\":\"R\u00e1dio Internacional da China\",\"publisher\":{\"@id\":\"https:\\\/\\\/diariodepe.com.br\\\/cri\\\/#organization\"},\"potentialAction\":[{\"@type\":\"SearchAction\",\"target\":{\"@type\":\"EntryPoint\",\"urlTemplate\":\"https:\\\/\\\/diariodepe.com.br\\\/cri\\\/?s={search_term_string}\"},\"query-input\":{\"@type\":\"PropertyValueSpecification\",\"valueRequired\":true,\"valueName\":\"search_term_string\"}}],\"inLanguage\":\"pt-BR\"},{\"@type\":\"Organization\",\"@id\":\"https:\\\/\\\/diariodepe.com.br\\\/cri\\\/#organization\",\"name\":\"CRI e Diario de Pernambuco\",\"url\":\"https:\\\/\\\/diariodepe.com.br\\\/cri\\\/\",\"logo\":{\"@type\":\"ImageObject\",\"inLanguage\":\"pt-BR\",\"@id\":\"https:\\\/\\\/diariodepe.com.br\\\/cri\\\/#\\\/schema\\\/logo\\\/image\\\/\",\"url\":\"https:\\\/\\\/diariodepe.com.br\\\/cri\\\/wp-content\\\/uploads\\\/sites\\\/2\\\/2022\\\/12\\\/cropped-Logo.jpg\",\"contentUrl\":\"https:\\\/\\\/diariodepe.com.br\\\/cri\\\/wp-content\\\/uploads\\\/sites\\\/2\\\/2022\\\/12\\\/cropped-Logo.jpg\",\"width\":700,\"height\":59,\"caption\":\"CRI e Diario de Pernambuco\"},\"image\":{\"@id\":\"https:\\\/\\\/diariodepe.com.br\\\/cri\\\/#\\\/schema\\\/logo\\\/image\\\/\"}},{\"@type\":\"Person\",\"@id\":\"https:\\\/\\\/diariodepe.com.br\\\/cri\\\/#\\\/schema\\\/person\\\/121bb28d84f1a5b1205ef4ce9c2e0c6b\",\"name\":\"Ismael Lucas S. Pereira\",\"image\":{\"@type\":\"ImageObject\",\"inLanguage\":\"pt-BR\",\"@id\":\"https:\\\/\\\/secure.gravatar.com\\\/avatar\\\/887a0f3b5a7ceea963a48499fb883ffce6b5037362def025c52c2505b15d63e4?s=96&d=mm&r=g\",\"url\":\"https:\\\/\\\/secure.gravatar.com\\\/avatar\\\/887a0f3b5a7ceea963a48499fb883ffce6b5037362def025c52c2505b15d63e4?s=96&d=mm&r=g\",\"contentUrl\":\"https:\\\/\\\/secure.gravatar.com\\\/avatar\\\/887a0f3b5a7ceea963a48499fb883ffce6b5037362def025c52c2505b15d63e4?s=96&d=mm&r=g\",\"caption\":\"Ismael Lucas S. Pereira\"},\"url\":\"https:\\\/\\\/diariodepe.com.br\\\/cri\\\/author\\\/ismael-lucas\\\/\"}]}<\/script>\n<!-- \/ Yoast SEO plugin. -->","yoast_head_json":{"title":"China destaca papel da coopera\u00e7\u00e3o cultural em f\u00f3rum global sobre civiliza\u00e7\u00f5es - CRI e Diario de Pernambuco","robots":{"index":"index","follow":"follow","max-snippet":"max-snippet:-1","max-image-preview":"max-image-preview:large","max-video-preview":"max-video-preview:-1"},"canonical":"https:\/\/diariodepe.com.br\/cri\/2025\/07\/14\/china-destaca-papel-da-cooperacao-cultural-em-forum-global-sobre-civilizacoes\/","og_locale":"pt_BR","og_type":"article","og_title":"China destaca papel da coopera\u00e7\u00e3o cultural em f\u00f3rum global sobre civiliza\u00e7\u00f5es - CRI e Diario de Pernambuco","og_description":"Nesta sexta-feira (11), foi realizado o f\u00f3rum paralelo intitulado \u201cInterc\u00e2mbios e Aprendizados M\u00fatuos entre Civiliza\u00e7\u00f5es: Sucess\u00e3o e Inova\u00e7\u00e3o Cultural\u201d, como parte da Reuni\u00e3o Ministerial do Di\u00e1logo Global sobre Civiliza\u00e7\u00f5es, inaugurada na quinta-feira (10). O vice-ministro do Departamento de Comunica\u00e7\u00e3o do...","og_url":"https:\/\/diariodepe.com.br\/cri\/2025\/07\/14\/china-destaca-papel-da-cooperacao-cultural-em-forum-global-sobre-civilizacoes\/","og_site_name":"CRI e Diario de Pernambuco","article_published_time":"2025-07-14T07:20:56+00:00","author":"Ismael Lucas S. Pereira","twitter_card":"summary_large_image","twitter_misc":{"Escrito por":"Ismael Lucas S. Pereira","Est. tempo de leitura":"1 minuto"},"schema":{"@context":"https:\/\/schema.org","@graph":[{"@type":"Article","@id":"https:\/\/diariodepe.com.br\/cri\/2025\/07\/14\/china-destaca-papel-da-cooperacao-cultural-em-forum-global-sobre-civilizacoes\/#article","isPartOf":{"@id":"https:\/\/diariodepe.com.br\/cri\/2025\/07\/14\/china-destaca-papel-da-cooperacao-cultural-em-forum-global-sobre-civilizacoes\/"},"author":{"name":"Ismael Lucas S. Pereira","@id":"https:\/\/diariodepe.com.br\/cri\/#\/schema\/person\/121bb28d84f1a5b1205ef4ce9c2e0c6b"},"headline":"China destaca papel da coopera\u00e7\u00e3o cultural em f\u00f3rum global sobre civiliza\u00e7\u00f5es","datePublished":"2025-07-14T07:20:56+00:00","mainEntityOfPage":{"@id":"https:\/\/diariodepe.com.br\/cri\/2025\/07\/14\/china-destaca-papel-da-cooperacao-cultural-em-forum-global-sobre-civilizacoes\/"},"wordCount":193,"commentCount":0,"publisher":{"@id":"https:\/\/diariodepe.com.br\/cri\/#organization"},"articleSection":["V\u00eddeos"],"inLanguage":"pt-BR","potentialAction":[{"@type":"CommentAction","name":"Comment","target":["https:\/\/diariodepe.com.br\/cri\/2025\/07\/14\/china-destaca-papel-da-cooperacao-cultural-em-forum-global-sobre-civilizacoes\/#respond"]}]},{"@type":"WebPage","@id":"https:\/\/diariodepe.com.br\/cri\/2025\/07\/14\/china-destaca-papel-da-cooperacao-cultural-em-forum-global-sobre-civilizacoes\/","url":"https:\/\/diariodepe.com.br\/cri\/2025\/07\/14\/china-destaca-papel-da-cooperacao-cultural-em-forum-global-sobre-civilizacoes\/","name":"China destaca papel da coopera\u00e7\u00e3o cultural em f\u00f3rum global sobre civiliza\u00e7\u00f5es - CRI e Diario de Pernambuco","isPartOf":{"@id":"https:\/\/diariodepe.com.br\/cri\/#website"},"datePublished":"2025-07-14T07:20:56+00:00","breadcrumb":{"@id":"https:\/\/diariodepe.com.br\/cri\/2025\/07\/14\/china-destaca-papel-da-cooperacao-cultural-em-forum-global-sobre-civilizacoes\/#breadcrumb"},"inLanguage":"pt-BR","potentialAction":[{"@type":"ReadAction","target":["https:\/\/diariodepe.com.br\/cri\/2025\/07\/14\/china-destaca-papel-da-cooperacao-cultural-em-forum-global-sobre-civilizacoes\/"]}]},{"@type":"BreadcrumbList","@id":"https:\/\/diariodepe.com.br\/cri\/2025\/07\/14\/china-destaca-papel-da-cooperacao-cultural-em-forum-global-sobre-civilizacoes\/#breadcrumb","itemListElement":[{"@type":"ListItem","position":1,"name":"In\u00edcio","item":"https:\/\/diariodepe.com.br\/cri\/"},{"@type":"ListItem","position":2,"name":"China destaca papel da coopera\u00e7\u00e3o cultural em f\u00f3rum global sobre civiliza\u00e7\u00f5es"}]},{"@type":"WebSite","@id":"https:\/\/diariodepe.com.br\/cri\/#website","url":"https:\/\/diariodepe.com.br\/cri\/","name":"CRI e Diario de Pernambuco","description":"R\u00e1dio Internacional da China","publisher":{"@id":"https:\/\/diariodepe.com.br\/cri\/#organization"},"potentialAction":[{"@type":"SearchAction","target":{"@type":"EntryPoint","urlTemplate":"https:\/\/diariodepe.com.br\/cri\/?s={search_term_string}"},"query-input":{"@type":"PropertyValueSpecification","valueRequired":true,"valueName":"search_term_string"}}],"inLanguage":"pt-BR"},{"@type":"Organization","@id":"https:\/\/diariodepe.com.br\/cri\/#organization","name":"CRI e Diario de Pernambuco","url":"https:\/\/diariodepe.com.br\/cri\/","logo":{"@type":"ImageObject","inLanguage":"pt-BR","@id":"https:\/\/diariodepe.com.br\/cri\/#\/schema\/logo\/image\/","url":"https:\/\/diariodepe.com.br\/cri\/wp-content\/uploads\/sites\/2\/2022\/12\/cropped-Logo.jpg","contentUrl":"https:\/\/diariodepe.com.br\/cri\/wp-content\/uploads\/sites\/2\/2022\/12\/cropped-Logo.jpg","width":700,"height":59,"caption":"CRI e Diario de Pernambuco"},"image":{"@id":"https:\/\/diariodepe.com.br\/cri\/#\/schema\/logo\/image\/"}},{"@type":"Person","@id":"https:\/\/diariodepe.com.br\/cri\/#\/schema\/person\/121bb28d84f1a5b1205ef4ce9c2e0c6b","name":"Ismael Lucas S. Pereira","image":{"@type":"ImageObject","inLanguage":"pt-BR","@id":"https:\/\/secure.gravatar.com\/avatar\/887a0f3b5a7ceea963a48499fb883ffce6b5037362def025c52c2505b15d63e4?s=96&d=mm&r=g","url":"https:\/\/secure.gravatar.com\/avatar\/887a0f3b5a7ceea963a48499fb883ffce6b5037362def025c52c2505b15d63e4?s=96&d=mm&r=g","contentUrl":"https:\/\/secure.gravatar.com\/avatar\/887a0f3b5a7ceea963a48499fb883ffce6b5037362def025c52c2505b15d63e4?s=96&d=mm&r=g","caption":"Ismael Lucas S. Pereira"},"url":"https:\/\/diariodepe.com.br\/cri\/author\/ismael-lucas\/"}]}},"cc_featured_image_caption":{"caption_text":false,"source_text":false,"source_url":false},"amp_enabled":true,"_links":{"self":[{"href":"https:\/\/diariodepe.com.br\/cri\/wp-json\/wp\/v2\/posts\/8835","targetHints":{"allow":["GET"]}}],"collection":[{"href":"https:\/\/diariodepe.com.br\/cri\/wp-json\/wp\/v2\/posts"}],"about":[{"href":"https:\/\/diariodepe.com.br\/cri\/wp-json\/wp\/v2\/types\/post"}],"author":[{"embeddable":true,"href":"https:\/\/diariodepe.com.br\/cri\/wp-json\/wp\/v2\/users\/2"}],"replies":[{"embeddable":true,"href":"https:\/\/diariodepe.com.br\/cri\/wp-json\/wp\/v2\/comments?post=8835"}],"version-history":[{"count":1,"href":"https:\/\/diariodepe.com.br\/cri\/wp-json\/wp\/v2\/posts\/8835\/revisions"}],"predecessor-version":[{"id":8836,"href":"https:\/\/diariodepe.com.br\/cri\/wp-json\/wp\/v2\/posts\/8835\/revisions\/8836"}],"wp:attachment":[{"href":"https:\/\/diariodepe.com.br\/cri\/wp-json\/wp\/v2\/media?parent=8835"}],"wp:term":[{"taxonomy":"category","embeddable":true,"href":"https:\/\/diariodepe.com.br\/cri\/wp-json\/wp\/v2\/categories?post=8835"},{"taxonomy":"post_tag","embeddable":true,"href":"https:\/\/diariodepe.com.br\/cri\/wp-json\/wp\/v2\/tags?post=8835"}],"curies":[{"name":"wp","href":"https:\/\/api.w.org\/{rel}","templated":true}]}}