{"id":8824,"date":"2025-07-10T22:55:28","date_gmt":"2025-07-11T01:55:28","guid":{"rendered":"https:\/\/diariodepe.com.br\/cri\/?p=8824"},"modified":"2025-07-10T22:56:01","modified_gmt":"2025-07-11T01:56:01","slug":"li-qiang-encontra-com-presidente-egipcio-no-cairo","status":"publish","type":"post","link":"https:\/\/diariodepe.com.br\/cri\/2025\/07\/10\/li-qiang-encontra-com-presidente-egipcio-no-cairo\/","title":{"rendered":"Li Qiang encontra com presidente eg\u00edpcio no Cairo\u200b"},"content":{"rendered":"<p>No dia 10, o primeiro-ministro da China, Li Qiang, encontrou-se no Cairo com o presidente do Egito, Abdel Fattah Al-Sisi.<\/p>\n<p>Inicialmente, Li Qiang transmitiu as sauda\u00e7\u00f5es do presidente Xi Jinping a Al-Sisi. O primeiro-ministro chin\u00eas destacou que as rela\u00e7\u00f5es bilaterais entre os dois pa\u00edses alcan\u00e7aram significativo desenvolvimento nos \u00faltimos anos, sob a lideran\u00e7a estrat\u00e9gica de seus chefes de Estado. A China deseja aproveitar o 70\u00ba anivers\u00e1rio do estabelecimento de rela\u00e7\u00f5es diplom\u00e1ticas como oportunidade para continuar a aprofundar esta amizade tradicional, refor\u00e7ar a confian\u00e7a pol\u00edtica m\u00fatua, enriquecer o escopo da parceria estrat\u00e9gica abrangente e construir conjuntamente uma comunidade de futuro compartilhado entre a China e o Egito na nova era.<\/p>\n<p>Durante o encontro, Li Qiang afirmou ainda que seu pa\u00eds pretende fortalecer a coopera\u00e7\u00e3o com o Egito em \u00e1reas como com\u00e9rcio, finan\u00e7as, manufatura, energia renov\u00e1vel e inova\u00e7\u00e3o tecnol\u00f3gica, no \u00e2mbito da Iniciativa do Cintur\u00e3o e Rota, incentivando empresas chinesas de alta competitividade a investir no Estado africano. A China est\u00e1 disposta a manter contatos mais estreitos com o Egito para promover o processo de cessar-fogo em Gaza e impulsionar a coopera\u00e7\u00e3o chinesa com os pa\u00edses \u00e1rabes e africanos, com o apoio de organiza\u00e7\u00f5es multilaterais como as Na\u00e7\u00f5es Unidas (ONU), o BRICS e a Organiza\u00e7\u00e3o de Coopera\u00e7\u00e3o de Xangai (SCO).<\/p>\n<p>Por sua vez, Al-Sisi enviou suas felicita\u00e7\u00f5es ao presidente Xi Jinping, ressaltando que a China alcan\u00e7ou extraordin\u00e1rio \u00eaxito no desenvolvimento socioecon\u00f4mico sob sua lideran\u00e7a. Segundo ele, a China \u00e9 um amigo sincero do Egito, que apoia firmemente o princ\u00edpio de Uma S\u00f3 China e deseja promover conjuntamente a constru\u00e7\u00e3o da Iniciativa do Cintur\u00e3o e Rota. O pa\u00eds d\u00e1 as boas-vindas \u00e0s empresas chinesas e oferecer\u00e1 a estas todas as facilidades de ingresso no mercado eg\u00edpcio.<\/p>\n","protected":false},"excerpt":{"rendered":"<p>No dia 10, o primeiro-ministro da China, Li Qiang, encontrou-se no Cairo com o presidente do Egito, Abdel Fattah Al-Sisi. Inicialmente, Li Qiang transmitiu as sauda\u00e7\u00f5es do presidente Xi Jinping a Al-Sisi. O primeiro-ministro chin\u00eas destacou que as rela\u00e7\u00f5es bilaterais&#8230;<\/p>\n","protected":false},"author":2,"featured_media":8826,"comment_status":"open","ping_status":"open","sticky":false,"template":"","format":"standard","meta":{"footnotes":""},"categories":[8],"tags":[],"class_list":["post-8824","post","type-post","status-publish","format-standard","has-post-thumbnail","hentry","category-internacional"],"yoast_head":"<!-- This site is optimized with the Yoast SEO plugin v27.4 - https:\/\/yoast.com\/product\/yoast-seo-wordpress\/ -->\n<title>Li Qiang encontra com presidente eg\u00edpcio no Cairo\u200b - CRI e Diario de Pernambuco<\/title>\n<meta name=\"robots\" content=\"index, follow, max-snippet:-1, max-image-preview:large, max-video-preview:-1\" \/>\n<link rel=\"canonical\" href=\"https:\/\/diariodepe.com.br\/cri\/2025\/07\/10\/li-qiang-encontra-com-presidente-egipcio-no-cairo\/\" \/>\n<meta property=\"og:locale\" content=\"pt_BR\" \/>\n<meta property=\"og:type\" content=\"article\" \/>\n<meta property=\"og:title\" content=\"Li Qiang encontra com presidente eg\u00edpcio no Cairo\u200b - CRI e Diario de Pernambuco\" \/>\n<meta property=\"og:description\" content=\"No dia 10, o primeiro-ministro da China, Li Qiang, encontrou-se no Cairo com o presidente do Egito, Abdel Fattah Al-Sisi. Inicialmente, Li Qiang transmitiu as sauda\u00e7\u00f5es do presidente Xi Jinping a Al-Sisi. O primeiro-ministro chin\u00eas destacou que as rela\u00e7\u00f5es bilaterais...\" \/>\n<meta property=\"og:url\" content=\"https:\/\/diariodepe.com.br\/cri\/2025\/07\/10\/li-qiang-encontra-com-presidente-egipcio-no-cairo\/\" \/>\n<meta property=\"og:site_name\" content=\"CRI e Diario de Pernambuco\" \/>\n<meta property=\"article:published_time\" content=\"2025-07-11T01:55:28+00:00\" \/>\n<meta property=\"article:modified_time\" content=\"2025-07-11T01:56:01+00:00\" \/>\n<meta property=\"og:image\" content=\"https:\/\/diariodepe.com.br\/cri\/wp-content\/uploads\/sites\/2\/2025\/07\/1752149934977_166.jpg\" \/>\n\t<meta property=\"og:image:width\" content=\"800\" \/>\n\t<meta property=\"og:image:height\" content=\"450\" \/>\n\t<meta property=\"og:image:type\" content=\"image\/jpeg\" \/>\n<meta name=\"author\" content=\"Ismael Lucas S. Pereira\" \/>\n<meta name=\"twitter:card\" content=\"summary_large_image\" \/>\n<meta name=\"twitter:label1\" content=\"Escrito por\" \/>\n\t<meta name=\"twitter:data1\" content=\"Ismael Lucas S. Pereira\" \/>\n\t<meta name=\"twitter:label2\" content=\"Est. tempo de leitura\" \/>\n\t<meta name=\"twitter:data2\" content=\"2 minutos\" \/>\n<script type=\"application\/ld+json\" class=\"yoast-schema-graph\">{\"@context\":\"https:\\\/\\\/schema.org\",\"@graph\":[{\"@type\":\"Article\",\"@id\":\"https:\\\/\\\/diariodepe.com.br\\\/cri\\\/2025\\\/07\\\/10\\\/li-qiang-encontra-com-presidente-egipcio-no-cairo\\\/#article\",\"isPartOf\":{\"@id\":\"https:\\\/\\\/diariodepe.com.br\\\/cri\\\/2025\\\/07\\\/10\\\/li-qiang-encontra-com-presidente-egipcio-no-cairo\\\/\"},\"author\":{\"name\":\"Ismael Lucas S. Pereira\",\"@id\":\"https:\\\/\\\/diariodepe.com.br\\\/cri\\\/#\\\/schema\\\/person\\\/121bb28d84f1a5b1205ef4ce9c2e0c6b\"},\"headline\":\"Li Qiang encontra com presidente eg\u00edpcio no Cairo\u200b\",\"datePublished\":\"2025-07-11T01:55:28+00:00\",\"dateModified\":\"2025-07-11T01:56:01+00:00\",\"mainEntityOfPage\":{\"@id\":\"https:\\\/\\\/diariodepe.com.br\\\/cri\\\/2025\\\/07\\\/10\\\/li-qiang-encontra-com-presidente-egipcio-no-cairo\\\/\"},\"wordCount\":328,\"commentCount\":0,\"publisher\":{\"@id\":\"https:\\\/\\\/diariodepe.com.br\\\/cri\\\/#organization\"},\"image\":{\"@id\":\"https:\\\/\\\/diariodepe.com.br\\\/cri\\\/2025\\\/07\\\/10\\\/li-qiang-encontra-com-presidente-egipcio-no-cairo\\\/#primaryimage\"},\"thumbnailUrl\":\"https:\\\/\\\/diariodepe.com.br\\\/cri\\\/wp-content\\\/uploads\\\/sites\\\/2\\\/2025\\\/07\\\/1752149934977_166.jpg\",\"articleSection\":[\"Internacional\"],\"inLanguage\":\"pt-BR\",\"potentialAction\":[{\"@type\":\"CommentAction\",\"name\":\"Comment\",\"target\":[\"https:\\\/\\\/diariodepe.com.br\\\/cri\\\/2025\\\/07\\\/10\\\/li-qiang-encontra-com-presidente-egipcio-no-cairo\\\/#respond\"]}]},{\"@type\":\"WebPage\",\"@id\":\"https:\\\/\\\/diariodepe.com.br\\\/cri\\\/2025\\\/07\\\/10\\\/li-qiang-encontra-com-presidente-egipcio-no-cairo\\\/\",\"url\":\"https:\\\/\\\/diariodepe.com.br\\\/cri\\\/2025\\\/07\\\/10\\\/li-qiang-encontra-com-presidente-egipcio-no-cairo\\\/\",\"name\":\"Li Qiang encontra com presidente eg\u00edpcio no Cairo\u200b - CRI e Diario de Pernambuco\",\"isPartOf\":{\"@id\":\"https:\\\/\\\/diariodepe.com.br\\\/cri\\\/#website\"},\"primaryImageOfPage\":{\"@id\":\"https:\\\/\\\/diariodepe.com.br\\\/cri\\\/2025\\\/07\\\/10\\\/li-qiang-encontra-com-presidente-egipcio-no-cairo\\\/#primaryimage\"},\"image\":{\"@id\":\"https:\\\/\\\/diariodepe.com.br\\\/cri\\\/2025\\\/07\\\/10\\\/li-qiang-encontra-com-presidente-egipcio-no-cairo\\\/#primaryimage\"},\"thumbnailUrl\":\"https:\\\/\\\/diariodepe.com.br\\\/cri\\\/wp-content\\\/uploads\\\/sites\\\/2\\\/2025\\\/07\\\/1752149934977_166.jpg\",\"datePublished\":\"2025-07-11T01:55:28+00:00\",\"dateModified\":\"2025-07-11T01:56:01+00:00\",\"breadcrumb\":{\"@id\":\"https:\\\/\\\/diariodepe.com.br\\\/cri\\\/2025\\\/07\\\/10\\\/li-qiang-encontra-com-presidente-egipcio-no-cairo\\\/#breadcrumb\"},\"inLanguage\":\"pt-BR\",\"potentialAction\":[{\"@type\":\"ReadAction\",\"target\":[\"https:\\\/\\\/diariodepe.com.br\\\/cri\\\/2025\\\/07\\\/10\\\/li-qiang-encontra-com-presidente-egipcio-no-cairo\\\/\"]}]},{\"@type\":\"ImageObject\",\"inLanguage\":\"pt-BR\",\"@id\":\"https:\\\/\\\/diariodepe.com.br\\\/cri\\\/2025\\\/07\\\/10\\\/li-qiang-encontra-com-presidente-egipcio-no-cairo\\\/#primaryimage\",\"url\":\"https:\\\/\\\/diariodepe.com.br\\\/cri\\\/wp-content\\\/uploads\\\/sites\\\/2\\\/2025\\\/07\\\/1752149934977_166.jpg\",\"contentUrl\":\"https:\\\/\\\/diariodepe.com.br\\\/cri\\\/wp-content\\\/uploads\\\/sites\\\/2\\\/2025\\\/07\\\/1752149934977_166.jpg\",\"width\":800,\"height\":450},{\"@type\":\"BreadcrumbList\",\"@id\":\"https:\\\/\\\/diariodepe.com.br\\\/cri\\\/2025\\\/07\\\/10\\\/li-qiang-encontra-com-presidente-egipcio-no-cairo\\\/#breadcrumb\",\"itemListElement\":[{\"@type\":\"ListItem\",\"position\":1,\"name\":\"In\u00edcio\",\"item\":\"https:\\\/\\\/diariodepe.com.br\\\/cri\\\/\"},{\"@type\":\"ListItem\",\"position\":2,\"name\":\"Li Qiang encontra com presidente eg\u00edpcio no Cairo\u200b\"}]},{\"@type\":\"WebSite\",\"@id\":\"https:\\\/\\\/diariodepe.com.br\\\/cri\\\/#website\",\"url\":\"https:\\\/\\\/diariodepe.com.br\\\/cri\\\/\",\"name\":\"CRI e Diario de Pernambuco\",\"description\":\"R\u00e1dio Internacional da China\",\"publisher\":{\"@id\":\"https:\\\/\\\/diariodepe.com.br\\\/cri\\\/#organization\"},\"potentialAction\":[{\"@type\":\"SearchAction\",\"target\":{\"@type\":\"EntryPoint\",\"urlTemplate\":\"https:\\\/\\\/diariodepe.com.br\\\/cri\\\/?s={search_term_string}\"},\"query-input\":{\"@type\":\"PropertyValueSpecification\",\"valueRequired\":true,\"valueName\":\"search_term_string\"}}],\"inLanguage\":\"pt-BR\"},{\"@type\":\"Organization\",\"@id\":\"https:\\\/\\\/diariodepe.com.br\\\/cri\\\/#organization\",\"name\":\"CRI e Diario de Pernambuco\",\"url\":\"https:\\\/\\\/diariodepe.com.br\\\/cri\\\/\",\"logo\":{\"@type\":\"ImageObject\",\"inLanguage\":\"pt-BR\",\"@id\":\"https:\\\/\\\/diariodepe.com.br\\\/cri\\\/#\\\/schema\\\/logo\\\/image\\\/\",\"url\":\"https:\\\/\\\/diariodepe.com.br\\\/cri\\\/wp-content\\\/uploads\\\/sites\\\/2\\\/2022\\\/12\\\/cropped-Logo.jpg\",\"contentUrl\":\"https:\\\/\\\/diariodepe.com.br\\\/cri\\\/wp-content\\\/uploads\\\/sites\\\/2\\\/2022\\\/12\\\/cropped-Logo.jpg\",\"width\":700,\"height\":59,\"caption\":\"CRI e Diario de Pernambuco\"},\"image\":{\"@id\":\"https:\\\/\\\/diariodepe.com.br\\\/cri\\\/#\\\/schema\\\/logo\\\/image\\\/\"}},{\"@type\":\"Person\",\"@id\":\"https:\\\/\\\/diariodepe.com.br\\\/cri\\\/#\\\/schema\\\/person\\\/121bb28d84f1a5b1205ef4ce9c2e0c6b\",\"name\":\"Ismael Lucas S. Pereira\",\"image\":{\"@type\":\"ImageObject\",\"inLanguage\":\"pt-BR\",\"@id\":\"https:\\\/\\\/secure.gravatar.com\\\/avatar\\\/887a0f3b5a7ceea963a48499fb883ffce6b5037362def025c52c2505b15d63e4?s=96&d=mm&r=g\",\"url\":\"https:\\\/\\\/secure.gravatar.com\\\/avatar\\\/887a0f3b5a7ceea963a48499fb883ffce6b5037362def025c52c2505b15d63e4?s=96&d=mm&r=g\",\"contentUrl\":\"https:\\\/\\\/secure.gravatar.com\\\/avatar\\\/887a0f3b5a7ceea963a48499fb883ffce6b5037362def025c52c2505b15d63e4?s=96&d=mm&r=g\",\"caption\":\"Ismael Lucas S. Pereira\"},\"url\":\"https:\\\/\\\/diariodepe.com.br\\\/cri\\\/author\\\/ismael-lucas\\\/\"}]}<\/script>\n<!-- \/ Yoast SEO plugin. -->","yoast_head_json":{"title":"Li Qiang encontra com presidente eg\u00edpcio no Cairo\u200b - CRI e Diario de Pernambuco","robots":{"index":"index","follow":"follow","max-snippet":"max-snippet:-1","max-image-preview":"max-image-preview:large","max-video-preview":"max-video-preview:-1"},"canonical":"https:\/\/diariodepe.com.br\/cri\/2025\/07\/10\/li-qiang-encontra-com-presidente-egipcio-no-cairo\/","og_locale":"pt_BR","og_type":"article","og_title":"Li Qiang encontra com presidente eg\u00edpcio no Cairo\u200b - CRI e Diario de Pernambuco","og_description":"No dia 10, o primeiro-ministro da China, Li Qiang, encontrou-se no Cairo com o presidente do Egito, Abdel Fattah Al-Sisi. Inicialmente, Li Qiang transmitiu as sauda\u00e7\u00f5es do presidente Xi Jinping a Al-Sisi. O primeiro-ministro chin\u00eas destacou que as rela\u00e7\u00f5es bilaterais...","og_url":"https:\/\/diariodepe.com.br\/cri\/2025\/07\/10\/li-qiang-encontra-com-presidente-egipcio-no-cairo\/","og_site_name":"CRI e Diario de Pernambuco","article_published_time":"2025-07-11T01:55:28+00:00","article_modified_time":"2025-07-11T01:56:01+00:00","og_image":[{"width":800,"height":450,"url":"https:\/\/diariodepe.com.br\/cri\/wp-content\/uploads\/sites\/2\/2025\/07\/1752149934977_166.jpg","type":"image\/jpeg"}],"author":"Ismael Lucas S. Pereira","twitter_card":"summary_large_image","twitter_misc":{"Escrito por":"Ismael Lucas S. Pereira","Est. tempo de leitura":"2 minutos"},"schema":{"@context":"https:\/\/schema.org","@graph":[{"@type":"Article","@id":"https:\/\/diariodepe.com.br\/cri\/2025\/07\/10\/li-qiang-encontra-com-presidente-egipcio-no-cairo\/#article","isPartOf":{"@id":"https:\/\/diariodepe.com.br\/cri\/2025\/07\/10\/li-qiang-encontra-com-presidente-egipcio-no-cairo\/"},"author":{"name":"Ismael Lucas S. Pereira","@id":"https:\/\/diariodepe.com.br\/cri\/#\/schema\/person\/121bb28d84f1a5b1205ef4ce9c2e0c6b"},"headline":"Li Qiang encontra com presidente eg\u00edpcio no Cairo\u200b","datePublished":"2025-07-11T01:55:28+00:00","dateModified":"2025-07-11T01:56:01+00:00","mainEntityOfPage":{"@id":"https:\/\/diariodepe.com.br\/cri\/2025\/07\/10\/li-qiang-encontra-com-presidente-egipcio-no-cairo\/"},"wordCount":328,"commentCount":0,"publisher":{"@id":"https:\/\/diariodepe.com.br\/cri\/#organization"},"image":{"@id":"https:\/\/diariodepe.com.br\/cri\/2025\/07\/10\/li-qiang-encontra-com-presidente-egipcio-no-cairo\/#primaryimage"},"thumbnailUrl":"https:\/\/diariodepe.com.br\/cri\/wp-content\/uploads\/sites\/2\/2025\/07\/1752149934977_166.jpg","articleSection":["Internacional"],"inLanguage":"pt-BR","potentialAction":[{"@type":"CommentAction","name":"Comment","target":["https:\/\/diariodepe.com.br\/cri\/2025\/07\/10\/li-qiang-encontra-com-presidente-egipcio-no-cairo\/#respond"]}]},{"@type":"WebPage","@id":"https:\/\/diariodepe.com.br\/cri\/2025\/07\/10\/li-qiang-encontra-com-presidente-egipcio-no-cairo\/","url":"https:\/\/diariodepe.com.br\/cri\/2025\/07\/10\/li-qiang-encontra-com-presidente-egipcio-no-cairo\/","name":"Li Qiang encontra com presidente eg\u00edpcio no Cairo\u200b - CRI e Diario de Pernambuco","isPartOf":{"@id":"https:\/\/diariodepe.com.br\/cri\/#website"},"primaryImageOfPage":{"@id":"https:\/\/diariodepe.com.br\/cri\/2025\/07\/10\/li-qiang-encontra-com-presidente-egipcio-no-cairo\/#primaryimage"},"image":{"@id":"https:\/\/diariodepe.com.br\/cri\/2025\/07\/10\/li-qiang-encontra-com-presidente-egipcio-no-cairo\/#primaryimage"},"thumbnailUrl":"https:\/\/diariodepe.com.br\/cri\/wp-content\/uploads\/sites\/2\/2025\/07\/1752149934977_166.jpg","datePublished":"2025-07-11T01:55:28+00:00","dateModified":"2025-07-11T01:56:01+00:00","breadcrumb":{"@id":"https:\/\/diariodepe.com.br\/cri\/2025\/07\/10\/li-qiang-encontra-com-presidente-egipcio-no-cairo\/#breadcrumb"},"inLanguage":"pt-BR","potentialAction":[{"@type":"ReadAction","target":["https:\/\/diariodepe.com.br\/cri\/2025\/07\/10\/li-qiang-encontra-com-presidente-egipcio-no-cairo\/"]}]},{"@type":"ImageObject","inLanguage":"pt-BR","@id":"https:\/\/diariodepe.com.br\/cri\/2025\/07\/10\/li-qiang-encontra-com-presidente-egipcio-no-cairo\/#primaryimage","url":"https:\/\/diariodepe.com.br\/cri\/wp-content\/uploads\/sites\/2\/2025\/07\/1752149934977_166.jpg","contentUrl":"https:\/\/diariodepe.com.br\/cri\/wp-content\/uploads\/sites\/2\/2025\/07\/1752149934977_166.jpg","width":800,"height":450},{"@type":"BreadcrumbList","@id":"https:\/\/diariodepe.com.br\/cri\/2025\/07\/10\/li-qiang-encontra-com-presidente-egipcio-no-cairo\/#breadcrumb","itemListElement":[{"@type":"ListItem","position":1,"name":"In\u00edcio","item":"https:\/\/diariodepe.com.br\/cri\/"},{"@type":"ListItem","position":2,"name":"Li Qiang encontra com presidente eg\u00edpcio no Cairo\u200b"}]},{"@type":"WebSite","@id":"https:\/\/diariodepe.com.br\/cri\/#website","url":"https:\/\/diariodepe.com.br\/cri\/","name":"CRI e Diario de Pernambuco","description":"R\u00e1dio Internacional da China","publisher":{"@id":"https:\/\/diariodepe.com.br\/cri\/#organization"},"potentialAction":[{"@type":"SearchAction","target":{"@type":"EntryPoint","urlTemplate":"https:\/\/diariodepe.com.br\/cri\/?s={search_term_string}"},"query-input":{"@type":"PropertyValueSpecification","valueRequired":true,"valueName":"search_term_string"}}],"inLanguage":"pt-BR"},{"@type":"Organization","@id":"https:\/\/diariodepe.com.br\/cri\/#organization","name":"CRI e Diario de Pernambuco","url":"https:\/\/diariodepe.com.br\/cri\/","logo":{"@type":"ImageObject","inLanguage":"pt-BR","@id":"https:\/\/diariodepe.com.br\/cri\/#\/schema\/logo\/image\/","url":"https:\/\/diariodepe.com.br\/cri\/wp-content\/uploads\/sites\/2\/2022\/12\/cropped-Logo.jpg","contentUrl":"https:\/\/diariodepe.com.br\/cri\/wp-content\/uploads\/sites\/2\/2022\/12\/cropped-Logo.jpg","width":700,"height":59,"caption":"CRI e Diario de Pernambuco"},"image":{"@id":"https:\/\/diariodepe.com.br\/cri\/#\/schema\/logo\/image\/"}},{"@type":"Person","@id":"https:\/\/diariodepe.com.br\/cri\/#\/schema\/person\/121bb28d84f1a5b1205ef4ce9c2e0c6b","name":"Ismael Lucas S. Pereira","image":{"@type":"ImageObject","inLanguage":"pt-BR","@id":"https:\/\/secure.gravatar.com\/avatar\/887a0f3b5a7ceea963a48499fb883ffce6b5037362def025c52c2505b15d63e4?s=96&d=mm&r=g","url":"https:\/\/secure.gravatar.com\/avatar\/887a0f3b5a7ceea963a48499fb883ffce6b5037362def025c52c2505b15d63e4?s=96&d=mm&r=g","contentUrl":"https:\/\/secure.gravatar.com\/avatar\/887a0f3b5a7ceea963a48499fb883ffce6b5037362def025c52c2505b15d63e4?s=96&d=mm&r=g","caption":"Ismael Lucas S. Pereira"},"url":"https:\/\/diariodepe.com.br\/cri\/author\/ismael-lucas\/"}]}},"cc_featured_image_caption":{"caption_text":false,"source_text":false,"source_url":false},"amp_enabled":true,"_links":{"self":[{"href":"https:\/\/diariodepe.com.br\/cri\/wp-json\/wp\/v2\/posts\/8824","targetHints":{"allow":["GET"]}}],"collection":[{"href":"https:\/\/diariodepe.com.br\/cri\/wp-json\/wp\/v2\/posts"}],"about":[{"href":"https:\/\/diariodepe.com.br\/cri\/wp-json\/wp\/v2\/types\/post"}],"author":[{"embeddable":true,"href":"https:\/\/diariodepe.com.br\/cri\/wp-json\/wp\/v2\/users\/2"}],"replies":[{"embeddable":true,"href":"https:\/\/diariodepe.com.br\/cri\/wp-json\/wp\/v2\/comments?post=8824"}],"version-history":[{"count":1,"href":"https:\/\/diariodepe.com.br\/cri\/wp-json\/wp\/v2\/posts\/8824\/revisions"}],"predecessor-version":[{"id":8825,"href":"https:\/\/diariodepe.com.br\/cri\/wp-json\/wp\/v2\/posts\/8824\/revisions\/8825"}],"wp:featuredmedia":[{"embeddable":true,"href":"https:\/\/diariodepe.com.br\/cri\/wp-json\/wp\/v2\/media\/8826"}],"wp:attachment":[{"href":"https:\/\/diariodepe.com.br\/cri\/wp-json\/wp\/v2\/media?parent=8824"}],"wp:term":[{"taxonomy":"category","embeddable":true,"href":"https:\/\/diariodepe.com.br\/cri\/wp-json\/wp\/v2\/categories?post=8824"},{"taxonomy":"post_tag","embeddable":true,"href":"https:\/\/diariodepe.com.br\/cri\/wp-json\/wp\/v2\/tags?post=8824"}],"curies":[{"name":"wp","href":"https:\/\/api.w.org\/{rel}","templated":true}]}}