{"id":8767,"date":"2025-07-02T04:03:04","date_gmt":"2025-07-02T07:03:04","guid":{"rendered":"https:\/\/diariodepe.com.br\/cri\/?p=8767"},"modified":"2025-07-02T04:03:04","modified_gmt":"2025-07-02T07:03:04","slug":"china-celebrara-80-anos-da-vitoria-na-guerra-de-resistencia-do-povo-chines-contra-a-agressao-japonesa-e-na-guerra-antifascista-mundial-3","status":"publish","type":"post","link":"https:\/\/diariodepe.com.br\/cri\/2025\/07\/02\/china-celebrara-80-anos-da-vitoria-na-guerra-de-resistencia-do-povo-chines-contra-a-agressao-japonesa-e-na-guerra-antifascista-mundial-3\/","title":{"rendered":"China celebrar\u00e1 80 anos da vit\u00f3ria na Guerra de Resist\u00eancia do Povo Chin\u00eas contra a Agress\u00e3o Japonesa e na Guerra Antifascista Mundial"},"content":{"rendered":"<p>No dia 3 de setembro deste ano, ser\u00e1 realizado um desfile militar na Pra\u00e7a Tian&#8217;anmen, no centro de Beijing, para celebrar o 80\u00ba anivers\u00e1rio da vit\u00f3ria na Guerra de Resist\u00eancia do Povo Chin\u00eas contra a Agress\u00e3o Japonesa e na Guerra Antifascista Mundial.\u00a0Na mesma manh\u00e3, tamb\u00e9m est\u00e1 prevista uma confer\u00eancia tem\u00e1tica como parte das comemora\u00e7\u00f5es.<\/p>\n<p>O presidente da China, Xi Jinping, far\u00e1 um importante\u00a0discurso\u00a0durante a\u00a0confer\u00eancia e passar\u00e1 em revista as tropas no desfile militar.<\/p>\n<p>A\u00a0programa\u00e7\u00e3o foi anunciada\u00a0hoje (24) pelo vice-chefe do Departamento de Comunica\u00e7\u00e3o do Comit\u00ea Central do Partido Comunista da China, Hu Heping.<\/p>\n<p>Ele revelou ainda que\u00a0os veteranos e camaradas que participaram da Guerra de Resist\u00eancia do Povo Chin\u00eas contra a Agress\u00e3o Japonesa, assim como os familiares dos combatentes falecidos, receber\u00e3o medalhas comemorativas.<\/p>\n","protected":false},"excerpt":{"rendered":"<p>No dia 3 de setembro deste ano, ser\u00e1 realizado um desfile militar na Pra\u00e7a Tian&#8217;anmen, no centro de Beijing, para celebrar o 80\u00ba anivers\u00e1rio da vit\u00f3ria na Guerra de Resist\u00eancia do Povo Chin\u00eas contra a Agress\u00e3o Japonesa e na Guerra&#8230;<\/p>\n","protected":false},"author":2,"featured_media":0,"comment_status":"open","ping_status":"open","sticky":false,"template":"","format":"standard","meta":{"footnotes":""},"categories":[3],"tags":[],"class_list":["post-8767","post","type-post","status-publish","format-standard","hentry","category-china"],"yoast_head":"<!-- This site is optimized with the Yoast SEO plugin v27.4 - https:\/\/yoast.com\/product\/yoast-seo-wordpress\/ -->\n<title>China celebrar\u00e1 80 anos da vit\u00f3ria na Guerra de Resist\u00eancia do Povo Chin\u00eas contra a Agress\u00e3o Japonesa e na Guerra Antifascista Mundial - CRI e Diario de Pernambuco<\/title>\n<meta name=\"robots\" content=\"index, follow, max-snippet:-1, max-image-preview:large, max-video-preview:-1\" \/>\n<link rel=\"canonical\" href=\"https:\/\/diariodepe.com.br\/cri\/2025\/07\/02\/china-celebrara-80-anos-da-vitoria-na-guerra-de-resistencia-do-povo-chines-contra-a-agressao-japonesa-e-na-guerra-antifascista-mundial-3\/\" \/>\n<meta property=\"og:locale\" content=\"pt_BR\" \/>\n<meta property=\"og:type\" content=\"article\" \/>\n<meta property=\"og:title\" content=\"China celebrar\u00e1 80 anos da vit\u00f3ria na Guerra de Resist\u00eancia do Povo Chin\u00eas contra a Agress\u00e3o Japonesa e na Guerra Antifascista Mundial - CRI e Diario de Pernambuco\" \/>\n<meta property=\"og:description\" content=\"No dia 3 de setembro deste ano, ser\u00e1 realizado um desfile militar na Pra\u00e7a Tian&#8217;anmen, no centro de Beijing, para celebrar o 80\u00ba anivers\u00e1rio da vit\u00f3ria na Guerra de Resist\u00eancia do Povo Chin\u00eas contra a Agress\u00e3o Japonesa e na Guerra...\" \/>\n<meta property=\"og:url\" content=\"https:\/\/diariodepe.com.br\/cri\/2025\/07\/02\/china-celebrara-80-anos-da-vitoria-na-guerra-de-resistencia-do-povo-chines-contra-a-agressao-japonesa-e-na-guerra-antifascista-mundial-3\/\" \/>\n<meta property=\"og:site_name\" content=\"CRI e Diario de Pernambuco\" \/>\n<meta property=\"article:published_time\" content=\"2025-07-02T07:03:04+00:00\" \/>\n<meta name=\"author\" content=\"Ismael Lucas S. Pereira\" \/>\n<meta name=\"twitter:card\" content=\"summary_large_image\" \/>\n<meta name=\"twitter:label1\" content=\"Escrito por\" \/>\n\t<meta name=\"twitter:data1\" content=\"Ismael Lucas S. Pereira\" \/>\n\t<meta name=\"twitter:label2\" content=\"Est. tempo de leitura\" \/>\n\t<meta name=\"twitter:data2\" content=\"1 minuto\" \/>\n<script type=\"application\/ld+json\" class=\"yoast-schema-graph\">{\"@context\":\"https:\\\/\\\/schema.org\",\"@graph\":[{\"@type\":\"Article\",\"@id\":\"https:\\\/\\\/diariodepe.com.br\\\/cri\\\/2025\\\/07\\\/02\\\/china-celebrara-80-anos-da-vitoria-na-guerra-de-resistencia-do-povo-chines-contra-a-agressao-japonesa-e-na-guerra-antifascista-mundial-3\\\/#article\",\"isPartOf\":{\"@id\":\"https:\\\/\\\/diariodepe.com.br\\\/cri\\\/2025\\\/07\\\/02\\\/china-celebrara-80-anos-da-vitoria-na-guerra-de-resistencia-do-povo-chines-contra-a-agressao-japonesa-e-na-guerra-antifascista-mundial-3\\\/\"},\"author\":{\"name\":\"Ismael Lucas S. Pereira\",\"@id\":\"https:\\\/\\\/diariodepe.com.br\\\/cri\\\/#\\\/schema\\\/person\\\/121bb28d84f1a5b1205ef4ce9c2e0c6b\"},\"headline\":\"China celebrar\u00e1 80 anos da vit\u00f3ria na Guerra de Resist\u00eancia do Povo Chin\u00eas contra a Agress\u00e3o Japonesa e na Guerra Antifascista Mundial\",\"datePublished\":\"2025-07-02T07:03:04+00:00\",\"mainEntityOfPage\":{\"@id\":\"https:\\\/\\\/diariodepe.com.br\\\/cri\\\/2025\\\/07\\\/02\\\/china-celebrara-80-anos-da-vitoria-na-guerra-de-resistencia-do-povo-chines-contra-a-agressao-japonesa-e-na-guerra-antifascista-mundial-3\\\/\"},\"wordCount\":170,\"commentCount\":0,\"publisher\":{\"@id\":\"https:\\\/\\\/diariodepe.com.br\\\/cri\\\/#organization\"},\"articleSection\":[\"China\"],\"inLanguage\":\"pt-BR\",\"potentialAction\":[{\"@type\":\"CommentAction\",\"name\":\"Comment\",\"target\":[\"https:\\\/\\\/diariodepe.com.br\\\/cri\\\/2025\\\/07\\\/02\\\/china-celebrara-80-anos-da-vitoria-na-guerra-de-resistencia-do-povo-chines-contra-a-agressao-japonesa-e-na-guerra-antifascista-mundial-3\\\/#respond\"]}]},{\"@type\":\"WebPage\",\"@id\":\"https:\\\/\\\/diariodepe.com.br\\\/cri\\\/2025\\\/07\\\/02\\\/china-celebrara-80-anos-da-vitoria-na-guerra-de-resistencia-do-povo-chines-contra-a-agressao-japonesa-e-na-guerra-antifascista-mundial-3\\\/\",\"url\":\"https:\\\/\\\/diariodepe.com.br\\\/cri\\\/2025\\\/07\\\/02\\\/china-celebrara-80-anos-da-vitoria-na-guerra-de-resistencia-do-povo-chines-contra-a-agressao-japonesa-e-na-guerra-antifascista-mundial-3\\\/\",\"name\":\"China celebrar\u00e1 80 anos da vit\u00f3ria na Guerra de Resist\u00eancia do Povo Chin\u00eas contra a Agress\u00e3o Japonesa e na Guerra Antifascista Mundial - CRI e Diario de Pernambuco\",\"isPartOf\":{\"@id\":\"https:\\\/\\\/diariodepe.com.br\\\/cri\\\/#website\"},\"datePublished\":\"2025-07-02T07:03:04+00:00\",\"breadcrumb\":{\"@id\":\"https:\\\/\\\/diariodepe.com.br\\\/cri\\\/2025\\\/07\\\/02\\\/china-celebrara-80-anos-da-vitoria-na-guerra-de-resistencia-do-povo-chines-contra-a-agressao-japonesa-e-na-guerra-antifascista-mundial-3\\\/#breadcrumb\"},\"inLanguage\":\"pt-BR\",\"potentialAction\":[{\"@type\":\"ReadAction\",\"target\":[\"https:\\\/\\\/diariodepe.com.br\\\/cri\\\/2025\\\/07\\\/02\\\/china-celebrara-80-anos-da-vitoria-na-guerra-de-resistencia-do-povo-chines-contra-a-agressao-japonesa-e-na-guerra-antifascista-mundial-3\\\/\"]}]},{\"@type\":\"BreadcrumbList\",\"@id\":\"https:\\\/\\\/diariodepe.com.br\\\/cri\\\/2025\\\/07\\\/02\\\/china-celebrara-80-anos-da-vitoria-na-guerra-de-resistencia-do-povo-chines-contra-a-agressao-japonesa-e-na-guerra-antifascista-mundial-3\\\/#breadcrumb\",\"itemListElement\":[{\"@type\":\"ListItem\",\"position\":1,\"name\":\"In\u00edcio\",\"item\":\"https:\\\/\\\/diariodepe.com.br\\\/cri\\\/\"},{\"@type\":\"ListItem\",\"position\":2,\"name\":\"China celebrar\u00e1 80 anos da vit\u00f3ria na Guerra de Resist\u00eancia do Povo Chin\u00eas contra a Agress\u00e3o Japonesa e na Guerra Antifascista Mundial\"}]},{\"@type\":\"WebSite\",\"@id\":\"https:\\\/\\\/diariodepe.com.br\\\/cri\\\/#website\",\"url\":\"https:\\\/\\\/diariodepe.com.br\\\/cri\\\/\",\"name\":\"CRI e Diario de Pernambuco\",\"description\":\"R\u00e1dio Internacional da China\",\"publisher\":{\"@id\":\"https:\\\/\\\/diariodepe.com.br\\\/cri\\\/#organization\"},\"potentialAction\":[{\"@type\":\"SearchAction\",\"target\":{\"@type\":\"EntryPoint\",\"urlTemplate\":\"https:\\\/\\\/diariodepe.com.br\\\/cri\\\/?s={search_term_string}\"},\"query-input\":{\"@type\":\"PropertyValueSpecification\",\"valueRequired\":true,\"valueName\":\"search_term_string\"}}],\"inLanguage\":\"pt-BR\"},{\"@type\":\"Organization\",\"@id\":\"https:\\\/\\\/diariodepe.com.br\\\/cri\\\/#organization\",\"name\":\"CRI e Diario de Pernambuco\",\"url\":\"https:\\\/\\\/diariodepe.com.br\\\/cri\\\/\",\"logo\":{\"@type\":\"ImageObject\",\"inLanguage\":\"pt-BR\",\"@id\":\"https:\\\/\\\/diariodepe.com.br\\\/cri\\\/#\\\/schema\\\/logo\\\/image\\\/\",\"url\":\"https:\\\/\\\/diariodepe.com.br\\\/cri\\\/wp-content\\\/uploads\\\/sites\\\/2\\\/2022\\\/12\\\/cropped-Logo.jpg\",\"contentUrl\":\"https:\\\/\\\/diariodepe.com.br\\\/cri\\\/wp-content\\\/uploads\\\/sites\\\/2\\\/2022\\\/12\\\/cropped-Logo.jpg\",\"width\":700,\"height\":59,\"caption\":\"CRI e Diario de Pernambuco\"},\"image\":{\"@id\":\"https:\\\/\\\/diariodepe.com.br\\\/cri\\\/#\\\/schema\\\/logo\\\/image\\\/\"}},{\"@type\":\"Person\",\"@id\":\"https:\\\/\\\/diariodepe.com.br\\\/cri\\\/#\\\/schema\\\/person\\\/121bb28d84f1a5b1205ef4ce9c2e0c6b\",\"name\":\"Ismael Lucas S. Pereira\",\"image\":{\"@type\":\"ImageObject\",\"inLanguage\":\"pt-BR\",\"@id\":\"https:\\\/\\\/secure.gravatar.com\\\/avatar\\\/887a0f3b5a7ceea963a48499fb883ffce6b5037362def025c52c2505b15d63e4?s=96&d=mm&r=g\",\"url\":\"https:\\\/\\\/secure.gravatar.com\\\/avatar\\\/887a0f3b5a7ceea963a48499fb883ffce6b5037362def025c52c2505b15d63e4?s=96&d=mm&r=g\",\"contentUrl\":\"https:\\\/\\\/secure.gravatar.com\\\/avatar\\\/887a0f3b5a7ceea963a48499fb883ffce6b5037362def025c52c2505b15d63e4?s=96&d=mm&r=g\",\"caption\":\"Ismael Lucas S. Pereira\"},\"url\":\"https:\\\/\\\/diariodepe.com.br\\\/cri\\\/author\\\/ismael-lucas\\\/\"}]}<\/script>\n<!-- \/ Yoast SEO plugin. -->","yoast_head_json":{"title":"China celebrar\u00e1 80 anos da vit\u00f3ria na Guerra de Resist\u00eancia do Povo Chin\u00eas contra a Agress\u00e3o Japonesa e na Guerra Antifascista Mundial - CRI e Diario de Pernambuco","robots":{"index":"index","follow":"follow","max-snippet":"max-snippet:-1","max-image-preview":"max-image-preview:large","max-video-preview":"max-video-preview:-1"},"canonical":"https:\/\/diariodepe.com.br\/cri\/2025\/07\/02\/china-celebrara-80-anos-da-vitoria-na-guerra-de-resistencia-do-povo-chines-contra-a-agressao-japonesa-e-na-guerra-antifascista-mundial-3\/","og_locale":"pt_BR","og_type":"article","og_title":"China celebrar\u00e1 80 anos da vit\u00f3ria na Guerra de Resist\u00eancia do Povo Chin\u00eas contra a Agress\u00e3o Japonesa e na Guerra Antifascista Mundial - CRI e Diario de Pernambuco","og_description":"No dia 3 de setembro deste ano, ser\u00e1 realizado um desfile militar na Pra\u00e7a Tian&#8217;anmen, no centro de Beijing, para celebrar o 80\u00ba anivers\u00e1rio da vit\u00f3ria na Guerra de Resist\u00eancia do Povo Chin\u00eas contra a Agress\u00e3o Japonesa e na Guerra...","og_url":"https:\/\/diariodepe.com.br\/cri\/2025\/07\/02\/china-celebrara-80-anos-da-vitoria-na-guerra-de-resistencia-do-povo-chines-contra-a-agressao-japonesa-e-na-guerra-antifascista-mundial-3\/","og_site_name":"CRI e Diario de Pernambuco","article_published_time":"2025-07-02T07:03:04+00:00","author":"Ismael Lucas S. Pereira","twitter_card":"summary_large_image","twitter_misc":{"Escrito por":"Ismael Lucas S. Pereira","Est. tempo de leitura":"1 minuto"},"schema":{"@context":"https:\/\/schema.org","@graph":[{"@type":"Article","@id":"https:\/\/diariodepe.com.br\/cri\/2025\/07\/02\/china-celebrara-80-anos-da-vitoria-na-guerra-de-resistencia-do-povo-chines-contra-a-agressao-japonesa-e-na-guerra-antifascista-mundial-3\/#article","isPartOf":{"@id":"https:\/\/diariodepe.com.br\/cri\/2025\/07\/02\/china-celebrara-80-anos-da-vitoria-na-guerra-de-resistencia-do-povo-chines-contra-a-agressao-japonesa-e-na-guerra-antifascista-mundial-3\/"},"author":{"name":"Ismael Lucas S. Pereira","@id":"https:\/\/diariodepe.com.br\/cri\/#\/schema\/person\/121bb28d84f1a5b1205ef4ce9c2e0c6b"},"headline":"China celebrar\u00e1 80 anos da vit\u00f3ria na Guerra de Resist\u00eancia do Povo Chin\u00eas contra a Agress\u00e3o Japonesa e na Guerra Antifascista Mundial","datePublished":"2025-07-02T07:03:04+00:00","mainEntityOfPage":{"@id":"https:\/\/diariodepe.com.br\/cri\/2025\/07\/02\/china-celebrara-80-anos-da-vitoria-na-guerra-de-resistencia-do-povo-chines-contra-a-agressao-japonesa-e-na-guerra-antifascista-mundial-3\/"},"wordCount":170,"commentCount":0,"publisher":{"@id":"https:\/\/diariodepe.com.br\/cri\/#organization"},"articleSection":["China"],"inLanguage":"pt-BR","potentialAction":[{"@type":"CommentAction","name":"Comment","target":["https:\/\/diariodepe.com.br\/cri\/2025\/07\/02\/china-celebrara-80-anos-da-vitoria-na-guerra-de-resistencia-do-povo-chines-contra-a-agressao-japonesa-e-na-guerra-antifascista-mundial-3\/#respond"]}]},{"@type":"WebPage","@id":"https:\/\/diariodepe.com.br\/cri\/2025\/07\/02\/china-celebrara-80-anos-da-vitoria-na-guerra-de-resistencia-do-povo-chines-contra-a-agressao-japonesa-e-na-guerra-antifascista-mundial-3\/","url":"https:\/\/diariodepe.com.br\/cri\/2025\/07\/02\/china-celebrara-80-anos-da-vitoria-na-guerra-de-resistencia-do-povo-chines-contra-a-agressao-japonesa-e-na-guerra-antifascista-mundial-3\/","name":"China celebrar\u00e1 80 anos da vit\u00f3ria na Guerra de Resist\u00eancia do Povo Chin\u00eas contra a Agress\u00e3o Japonesa e na Guerra Antifascista Mundial - CRI e Diario de Pernambuco","isPartOf":{"@id":"https:\/\/diariodepe.com.br\/cri\/#website"},"datePublished":"2025-07-02T07:03:04+00:00","breadcrumb":{"@id":"https:\/\/diariodepe.com.br\/cri\/2025\/07\/02\/china-celebrara-80-anos-da-vitoria-na-guerra-de-resistencia-do-povo-chines-contra-a-agressao-japonesa-e-na-guerra-antifascista-mundial-3\/#breadcrumb"},"inLanguage":"pt-BR","potentialAction":[{"@type":"ReadAction","target":["https:\/\/diariodepe.com.br\/cri\/2025\/07\/02\/china-celebrara-80-anos-da-vitoria-na-guerra-de-resistencia-do-povo-chines-contra-a-agressao-japonesa-e-na-guerra-antifascista-mundial-3\/"]}]},{"@type":"BreadcrumbList","@id":"https:\/\/diariodepe.com.br\/cri\/2025\/07\/02\/china-celebrara-80-anos-da-vitoria-na-guerra-de-resistencia-do-povo-chines-contra-a-agressao-japonesa-e-na-guerra-antifascista-mundial-3\/#breadcrumb","itemListElement":[{"@type":"ListItem","position":1,"name":"In\u00edcio","item":"https:\/\/diariodepe.com.br\/cri\/"},{"@type":"ListItem","position":2,"name":"China celebrar\u00e1 80 anos da vit\u00f3ria na Guerra de Resist\u00eancia do Povo Chin\u00eas contra a Agress\u00e3o Japonesa e na Guerra Antifascista Mundial"}]},{"@type":"WebSite","@id":"https:\/\/diariodepe.com.br\/cri\/#website","url":"https:\/\/diariodepe.com.br\/cri\/","name":"CRI e Diario de Pernambuco","description":"R\u00e1dio Internacional da China","publisher":{"@id":"https:\/\/diariodepe.com.br\/cri\/#organization"},"potentialAction":[{"@type":"SearchAction","target":{"@type":"EntryPoint","urlTemplate":"https:\/\/diariodepe.com.br\/cri\/?s={search_term_string}"},"query-input":{"@type":"PropertyValueSpecification","valueRequired":true,"valueName":"search_term_string"}}],"inLanguage":"pt-BR"},{"@type":"Organization","@id":"https:\/\/diariodepe.com.br\/cri\/#organization","name":"CRI e Diario de Pernambuco","url":"https:\/\/diariodepe.com.br\/cri\/","logo":{"@type":"ImageObject","inLanguage":"pt-BR","@id":"https:\/\/diariodepe.com.br\/cri\/#\/schema\/logo\/image\/","url":"https:\/\/diariodepe.com.br\/cri\/wp-content\/uploads\/sites\/2\/2022\/12\/cropped-Logo.jpg","contentUrl":"https:\/\/diariodepe.com.br\/cri\/wp-content\/uploads\/sites\/2\/2022\/12\/cropped-Logo.jpg","width":700,"height":59,"caption":"CRI e Diario de Pernambuco"},"image":{"@id":"https:\/\/diariodepe.com.br\/cri\/#\/schema\/logo\/image\/"}},{"@type":"Person","@id":"https:\/\/diariodepe.com.br\/cri\/#\/schema\/person\/121bb28d84f1a5b1205ef4ce9c2e0c6b","name":"Ismael Lucas S. Pereira","image":{"@type":"ImageObject","inLanguage":"pt-BR","@id":"https:\/\/secure.gravatar.com\/avatar\/887a0f3b5a7ceea963a48499fb883ffce6b5037362def025c52c2505b15d63e4?s=96&d=mm&r=g","url":"https:\/\/secure.gravatar.com\/avatar\/887a0f3b5a7ceea963a48499fb883ffce6b5037362def025c52c2505b15d63e4?s=96&d=mm&r=g","contentUrl":"https:\/\/secure.gravatar.com\/avatar\/887a0f3b5a7ceea963a48499fb883ffce6b5037362def025c52c2505b15d63e4?s=96&d=mm&r=g","caption":"Ismael Lucas S. Pereira"},"url":"https:\/\/diariodepe.com.br\/cri\/author\/ismael-lucas\/"}]}},"cc_featured_image_caption":{"caption_text":false,"source_text":false,"source_url":false},"amp_enabled":true,"_links":{"self":[{"href":"https:\/\/diariodepe.com.br\/cri\/wp-json\/wp\/v2\/posts\/8767","targetHints":{"allow":["GET"]}}],"collection":[{"href":"https:\/\/diariodepe.com.br\/cri\/wp-json\/wp\/v2\/posts"}],"about":[{"href":"https:\/\/diariodepe.com.br\/cri\/wp-json\/wp\/v2\/types\/post"}],"author":[{"embeddable":true,"href":"https:\/\/diariodepe.com.br\/cri\/wp-json\/wp\/v2\/users\/2"}],"replies":[{"embeddable":true,"href":"https:\/\/diariodepe.com.br\/cri\/wp-json\/wp\/v2\/comments?post=8767"}],"version-history":[{"count":1,"href":"https:\/\/diariodepe.com.br\/cri\/wp-json\/wp\/v2\/posts\/8767\/revisions"}],"predecessor-version":[{"id":8768,"href":"https:\/\/diariodepe.com.br\/cri\/wp-json\/wp\/v2\/posts\/8767\/revisions\/8768"}],"wp:attachment":[{"href":"https:\/\/diariodepe.com.br\/cri\/wp-json\/wp\/v2\/media?parent=8767"}],"wp:term":[{"taxonomy":"category","embeddable":true,"href":"https:\/\/diariodepe.com.br\/cri\/wp-json\/wp\/v2\/categories?post=8767"},{"taxonomy":"post_tag","embeddable":true,"href":"https:\/\/diariodepe.com.br\/cri\/wp-json\/wp\/v2\/tags?post=8767"}],"curies":[{"name":"wp","href":"https:\/\/api.w.org\/{rel}","templated":true}]}}