{"id":8759,"date":"2025-07-02T03:55:54","date_gmt":"2025-07-02T06:55:54","guid":{"rendered":"https:\/\/diariodepe.com.br\/cri\/?p=8759"},"modified":"2025-07-02T03:55:54","modified_gmt":"2025-07-02T06:55:54","slug":"representante-chines-na-onu-condena-ataque-dos-eua-ao-ira","status":"publish","type":"post","link":"https:\/\/diariodepe.com.br\/cri\/2025\/07\/02\/representante-chines-na-onu-condena-ataque-dos-eua-ao-ira\/","title":{"rendered":"Representante chin\u00eas na ONU condena ataque dos EUA ao Ir\u00e3"},"content":{"rendered":"<p>O representante permanente da China nas Na\u00e7\u00f5es Unidas, Fu Cong, condenou no \u00faltimo domingo (22) em uma reuni\u00e3o de emerg\u00eancia do Conselho de Seguran\u00e7a, o ataque dos EUA ao Ir\u00e3, incluindo suas instala\u00e7\u00f5es nucleares sob a vigil\u00e2ncia da Ag\u00eancia Internacional de Energia At\u00f4mica (AIEA).<\/p>\n<p>Fu Cong afirmou que o ataque dos EUA \u00e0s tr\u00eas instala\u00e7\u00f5es nucleares iranianas em Fordow, Natanz e Isfahan violou gravemente os prop\u00f3sitos e princ\u00edpios da Carta da ONU e do direito internacional, infringiu a soberania, a seguran\u00e7a e a integridade territorial do Ir\u00e3, agravou as tens\u00f5es no Oriente M\u00e9dio e impactou seriamente o sistema internacional de n\u00e3o prolifera\u00e7\u00e3o nuclear.<\/p>\n<p>\u201cA comunidade internacional deve defender a justi\u00e7a e fazer esfor\u00e7os pr\u00e1ticos para promover o apaziguamento da situa\u00e7\u00e3o e restaurar a paz e a estabilidade\u201d, frisou o representante chin\u00eas.<\/p>\n<p>Fu Cong afirmou que a situa\u00e7\u00e3o atual no Oriente M\u00e9dio tornou-se repentinamente tensa e que a China est\u00e1 profundamente preocupada com a possibilidade da situa\u00e7\u00e3o perder do controle. Para ele, as partes conflitantes, especialmente Israel, devem cessar imediatamente o fogo para evitar que a situa\u00e7\u00e3o se agrave e evitar resolutamente o alastramento da guerra. As partes envolvidas devem respeitar o direito internacional, conter o impulso do uso da for\u00e7a e evitar a intensifica\u00e7\u00e3o dos conflitos.<\/p>\n<p>\u201cA China est\u00e1 profundamente consternada com o grande n\u00famero de v\u00edtimas civis causadas pelo conflito. Civis e instala\u00e7\u00f5es civis n\u00e3o podem ser alvos de opera\u00e7\u00f5es militares, e o princ\u00edpio fundamental do direito internacional humanit\u00e1rio n\u00e3o pode ser violado. As partes em conflito devem priorizar os interesses e o bem-estar da popula\u00e7\u00e3o dos pa\u00edses da regi\u00e3o, evitar resolutamente ferir civis inocentes ou atacar instala\u00e7\u00f5es civis\u201d, frisou Fu Cong.<\/p>\n<p>O diplomata chin\u00eas afirmou que a China est\u00e1 disposta a trabalhar com a comunidade internacional para unir for\u00e7as, defender a justi\u00e7a e fazer esfor\u00e7os incessantes para restaurar a paz e a estabilidade no Oriente M\u00e9dio.<\/p>\n","protected":false},"excerpt":{"rendered":"<p>O representante permanente da China nas Na\u00e7\u00f5es Unidas, Fu Cong, condenou no \u00faltimo domingo (22) em uma reuni\u00e3o de emerg\u00eancia do Conselho de Seguran\u00e7a, o ataque dos EUA ao Ir\u00e3, incluindo suas instala\u00e7\u00f5es nucleares sob a vigil\u00e2ncia da Ag\u00eancia Internacional&#8230;<\/p>\n","protected":false},"author":2,"featured_media":0,"comment_status":"open","ping_status":"open","sticky":false,"template":"","format":"standard","meta":{"footnotes":""},"categories":[8],"tags":[],"class_list":["post-8759","post","type-post","status-publish","format-standard","hentry","category-internacional"],"yoast_head":"<!-- This site is optimized with the Yoast SEO plugin v27.4 - https:\/\/yoast.com\/product\/yoast-seo-wordpress\/ -->\n<title>Representante chin\u00eas na ONU condena ataque dos EUA ao Ir\u00e3 - CRI e Diario de Pernambuco<\/title>\n<meta name=\"robots\" content=\"index, follow, max-snippet:-1, max-image-preview:large, max-video-preview:-1\" \/>\n<link rel=\"canonical\" href=\"https:\/\/diariodepe.com.br\/cri\/2025\/07\/02\/representante-chines-na-onu-condena-ataque-dos-eua-ao-ira\/\" \/>\n<meta property=\"og:locale\" content=\"pt_BR\" \/>\n<meta property=\"og:type\" content=\"article\" \/>\n<meta property=\"og:title\" content=\"Representante chin\u00eas na ONU condena ataque dos EUA ao Ir\u00e3 - CRI e Diario de Pernambuco\" \/>\n<meta property=\"og:description\" content=\"O representante permanente da China nas Na\u00e7\u00f5es Unidas, Fu Cong, condenou no \u00faltimo domingo (22) em uma reuni\u00e3o de emerg\u00eancia do Conselho de Seguran\u00e7a, o ataque dos EUA ao Ir\u00e3, incluindo suas instala\u00e7\u00f5es nucleares sob a vigil\u00e2ncia da Ag\u00eancia Internacional...\" \/>\n<meta property=\"og:url\" content=\"https:\/\/diariodepe.com.br\/cri\/2025\/07\/02\/representante-chines-na-onu-condena-ataque-dos-eua-ao-ira\/\" \/>\n<meta property=\"og:site_name\" content=\"CRI e Diario de Pernambuco\" \/>\n<meta property=\"article:published_time\" content=\"2025-07-02T06:55:54+00:00\" \/>\n<meta name=\"author\" content=\"Ismael Lucas S. Pereira\" \/>\n<meta name=\"twitter:card\" content=\"summary_large_image\" \/>\n<meta name=\"twitter:label1\" content=\"Escrito por\" \/>\n\t<meta name=\"twitter:data1\" content=\"Ismael Lucas S. Pereira\" \/>\n\t<meta name=\"twitter:label2\" content=\"Est. tempo de leitura\" \/>\n\t<meta name=\"twitter:data2\" content=\"2 minutos\" \/>\n<script type=\"application\/ld+json\" class=\"yoast-schema-graph\">{\"@context\":\"https:\\\/\\\/schema.org\",\"@graph\":[{\"@type\":\"Article\",\"@id\":\"https:\\\/\\\/diariodepe.com.br\\\/cri\\\/2025\\\/07\\\/02\\\/representante-chines-na-onu-condena-ataque-dos-eua-ao-ira\\\/#article\",\"isPartOf\":{\"@id\":\"https:\\\/\\\/diariodepe.com.br\\\/cri\\\/2025\\\/07\\\/02\\\/representante-chines-na-onu-condena-ataque-dos-eua-ao-ira\\\/\"},\"author\":{\"name\":\"Ismael Lucas S. Pereira\",\"@id\":\"https:\\\/\\\/diariodepe.com.br\\\/cri\\\/#\\\/schema\\\/person\\\/121bb28d84f1a5b1205ef4ce9c2e0c6b\"},\"headline\":\"Representante chin\u00eas na ONU condena ataque dos EUA ao Ir\u00e3\",\"datePublished\":\"2025-07-02T06:55:54+00:00\",\"mainEntityOfPage\":{\"@id\":\"https:\\\/\\\/diariodepe.com.br\\\/cri\\\/2025\\\/07\\\/02\\\/representante-chines-na-onu-condena-ataque-dos-eua-ao-ira\\\/\"},\"wordCount\":363,\"commentCount\":0,\"publisher\":{\"@id\":\"https:\\\/\\\/diariodepe.com.br\\\/cri\\\/#organization\"},\"articleSection\":[\"Internacional\"],\"inLanguage\":\"pt-BR\",\"potentialAction\":[{\"@type\":\"CommentAction\",\"name\":\"Comment\",\"target\":[\"https:\\\/\\\/diariodepe.com.br\\\/cri\\\/2025\\\/07\\\/02\\\/representante-chines-na-onu-condena-ataque-dos-eua-ao-ira\\\/#respond\"]}]},{\"@type\":\"WebPage\",\"@id\":\"https:\\\/\\\/diariodepe.com.br\\\/cri\\\/2025\\\/07\\\/02\\\/representante-chines-na-onu-condena-ataque-dos-eua-ao-ira\\\/\",\"url\":\"https:\\\/\\\/diariodepe.com.br\\\/cri\\\/2025\\\/07\\\/02\\\/representante-chines-na-onu-condena-ataque-dos-eua-ao-ira\\\/\",\"name\":\"Representante chin\u00eas na ONU condena ataque dos EUA ao Ir\u00e3 - CRI e Diario de Pernambuco\",\"isPartOf\":{\"@id\":\"https:\\\/\\\/diariodepe.com.br\\\/cri\\\/#website\"},\"datePublished\":\"2025-07-02T06:55:54+00:00\",\"breadcrumb\":{\"@id\":\"https:\\\/\\\/diariodepe.com.br\\\/cri\\\/2025\\\/07\\\/02\\\/representante-chines-na-onu-condena-ataque-dos-eua-ao-ira\\\/#breadcrumb\"},\"inLanguage\":\"pt-BR\",\"potentialAction\":[{\"@type\":\"ReadAction\",\"target\":[\"https:\\\/\\\/diariodepe.com.br\\\/cri\\\/2025\\\/07\\\/02\\\/representante-chines-na-onu-condena-ataque-dos-eua-ao-ira\\\/\"]}]},{\"@type\":\"BreadcrumbList\",\"@id\":\"https:\\\/\\\/diariodepe.com.br\\\/cri\\\/2025\\\/07\\\/02\\\/representante-chines-na-onu-condena-ataque-dos-eua-ao-ira\\\/#breadcrumb\",\"itemListElement\":[{\"@type\":\"ListItem\",\"position\":1,\"name\":\"In\u00edcio\",\"item\":\"https:\\\/\\\/diariodepe.com.br\\\/cri\\\/\"},{\"@type\":\"ListItem\",\"position\":2,\"name\":\"Representante chin\u00eas na ONU condena ataque dos EUA ao Ir\u00e3\"}]},{\"@type\":\"WebSite\",\"@id\":\"https:\\\/\\\/diariodepe.com.br\\\/cri\\\/#website\",\"url\":\"https:\\\/\\\/diariodepe.com.br\\\/cri\\\/\",\"name\":\"CRI e Diario de Pernambuco\",\"description\":\"R\u00e1dio Internacional da China\",\"publisher\":{\"@id\":\"https:\\\/\\\/diariodepe.com.br\\\/cri\\\/#organization\"},\"potentialAction\":[{\"@type\":\"SearchAction\",\"target\":{\"@type\":\"EntryPoint\",\"urlTemplate\":\"https:\\\/\\\/diariodepe.com.br\\\/cri\\\/?s={search_term_string}\"},\"query-input\":{\"@type\":\"PropertyValueSpecification\",\"valueRequired\":true,\"valueName\":\"search_term_string\"}}],\"inLanguage\":\"pt-BR\"},{\"@type\":\"Organization\",\"@id\":\"https:\\\/\\\/diariodepe.com.br\\\/cri\\\/#organization\",\"name\":\"CRI e Diario de Pernambuco\",\"url\":\"https:\\\/\\\/diariodepe.com.br\\\/cri\\\/\",\"logo\":{\"@type\":\"ImageObject\",\"inLanguage\":\"pt-BR\",\"@id\":\"https:\\\/\\\/diariodepe.com.br\\\/cri\\\/#\\\/schema\\\/logo\\\/image\\\/\",\"url\":\"https:\\\/\\\/diariodepe.com.br\\\/cri\\\/wp-content\\\/uploads\\\/sites\\\/2\\\/2022\\\/12\\\/cropped-Logo.jpg\",\"contentUrl\":\"https:\\\/\\\/diariodepe.com.br\\\/cri\\\/wp-content\\\/uploads\\\/sites\\\/2\\\/2022\\\/12\\\/cropped-Logo.jpg\",\"width\":700,\"height\":59,\"caption\":\"CRI e Diario de Pernambuco\"},\"image\":{\"@id\":\"https:\\\/\\\/diariodepe.com.br\\\/cri\\\/#\\\/schema\\\/logo\\\/image\\\/\"}},{\"@type\":\"Person\",\"@id\":\"https:\\\/\\\/diariodepe.com.br\\\/cri\\\/#\\\/schema\\\/person\\\/121bb28d84f1a5b1205ef4ce9c2e0c6b\",\"name\":\"Ismael Lucas S. Pereira\",\"image\":{\"@type\":\"ImageObject\",\"inLanguage\":\"pt-BR\",\"@id\":\"https:\\\/\\\/secure.gravatar.com\\\/avatar\\\/887a0f3b5a7ceea963a48499fb883ffce6b5037362def025c52c2505b15d63e4?s=96&d=mm&r=g\",\"url\":\"https:\\\/\\\/secure.gravatar.com\\\/avatar\\\/887a0f3b5a7ceea963a48499fb883ffce6b5037362def025c52c2505b15d63e4?s=96&d=mm&r=g\",\"contentUrl\":\"https:\\\/\\\/secure.gravatar.com\\\/avatar\\\/887a0f3b5a7ceea963a48499fb883ffce6b5037362def025c52c2505b15d63e4?s=96&d=mm&r=g\",\"caption\":\"Ismael Lucas S. Pereira\"},\"url\":\"https:\\\/\\\/diariodepe.com.br\\\/cri\\\/author\\\/ismael-lucas\\\/\"}]}<\/script>\n<!-- \/ Yoast SEO plugin. -->","yoast_head_json":{"title":"Representante chin\u00eas na ONU condena ataque dos EUA ao Ir\u00e3 - CRI e Diario de Pernambuco","robots":{"index":"index","follow":"follow","max-snippet":"max-snippet:-1","max-image-preview":"max-image-preview:large","max-video-preview":"max-video-preview:-1"},"canonical":"https:\/\/diariodepe.com.br\/cri\/2025\/07\/02\/representante-chines-na-onu-condena-ataque-dos-eua-ao-ira\/","og_locale":"pt_BR","og_type":"article","og_title":"Representante chin\u00eas na ONU condena ataque dos EUA ao Ir\u00e3 - CRI e Diario de Pernambuco","og_description":"O representante permanente da China nas Na\u00e7\u00f5es Unidas, Fu Cong, condenou no \u00faltimo domingo (22) em uma reuni\u00e3o de emerg\u00eancia do Conselho de Seguran\u00e7a, o ataque dos EUA ao Ir\u00e3, incluindo suas instala\u00e7\u00f5es nucleares sob a vigil\u00e2ncia da Ag\u00eancia Internacional...","og_url":"https:\/\/diariodepe.com.br\/cri\/2025\/07\/02\/representante-chines-na-onu-condena-ataque-dos-eua-ao-ira\/","og_site_name":"CRI e Diario de Pernambuco","article_published_time":"2025-07-02T06:55:54+00:00","author":"Ismael Lucas S. Pereira","twitter_card":"summary_large_image","twitter_misc":{"Escrito por":"Ismael Lucas S. Pereira","Est. tempo de leitura":"2 minutos"},"schema":{"@context":"https:\/\/schema.org","@graph":[{"@type":"Article","@id":"https:\/\/diariodepe.com.br\/cri\/2025\/07\/02\/representante-chines-na-onu-condena-ataque-dos-eua-ao-ira\/#article","isPartOf":{"@id":"https:\/\/diariodepe.com.br\/cri\/2025\/07\/02\/representante-chines-na-onu-condena-ataque-dos-eua-ao-ira\/"},"author":{"name":"Ismael Lucas S. Pereira","@id":"https:\/\/diariodepe.com.br\/cri\/#\/schema\/person\/121bb28d84f1a5b1205ef4ce9c2e0c6b"},"headline":"Representante chin\u00eas na ONU condena ataque dos EUA ao Ir\u00e3","datePublished":"2025-07-02T06:55:54+00:00","mainEntityOfPage":{"@id":"https:\/\/diariodepe.com.br\/cri\/2025\/07\/02\/representante-chines-na-onu-condena-ataque-dos-eua-ao-ira\/"},"wordCount":363,"commentCount":0,"publisher":{"@id":"https:\/\/diariodepe.com.br\/cri\/#organization"},"articleSection":["Internacional"],"inLanguage":"pt-BR","potentialAction":[{"@type":"CommentAction","name":"Comment","target":["https:\/\/diariodepe.com.br\/cri\/2025\/07\/02\/representante-chines-na-onu-condena-ataque-dos-eua-ao-ira\/#respond"]}]},{"@type":"WebPage","@id":"https:\/\/diariodepe.com.br\/cri\/2025\/07\/02\/representante-chines-na-onu-condena-ataque-dos-eua-ao-ira\/","url":"https:\/\/diariodepe.com.br\/cri\/2025\/07\/02\/representante-chines-na-onu-condena-ataque-dos-eua-ao-ira\/","name":"Representante chin\u00eas na ONU condena ataque dos EUA ao Ir\u00e3 - CRI e Diario de Pernambuco","isPartOf":{"@id":"https:\/\/diariodepe.com.br\/cri\/#website"},"datePublished":"2025-07-02T06:55:54+00:00","breadcrumb":{"@id":"https:\/\/diariodepe.com.br\/cri\/2025\/07\/02\/representante-chines-na-onu-condena-ataque-dos-eua-ao-ira\/#breadcrumb"},"inLanguage":"pt-BR","potentialAction":[{"@type":"ReadAction","target":["https:\/\/diariodepe.com.br\/cri\/2025\/07\/02\/representante-chines-na-onu-condena-ataque-dos-eua-ao-ira\/"]}]},{"@type":"BreadcrumbList","@id":"https:\/\/diariodepe.com.br\/cri\/2025\/07\/02\/representante-chines-na-onu-condena-ataque-dos-eua-ao-ira\/#breadcrumb","itemListElement":[{"@type":"ListItem","position":1,"name":"In\u00edcio","item":"https:\/\/diariodepe.com.br\/cri\/"},{"@type":"ListItem","position":2,"name":"Representante chin\u00eas na ONU condena ataque dos EUA ao Ir\u00e3"}]},{"@type":"WebSite","@id":"https:\/\/diariodepe.com.br\/cri\/#website","url":"https:\/\/diariodepe.com.br\/cri\/","name":"CRI e Diario de Pernambuco","description":"R\u00e1dio Internacional da China","publisher":{"@id":"https:\/\/diariodepe.com.br\/cri\/#organization"},"potentialAction":[{"@type":"SearchAction","target":{"@type":"EntryPoint","urlTemplate":"https:\/\/diariodepe.com.br\/cri\/?s={search_term_string}"},"query-input":{"@type":"PropertyValueSpecification","valueRequired":true,"valueName":"search_term_string"}}],"inLanguage":"pt-BR"},{"@type":"Organization","@id":"https:\/\/diariodepe.com.br\/cri\/#organization","name":"CRI e Diario de Pernambuco","url":"https:\/\/diariodepe.com.br\/cri\/","logo":{"@type":"ImageObject","inLanguage":"pt-BR","@id":"https:\/\/diariodepe.com.br\/cri\/#\/schema\/logo\/image\/","url":"https:\/\/diariodepe.com.br\/cri\/wp-content\/uploads\/sites\/2\/2022\/12\/cropped-Logo.jpg","contentUrl":"https:\/\/diariodepe.com.br\/cri\/wp-content\/uploads\/sites\/2\/2022\/12\/cropped-Logo.jpg","width":700,"height":59,"caption":"CRI e Diario de Pernambuco"},"image":{"@id":"https:\/\/diariodepe.com.br\/cri\/#\/schema\/logo\/image\/"}},{"@type":"Person","@id":"https:\/\/diariodepe.com.br\/cri\/#\/schema\/person\/121bb28d84f1a5b1205ef4ce9c2e0c6b","name":"Ismael Lucas S. Pereira","image":{"@type":"ImageObject","inLanguage":"pt-BR","@id":"https:\/\/secure.gravatar.com\/avatar\/887a0f3b5a7ceea963a48499fb883ffce6b5037362def025c52c2505b15d63e4?s=96&d=mm&r=g","url":"https:\/\/secure.gravatar.com\/avatar\/887a0f3b5a7ceea963a48499fb883ffce6b5037362def025c52c2505b15d63e4?s=96&d=mm&r=g","contentUrl":"https:\/\/secure.gravatar.com\/avatar\/887a0f3b5a7ceea963a48499fb883ffce6b5037362def025c52c2505b15d63e4?s=96&d=mm&r=g","caption":"Ismael Lucas S. Pereira"},"url":"https:\/\/diariodepe.com.br\/cri\/author\/ismael-lucas\/"}]}},"cc_featured_image_caption":{"caption_text":false,"source_text":false,"source_url":false},"amp_enabled":true,"_links":{"self":[{"href":"https:\/\/diariodepe.com.br\/cri\/wp-json\/wp\/v2\/posts\/8759","targetHints":{"allow":["GET"]}}],"collection":[{"href":"https:\/\/diariodepe.com.br\/cri\/wp-json\/wp\/v2\/posts"}],"about":[{"href":"https:\/\/diariodepe.com.br\/cri\/wp-json\/wp\/v2\/types\/post"}],"author":[{"embeddable":true,"href":"https:\/\/diariodepe.com.br\/cri\/wp-json\/wp\/v2\/users\/2"}],"replies":[{"embeddable":true,"href":"https:\/\/diariodepe.com.br\/cri\/wp-json\/wp\/v2\/comments?post=8759"}],"version-history":[{"count":1,"href":"https:\/\/diariodepe.com.br\/cri\/wp-json\/wp\/v2\/posts\/8759\/revisions"}],"predecessor-version":[{"id":8760,"href":"https:\/\/diariodepe.com.br\/cri\/wp-json\/wp\/v2\/posts\/8759\/revisions\/8760"}],"wp:attachment":[{"href":"https:\/\/diariodepe.com.br\/cri\/wp-json\/wp\/v2\/media?parent=8759"}],"wp:term":[{"taxonomy":"category","embeddable":true,"href":"https:\/\/diariodepe.com.br\/cri\/wp-json\/wp\/v2\/categories?post=8759"},{"taxonomy":"post_tag","embeddable":true,"href":"https:\/\/diariodepe.com.br\/cri\/wp-json\/wp\/v2\/tags?post=8759"}],"curies":[{"name":"wp","href":"https:\/\/api.w.org\/{rel}","templated":true}]}}