{"id":872,"date":"2023-03-14T04:02:16","date_gmt":"2023-03-14T07:02:16","guid":{"rendered":"https:\/\/diariodepe.com.br\/cri\/?p=872"},"modified":"2023-03-14T04:02:16","modified_gmt":"2023-03-14T07:02:16","slug":"chanceler-chines-reitera-que-a-questao-de-taiwan-e-assunto-interno-dos-chineses","status":"publish","type":"post","link":"https:\/\/diariodepe.com.br\/cri\/2023\/03\/14\/chanceler-chines-reitera-que-a-questao-de-taiwan-e-assunto-interno-dos-chineses\/","title":{"rendered":"Chanceler chin\u00eas reitera que a quest\u00e3o de Taiwan \u00e9 assunto interno dos chineses"},"content":{"rendered":"<p>O ministro das Rela\u00e7\u00f5es Exteriores da China, Qin Gang, citou a Constitui\u00e7\u00e3o do pa\u00eds para responder a quest\u00e3o de Taiwan, dizendo que a ilha\u00a0faz parte do territ\u00f3rio sagrado da Rep\u00fablica Popular da China e que a conclus\u00e3o da reunifica\u00e7\u00e3o da p\u00e1tria \u00e9 uma responsabilidade sagrada de todos os chineses, incluindo os compatriotas de Taiwan.<\/p>\n<p>A afirma\u00e7\u00e3o do chanceler chin\u00eas foi feita em uma coletiva de imprensa realizada durante a primeira sess\u00e3o da 14<sup>a<\/sup>\u00a0Assembleia Popular Nacional.<\/p>\n<p data-spm-anchor-id=\"C01117136916.PMEHMwtIpAgu.0.i1\">Qin Gang reiterou que a solu\u00e7\u00e3o da quest\u00e3o de Taiwan \u00e9 um assunto interno dos chineses e qualquer outro pa\u00eds n\u00e3o tem direito de interferir. Ele acrescentou que a China continua\u00a0com a maior sinceridade e esfor\u00e7o para realizar a reunifica\u00e7\u00e3o pac\u00edfica da p\u00e1tria, ao mesmo tempo que se reserva\u00a0a op\u00e7\u00e3o de recorrer a todas as medidas necess\u00e1rias.<\/p>\n","protected":false},"excerpt":{"rendered":"<p>O ministro das Rela\u00e7\u00f5es Exteriores da China, Qin Gang, citou a Constitui\u00e7\u00e3o do pa\u00eds para responder a quest\u00e3o de Taiwan, dizendo que a ilha\u00a0faz parte do territ\u00f3rio sagrado da Rep\u00fablica Popular da China e que a conclus\u00e3o da reunifica\u00e7\u00e3o da&#8230;<\/p>\n","protected":false},"author":2,"featured_media":0,"comment_status":"open","ping_status":"open","sticky":false,"template":"","format":"standard","meta":{"footnotes":""},"categories":[3],"tags":[],"class_list":["post-872","post","type-post","status-publish","format-standard","hentry","category-china"],"yoast_head":"<!-- This site is optimized with the Yoast SEO plugin v27.4 - https:\/\/yoast.com\/product\/yoast-seo-wordpress\/ -->\n<title>Chanceler chin\u00eas reitera que a quest\u00e3o de Taiwan \u00e9 assunto interno dos chineses - CRI e Diario de Pernambuco<\/title>\n<meta name=\"robots\" content=\"index, follow, max-snippet:-1, max-image-preview:large, max-video-preview:-1\" \/>\n<link rel=\"canonical\" href=\"https:\/\/diariodepe.com.br\/cri\/2023\/03\/14\/chanceler-chines-reitera-que-a-questao-de-taiwan-e-assunto-interno-dos-chineses\/\" \/>\n<meta property=\"og:locale\" content=\"pt_BR\" \/>\n<meta property=\"og:type\" content=\"article\" \/>\n<meta property=\"og:title\" content=\"Chanceler chin\u00eas reitera que a quest\u00e3o de Taiwan \u00e9 assunto interno dos chineses - CRI e Diario de Pernambuco\" \/>\n<meta property=\"og:description\" content=\"O ministro das Rela\u00e7\u00f5es Exteriores da China, Qin Gang, citou a Constitui\u00e7\u00e3o do pa\u00eds para responder a quest\u00e3o de Taiwan, dizendo que a ilha\u00a0faz parte do territ\u00f3rio sagrado da Rep\u00fablica Popular da China e que a conclus\u00e3o da reunifica\u00e7\u00e3o da...\" \/>\n<meta property=\"og:url\" content=\"https:\/\/diariodepe.com.br\/cri\/2023\/03\/14\/chanceler-chines-reitera-que-a-questao-de-taiwan-e-assunto-interno-dos-chineses\/\" \/>\n<meta property=\"og:site_name\" content=\"CRI e Diario de Pernambuco\" \/>\n<meta property=\"article:published_time\" content=\"2023-03-14T07:02:16+00:00\" \/>\n<meta name=\"author\" content=\"Ismael Lucas S. Pereira\" \/>\n<meta name=\"twitter:card\" content=\"summary_large_image\" \/>\n<meta name=\"twitter:label1\" content=\"Escrito por\" \/>\n\t<meta name=\"twitter:data1\" content=\"Ismael Lucas S. Pereira\" \/>\n\t<meta name=\"twitter:label2\" content=\"Est. tempo de leitura\" \/>\n\t<meta name=\"twitter:data2\" content=\"1 minuto\" \/>\n<script type=\"application\/ld+json\" class=\"yoast-schema-graph\">{\"@context\":\"https:\\\/\\\/schema.org\",\"@graph\":[{\"@type\":\"Article\",\"@id\":\"https:\\\/\\\/diariodepe.com.br\\\/cri\\\/2023\\\/03\\\/14\\\/chanceler-chines-reitera-que-a-questao-de-taiwan-e-assunto-interno-dos-chineses\\\/#article\",\"isPartOf\":{\"@id\":\"https:\\\/\\\/diariodepe.com.br\\\/cri\\\/2023\\\/03\\\/14\\\/chanceler-chines-reitera-que-a-questao-de-taiwan-e-assunto-interno-dos-chineses\\\/\"},\"author\":{\"name\":\"Ismael Lucas S. Pereira\",\"@id\":\"https:\\\/\\\/diariodepe.com.br\\\/cri\\\/#\\\/schema\\\/person\\\/121bb28d84f1a5b1205ef4ce9c2e0c6b\"},\"headline\":\"Chanceler chin\u00eas reitera que a quest\u00e3o de Taiwan \u00e9 assunto interno dos chineses\",\"datePublished\":\"2023-03-14T07:02:16+00:00\",\"mainEntityOfPage\":{\"@id\":\"https:\\\/\\\/diariodepe.com.br\\\/cri\\\/2023\\\/03\\\/14\\\/chanceler-chines-reitera-que-a-questao-de-taiwan-e-assunto-interno-dos-chineses\\\/\"},\"wordCount\":170,\"commentCount\":0,\"publisher\":{\"@id\":\"https:\\\/\\\/diariodepe.com.br\\\/cri\\\/#organization\"},\"articleSection\":[\"China\"],\"inLanguage\":\"pt-BR\",\"potentialAction\":[{\"@type\":\"CommentAction\",\"name\":\"Comment\",\"target\":[\"https:\\\/\\\/diariodepe.com.br\\\/cri\\\/2023\\\/03\\\/14\\\/chanceler-chines-reitera-que-a-questao-de-taiwan-e-assunto-interno-dos-chineses\\\/#respond\"]}]},{\"@type\":\"WebPage\",\"@id\":\"https:\\\/\\\/diariodepe.com.br\\\/cri\\\/2023\\\/03\\\/14\\\/chanceler-chines-reitera-que-a-questao-de-taiwan-e-assunto-interno-dos-chineses\\\/\",\"url\":\"https:\\\/\\\/diariodepe.com.br\\\/cri\\\/2023\\\/03\\\/14\\\/chanceler-chines-reitera-que-a-questao-de-taiwan-e-assunto-interno-dos-chineses\\\/\",\"name\":\"Chanceler chin\u00eas reitera que a quest\u00e3o de Taiwan \u00e9 assunto interno dos chineses - CRI e Diario de Pernambuco\",\"isPartOf\":{\"@id\":\"https:\\\/\\\/diariodepe.com.br\\\/cri\\\/#website\"},\"datePublished\":\"2023-03-14T07:02:16+00:00\",\"breadcrumb\":{\"@id\":\"https:\\\/\\\/diariodepe.com.br\\\/cri\\\/2023\\\/03\\\/14\\\/chanceler-chines-reitera-que-a-questao-de-taiwan-e-assunto-interno-dos-chineses\\\/#breadcrumb\"},\"inLanguage\":\"pt-BR\",\"potentialAction\":[{\"@type\":\"ReadAction\",\"target\":[\"https:\\\/\\\/diariodepe.com.br\\\/cri\\\/2023\\\/03\\\/14\\\/chanceler-chines-reitera-que-a-questao-de-taiwan-e-assunto-interno-dos-chineses\\\/\"]}]},{\"@type\":\"BreadcrumbList\",\"@id\":\"https:\\\/\\\/diariodepe.com.br\\\/cri\\\/2023\\\/03\\\/14\\\/chanceler-chines-reitera-que-a-questao-de-taiwan-e-assunto-interno-dos-chineses\\\/#breadcrumb\",\"itemListElement\":[{\"@type\":\"ListItem\",\"position\":1,\"name\":\"In\u00edcio\",\"item\":\"https:\\\/\\\/diariodepe.com.br\\\/cri\\\/\"},{\"@type\":\"ListItem\",\"position\":2,\"name\":\"Chanceler chin\u00eas reitera que a quest\u00e3o de Taiwan \u00e9 assunto interno dos chineses\"}]},{\"@type\":\"WebSite\",\"@id\":\"https:\\\/\\\/diariodepe.com.br\\\/cri\\\/#website\",\"url\":\"https:\\\/\\\/diariodepe.com.br\\\/cri\\\/\",\"name\":\"CRI e Diario de Pernambuco\",\"description\":\"R\u00e1dio Internacional da China\",\"publisher\":{\"@id\":\"https:\\\/\\\/diariodepe.com.br\\\/cri\\\/#organization\"},\"potentialAction\":[{\"@type\":\"SearchAction\",\"target\":{\"@type\":\"EntryPoint\",\"urlTemplate\":\"https:\\\/\\\/diariodepe.com.br\\\/cri\\\/?s={search_term_string}\"},\"query-input\":{\"@type\":\"PropertyValueSpecification\",\"valueRequired\":true,\"valueName\":\"search_term_string\"}}],\"inLanguage\":\"pt-BR\"},{\"@type\":\"Organization\",\"@id\":\"https:\\\/\\\/diariodepe.com.br\\\/cri\\\/#organization\",\"name\":\"CRI e Diario de Pernambuco\",\"url\":\"https:\\\/\\\/diariodepe.com.br\\\/cri\\\/\",\"logo\":{\"@type\":\"ImageObject\",\"inLanguage\":\"pt-BR\",\"@id\":\"https:\\\/\\\/diariodepe.com.br\\\/cri\\\/#\\\/schema\\\/logo\\\/image\\\/\",\"url\":\"https:\\\/\\\/diariodepe.com.br\\\/cri\\\/wp-content\\\/uploads\\\/sites\\\/2\\\/2022\\\/12\\\/cropped-Logo.jpg\",\"contentUrl\":\"https:\\\/\\\/diariodepe.com.br\\\/cri\\\/wp-content\\\/uploads\\\/sites\\\/2\\\/2022\\\/12\\\/cropped-Logo.jpg\",\"width\":700,\"height\":59,\"caption\":\"CRI e Diario de Pernambuco\"},\"image\":{\"@id\":\"https:\\\/\\\/diariodepe.com.br\\\/cri\\\/#\\\/schema\\\/logo\\\/image\\\/\"}},{\"@type\":\"Person\",\"@id\":\"https:\\\/\\\/diariodepe.com.br\\\/cri\\\/#\\\/schema\\\/person\\\/121bb28d84f1a5b1205ef4ce9c2e0c6b\",\"name\":\"Ismael Lucas S. Pereira\",\"image\":{\"@type\":\"ImageObject\",\"inLanguage\":\"pt-BR\",\"@id\":\"https:\\\/\\\/secure.gravatar.com\\\/avatar\\\/887a0f3b5a7ceea963a48499fb883ffce6b5037362def025c52c2505b15d63e4?s=96&d=mm&r=g\",\"url\":\"https:\\\/\\\/secure.gravatar.com\\\/avatar\\\/887a0f3b5a7ceea963a48499fb883ffce6b5037362def025c52c2505b15d63e4?s=96&d=mm&r=g\",\"contentUrl\":\"https:\\\/\\\/secure.gravatar.com\\\/avatar\\\/887a0f3b5a7ceea963a48499fb883ffce6b5037362def025c52c2505b15d63e4?s=96&d=mm&r=g\",\"caption\":\"Ismael Lucas S. Pereira\"},\"url\":\"https:\\\/\\\/diariodepe.com.br\\\/cri\\\/author\\\/ismael-lucas\\\/\"}]}<\/script>\n<!-- \/ Yoast SEO plugin. -->","yoast_head_json":{"title":"Chanceler chin\u00eas reitera que a quest\u00e3o de Taiwan \u00e9 assunto interno dos chineses - CRI e Diario de Pernambuco","robots":{"index":"index","follow":"follow","max-snippet":"max-snippet:-1","max-image-preview":"max-image-preview:large","max-video-preview":"max-video-preview:-1"},"canonical":"https:\/\/diariodepe.com.br\/cri\/2023\/03\/14\/chanceler-chines-reitera-que-a-questao-de-taiwan-e-assunto-interno-dos-chineses\/","og_locale":"pt_BR","og_type":"article","og_title":"Chanceler chin\u00eas reitera que a quest\u00e3o de Taiwan \u00e9 assunto interno dos chineses - CRI e Diario de Pernambuco","og_description":"O ministro das Rela\u00e7\u00f5es Exteriores da China, Qin Gang, citou a Constitui\u00e7\u00e3o do pa\u00eds para responder a quest\u00e3o de Taiwan, dizendo que a ilha\u00a0faz parte do territ\u00f3rio sagrado da Rep\u00fablica Popular da China e que a conclus\u00e3o da reunifica\u00e7\u00e3o da...","og_url":"https:\/\/diariodepe.com.br\/cri\/2023\/03\/14\/chanceler-chines-reitera-que-a-questao-de-taiwan-e-assunto-interno-dos-chineses\/","og_site_name":"CRI e Diario de Pernambuco","article_published_time":"2023-03-14T07:02:16+00:00","author":"Ismael Lucas S. Pereira","twitter_card":"summary_large_image","twitter_misc":{"Escrito por":"Ismael Lucas S. Pereira","Est. tempo de leitura":"1 minuto"},"schema":{"@context":"https:\/\/schema.org","@graph":[{"@type":"Article","@id":"https:\/\/diariodepe.com.br\/cri\/2023\/03\/14\/chanceler-chines-reitera-que-a-questao-de-taiwan-e-assunto-interno-dos-chineses\/#article","isPartOf":{"@id":"https:\/\/diariodepe.com.br\/cri\/2023\/03\/14\/chanceler-chines-reitera-que-a-questao-de-taiwan-e-assunto-interno-dos-chineses\/"},"author":{"name":"Ismael Lucas S. Pereira","@id":"https:\/\/diariodepe.com.br\/cri\/#\/schema\/person\/121bb28d84f1a5b1205ef4ce9c2e0c6b"},"headline":"Chanceler chin\u00eas reitera que a quest\u00e3o de Taiwan \u00e9 assunto interno dos chineses","datePublished":"2023-03-14T07:02:16+00:00","mainEntityOfPage":{"@id":"https:\/\/diariodepe.com.br\/cri\/2023\/03\/14\/chanceler-chines-reitera-que-a-questao-de-taiwan-e-assunto-interno-dos-chineses\/"},"wordCount":170,"commentCount":0,"publisher":{"@id":"https:\/\/diariodepe.com.br\/cri\/#organization"},"articleSection":["China"],"inLanguage":"pt-BR","potentialAction":[{"@type":"CommentAction","name":"Comment","target":["https:\/\/diariodepe.com.br\/cri\/2023\/03\/14\/chanceler-chines-reitera-que-a-questao-de-taiwan-e-assunto-interno-dos-chineses\/#respond"]}]},{"@type":"WebPage","@id":"https:\/\/diariodepe.com.br\/cri\/2023\/03\/14\/chanceler-chines-reitera-que-a-questao-de-taiwan-e-assunto-interno-dos-chineses\/","url":"https:\/\/diariodepe.com.br\/cri\/2023\/03\/14\/chanceler-chines-reitera-que-a-questao-de-taiwan-e-assunto-interno-dos-chineses\/","name":"Chanceler chin\u00eas reitera que a quest\u00e3o de Taiwan \u00e9 assunto interno dos chineses - CRI e Diario de Pernambuco","isPartOf":{"@id":"https:\/\/diariodepe.com.br\/cri\/#website"},"datePublished":"2023-03-14T07:02:16+00:00","breadcrumb":{"@id":"https:\/\/diariodepe.com.br\/cri\/2023\/03\/14\/chanceler-chines-reitera-que-a-questao-de-taiwan-e-assunto-interno-dos-chineses\/#breadcrumb"},"inLanguage":"pt-BR","potentialAction":[{"@type":"ReadAction","target":["https:\/\/diariodepe.com.br\/cri\/2023\/03\/14\/chanceler-chines-reitera-que-a-questao-de-taiwan-e-assunto-interno-dos-chineses\/"]}]},{"@type":"BreadcrumbList","@id":"https:\/\/diariodepe.com.br\/cri\/2023\/03\/14\/chanceler-chines-reitera-que-a-questao-de-taiwan-e-assunto-interno-dos-chineses\/#breadcrumb","itemListElement":[{"@type":"ListItem","position":1,"name":"In\u00edcio","item":"https:\/\/diariodepe.com.br\/cri\/"},{"@type":"ListItem","position":2,"name":"Chanceler chin\u00eas reitera que a quest\u00e3o de Taiwan \u00e9 assunto interno dos chineses"}]},{"@type":"WebSite","@id":"https:\/\/diariodepe.com.br\/cri\/#website","url":"https:\/\/diariodepe.com.br\/cri\/","name":"CRI e Diario de Pernambuco","description":"R\u00e1dio Internacional da China","publisher":{"@id":"https:\/\/diariodepe.com.br\/cri\/#organization"},"potentialAction":[{"@type":"SearchAction","target":{"@type":"EntryPoint","urlTemplate":"https:\/\/diariodepe.com.br\/cri\/?s={search_term_string}"},"query-input":{"@type":"PropertyValueSpecification","valueRequired":true,"valueName":"search_term_string"}}],"inLanguage":"pt-BR"},{"@type":"Organization","@id":"https:\/\/diariodepe.com.br\/cri\/#organization","name":"CRI e Diario de Pernambuco","url":"https:\/\/diariodepe.com.br\/cri\/","logo":{"@type":"ImageObject","inLanguage":"pt-BR","@id":"https:\/\/diariodepe.com.br\/cri\/#\/schema\/logo\/image\/","url":"https:\/\/diariodepe.com.br\/cri\/wp-content\/uploads\/sites\/2\/2022\/12\/cropped-Logo.jpg","contentUrl":"https:\/\/diariodepe.com.br\/cri\/wp-content\/uploads\/sites\/2\/2022\/12\/cropped-Logo.jpg","width":700,"height":59,"caption":"CRI e Diario de Pernambuco"},"image":{"@id":"https:\/\/diariodepe.com.br\/cri\/#\/schema\/logo\/image\/"}},{"@type":"Person","@id":"https:\/\/diariodepe.com.br\/cri\/#\/schema\/person\/121bb28d84f1a5b1205ef4ce9c2e0c6b","name":"Ismael Lucas S. Pereira","image":{"@type":"ImageObject","inLanguage":"pt-BR","@id":"https:\/\/secure.gravatar.com\/avatar\/887a0f3b5a7ceea963a48499fb883ffce6b5037362def025c52c2505b15d63e4?s=96&d=mm&r=g","url":"https:\/\/secure.gravatar.com\/avatar\/887a0f3b5a7ceea963a48499fb883ffce6b5037362def025c52c2505b15d63e4?s=96&d=mm&r=g","contentUrl":"https:\/\/secure.gravatar.com\/avatar\/887a0f3b5a7ceea963a48499fb883ffce6b5037362def025c52c2505b15d63e4?s=96&d=mm&r=g","caption":"Ismael Lucas S. Pereira"},"url":"https:\/\/diariodepe.com.br\/cri\/author\/ismael-lucas\/"}]}},"cc_featured_image_caption":{"caption_text":false,"source_text":false,"source_url":false},"amp_enabled":true,"_links":{"self":[{"href":"https:\/\/diariodepe.com.br\/cri\/wp-json\/wp\/v2\/posts\/872","targetHints":{"allow":["GET"]}}],"collection":[{"href":"https:\/\/diariodepe.com.br\/cri\/wp-json\/wp\/v2\/posts"}],"about":[{"href":"https:\/\/diariodepe.com.br\/cri\/wp-json\/wp\/v2\/types\/post"}],"author":[{"embeddable":true,"href":"https:\/\/diariodepe.com.br\/cri\/wp-json\/wp\/v2\/users\/2"}],"replies":[{"embeddable":true,"href":"https:\/\/diariodepe.com.br\/cri\/wp-json\/wp\/v2\/comments?post=872"}],"version-history":[{"count":1,"href":"https:\/\/diariodepe.com.br\/cri\/wp-json\/wp\/v2\/posts\/872\/revisions"}],"predecessor-version":[{"id":873,"href":"https:\/\/diariodepe.com.br\/cri\/wp-json\/wp\/v2\/posts\/872\/revisions\/873"}],"wp:attachment":[{"href":"https:\/\/diariodepe.com.br\/cri\/wp-json\/wp\/v2\/media?parent=872"}],"wp:term":[{"taxonomy":"category","embeddable":true,"href":"https:\/\/diariodepe.com.br\/cri\/wp-json\/wp\/v2\/categories?post=872"},{"taxonomy":"post_tag","embeddable":true,"href":"https:\/\/diariodepe.com.br\/cri\/wp-json\/wp\/v2\/tags?post=872"}],"curies":[{"name":"wp","href":"https:\/\/api.w.org\/{rel}","templated":true}]}}