{"id":8697,"date":"2025-05-24T00:23:46","date_gmt":"2025-05-24T03:23:46","guid":{"rendered":"https:\/\/diariodepe.com.br\/cri\/?p=8697"},"modified":"2025-06-24T00:24:16","modified_gmt":"2025-06-24T03:24:16","slug":"china-e-brasil-de-maos-dadas-para-combater-mudancas-climaticas-e-criar-futuro-verde","status":"publish","type":"post","link":"https:\/\/diariodepe.com.br\/cri\/2025\/05\/24\/china-e-brasil-de-maos-dadas-para-combater-mudancas-climaticas-e-criar-futuro-verde\/","title":{"rendered":"China e Brasil de m\u00e3os dadas para combater mudan\u00e7as clim\u00e1ticas e criar futuro verde"},"content":{"rendered":"<p>O simp\u00f3sio &#8220;Caminho at\u00e9 a COP30: Coopera\u00e7\u00e3o Brasil-China em restaura\u00e7\u00e3o da vegeta\u00e7\u00e3o e sumidouros florestais de carbono&#8221;, organizado pela Embaixada e pela Administra\u00e7\u00e3o Nacional de Florestas e Pastagens da China, foi realizado nesta segunda-feira (12) em Beijing. A ministra do Meio Ambiente e Mudan\u00e7a do Clima do Brasil, Marina Silva, destacou que, diante dos desafios clim\u00e1ticos e ambientais, a coopera\u00e7\u00e3o bilateral \u00e9 cada vez mais crucial para impulsionar benef\u00edcios m\u00fatuos.<\/p>\n<p><iframe title=\"China e Brasil de m\u00e3os dadas para combater mudan\u00e7as clim\u00e1ticas e criar futuro verde\" width=\"640\" height=\"360\" src=\"https:\/\/www.youtube.com\/embed\/nH2yiWRVVFk?feature=oembed\" frameborder=\"0\" allow=\"accelerometer; autoplay; clipboard-write; encrypted-media; gyroscope; picture-in-picture; web-share\" referrerpolicy=\"strict-origin-when-cross-origin\" allowfullscreen><\/iframe><\/p>\n","protected":false},"excerpt":{"rendered":"<p>O simp\u00f3sio &#8220;Caminho at\u00e9 a COP30: Coopera\u00e7\u00e3o Brasil-China em restaura\u00e7\u00e3o da vegeta\u00e7\u00e3o e sumidouros florestais de carbono&#8221;, organizado pela Embaixada e pela Administra\u00e7\u00e3o Nacional de Florestas e Pastagens da China, foi realizado nesta segunda-feira (12) em Beijing. A ministra do&#8230;<\/p>\n","protected":false},"author":2,"featured_media":0,"comment_status":"open","ping_status":"open","sticky":false,"template":"","format":"standard","meta":{"footnotes":""},"categories":[11],"tags":[],"class_list":["post-8697","post","type-post","status-publish","format-standard","hentry","category-videos"],"yoast_head":"<!-- This site is optimized with the Yoast SEO plugin v27.4 - https:\/\/yoast.com\/product\/yoast-seo-wordpress\/ -->\n<title>China e Brasil de m\u00e3os dadas para combater mudan\u00e7as clim\u00e1ticas e criar futuro verde - CRI e Diario de Pernambuco<\/title>\n<meta name=\"robots\" content=\"index, follow, max-snippet:-1, max-image-preview:large, max-video-preview:-1\" \/>\n<link rel=\"canonical\" href=\"https:\/\/diariodepe.com.br\/cri\/2025\/05\/24\/china-e-brasil-de-maos-dadas-para-combater-mudancas-climaticas-e-criar-futuro-verde\/\" \/>\n<meta property=\"og:locale\" content=\"pt_BR\" \/>\n<meta property=\"og:type\" content=\"article\" \/>\n<meta property=\"og:title\" content=\"China e Brasil de m\u00e3os dadas para combater mudan\u00e7as clim\u00e1ticas e criar futuro verde - CRI e Diario de Pernambuco\" \/>\n<meta property=\"og:description\" content=\"O simp\u00f3sio &#8220;Caminho at\u00e9 a COP30: Coopera\u00e7\u00e3o Brasil-China em restaura\u00e7\u00e3o da vegeta\u00e7\u00e3o e sumidouros florestais de carbono&#8221;, organizado pela Embaixada e pela Administra\u00e7\u00e3o Nacional de Florestas e Pastagens da China, foi realizado nesta segunda-feira (12) em Beijing. A ministra do...\" \/>\n<meta property=\"og:url\" content=\"https:\/\/diariodepe.com.br\/cri\/2025\/05\/24\/china-e-brasil-de-maos-dadas-para-combater-mudancas-climaticas-e-criar-futuro-verde\/\" \/>\n<meta property=\"og:site_name\" content=\"CRI e Diario de Pernambuco\" \/>\n<meta property=\"article:published_time\" content=\"2025-05-24T03:23:46+00:00\" \/>\n<meta property=\"article:modified_time\" content=\"2025-06-24T03:24:16+00:00\" \/>\n<meta name=\"author\" content=\"Ismael Lucas S. Pereira\" \/>\n<meta name=\"twitter:card\" content=\"summary_large_image\" \/>\n<meta name=\"twitter:label1\" content=\"Escrito por\" \/>\n\t<meta name=\"twitter:data1\" content=\"Ismael Lucas S. Pereira\" \/>\n\t<meta name=\"twitter:label2\" content=\"Est. tempo de leitura\" \/>\n\t<meta name=\"twitter:data2\" content=\"1 minuto\" \/>\n<script type=\"application\/ld+json\" class=\"yoast-schema-graph\">{\"@context\":\"https:\\\/\\\/schema.org\",\"@graph\":[{\"@type\":\"Article\",\"@id\":\"https:\\\/\\\/diariodepe.com.br\\\/cri\\\/2025\\\/05\\\/24\\\/china-e-brasil-de-maos-dadas-para-combater-mudancas-climaticas-e-criar-futuro-verde\\\/#article\",\"isPartOf\":{\"@id\":\"https:\\\/\\\/diariodepe.com.br\\\/cri\\\/2025\\\/05\\\/24\\\/china-e-brasil-de-maos-dadas-para-combater-mudancas-climaticas-e-criar-futuro-verde\\\/\"},\"author\":{\"name\":\"Ismael Lucas S. Pereira\",\"@id\":\"https:\\\/\\\/diariodepe.com.br\\\/cri\\\/#\\\/schema\\\/person\\\/121bb28d84f1a5b1205ef4ce9c2e0c6b\"},\"headline\":\"China e Brasil de m\u00e3os dadas para combater mudan\u00e7as clim\u00e1ticas e criar futuro verde\",\"datePublished\":\"2025-05-24T03:23:46+00:00\",\"dateModified\":\"2025-06-24T03:24:16+00:00\",\"mainEntityOfPage\":{\"@id\":\"https:\\\/\\\/diariodepe.com.br\\\/cri\\\/2025\\\/05\\\/24\\\/china-e-brasil-de-maos-dadas-para-combater-mudancas-climaticas-e-criar-futuro-verde\\\/\"},\"wordCount\":105,\"commentCount\":0,\"publisher\":{\"@id\":\"https:\\\/\\\/diariodepe.com.br\\\/cri\\\/#organization\"},\"articleSection\":[\"V\u00eddeos\"],\"inLanguage\":\"pt-BR\",\"potentialAction\":[{\"@type\":\"CommentAction\",\"name\":\"Comment\",\"target\":[\"https:\\\/\\\/diariodepe.com.br\\\/cri\\\/2025\\\/05\\\/24\\\/china-e-brasil-de-maos-dadas-para-combater-mudancas-climaticas-e-criar-futuro-verde\\\/#respond\"]}]},{\"@type\":\"WebPage\",\"@id\":\"https:\\\/\\\/diariodepe.com.br\\\/cri\\\/2025\\\/05\\\/24\\\/china-e-brasil-de-maos-dadas-para-combater-mudancas-climaticas-e-criar-futuro-verde\\\/\",\"url\":\"https:\\\/\\\/diariodepe.com.br\\\/cri\\\/2025\\\/05\\\/24\\\/china-e-brasil-de-maos-dadas-para-combater-mudancas-climaticas-e-criar-futuro-verde\\\/\",\"name\":\"China e Brasil de m\u00e3os dadas para combater mudan\u00e7as clim\u00e1ticas e criar futuro verde - CRI e Diario de Pernambuco\",\"isPartOf\":{\"@id\":\"https:\\\/\\\/diariodepe.com.br\\\/cri\\\/#website\"},\"datePublished\":\"2025-05-24T03:23:46+00:00\",\"dateModified\":\"2025-06-24T03:24:16+00:00\",\"breadcrumb\":{\"@id\":\"https:\\\/\\\/diariodepe.com.br\\\/cri\\\/2025\\\/05\\\/24\\\/china-e-brasil-de-maos-dadas-para-combater-mudancas-climaticas-e-criar-futuro-verde\\\/#breadcrumb\"},\"inLanguage\":\"pt-BR\",\"potentialAction\":[{\"@type\":\"ReadAction\",\"target\":[\"https:\\\/\\\/diariodepe.com.br\\\/cri\\\/2025\\\/05\\\/24\\\/china-e-brasil-de-maos-dadas-para-combater-mudancas-climaticas-e-criar-futuro-verde\\\/\"]}]},{\"@type\":\"BreadcrumbList\",\"@id\":\"https:\\\/\\\/diariodepe.com.br\\\/cri\\\/2025\\\/05\\\/24\\\/china-e-brasil-de-maos-dadas-para-combater-mudancas-climaticas-e-criar-futuro-verde\\\/#breadcrumb\",\"itemListElement\":[{\"@type\":\"ListItem\",\"position\":1,\"name\":\"In\u00edcio\",\"item\":\"https:\\\/\\\/diariodepe.com.br\\\/cri\\\/\"},{\"@type\":\"ListItem\",\"position\":2,\"name\":\"China e Brasil de m\u00e3os dadas para combater mudan\u00e7as clim\u00e1ticas e criar futuro verde\"}]},{\"@type\":\"WebSite\",\"@id\":\"https:\\\/\\\/diariodepe.com.br\\\/cri\\\/#website\",\"url\":\"https:\\\/\\\/diariodepe.com.br\\\/cri\\\/\",\"name\":\"CRI e Diario de Pernambuco\",\"description\":\"R\u00e1dio Internacional da China\",\"publisher\":{\"@id\":\"https:\\\/\\\/diariodepe.com.br\\\/cri\\\/#organization\"},\"potentialAction\":[{\"@type\":\"SearchAction\",\"target\":{\"@type\":\"EntryPoint\",\"urlTemplate\":\"https:\\\/\\\/diariodepe.com.br\\\/cri\\\/?s={search_term_string}\"},\"query-input\":{\"@type\":\"PropertyValueSpecification\",\"valueRequired\":true,\"valueName\":\"search_term_string\"}}],\"inLanguage\":\"pt-BR\"},{\"@type\":\"Organization\",\"@id\":\"https:\\\/\\\/diariodepe.com.br\\\/cri\\\/#organization\",\"name\":\"CRI e Diario de Pernambuco\",\"url\":\"https:\\\/\\\/diariodepe.com.br\\\/cri\\\/\",\"logo\":{\"@type\":\"ImageObject\",\"inLanguage\":\"pt-BR\",\"@id\":\"https:\\\/\\\/diariodepe.com.br\\\/cri\\\/#\\\/schema\\\/logo\\\/image\\\/\",\"url\":\"https:\\\/\\\/diariodepe.com.br\\\/cri\\\/wp-content\\\/uploads\\\/sites\\\/2\\\/2022\\\/12\\\/cropped-Logo.jpg\",\"contentUrl\":\"https:\\\/\\\/diariodepe.com.br\\\/cri\\\/wp-content\\\/uploads\\\/sites\\\/2\\\/2022\\\/12\\\/cropped-Logo.jpg\",\"width\":700,\"height\":59,\"caption\":\"CRI e Diario de Pernambuco\"},\"image\":{\"@id\":\"https:\\\/\\\/diariodepe.com.br\\\/cri\\\/#\\\/schema\\\/logo\\\/image\\\/\"}},{\"@type\":\"Person\",\"@id\":\"https:\\\/\\\/diariodepe.com.br\\\/cri\\\/#\\\/schema\\\/person\\\/121bb28d84f1a5b1205ef4ce9c2e0c6b\",\"name\":\"Ismael Lucas S. Pereira\",\"image\":{\"@type\":\"ImageObject\",\"inLanguage\":\"pt-BR\",\"@id\":\"https:\\\/\\\/secure.gravatar.com\\\/avatar\\\/887a0f3b5a7ceea963a48499fb883ffce6b5037362def025c52c2505b15d63e4?s=96&d=mm&r=g\",\"url\":\"https:\\\/\\\/secure.gravatar.com\\\/avatar\\\/887a0f3b5a7ceea963a48499fb883ffce6b5037362def025c52c2505b15d63e4?s=96&d=mm&r=g\",\"contentUrl\":\"https:\\\/\\\/secure.gravatar.com\\\/avatar\\\/887a0f3b5a7ceea963a48499fb883ffce6b5037362def025c52c2505b15d63e4?s=96&d=mm&r=g\",\"caption\":\"Ismael Lucas S. Pereira\"},\"url\":\"https:\\\/\\\/diariodepe.com.br\\\/cri\\\/author\\\/ismael-lucas\\\/\"}]}<\/script>\n<!-- \/ Yoast SEO plugin. -->","yoast_head_json":{"title":"China e Brasil de m\u00e3os dadas para combater mudan\u00e7as clim\u00e1ticas e criar futuro verde - CRI e Diario de Pernambuco","robots":{"index":"index","follow":"follow","max-snippet":"max-snippet:-1","max-image-preview":"max-image-preview:large","max-video-preview":"max-video-preview:-1"},"canonical":"https:\/\/diariodepe.com.br\/cri\/2025\/05\/24\/china-e-brasil-de-maos-dadas-para-combater-mudancas-climaticas-e-criar-futuro-verde\/","og_locale":"pt_BR","og_type":"article","og_title":"China e Brasil de m\u00e3os dadas para combater mudan\u00e7as clim\u00e1ticas e criar futuro verde - CRI e Diario de Pernambuco","og_description":"O simp\u00f3sio &#8220;Caminho at\u00e9 a COP30: Coopera\u00e7\u00e3o Brasil-China em restaura\u00e7\u00e3o da vegeta\u00e7\u00e3o e sumidouros florestais de carbono&#8221;, organizado pela Embaixada e pela Administra\u00e7\u00e3o Nacional de Florestas e Pastagens da China, foi realizado nesta segunda-feira (12) em Beijing. A ministra do...","og_url":"https:\/\/diariodepe.com.br\/cri\/2025\/05\/24\/china-e-brasil-de-maos-dadas-para-combater-mudancas-climaticas-e-criar-futuro-verde\/","og_site_name":"CRI e Diario de Pernambuco","article_published_time":"2025-05-24T03:23:46+00:00","article_modified_time":"2025-06-24T03:24:16+00:00","author":"Ismael Lucas S. Pereira","twitter_card":"summary_large_image","twitter_misc":{"Escrito por":"Ismael Lucas S. Pereira","Est. tempo de leitura":"1 minuto"},"schema":{"@context":"https:\/\/schema.org","@graph":[{"@type":"Article","@id":"https:\/\/diariodepe.com.br\/cri\/2025\/05\/24\/china-e-brasil-de-maos-dadas-para-combater-mudancas-climaticas-e-criar-futuro-verde\/#article","isPartOf":{"@id":"https:\/\/diariodepe.com.br\/cri\/2025\/05\/24\/china-e-brasil-de-maos-dadas-para-combater-mudancas-climaticas-e-criar-futuro-verde\/"},"author":{"name":"Ismael Lucas S. Pereira","@id":"https:\/\/diariodepe.com.br\/cri\/#\/schema\/person\/121bb28d84f1a5b1205ef4ce9c2e0c6b"},"headline":"China e Brasil de m\u00e3os dadas para combater mudan\u00e7as clim\u00e1ticas e criar futuro verde","datePublished":"2025-05-24T03:23:46+00:00","dateModified":"2025-06-24T03:24:16+00:00","mainEntityOfPage":{"@id":"https:\/\/diariodepe.com.br\/cri\/2025\/05\/24\/china-e-brasil-de-maos-dadas-para-combater-mudancas-climaticas-e-criar-futuro-verde\/"},"wordCount":105,"commentCount":0,"publisher":{"@id":"https:\/\/diariodepe.com.br\/cri\/#organization"},"articleSection":["V\u00eddeos"],"inLanguage":"pt-BR","potentialAction":[{"@type":"CommentAction","name":"Comment","target":["https:\/\/diariodepe.com.br\/cri\/2025\/05\/24\/china-e-brasil-de-maos-dadas-para-combater-mudancas-climaticas-e-criar-futuro-verde\/#respond"]}]},{"@type":"WebPage","@id":"https:\/\/diariodepe.com.br\/cri\/2025\/05\/24\/china-e-brasil-de-maos-dadas-para-combater-mudancas-climaticas-e-criar-futuro-verde\/","url":"https:\/\/diariodepe.com.br\/cri\/2025\/05\/24\/china-e-brasil-de-maos-dadas-para-combater-mudancas-climaticas-e-criar-futuro-verde\/","name":"China e Brasil de m\u00e3os dadas para combater mudan\u00e7as clim\u00e1ticas e criar futuro verde - CRI e Diario de Pernambuco","isPartOf":{"@id":"https:\/\/diariodepe.com.br\/cri\/#website"},"datePublished":"2025-05-24T03:23:46+00:00","dateModified":"2025-06-24T03:24:16+00:00","breadcrumb":{"@id":"https:\/\/diariodepe.com.br\/cri\/2025\/05\/24\/china-e-brasil-de-maos-dadas-para-combater-mudancas-climaticas-e-criar-futuro-verde\/#breadcrumb"},"inLanguage":"pt-BR","potentialAction":[{"@type":"ReadAction","target":["https:\/\/diariodepe.com.br\/cri\/2025\/05\/24\/china-e-brasil-de-maos-dadas-para-combater-mudancas-climaticas-e-criar-futuro-verde\/"]}]},{"@type":"BreadcrumbList","@id":"https:\/\/diariodepe.com.br\/cri\/2025\/05\/24\/china-e-brasil-de-maos-dadas-para-combater-mudancas-climaticas-e-criar-futuro-verde\/#breadcrumb","itemListElement":[{"@type":"ListItem","position":1,"name":"In\u00edcio","item":"https:\/\/diariodepe.com.br\/cri\/"},{"@type":"ListItem","position":2,"name":"China e Brasil de m\u00e3os dadas para combater mudan\u00e7as clim\u00e1ticas e criar futuro verde"}]},{"@type":"WebSite","@id":"https:\/\/diariodepe.com.br\/cri\/#website","url":"https:\/\/diariodepe.com.br\/cri\/","name":"CRI e Diario de Pernambuco","description":"R\u00e1dio Internacional da China","publisher":{"@id":"https:\/\/diariodepe.com.br\/cri\/#organization"},"potentialAction":[{"@type":"SearchAction","target":{"@type":"EntryPoint","urlTemplate":"https:\/\/diariodepe.com.br\/cri\/?s={search_term_string}"},"query-input":{"@type":"PropertyValueSpecification","valueRequired":true,"valueName":"search_term_string"}}],"inLanguage":"pt-BR"},{"@type":"Organization","@id":"https:\/\/diariodepe.com.br\/cri\/#organization","name":"CRI e Diario de Pernambuco","url":"https:\/\/diariodepe.com.br\/cri\/","logo":{"@type":"ImageObject","inLanguage":"pt-BR","@id":"https:\/\/diariodepe.com.br\/cri\/#\/schema\/logo\/image\/","url":"https:\/\/diariodepe.com.br\/cri\/wp-content\/uploads\/sites\/2\/2022\/12\/cropped-Logo.jpg","contentUrl":"https:\/\/diariodepe.com.br\/cri\/wp-content\/uploads\/sites\/2\/2022\/12\/cropped-Logo.jpg","width":700,"height":59,"caption":"CRI e Diario de Pernambuco"},"image":{"@id":"https:\/\/diariodepe.com.br\/cri\/#\/schema\/logo\/image\/"}},{"@type":"Person","@id":"https:\/\/diariodepe.com.br\/cri\/#\/schema\/person\/121bb28d84f1a5b1205ef4ce9c2e0c6b","name":"Ismael Lucas S. Pereira","image":{"@type":"ImageObject","inLanguage":"pt-BR","@id":"https:\/\/secure.gravatar.com\/avatar\/887a0f3b5a7ceea963a48499fb883ffce6b5037362def025c52c2505b15d63e4?s=96&d=mm&r=g","url":"https:\/\/secure.gravatar.com\/avatar\/887a0f3b5a7ceea963a48499fb883ffce6b5037362def025c52c2505b15d63e4?s=96&d=mm&r=g","contentUrl":"https:\/\/secure.gravatar.com\/avatar\/887a0f3b5a7ceea963a48499fb883ffce6b5037362def025c52c2505b15d63e4?s=96&d=mm&r=g","caption":"Ismael Lucas S. Pereira"},"url":"https:\/\/diariodepe.com.br\/cri\/author\/ismael-lucas\/"}]}},"cc_featured_image_caption":{"caption_text":false,"source_text":false,"source_url":false},"amp_enabled":true,"_links":{"self":[{"href":"https:\/\/diariodepe.com.br\/cri\/wp-json\/wp\/v2\/posts\/8697","targetHints":{"allow":["GET"]}}],"collection":[{"href":"https:\/\/diariodepe.com.br\/cri\/wp-json\/wp\/v2\/posts"}],"about":[{"href":"https:\/\/diariodepe.com.br\/cri\/wp-json\/wp\/v2\/types\/post"}],"author":[{"embeddable":true,"href":"https:\/\/diariodepe.com.br\/cri\/wp-json\/wp\/v2\/users\/2"}],"replies":[{"embeddable":true,"href":"https:\/\/diariodepe.com.br\/cri\/wp-json\/wp\/v2\/comments?post=8697"}],"version-history":[{"count":1,"href":"https:\/\/diariodepe.com.br\/cri\/wp-json\/wp\/v2\/posts\/8697\/revisions"}],"predecessor-version":[{"id":8698,"href":"https:\/\/diariodepe.com.br\/cri\/wp-json\/wp\/v2\/posts\/8697\/revisions\/8698"}],"wp:attachment":[{"href":"https:\/\/diariodepe.com.br\/cri\/wp-json\/wp\/v2\/media?parent=8697"}],"wp:term":[{"taxonomy":"category","embeddable":true,"href":"https:\/\/diariodepe.com.br\/cri\/wp-json\/wp\/v2\/categories?post=8697"},{"taxonomy":"post_tag","embeddable":true,"href":"https:\/\/diariodepe.com.br\/cri\/wp-json\/wp\/v2\/tags?post=8697"}],"curies":[{"name":"wp","href":"https:\/\/api.w.org\/{rel}","templated":true}]}}