{"id":869,"date":"2023-03-14T03:58:05","date_gmt":"2023-03-14T06:58:05","guid":{"rendered":"https:\/\/diariodepe.com.br\/cri\/?p=869"},"modified":"2023-03-14T03:58:05","modified_gmt":"2023-03-14T06:58:05","slug":"cmg-e-raem-promovem-mais-um-projeto-de-cooperacao","status":"publish","type":"post","link":"https:\/\/diariodepe.com.br\/cri\/2023\/03\/14\/cmg-e-raem-promovem-mais-um-projeto-de-cooperacao\/","title":{"rendered":"CMG e RAEM promovem mais um projeto de coopera\u00e7\u00e3o"},"content":{"rendered":"<p>O Grupo de M\u00eddia da China (CMG, na sigla em ingl\u00eas) e a Regi\u00e3o Administrativa Especial de Macau (RAEM) promoveram hoje (6) mais uma rodada de coopera\u00e7\u00f5es. Nove excelentes programas feitos pelo CMG sobre o 20\u00ba Congresso Nacional do Partido Comunista da China (PCCh) ser\u00e3o exibidos em Macau e o CMG concede \u00e0 RAEM os direitos de transmiss\u00e3o dos Jogos Asi\u00e1ticos de Hangzhou, que ser\u00e3o realizados em setembro deste ano na cidade tur\u00edstica da China, e dos Jogos Ol\u00edmpicos de Paris, que acontecer\u00e3o na capital francesa em 2024.<\/p>\n<p>O chefe do Executivo da RAEM, Ho Iat Seng, disse que Macau aplica firmemente o esp\u00edrito do 20\u00ba Congresso Nacional do PCCh e dos importantes discursos do presidente Xi Jinping, bem como o princ\u00edpio de Um Pa\u00eds, Dois Sistemas. Ele considera que os programas do CMG far\u00e3o os residentes locais conhecerem melhor o processo hist\u00f3rico da moderniza\u00e7\u00e3o da China e os progressos da revitaliza\u00e7\u00e3o da na\u00e7\u00e3o chinesa.<\/p>\n<p>O presidente do CMG, Shen Haixiong, afirmou que o 20\u00ba Congresso Nacional do PCCh \u00e9 um marco hist\u00f3rico para o Partido e o pa\u00eds. O CMG tem a responsabilidade de transmitir a ideologia do Partido e a causa do socialismo com caracter\u00edsticas chinesas. Segundo ele, os programas ser\u00e3o transmitidos em mandarim e em canton\u00eas atrav\u00e9s de TDM para que os compatriotas de Macau conhe\u00e7am de maneira melhor as mudan\u00e7as da p\u00e1tria e aumentem a confian\u00e7a no futuro do pa\u00eds e da regi\u00e3o.<\/p>\n<p>No mesmo dia, os dois document\u00e1rios sobre Macau que s\u00e3o produzidos pelo CMG come\u00e7aram suas filmagens.<\/p>\n","protected":false},"excerpt":{"rendered":"<p>O Grupo de M\u00eddia da China (CMG, na sigla em ingl\u00eas) e a Regi\u00e3o Administrativa Especial de Macau (RAEM) promoveram hoje (6) mais uma rodada de coopera\u00e7\u00f5es. Nove excelentes programas feitos pelo CMG sobre o 20\u00ba Congresso Nacional do Partido&#8230;<\/p>\n","protected":false},"author":2,"featured_media":870,"comment_status":"open","ping_status":"open","sticky":false,"template":"","format":"standard","meta":{"footnotes":""},"categories":[3],"tags":[],"class_list":["post-869","post","type-post","status-publish","format-standard","has-post-thumbnail","hentry","category-china"],"yoast_head":"<!-- This site is optimized with the Yoast SEO plugin v27.4 - https:\/\/yoast.com\/product\/yoast-seo-wordpress\/ -->\n<title>CMG e RAEM promovem mais um projeto de coopera\u00e7\u00e3o - CRI e Diario de Pernambuco<\/title>\n<meta name=\"robots\" content=\"index, follow, max-snippet:-1, max-image-preview:large, max-video-preview:-1\" \/>\n<link rel=\"canonical\" href=\"https:\/\/diariodepe.com.br\/cri\/2023\/03\/14\/cmg-e-raem-promovem-mais-um-projeto-de-cooperacao\/\" \/>\n<meta property=\"og:locale\" content=\"pt_BR\" \/>\n<meta property=\"og:type\" content=\"article\" \/>\n<meta property=\"og:title\" content=\"CMG e RAEM promovem mais um projeto de coopera\u00e7\u00e3o - CRI e Diario de Pernambuco\" \/>\n<meta property=\"og:description\" content=\"O Grupo de M\u00eddia da China (CMG, na sigla em ingl\u00eas) e a Regi\u00e3o Administrativa Especial de Macau (RAEM) promoveram hoje (6) mais uma rodada de coopera\u00e7\u00f5es. Nove excelentes programas feitos pelo CMG sobre o 20\u00ba Congresso Nacional do Partido...\" \/>\n<meta property=\"og:url\" content=\"https:\/\/diariodepe.com.br\/cri\/2023\/03\/14\/cmg-e-raem-promovem-mais-um-projeto-de-cooperacao\/\" \/>\n<meta property=\"og:site_name\" content=\"CRI e Diario de Pernambuco\" \/>\n<meta property=\"article:published_time\" content=\"2023-03-14T06:58:05+00:00\" \/>\n<meta property=\"og:image\" content=\"https:\/\/diariodepe.com.br\/cri\/wp-content\/uploads\/sites\/2\/2023\/03\/2023030615422844615-scaled.jpg\" \/>\n\t<meta property=\"og:image:width\" content=\"2560\" \/>\n\t<meta property=\"og:image:height\" content=\"1844\" \/>\n\t<meta property=\"og:image:type\" content=\"image\/jpeg\" \/>\n<meta name=\"author\" content=\"Ismael Lucas S. Pereira\" \/>\n<meta name=\"twitter:card\" content=\"summary_large_image\" \/>\n<meta name=\"twitter:label1\" content=\"Escrito por\" \/>\n\t<meta name=\"twitter:data1\" content=\"Ismael Lucas S. Pereira\" \/>\n\t<meta name=\"twitter:label2\" content=\"Est. tempo de leitura\" \/>\n\t<meta name=\"twitter:data2\" content=\"2 minutos\" \/>\n<script type=\"application\/ld+json\" class=\"yoast-schema-graph\">{\"@context\":\"https:\\\/\\\/schema.org\",\"@graph\":[{\"@type\":\"Article\",\"@id\":\"https:\\\/\\\/diariodepe.com.br\\\/cri\\\/2023\\\/03\\\/14\\\/cmg-e-raem-promovem-mais-um-projeto-de-cooperacao\\\/#article\",\"isPartOf\":{\"@id\":\"https:\\\/\\\/diariodepe.com.br\\\/cri\\\/2023\\\/03\\\/14\\\/cmg-e-raem-promovem-mais-um-projeto-de-cooperacao\\\/\"},\"author\":{\"name\":\"Ismael Lucas S. Pereira\",\"@id\":\"https:\\\/\\\/diariodepe.com.br\\\/cri\\\/#\\\/schema\\\/person\\\/121bb28d84f1a5b1205ef4ce9c2e0c6b\"},\"headline\":\"CMG e RAEM promovem mais um projeto de coopera\u00e7\u00e3o\",\"datePublished\":\"2023-03-14T06:58:05+00:00\",\"mainEntityOfPage\":{\"@id\":\"https:\\\/\\\/diariodepe.com.br\\\/cri\\\/2023\\\/03\\\/14\\\/cmg-e-raem-promovem-mais-um-projeto-de-cooperacao\\\/\"},\"wordCount\":290,\"commentCount\":0,\"publisher\":{\"@id\":\"https:\\\/\\\/diariodepe.com.br\\\/cri\\\/#organization\"},\"image\":{\"@id\":\"https:\\\/\\\/diariodepe.com.br\\\/cri\\\/2023\\\/03\\\/14\\\/cmg-e-raem-promovem-mais-um-projeto-de-cooperacao\\\/#primaryimage\"},\"thumbnailUrl\":\"https:\\\/\\\/diariodepe.com.br\\\/cri\\\/wp-content\\\/uploads\\\/sites\\\/2\\\/2023\\\/03\\\/2023030615422844615-scaled.jpg\",\"articleSection\":[\"China\"],\"inLanguage\":\"pt-BR\",\"potentialAction\":[{\"@type\":\"CommentAction\",\"name\":\"Comment\",\"target\":[\"https:\\\/\\\/diariodepe.com.br\\\/cri\\\/2023\\\/03\\\/14\\\/cmg-e-raem-promovem-mais-um-projeto-de-cooperacao\\\/#respond\"]}]},{\"@type\":\"WebPage\",\"@id\":\"https:\\\/\\\/diariodepe.com.br\\\/cri\\\/2023\\\/03\\\/14\\\/cmg-e-raem-promovem-mais-um-projeto-de-cooperacao\\\/\",\"url\":\"https:\\\/\\\/diariodepe.com.br\\\/cri\\\/2023\\\/03\\\/14\\\/cmg-e-raem-promovem-mais-um-projeto-de-cooperacao\\\/\",\"name\":\"CMG e RAEM promovem mais um projeto de coopera\u00e7\u00e3o - CRI e Diario de Pernambuco\",\"isPartOf\":{\"@id\":\"https:\\\/\\\/diariodepe.com.br\\\/cri\\\/#website\"},\"primaryImageOfPage\":{\"@id\":\"https:\\\/\\\/diariodepe.com.br\\\/cri\\\/2023\\\/03\\\/14\\\/cmg-e-raem-promovem-mais-um-projeto-de-cooperacao\\\/#primaryimage\"},\"image\":{\"@id\":\"https:\\\/\\\/diariodepe.com.br\\\/cri\\\/2023\\\/03\\\/14\\\/cmg-e-raem-promovem-mais-um-projeto-de-cooperacao\\\/#primaryimage\"},\"thumbnailUrl\":\"https:\\\/\\\/diariodepe.com.br\\\/cri\\\/wp-content\\\/uploads\\\/sites\\\/2\\\/2023\\\/03\\\/2023030615422844615-scaled.jpg\",\"datePublished\":\"2023-03-14T06:58:05+00:00\",\"breadcrumb\":{\"@id\":\"https:\\\/\\\/diariodepe.com.br\\\/cri\\\/2023\\\/03\\\/14\\\/cmg-e-raem-promovem-mais-um-projeto-de-cooperacao\\\/#breadcrumb\"},\"inLanguage\":\"pt-BR\",\"potentialAction\":[{\"@type\":\"ReadAction\",\"target\":[\"https:\\\/\\\/diariodepe.com.br\\\/cri\\\/2023\\\/03\\\/14\\\/cmg-e-raem-promovem-mais-um-projeto-de-cooperacao\\\/\"]}]},{\"@type\":\"ImageObject\",\"inLanguage\":\"pt-BR\",\"@id\":\"https:\\\/\\\/diariodepe.com.br\\\/cri\\\/2023\\\/03\\\/14\\\/cmg-e-raem-promovem-mais-um-projeto-de-cooperacao\\\/#primaryimage\",\"url\":\"https:\\\/\\\/diariodepe.com.br\\\/cri\\\/wp-content\\\/uploads\\\/sites\\\/2\\\/2023\\\/03\\\/2023030615422844615-scaled.jpg\",\"contentUrl\":\"https:\\\/\\\/diariodepe.com.br\\\/cri\\\/wp-content\\\/uploads\\\/sites\\\/2\\\/2023\\\/03\\\/2023030615422844615-scaled.jpg\",\"width\":2560,\"height\":1844},{\"@type\":\"BreadcrumbList\",\"@id\":\"https:\\\/\\\/diariodepe.com.br\\\/cri\\\/2023\\\/03\\\/14\\\/cmg-e-raem-promovem-mais-um-projeto-de-cooperacao\\\/#breadcrumb\",\"itemListElement\":[{\"@type\":\"ListItem\",\"position\":1,\"name\":\"In\u00edcio\",\"item\":\"https:\\\/\\\/diariodepe.com.br\\\/cri\\\/\"},{\"@type\":\"ListItem\",\"position\":2,\"name\":\"CMG e RAEM promovem mais um projeto de coopera\u00e7\u00e3o\"}]},{\"@type\":\"WebSite\",\"@id\":\"https:\\\/\\\/diariodepe.com.br\\\/cri\\\/#website\",\"url\":\"https:\\\/\\\/diariodepe.com.br\\\/cri\\\/\",\"name\":\"CRI e Diario de Pernambuco\",\"description\":\"R\u00e1dio Internacional da China\",\"publisher\":{\"@id\":\"https:\\\/\\\/diariodepe.com.br\\\/cri\\\/#organization\"},\"potentialAction\":[{\"@type\":\"SearchAction\",\"target\":{\"@type\":\"EntryPoint\",\"urlTemplate\":\"https:\\\/\\\/diariodepe.com.br\\\/cri\\\/?s={search_term_string}\"},\"query-input\":{\"@type\":\"PropertyValueSpecification\",\"valueRequired\":true,\"valueName\":\"search_term_string\"}}],\"inLanguage\":\"pt-BR\"},{\"@type\":\"Organization\",\"@id\":\"https:\\\/\\\/diariodepe.com.br\\\/cri\\\/#organization\",\"name\":\"CRI e Diario de Pernambuco\",\"url\":\"https:\\\/\\\/diariodepe.com.br\\\/cri\\\/\",\"logo\":{\"@type\":\"ImageObject\",\"inLanguage\":\"pt-BR\",\"@id\":\"https:\\\/\\\/diariodepe.com.br\\\/cri\\\/#\\\/schema\\\/logo\\\/image\\\/\",\"url\":\"https:\\\/\\\/diariodepe.com.br\\\/cri\\\/wp-content\\\/uploads\\\/sites\\\/2\\\/2022\\\/12\\\/cropped-Logo.jpg\",\"contentUrl\":\"https:\\\/\\\/diariodepe.com.br\\\/cri\\\/wp-content\\\/uploads\\\/sites\\\/2\\\/2022\\\/12\\\/cropped-Logo.jpg\",\"width\":700,\"height\":59,\"caption\":\"CRI e Diario de Pernambuco\"},\"image\":{\"@id\":\"https:\\\/\\\/diariodepe.com.br\\\/cri\\\/#\\\/schema\\\/logo\\\/image\\\/\"}},{\"@type\":\"Person\",\"@id\":\"https:\\\/\\\/diariodepe.com.br\\\/cri\\\/#\\\/schema\\\/person\\\/121bb28d84f1a5b1205ef4ce9c2e0c6b\",\"name\":\"Ismael Lucas S. Pereira\",\"image\":{\"@type\":\"ImageObject\",\"inLanguage\":\"pt-BR\",\"@id\":\"https:\\\/\\\/secure.gravatar.com\\\/avatar\\\/887a0f3b5a7ceea963a48499fb883ffce6b5037362def025c52c2505b15d63e4?s=96&d=mm&r=g\",\"url\":\"https:\\\/\\\/secure.gravatar.com\\\/avatar\\\/887a0f3b5a7ceea963a48499fb883ffce6b5037362def025c52c2505b15d63e4?s=96&d=mm&r=g\",\"contentUrl\":\"https:\\\/\\\/secure.gravatar.com\\\/avatar\\\/887a0f3b5a7ceea963a48499fb883ffce6b5037362def025c52c2505b15d63e4?s=96&d=mm&r=g\",\"caption\":\"Ismael Lucas S. Pereira\"},\"url\":\"https:\\\/\\\/diariodepe.com.br\\\/cri\\\/author\\\/ismael-lucas\\\/\"}]}<\/script>\n<!-- \/ Yoast SEO plugin. -->","yoast_head_json":{"title":"CMG e RAEM promovem mais um projeto de coopera\u00e7\u00e3o - CRI e Diario de Pernambuco","robots":{"index":"index","follow":"follow","max-snippet":"max-snippet:-1","max-image-preview":"max-image-preview:large","max-video-preview":"max-video-preview:-1"},"canonical":"https:\/\/diariodepe.com.br\/cri\/2023\/03\/14\/cmg-e-raem-promovem-mais-um-projeto-de-cooperacao\/","og_locale":"pt_BR","og_type":"article","og_title":"CMG e RAEM promovem mais um projeto de coopera\u00e7\u00e3o - CRI e Diario de Pernambuco","og_description":"O Grupo de M\u00eddia da China (CMG, na sigla em ingl\u00eas) e a Regi\u00e3o Administrativa Especial de Macau (RAEM) promoveram hoje (6) mais uma rodada de coopera\u00e7\u00f5es. Nove excelentes programas feitos pelo CMG sobre o 20\u00ba Congresso Nacional do Partido...","og_url":"https:\/\/diariodepe.com.br\/cri\/2023\/03\/14\/cmg-e-raem-promovem-mais-um-projeto-de-cooperacao\/","og_site_name":"CRI e Diario de Pernambuco","article_published_time":"2023-03-14T06:58:05+00:00","og_image":[{"width":2560,"height":1844,"url":"https:\/\/diariodepe.com.br\/cri\/wp-content\/uploads\/sites\/2\/2023\/03\/2023030615422844615-scaled.jpg","type":"image\/jpeg"}],"author":"Ismael Lucas S. Pereira","twitter_card":"summary_large_image","twitter_misc":{"Escrito por":"Ismael Lucas S. Pereira","Est. tempo de leitura":"2 minutos"},"schema":{"@context":"https:\/\/schema.org","@graph":[{"@type":"Article","@id":"https:\/\/diariodepe.com.br\/cri\/2023\/03\/14\/cmg-e-raem-promovem-mais-um-projeto-de-cooperacao\/#article","isPartOf":{"@id":"https:\/\/diariodepe.com.br\/cri\/2023\/03\/14\/cmg-e-raem-promovem-mais-um-projeto-de-cooperacao\/"},"author":{"name":"Ismael Lucas S. Pereira","@id":"https:\/\/diariodepe.com.br\/cri\/#\/schema\/person\/121bb28d84f1a5b1205ef4ce9c2e0c6b"},"headline":"CMG e RAEM promovem mais um projeto de coopera\u00e7\u00e3o","datePublished":"2023-03-14T06:58:05+00:00","mainEntityOfPage":{"@id":"https:\/\/diariodepe.com.br\/cri\/2023\/03\/14\/cmg-e-raem-promovem-mais-um-projeto-de-cooperacao\/"},"wordCount":290,"commentCount":0,"publisher":{"@id":"https:\/\/diariodepe.com.br\/cri\/#organization"},"image":{"@id":"https:\/\/diariodepe.com.br\/cri\/2023\/03\/14\/cmg-e-raem-promovem-mais-um-projeto-de-cooperacao\/#primaryimage"},"thumbnailUrl":"https:\/\/diariodepe.com.br\/cri\/wp-content\/uploads\/sites\/2\/2023\/03\/2023030615422844615-scaled.jpg","articleSection":["China"],"inLanguage":"pt-BR","potentialAction":[{"@type":"CommentAction","name":"Comment","target":["https:\/\/diariodepe.com.br\/cri\/2023\/03\/14\/cmg-e-raem-promovem-mais-um-projeto-de-cooperacao\/#respond"]}]},{"@type":"WebPage","@id":"https:\/\/diariodepe.com.br\/cri\/2023\/03\/14\/cmg-e-raem-promovem-mais-um-projeto-de-cooperacao\/","url":"https:\/\/diariodepe.com.br\/cri\/2023\/03\/14\/cmg-e-raem-promovem-mais-um-projeto-de-cooperacao\/","name":"CMG e RAEM promovem mais um projeto de coopera\u00e7\u00e3o - CRI e Diario de Pernambuco","isPartOf":{"@id":"https:\/\/diariodepe.com.br\/cri\/#website"},"primaryImageOfPage":{"@id":"https:\/\/diariodepe.com.br\/cri\/2023\/03\/14\/cmg-e-raem-promovem-mais-um-projeto-de-cooperacao\/#primaryimage"},"image":{"@id":"https:\/\/diariodepe.com.br\/cri\/2023\/03\/14\/cmg-e-raem-promovem-mais-um-projeto-de-cooperacao\/#primaryimage"},"thumbnailUrl":"https:\/\/diariodepe.com.br\/cri\/wp-content\/uploads\/sites\/2\/2023\/03\/2023030615422844615-scaled.jpg","datePublished":"2023-03-14T06:58:05+00:00","breadcrumb":{"@id":"https:\/\/diariodepe.com.br\/cri\/2023\/03\/14\/cmg-e-raem-promovem-mais-um-projeto-de-cooperacao\/#breadcrumb"},"inLanguage":"pt-BR","potentialAction":[{"@type":"ReadAction","target":["https:\/\/diariodepe.com.br\/cri\/2023\/03\/14\/cmg-e-raem-promovem-mais-um-projeto-de-cooperacao\/"]}]},{"@type":"ImageObject","inLanguage":"pt-BR","@id":"https:\/\/diariodepe.com.br\/cri\/2023\/03\/14\/cmg-e-raem-promovem-mais-um-projeto-de-cooperacao\/#primaryimage","url":"https:\/\/diariodepe.com.br\/cri\/wp-content\/uploads\/sites\/2\/2023\/03\/2023030615422844615-scaled.jpg","contentUrl":"https:\/\/diariodepe.com.br\/cri\/wp-content\/uploads\/sites\/2\/2023\/03\/2023030615422844615-scaled.jpg","width":2560,"height":1844},{"@type":"BreadcrumbList","@id":"https:\/\/diariodepe.com.br\/cri\/2023\/03\/14\/cmg-e-raem-promovem-mais-um-projeto-de-cooperacao\/#breadcrumb","itemListElement":[{"@type":"ListItem","position":1,"name":"In\u00edcio","item":"https:\/\/diariodepe.com.br\/cri\/"},{"@type":"ListItem","position":2,"name":"CMG e RAEM promovem mais um projeto de coopera\u00e7\u00e3o"}]},{"@type":"WebSite","@id":"https:\/\/diariodepe.com.br\/cri\/#website","url":"https:\/\/diariodepe.com.br\/cri\/","name":"CRI e Diario de Pernambuco","description":"R\u00e1dio Internacional da China","publisher":{"@id":"https:\/\/diariodepe.com.br\/cri\/#organization"},"potentialAction":[{"@type":"SearchAction","target":{"@type":"EntryPoint","urlTemplate":"https:\/\/diariodepe.com.br\/cri\/?s={search_term_string}"},"query-input":{"@type":"PropertyValueSpecification","valueRequired":true,"valueName":"search_term_string"}}],"inLanguage":"pt-BR"},{"@type":"Organization","@id":"https:\/\/diariodepe.com.br\/cri\/#organization","name":"CRI e Diario de Pernambuco","url":"https:\/\/diariodepe.com.br\/cri\/","logo":{"@type":"ImageObject","inLanguage":"pt-BR","@id":"https:\/\/diariodepe.com.br\/cri\/#\/schema\/logo\/image\/","url":"https:\/\/diariodepe.com.br\/cri\/wp-content\/uploads\/sites\/2\/2022\/12\/cropped-Logo.jpg","contentUrl":"https:\/\/diariodepe.com.br\/cri\/wp-content\/uploads\/sites\/2\/2022\/12\/cropped-Logo.jpg","width":700,"height":59,"caption":"CRI e Diario de Pernambuco"},"image":{"@id":"https:\/\/diariodepe.com.br\/cri\/#\/schema\/logo\/image\/"}},{"@type":"Person","@id":"https:\/\/diariodepe.com.br\/cri\/#\/schema\/person\/121bb28d84f1a5b1205ef4ce9c2e0c6b","name":"Ismael Lucas S. Pereira","image":{"@type":"ImageObject","inLanguage":"pt-BR","@id":"https:\/\/secure.gravatar.com\/avatar\/887a0f3b5a7ceea963a48499fb883ffce6b5037362def025c52c2505b15d63e4?s=96&d=mm&r=g","url":"https:\/\/secure.gravatar.com\/avatar\/887a0f3b5a7ceea963a48499fb883ffce6b5037362def025c52c2505b15d63e4?s=96&d=mm&r=g","contentUrl":"https:\/\/secure.gravatar.com\/avatar\/887a0f3b5a7ceea963a48499fb883ffce6b5037362def025c52c2505b15d63e4?s=96&d=mm&r=g","caption":"Ismael Lucas S. Pereira"},"url":"https:\/\/diariodepe.com.br\/cri\/author\/ismael-lucas\/"}]}},"cc_featured_image_caption":{"caption_text":false,"source_text":false,"source_url":false},"amp_enabled":true,"_links":{"self":[{"href":"https:\/\/diariodepe.com.br\/cri\/wp-json\/wp\/v2\/posts\/869","targetHints":{"allow":["GET"]}}],"collection":[{"href":"https:\/\/diariodepe.com.br\/cri\/wp-json\/wp\/v2\/posts"}],"about":[{"href":"https:\/\/diariodepe.com.br\/cri\/wp-json\/wp\/v2\/types\/post"}],"author":[{"embeddable":true,"href":"https:\/\/diariodepe.com.br\/cri\/wp-json\/wp\/v2\/users\/2"}],"replies":[{"embeddable":true,"href":"https:\/\/diariodepe.com.br\/cri\/wp-json\/wp\/v2\/comments?post=869"}],"version-history":[{"count":1,"href":"https:\/\/diariodepe.com.br\/cri\/wp-json\/wp\/v2\/posts\/869\/revisions"}],"predecessor-version":[{"id":871,"href":"https:\/\/diariodepe.com.br\/cri\/wp-json\/wp\/v2\/posts\/869\/revisions\/871"}],"wp:featuredmedia":[{"embeddable":true,"href":"https:\/\/diariodepe.com.br\/cri\/wp-json\/wp\/v2\/media\/870"}],"wp:attachment":[{"href":"https:\/\/diariodepe.com.br\/cri\/wp-json\/wp\/v2\/media?parent=869"}],"wp:term":[{"taxonomy":"category","embeddable":true,"href":"https:\/\/diariodepe.com.br\/cri\/wp-json\/wp\/v2\/categories?post=869"},{"taxonomy":"post_tag","embeddable":true,"href":"https:\/\/diariodepe.com.br\/cri\/wp-json\/wp\/v2\/tags?post=869"}],"curies":[{"name":"wp","href":"https:\/\/api.w.org\/{rel}","templated":true}]}}