{"id":863,"date":"2023-03-14T03:45:15","date_gmt":"2023-03-14T06:45:15","guid":{"rendered":"https:\/\/diariodepe.com.br\/cri\/?p=863"},"modified":"2023-03-14T03:45:15","modified_gmt":"2023-03-14T06:45:15","slug":"xi-jinping-participa-de-deliberacao-da-delegacao-de-jiangsu-em-sessao-legislativa-anual","status":"publish","type":"post","link":"https:\/\/diariodepe.com.br\/cri\/2023\/03\/14\/xi-jinping-participa-de-deliberacao-da-delegacao-de-jiangsu-em-sessao-legislativa-anual\/","title":{"rendered":"Xi Jinping participa de delibera\u00e7\u00e3o da delega\u00e7\u00e3o de Jiangsu em sess\u00e3o legislativa anual"},"content":{"rendered":"<p>O presidente Xi Jinping, tamb\u00e9m secret\u00e1rio-geral do Comit\u00ea Central do Partido Comunista da China e presidente da Comiss\u00e3o Militar Central, participou na tarde deste domingo de uma delibera\u00e7\u00e3o com seus companheiros deputados da delega\u00e7\u00e3o da Prov\u00edncia de Jiangsu, na primeira sess\u00e3o da 14\u00aa Assembleia Popular Nacional, o mais alto \u00f3rg\u00e3o legislativo da China.<\/p>\n<p>Na ocasi\u00e3o, Xi Jinping salientou a prioridade do desenvolvimento de alta qualidade.<\/p>\n","protected":false},"excerpt":{"rendered":"<p>O presidente Xi Jinping, tamb\u00e9m secret\u00e1rio-geral do Comit\u00ea Central do Partido Comunista da China e presidente da Comiss\u00e3o Militar Central, participou na tarde deste domingo de uma delibera\u00e7\u00e3o com seus companheiros deputados da delega\u00e7\u00e3o da Prov\u00edncia de Jiangsu, na primeira&#8230;<\/p>\n","protected":false},"author":2,"featured_media":0,"comment_status":"open","ping_status":"open","sticky":false,"template":"","format":"standard","meta":{"footnotes":""},"categories":[3],"tags":[],"class_list":["post-863","post","type-post","status-publish","format-standard","hentry","category-china"],"yoast_head":"<!-- This site is optimized with the Yoast SEO plugin v27.4 - https:\/\/yoast.com\/product\/yoast-seo-wordpress\/ -->\n<title>Xi Jinping participa de delibera\u00e7\u00e3o da delega\u00e7\u00e3o de Jiangsu em sess\u00e3o legislativa anual - CRI e Diario de Pernambuco<\/title>\n<meta name=\"robots\" content=\"index, follow, max-snippet:-1, max-image-preview:large, max-video-preview:-1\" \/>\n<link rel=\"canonical\" href=\"https:\/\/diariodepe.com.br\/cri\/2023\/03\/14\/xi-jinping-participa-de-deliberacao-da-delegacao-de-jiangsu-em-sessao-legislativa-anual\/\" \/>\n<meta property=\"og:locale\" content=\"pt_BR\" \/>\n<meta property=\"og:type\" content=\"article\" \/>\n<meta property=\"og:title\" content=\"Xi Jinping participa de delibera\u00e7\u00e3o da delega\u00e7\u00e3o de Jiangsu em sess\u00e3o legislativa anual - CRI e Diario de Pernambuco\" \/>\n<meta property=\"og:description\" content=\"O presidente Xi Jinping, tamb\u00e9m secret\u00e1rio-geral do Comit\u00ea Central do Partido Comunista da China e presidente da Comiss\u00e3o Militar Central, participou na tarde deste domingo de uma delibera\u00e7\u00e3o com seus companheiros deputados da delega\u00e7\u00e3o da Prov\u00edncia de Jiangsu, na primeira...\" \/>\n<meta property=\"og:url\" content=\"https:\/\/diariodepe.com.br\/cri\/2023\/03\/14\/xi-jinping-participa-de-deliberacao-da-delegacao-de-jiangsu-em-sessao-legislativa-anual\/\" \/>\n<meta property=\"og:site_name\" content=\"CRI e Diario de Pernambuco\" \/>\n<meta property=\"article:published_time\" content=\"2023-03-14T06:45:15+00:00\" \/>\n<meta name=\"author\" content=\"Ismael Lucas S. Pereira\" \/>\n<meta name=\"twitter:card\" content=\"summary_large_image\" \/>\n<meta name=\"twitter:label1\" content=\"Escrito por\" \/>\n\t<meta name=\"twitter:data1\" content=\"Ismael Lucas S. Pereira\" \/>\n\t<meta name=\"twitter:label2\" content=\"Est. tempo de leitura\" \/>\n\t<meta name=\"twitter:data2\" content=\"1 minuto\" \/>\n<script type=\"application\/ld+json\" class=\"yoast-schema-graph\">{\"@context\":\"https:\\\/\\\/schema.org\",\"@graph\":[{\"@type\":\"Article\",\"@id\":\"https:\\\/\\\/diariodepe.com.br\\\/cri\\\/2023\\\/03\\\/14\\\/xi-jinping-participa-de-deliberacao-da-delegacao-de-jiangsu-em-sessao-legislativa-anual\\\/#article\",\"isPartOf\":{\"@id\":\"https:\\\/\\\/diariodepe.com.br\\\/cri\\\/2023\\\/03\\\/14\\\/xi-jinping-participa-de-deliberacao-da-delegacao-de-jiangsu-em-sessao-legislativa-anual\\\/\"},\"author\":{\"name\":\"Ismael Lucas S. Pereira\",\"@id\":\"https:\\\/\\\/diariodepe.com.br\\\/cri\\\/#\\\/schema\\\/person\\\/121bb28d84f1a5b1205ef4ce9c2e0c6b\"},\"headline\":\"Xi Jinping participa de delibera\u00e7\u00e3o da delega\u00e7\u00e3o de Jiangsu em sess\u00e3o legislativa anual\",\"datePublished\":\"2023-03-14T06:45:15+00:00\",\"mainEntityOfPage\":{\"@id\":\"https:\\\/\\\/diariodepe.com.br\\\/cri\\\/2023\\\/03\\\/14\\\/xi-jinping-participa-de-deliberacao-da-delegacao-de-jiangsu-em-sessao-legislativa-anual\\\/\"},\"wordCount\":89,\"commentCount\":0,\"publisher\":{\"@id\":\"https:\\\/\\\/diariodepe.com.br\\\/cri\\\/#organization\"},\"articleSection\":[\"China\"],\"inLanguage\":\"pt-BR\",\"potentialAction\":[{\"@type\":\"CommentAction\",\"name\":\"Comment\",\"target\":[\"https:\\\/\\\/diariodepe.com.br\\\/cri\\\/2023\\\/03\\\/14\\\/xi-jinping-participa-de-deliberacao-da-delegacao-de-jiangsu-em-sessao-legislativa-anual\\\/#respond\"]}]},{\"@type\":\"WebPage\",\"@id\":\"https:\\\/\\\/diariodepe.com.br\\\/cri\\\/2023\\\/03\\\/14\\\/xi-jinping-participa-de-deliberacao-da-delegacao-de-jiangsu-em-sessao-legislativa-anual\\\/\",\"url\":\"https:\\\/\\\/diariodepe.com.br\\\/cri\\\/2023\\\/03\\\/14\\\/xi-jinping-participa-de-deliberacao-da-delegacao-de-jiangsu-em-sessao-legislativa-anual\\\/\",\"name\":\"Xi Jinping participa de delibera\u00e7\u00e3o da delega\u00e7\u00e3o de Jiangsu em sess\u00e3o legislativa anual - CRI e Diario de Pernambuco\",\"isPartOf\":{\"@id\":\"https:\\\/\\\/diariodepe.com.br\\\/cri\\\/#website\"},\"datePublished\":\"2023-03-14T06:45:15+00:00\",\"breadcrumb\":{\"@id\":\"https:\\\/\\\/diariodepe.com.br\\\/cri\\\/2023\\\/03\\\/14\\\/xi-jinping-participa-de-deliberacao-da-delegacao-de-jiangsu-em-sessao-legislativa-anual\\\/#breadcrumb\"},\"inLanguage\":\"pt-BR\",\"potentialAction\":[{\"@type\":\"ReadAction\",\"target\":[\"https:\\\/\\\/diariodepe.com.br\\\/cri\\\/2023\\\/03\\\/14\\\/xi-jinping-participa-de-deliberacao-da-delegacao-de-jiangsu-em-sessao-legislativa-anual\\\/\"]}]},{\"@type\":\"BreadcrumbList\",\"@id\":\"https:\\\/\\\/diariodepe.com.br\\\/cri\\\/2023\\\/03\\\/14\\\/xi-jinping-participa-de-deliberacao-da-delegacao-de-jiangsu-em-sessao-legislativa-anual\\\/#breadcrumb\",\"itemListElement\":[{\"@type\":\"ListItem\",\"position\":1,\"name\":\"In\u00edcio\",\"item\":\"https:\\\/\\\/diariodepe.com.br\\\/cri\\\/\"},{\"@type\":\"ListItem\",\"position\":2,\"name\":\"Xi Jinping participa de delibera\u00e7\u00e3o da delega\u00e7\u00e3o de Jiangsu em sess\u00e3o legislativa anual\"}]},{\"@type\":\"WebSite\",\"@id\":\"https:\\\/\\\/diariodepe.com.br\\\/cri\\\/#website\",\"url\":\"https:\\\/\\\/diariodepe.com.br\\\/cri\\\/\",\"name\":\"CRI e Diario de Pernambuco\",\"description\":\"R\u00e1dio Internacional da China\",\"publisher\":{\"@id\":\"https:\\\/\\\/diariodepe.com.br\\\/cri\\\/#organization\"},\"potentialAction\":[{\"@type\":\"SearchAction\",\"target\":{\"@type\":\"EntryPoint\",\"urlTemplate\":\"https:\\\/\\\/diariodepe.com.br\\\/cri\\\/?s={search_term_string}\"},\"query-input\":{\"@type\":\"PropertyValueSpecification\",\"valueRequired\":true,\"valueName\":\"search_term_string\"}}],\"inLanguage\":\"pt-BR\"},{\"@type\":\"Organization\",\"@id\":\"https:\\\/\\\/diariodepe.com.br\\\/cri\\\/#organization\",\"name\":\"CRI e Diario de Pernambuco\",\"url\":\"https:\\\/\\\/diariodepe.com.br\\\/cri\\\/\",\"logo\":{\"@type\":\"ImageObject\",\"inLanguage\":\"pt-BR\",\"@id\":\"https:\\\/\\\/diariodepe.com.br\\\/cri\\\/#\\\/schema\\\/logo\\\/image\\\/\",\"url\":\"https:\\\/\\\/diariodepe.com.br\\\/cri\\\/wp-content\\\/uploads\\\/sites\\\/2\\\/2022\\\/12\\\/cropped-Logo.jpg\",\"contentUrl\":\"https:\\\/\\\/diariodepe.com.br\\\/cri\\\/wp-content\\\/uploads\\\/sites\\\/2\\\/2022\\\/12\\\/cropped-Logo.jpg\",\"width\":700,\"height\":59,\"caption\":\"CRI e Diario de Pernambuco\"},\"image\":{\"@id\":\"https:\\\/\\\/diariodepe.com.br\\\/cri\\\/#\\\/schema\\\/logo\\\/image\\\/\"}},{\"@type\":\"Person\",\"@id\":\"https:\\\/\\\/diariodepe.com.br\\\/cri\\\/#\\\/schema\\\/person\\\/121bb28d84f1a5b1205ef4ce9c2e0c6b\",\"name\":\"Ismael Lucas S. Pereira\",\"image\":{\"@type\":\"ImageObject\",\"inLanguage\":\"pt-BR\",\"@id\":\"https:\\\/\\\/secure.gravatar.com\\\/avatar\\\/887a0f3b5a7ceea963a48499fb883ffce6b5037362def025c52c2505b15d63e4?s=96&d=mm&r=g\",\"url\":\"https:\\\/\\\/secure.gravatar.com\\\/avatar\\\/887a0f3b5a7ceea963a48499fb883ffce6b5037362def025c52c2505b15d63e4?s=96&d=mm&r=g\",\"contentUrl\":\"https:\\\/\\\/secure.gravatar.com\\\/avatar\\\/887a0f3b5a7ceea963a48499fb883ffce6b5037362def025c52c2505b15d63e4?s=96&d=mm&r=g\",\"caption\":\"Ismael Lucas S. Pereira\"},\"url\":\"https:\\\/\\\/diariodepe.com.br\\\/cri\\\/author\\\/ismael-lucas\\\/\"}]}<\/script>\n<!-- \/ Yoast SEO plugin. -->","yoast_head_json":{"title":"Xi Jinping participa de delibera\u00e7\u00e3o da delega\u00e7\u00e3o de Jiangsu em sess\u00e3o legislativa anual - CRI e Diario de Pernambuco","robots":{"index":"index","follow":"follow","max-snippet":"max-snippet:-1","max-image-preview":"max-image-preview:large","max-video-preview":"max-video-preview:-1"},"canonical":"https:\/\/diariodepe.com.br\/cri\/2023\/03\/14\/xi-jinping-participa-de-deliberacao-da-delegacao-de-jiangsu-em-sessao-legislativa-anual\/","og_locale":"pt_BR","og_type":"article","og_title":"Xi Jinping participa de delibera\u00e7\u00e3o da delega\u00e7\u00e3o de Jiangsu em sess\u00e3o legislativa anual - CRI e Diario de Pernambuco","og_description":"O presidente Xi Jinping, tamb\u00e9m secret\u00e1rio-geral do Comit\u00ea Central do Partido Comunista da China e presidente da Comiss\u00e3o Militar Central, participou na tarde deste domingo de uma delibera\u00e7\u00e3o com seus companheiros deputados da delega\u00e7\u00e3o da Prov\u00edncia de Jiangsu, na primeira...","og_url":"https:\/\/diariodepe.com.br\/cri\/2023\/03\/14\/xi-jinping-participa-de-deliberacao-da-delegacao-de-jiangsu-em-sessao-legislativa-anual\/","og_site_name":"CRI e Diario de Pernambuco","article_published_time":"2023-03-14T06:45:15+00:00","author":"Ismael Lucas S. Pereira","twitter_card":"summary_large_image","twitter_misc":{"Escrito por":"Ismael Lucas S. Pereira","Est. tempo de leitura":"1 minuto"},"schema":{"@context":"https:\/\/schema.org","@graph":[{"@type":"Article","@id":"https:\/\/diariodepe.com.br\/cri\/2023\/03\/14\/xi-jinping-participa-de-deliberacao-da-delegacao-de-jiangsu-em-sessao-legislativa-anual\/#article","isPartOf":{"@id":"https:\/\/diariodepe.com.br\/cri\/2023\/03\/14\/xi-jinping-participa-de-deliberacao-da-delegacao-de-jiangsu-em-sessao-legislativa-anual\/"},"author":{"name":"Ismael Lucas S. Pereira","@id":"https:\/\/diariodepe.com.br\/cri\/#\/schema\/person\/121bb28d84f1a5b1205ef4ce9c2e0c6b"},"headline":"Xi Jinping participa de delibera\u00e7\u00e3o da delega\u00e7\u00e3o de Jiangsu em sess\u00e3o legislativa anual","datePublished":"2023-03-14T06:45:15+00:00","mainEntityOfPage":{"@id":"https:\/\/diariodepe.com.br\/cri\/2023\/03\/14\/xi-jinping-participa-de-deliberacao-da-delegacao-de-jiangsu-em-sessao-legislativa-anual\/"},"wordCount":89,"commentCount":0,"publisher":{"@id":"https:\/\/diariodepe.com.br\/cri\/#organization"},"articleSection":["China"],"inLanguage":"pt-BR","potentialAction":[{"@type":"CommentAction","name":"Comment","target":["https:\/\/diariodepe.com.br\/cri\/2023\/03\/14\/xi-jinping-participa-de-deliberacao-da-delegacao-de-jiangsu-em-sessao-legislativa-anual\/#respond"]}]},{"@type":"WebPage","@id":"https:\/\/diariodepe.com.br\/cri\/2023\/03\/14\/xi-jinping-participa-de-deliberacao-da-delegacao-de-jiangsu-em-sessao-legislativa-anual\/","url":"https:\/\/diariodepe.com.br\/cri\/2023\/03\/14\/xi-jinping-participa-de-deliberacao-da-delegacao-de-jiangsu-em-sessao-legislativa-anual\/","name":"Xi Jinping participa de delibera\u00e7\u00e3o da delega\u00e7\u00e3o de Jiangsu em sess\u00e3o legislativa anual - CRI e Diario de Pernambuco","isPartOf":{"@id":"https:\/\/diariodepe.com.br\/cri\/#website"},"datePublished":"2023-03-14T06:45:15+00:00","breadcrumb":{"@id":"https:\/\/diariodepe.com.br\/cri\/2023\/03\/14\/xi-jinping-participa-de-deliberacao-da-delegacao-de-jiangsu-em-sessao-legislativa-anual\/#breadcrumb"},"inLanguage":"pt-BR","potentialAction":[{"@type":"ReadAction","target":["https:\/\/diariodepe.com.br\/cri\/2023\/03\/14\/xi-jinping-participa-de-deliberacao-da-delegacao-de-jiangsu-em-sessao-legislativa-anual\/"]}]},{"@type":"BreadcrumbList","@id":"https:\/\/diariodepe.com.br\/cri\/2023\/03\/14\/xi-jinping-participa-de-deliberacao-da-delegacao-de-jiangsu-em-sessao-legislativa-anual\/#breadcrumb","itemListElement":[{"@type":"ListItem","position":1,"name":"In\u00edcio","item":"https:\/\/diariodepe.com.br\/cri\/"},{"@type":"ListItem","position":2,"name":"Xi Jinping participa de delibera\u00e7\u00e3o da delega\u00e7\u00e3o de Jiangsu em sess\u00e3o legislativa anual"}]},{"@type":"WebSite","@id":"https:\/\/diariodepe.com.br\/cri\/#website","url":"https:\/\/diariodepe.com.br\/cri\/","name":"CRI e Diario de Pernambuco","description":"R\u00e1dio Internacional da China","publisher":{"@id":"https:\/\/diariodepe.com.br\/cri\/#organization"},"potentialAction":[{"@type":"SearchAction","target":{"@type":"EntryPoint","urlTemplate":"https:\/\/diariodepe.com.br\/cri\/?s={search_term_string}"},"query-input":{"@type":"PropertyValueSpecification","valueRequired":true,"valueName":"search_term_string"}}],"inLanguage":"pt-BR"},{"@type":"Organization","@id":"https:\/\/diariodepe.com.br\/cri\/#organization","name":"CRI e Diario de Pernambuco","url":"https:\/\/diariodepe.com.br\/cri\/","logo":{"@type":"ImageObject","inLanguage":"pt-BR","@id":"https:\/\/diariodepe.com.br\/cri\/#\/schema\/logo\/image\/","url":"https:\/\/diariodepe.com.br\/cri\/wp-content\/uploads\/sites\/2\/2022\/12\/cropped-Logo.jpg","contentUrl":"https:\/\/diariodepe.com.br\/cri\/wp-content\/uploads\/sites\/2\/2022\/12\/cropped-Logo.jpg","width":700,"height":59,"caption":"CRI e Diario de Pernambuco"},"image":{"@id":"https:\/\/diariodepe.com.br\/cri\/#\/schema\/logo\/image\/"}},{"@type":"Person","@id":"https:\/\/diariodepe.com.br\/cri\/#\/schema\/person\/121bb28d84f1a5b1205ef4ce9c2e0c6b","name":"Ismael Lucas S. Pereira","image":{"@type":"ImageObject","inLanguage":"pt-BR","@id":"https:\/\/secure.gravatar.com\/avatar\/887a0f3b5a7ceea963a48499fb883ffce6b5037362def025c52c2505b15d63e4?s=96&d=mm&r=g","url":"https:\/\/secure.gravatar.com\/avatar\/887a0f3b5a7ceea963a48499fb883ffce6b5037362def025c52c2505b15d63e4?s=96&d=mm&r=g","contentUrl":"https:\/\/secure.gravatar.com\/avatar\/887a0f3b5a7ceea963a48499fb883ffce6b5037362def025c52c2505b15d63e4?s=96&d=mm&r=g","caption":"Ismael Lucas S. Pereira"},"url":"https:\/\/diariodepe.com.br\/cri\/author\/ismael-lucas\/"}]}},"cc_featured_image_caption":{"caption_text":false,"source_text":false,"source_url":false},"amp_enabled":true,"_links":{"self":[{"href":"https:\/\/diariodepe.com.br\/cri\/wp-json\/wp\/v2\/posts\/863","targetHints":{"allow":["GET"]}}],"collection":[{"href":"https:\/\/diariodepe.com.br\/cri\/wp-json\/wp\/v2\/posts"}],"about":[{"href":"https:\/\/diariodepe.com.br\/cri\/wp-json\/wp\/v2\/types\/post"}],"author":[{"embeddable":true,"href":"https:\/\/diariodepe.com.br\/cri\/wp-json\/wp\/v2\/users\/2"}],"replies":[{"embeddable":true,"href":"https:\/\/diariodepe.com.br\/cri\/wp-json\/wp\/v2\/comments?post=863"}],"version-history":[{"count":1,"href":"https:\/\/diariodepe.com.br\/cri\/wp-json\/wp\/v2\/posts\/863\/revisions"}],"predecessor-version":[{"id":864,"href":"https:\/\/diariodepe.com.br\/cri\/wp-json\/wp\/v2\/posts\/863\/revisions\/864"}],"wp:attachment":[{"href":"https:\/\/diariodepe.com.br\/cri\/wp-json\/wp\/v2\/media?parent=863"}],"wp:term":[{"taxonomy":"category","embeddable":true,"href":"https:\/\/diariodepe.com.br\/cri\/wp-json\/wp\/v2\/categories?post=863"},{"taxonomy":"post_tag","embeddable":true,"href":"https:\/\/diariodepe.com.br\/cri\/wp-json\/wp\/v2\/tags?post=863"}],"curies":[{"name":"wp","href":"https:\/\/api.w.org\/{rel}","templated":true}]}}