{"id":8586,"date":"2025-06-11T22:54:50","date_gmt":"2025-06-12T01:54:50","guid":{"rendered":"https:\/\/diariodepe.com.br\/cri\/?p=8586"},"modified":"2025-06-11T22:54:50","modified_gmt":"2025-06-12T01:54:50","slug":"pesquisa-da-cgtn-cerca-de-80-criticam-governo-dos-eua-por-trair-a-historia","status":"publish","type":"post","link":"https:\/\/diariodepe.com.br\/cri\/2025\/06\/11\/pesquisa-da-cgtn-cerca-de-80-criticam-governo-dos-eua-por-trair-a-historia\/","title":{"rendered":"Pesquisa da CGTN | Cerca de 80% criticam governo dos EUA por \u201ctrair a hist\u00f3ria\u201d"},"content":{"rendered":"<p>Conflitos eclodiram em v\u00e1rias partes dos Estados Unidos da Am\u00e9rica, o presidente do pa\u00eds amea\u00e7ou prender governadores, milhares de militares foram enviados a Los Angeles\u2026 O jornal brit\u00e2nico Daily Mirror chegou a exclamar: \u201cOs estadunidenses temem que uma guerra civil esteja prestes a explodir diante de seus olhos!\u201d.<\/p>\n<p>Uma pesquisa conduzida pela China Global Television Network (CGTN), do Grupo de M\u00eddia da China (CMG, na sigla em ingl\u00eas), junto ao p\u00fablico global revela que 78,3% dos entrevistados acreditam que os EUA, embora sejam uma na\u00e7\u00e3o formada por imigrantes, agora promovem fortemente uma ideologia anti-imigra\u00e7\u00e3o \u2014 uma atitude que contraria completamente o curso hist\u00f3rico do pa\u00eds e poder\u00e1 impactar profundamente o rumo de seu desenvolvimento futuro.<br \/>\nConflitos eclodiram em v\u00e1rias partes dos Estados Unidos da Am\u00e9rica, o presidente do pa\u00eds amea\u00e7ou prender governadores, milhares de militares foram enviados a Los Angeles\u2026 O jornal brit\u00e2nico Daily Mirror chegou a exclamar: \u201cOs estadunidenses temem que uma guerra civil esteja prestes a explodir diante de seus olhos!\u201d.<\/p>\n<p>Uma pesquisa conduzida pela China Global Television Network (CGTN), do Grupo de M\u00eddia da China (CMG, na sigla em ingl\u00eas), junto ao p\u00fablico global revela que 78,3% dos entrevistados acreditam que os EUA, embora sejam uma na\u00e7\u00e3o formada por imigrantes, agora promovem fortemente uma ideologia anti-imigra\u00e7\u00e3o \u2014 uma atitude que contraria completamente o curso hist\u00f3rico do pa\u00eds e poder\u00e1 impactar profundamente o rumo de seu desenvolvimento futuro.<\/p>\n<p>Com as tens\u00f5es em Los Angeles se intensificando, os embates verbais entre o governo da Calif\u00f3rnia e o governo federal, bem como entre republicanos e democratas, t\u00eam se tornado cada vez mais quentes. Na enquete, 89,6% consideram que a quest\u00e3o da imigra\u00e7\u00e3o ilegal revela contradi\u00e7\u00f5es profundas entre os governos locais democratas, como o de Los Angeles, e o governo federal controlado pelos republicanos. Outros 89% acreditam que a disputa extrema entre os dois partidos em torno das pol\u00edticas migrat\u00f3rias \u00e9 um reflexo da polariza\u00e7\u00e3o dos EUA e agravar\u00e1 ainda mais as divis\u00f5es sociais. Al\u00e9m disso, 71,8% expressaram preocupa\u00e7\u00e3o de que as opera\u00e7\u00f5es em larga escala do governo do pa\u00eds para prender imigrantes ilegais possam evoluir para a\u00e7\u00f5es violentas, resultando em uma grave crise humanit\u00e1ria.<\/p>\n<p>Nos \u00faltimos anos, a quest\u00e3o da imigra\u00e7\u00e3o ilegal se torna cada vez mais destaque. Diversos esc\u00e2ndalos envolvendo a administra\u00e7\u00e3o estadunidense \u2014 como o emprego ilegal de menores de outros pa\u00edses e o abuso contra imigrantes \u2014 vieram \u00e0 tona, com frequentes protestos e dist\u00farbios. Na pesquisa, 87% dos entrevistados criticaram o governo dos EUA por viola\u00e7\u00e3o do direito humano ao tratar dos assuntos de imigra\u00e7\u00e3o. De acordo com a pesquisa, 86% dos participantes consideram que a quest\u00e3o de imigra\u00e7\u00e3o se tornou um problema cr\u00f3nico da administra\u00e7\u00e3o interna do pa\u00eds. Al\u00e9m disso, 73,8% consideram que, na intensifica\u00e7\u00e3o da polariza\u00e7\u00e3o pol\u00edtica e com o aumento da desigualdade social, a vida das pessoas comuns tem sido cada vez mais dif\u00edcil. A narrativa de que \u201cos imigrantes ilegais est\u00e3o amea\u00e7ando a sociedade estadunidense\u201d tem sido deliberadamente exagerada, transformando os novos imigrantes em \u201cbodes expiat\u00f3rios\u201d dos conflitos internos daquela na\u00e7\u00e3o.<br \/>\nCom as tens\u00f5es em Los Angeles se intensificando, os embates verbais entre o governo da Calif\u00f3rnia e o governo federal, bem como entre republicanos e democratas, t\u00eam se tornado cada vez mais quentes. Na enquete, 89,6% consideram que a quest\u00e3o da imigra\u00e7\u00e3o ilegal revela contradi\u00e7\u00f5es profundas entre os governos locais democratas, como o de Los Angeles, e o governo federal controlado pelos republicanos. Outros 89% acreditam que a disputa extrema entre os dois partidos em torno das pol\u00edticas migrat\u00f3rias \u00e9 um reflexo da polariza\u00e7\u00e3o dos EUA e agravar\u00e1 ainda mais as divis\u00f5es sociais. Al\u00e9m disso, 71,8% expressaram preocupa\u00e7\u00e3o de que as opera\u00e7\u00f5es em larga escala do governo do pa\u00eds para prender imigrantes ilegais possam evoluir para a\u00e7\u00f5es violentas, resultando em uma grave crise humanit\u00e1ria.<\/p>\n<p>Nos \u00faltimos anos, a quest\u00e3o da imigra\u00e7\u00e3o ilegal se torna cada vez mais destaque. Diversos esc\u00e2ndalos envolvendo a administra\u00e7\u00e3o estadunidense \u2014 como o emprego ilegal de menores de outros pa\u00edses e o abuso contra imigrantes \u2014 vieram \u00e0 tona, com frequentes protestos e dist\u00farbios. Na pesquisa, 87% dos entrevistados criticaram o governo dos EUA por viola\u00e7\u00e3o do direito humano ao tratar dos assuntos de imigra\u00e7\u00e3o. De acordo com a pesquisa, 86% dos participantes consideram que a quest\u00e3o de imigra\u00e7\u00e3o se tornou um problema cr\u00f3nico da administra\u00e7\u00e3o interna do pa\u00eds. Al\u00e9m disso, 73,8% consideram que, na intensifica\u00e7\u00e3o da polariza\u00e7\u00e3o pol\u00edtica e com o aumento da desigualdade social, a vida das pessoas comuns tem sido cada vez mais dif\u00edcil. A narrativa de que \u201cos imigrantes ilegais est\u00e3o amea\u00e7ando a sociedade estadunidense\u201d tem sido deliberadamente exagerada, transformando os novos imigrantes em \u201cbodes expiat\u00f3rios\u201d dos conflitos internos daquela na\u00e7\u00e3o.<\/p>\n","protected":false},"excerpt":{"rendered":"<p>Conflitos eclodiram em v\u00e1rias partes dos Estados Unidos da Am\u00e9rica, o presidente do pa\u00eds amea\u00e7ou prender governadores, milhares de militares foram enviados a Los Angeles\u2026 O jornal brit\u00e2nico Daily Mirror chegou a exclamar: \u201cOs estadunidenses temem que uma guerra civil&#8230;<\/p>\n","protected":false},"author":2,"featured_media":0,"comment_status":"open","ping_status":"open","sticky":false,"template":"","format":"standard","meta":{"footnotes":""},"categories":[8],"tags":[],"class_list":["post-8586","post","type-post","status-publish","format-standard","hentry","category-internacional"],"yoast_head":"<!-- This site is optimized with the Yoast SEO plugin v27.4 - https:\/\/yoast.com\/product\/yoast-seo-wordpress\/ -->\n<title>Pesquisa da CGTN | Cerca de 80% criticam governo dos EUA por \u201ctrair a hist\u00f3ria\u201d - CRI e Diario de Pernambuco<\/title>\n<meta name=\"robots\" content=\"index, follow, max-snippet:-1, max-image-preview:large, max-video-preview:-1\" \/>\n<link rel=\"canonical\" href=\"https:\/\/diariodepe.com.br\/cri\/2025\/06\/11\/pesquisa-da-cgtn-cerca-de-80-criticam-governo-dos-eua-por-trair-a-historia\/\" \/>\n<meta property=\"og:locale\" content=\"pt_BR\" \/>\n<meta property=\"og:type\" content=\"article\" \/>\n<meta property=\"og:title\" content=\"Pesquisa da CGTN | Cerca de 80% criticam governo dos EUA por \u201ctrair a hist\u00f3ria\u201d - CRI e Diario de Pernambuco\" \/>\n<meta property=\"og:description\" content=\"Conflitos eclodiram em v\u00e1rias partes dos Estados Unidos da Am\u00e9rica, o presidente do pa\u00eds amea\u00e7ou prender governadores, milhares de militares foram enviados a Los Angeles\u2026 O jornal brit\u00e2nico Daily Mirror chegou a exclamar: \u201cOs estadunidenses temem que uma guerra civil...\" \/>\n<meta property=\"og:url\" content=\"https:\/\/diariodepe.com.br\/cri\/2025\/06\/11\/pesquisa-da-cgtn-cerca-de-80-criticam-governo-dos-eua-por-trair-a-historia\/\" \/>\n<meta property=\"og:site_name\" content=\"CRI e Diario de Pernambuco\" \/>\n<meta property=\"article:published_time\" content=\"2025-06-12T01:54:50+00:00\" \/>\n<meta name=\"author\" content=\"Ismael Lucas S. Pereira\" \/>\n<meta name=\"twitter:card\" content=\"summary_large_image\" \/>\n<meta name=\"twitter:label1\" content=\"Escrito por\" \/>\n\t<meta name=\"twitter:data1\" content=\"Ismael Lucas S. Pereira\" \/>\n\t<meta name=\"twitter:label2\" content=\"Est. tempo de leitura\" \/>\n\t<meta name=\"twitter:data2\" content=\"5 minutos\" \/>\n<script type=\"application\/ld+json\" class=\"yoast-schema-graph\">{\"@context\":\"https:\\\/\\\/schema.org\",\"@graph\":[{\"@type\":\"Article\",\"@id\":\"https:\\\/\\\/diariodepe.com.br\\\/cri\\\/2025\\\/06\\\/11\\\/pesquisa-da-cgtn-cerca-de-80-criticam-governo-dos-eua-por-trair-a-historia\\\/#article\",\"isPartOf\":{\"@id\":\"https:\\\/\\\/diariodepe.com.br\\\/cri\\\/2025\\\/06\\\/11\\\/pesquisa-da-cgtn-cerca-de-80-criticam-governo-dos-eua-por-trair-a-historia\\\/\"},\"author\":{\"name\":\"Ismael Lucas S. Pereira\",\"@id\":\"https:\\\/\\\/diariodepe.com.br\\\/cri\\\/#\\\/schema\\\/person\\\/121bb28d84f1a5b1205ef4ce9c2e0c6b\"},\"headline\":\"Pesquisa da CGTN | Cerca de 80% criticam governo dos EUA por \u201ctrair a hist\u00f3ria\u201d\",\"datePublished\":\"2025-06-12T01:54:50+00:00\",\"mainEntityOfPage\":{\"@id\":\"https:\\\/\\\/diariodepe.com.br\\\/cri\\\/2025\\\/06\\\/11\\\/pesquisa-da-cgtn-cerca-de-80-criticam-governo-dos-eua-por-trair-a-historia\\\/\"},\"wordCount\":858,\"commentCount\":0,\"publisher\":{\"@id\":\"https:\\\/\\\/diariodepe.com.br\\\/cri\\\/#organization\"},\"articleSection\":[\"Internacional\"],\"inLanguage\":\"pt-BR\",\"potentialAction\":[{\"@type\":\"CommentAction\",\"name\":\"Comment\",\"target\":[\"https:\\\/\\\/diariodepe.com.br\\\/cri\\\/2025\\\/06\\\/11\\\/pesquisa-da-cgtn-cerca-de-80-criticam-governo-dos-eua-por-trair-a-historia\\\/#respond\"]}]},{\"@type\":\"WebPage\",\"@id\":\"https:\\\/\\\/diariodepe.com.br\\\/cri\\\/2025\\\/06\\\/11\\\/pesquisa-da-cgtn-cerca-de-80-criticam-governo-dos-eua-por-trair-a-historia\\\/\",\"url\":\"https:\\\/\\\/diariodepe.com.br\\\/cri\\\/2025\\\/06\\\/11\\\/pesquisa-da-cgtn-cerca-de-80-criticam-governo-dos-eua-por-trair-a-historia\\\/\",\"name\":\"Pesquisa da CGTN | Cerca de 80% criticam governo dos EUA por \u201ctrair a hist\u00f3ria\u201d - CRI e Diario de Pernambuco\",\"isPartOf\":{\"@id\":\"https:\\\/\\\/diariodepe.com.br\\\/cri\\\/#website\"},\"datePublished\":\"2025-06-12T01:54:50+00:00\",\"breadcrumb\":{\"@id\":\"https:\\\/\\\/diariodepe.com.br\\\/cri\\\/2025\\\/06\\\/11\\\/pesquisa-da-cgtn-cerca-de-80-criticam-governo-dos-eua-por-trair-a-historia\\\/#breadcrumb\"},\"inLanguage\":\"pt-BR\",\"potentialAction\":[{\"@type\":\"ReadAction\",\"target\":[\"https:\\\/\\\/diariodepe.com.br\\\/cri\\\/2025\\\/06\\\/11\\\/pesquisa-da-cgtn-cerca-de-80-criticam-governo-dos-eua-por-trair-a-historia\\\/\"]}]},{\"@type\":\"BreadcrumbList\",\"@id\":\"https:\\\/\\\/diariodepe.com.br\\\/cri\\\/2025\\\/06\\\/11\\\/pesquisa-da-cgtn-cerca-de-80-criticam-governo-dos-eua-por-trair-a-historia\\\/#breadcrumb\",\"itemListElement\":[{\"@type\":\"ListItem\",\"position\":1,\"name\":\"In\u00edcio\",\"item\":\"https:\\\/\\\/diariodepe.com.br\\\/cri\\\/\"},{\"@type\":\"ListItem\",\"position\":2,\"name\":\"Pesquisa da CGTN | Cerca de 80% criticam governo dos EUA por \u201ctrair a hist\u00f3ria\u201d\"}]},{\"@type\":\"WebSite\",\"@id\":\"https:\\\/\\\/diariodepe.com.br\\\/cri\\\/#website\",\"url\":\"https:\\\/\\\/diariodepe.com.br\\\/cri\\\/\",\"name\":\"CRI e Diario de Pernambuco\",\"description\":\"R\u00e1dio Internacional da China\",\"publisher\":{\"@id\":\"https:\\\/\\\/diariodepe.com.br\\\/cri\\\/#organization\"},\"potentialAction\":[{\"@type\":\"SearchAction\",\"target\":{\"@type\":\"EntryPoint\",\"urlTemplate\":\"https:\\\/\\\/diariodepe.com.br\\\/cri\\\/?s={search_term_string}\"},\"query-input\":{\"@type\":\"PropertyValueSpecification\",\"valueRequired\":true,\"valueName\":\"search_term_string\"}}],\"inLanguage\":\"pt-BR\"},{\"@type\":\"Organization\",\"@id\":\"https:\\\/\\\/diariodepe.com.br\\\/cri\\\/#organization\",\"name\":\"CRI e Diario de Pernambuco\",\"url\":\"https:\\\/\\\/diariodepe.com.br\\\/cri\\\/\",\"logo\":{\"@type\":\"ImageObject\",\"inLanguage\":\"pt-BR\",\"@id\":\"https:\\\/\\\/diariodepe.com.br\\\/cri\\\/#\\\/schema\\\/logo\\\/image\\\/\",\"url\":\"https:\\\/\\\/diariodepe.com.br\\\/cri\\\/wp-content\\\/uploads\\\/sites\\\/2\\\/2022\\\/12\\\/cropped-Logo.jpg\",\"contentUrl\":\"https:\\\/\\\/diariodepe.com.br\\\/cri\\\/wp-content\\\/uploads\\\/sites\\\/2\\\/2022\\\/12\\\/cropped-Logo.jpg\",\"width\":700,\"height\":59,\"caption\":\"CRI e Diario de Pernambuco\"},\"image\":{\"@id\":\"https:\\\/\\\/diariodepe.com.br\\\/cri\\\/#\\\/schema\\\/logo\\\/image\\\/\"}},{\"@type\":\"Person\",\"@id\":\"https:\\\/\\\/diariodepe.com.br\\\/cri\\\/#\\\/schema\\\/person\\\/121bb28d84f1a5b1205ef4ce9c2e0c6b\",\"name\":\"Ismael Lucas S. Pereira\",\"image\":{\"@type\":\"ImageObject\",\"inLanguage\":\"pt-BR\",\"@id\":\"https:\\\/\\\/secure.gravatar.com\\\/avatar\\\/887a0f3b5a7ceea963a48499fb883ffce6b5037362def025c52c2505b15d63e4?s=96&d=mm&r=g\",\"url\":\"https:\\\/\\\/secure.gravatar.com\\\/avatar\\\/887a0f3b5a7ceea963a48499fb883ffce6b5037362def025c52c2505b15d63e4?s=96&d=mm&r=g\",\"contentUrl\":\"https:\\\/\\\/secure.gravatar.com\\\/avatar\\\/887a0f3b5a7ceea963a48499fb883ffce6b5037362def025c52c2505b15d63e4?s=96&d=mm&r=g\",\"caption\":\"Ismael Lucas S. Pereira\"},\"url\":\"https:\\\/\\\/diariodepe.com.br\\\/cri\\\/author\\\/ismael-lucas\\\/\"}]}<\/script>\n<!-- \/ Yoast SEO plugin. -->","yoast_head_json":{"title":"Pesquisa da CGTN | Cerca de 80% criticam governo dos EUA por \u201ctrair a hist\u00f3ria\u201d - CRI e Diario de Pernambuco","robots":{"index":"index","follow":"follow","max-snippet":"max-snippet:-1","max-image-preview":"max-image-preview:large","max-video-preview":"max-video-preview:-1"},"canonical":"https:\/\/diariodepe.com.br\/cri\/2025\/06\/11\/pesquisa-da-cgtn-cerca-de-80-criticam-governo-dos-eua-por-trair-a-historia\/","og_locale":"pt_BR","og_type":"article","og_title":"Pesquisa da CGTN | Cerca de 80% criticam governo dos EUA por \u201ctrair a hist\u00f3ria\u201d - CRI e Diario de Pernambuco","og_description":"Conflitos eclodiram em v\u00e1rias partes dos Estados Unidos da Am\u00e9rica, o presidente do pa\u00eds amea\u00e7ou prender governadores, milhares de militares foram enviados a Los Angeles\u2026 O jornal brit\u00e2nico Daily Mirror chegou a exclamar: \u201cOs estadunidenses temem que uma guerra civil...","og_url":"https:\/\/diariodepe.com.br\/cri\/2025\/06\/11\/pesquisa-da-cgtn-cerca-de-80-criticam-governo-dos-eua-por-trair-a-historia\/","og_site_name":"CRI e Diario de Pernambuco","article_published_time":"2025-06-12T01:54:50+00:00","author":"Ismael Lucas S. Pereira","twitter_card":"summary_large_image","twitter_misc":{"Escrito por":"Ismael Lucas S. Pereira","Est. tempo de leitura":"5 minutos"},"schema":{"@context":"https:\/\/schema.org","@graph":[{"@type":"Article","@id":"https:\/\/diariodepe.com.br\/cri\/2025\/06\/11\/pesquisa-da-cgtn-cerca-de-80-criticam-governo-dos-eua-por-trair-a-historia\/#article","isPartOf":{"@id":"https:\/\/diariodepe.com.br\/cri\/2025\/06\/11\/pesquisa-da-cgtn-cerca-de-80-criticam-governo-dos-eua-por-trair-a-historia\/"},"author":{"name":"Ismael Lucas S. Pereira","@id":"https:\/\/diariodepe.com.br\/cri\/#\/schema\/person\/121bb28d84f1a5b1205ef4ce9c2e0c6b"},"headline":"Pesquisa da CGTN | Cerca de 80% criticam governo dos EUA por \u201ctrair a hist\u00f3ria\u201d","datePublished":"2025-06-12T01:54:50+00:00","mainEntityOfPage":{"@id":"https:\/\/diariodepe.com.br\/cri\/2025\/06\/11\/pesquisa-da-cgtn-cerca-de-80-criticam-governo-dos-eua-por-trair-a-historia\/"},"wordCount":858,"commentCount":0,"publisher":{"@id":"https:\/\/diariodepe.com.br\/cri\/#organization"},"articleSection":["Internacional"],"inLanguage":"pt-BR","potentialAction":[{"@type":"CommentAction","name":"Comment","target":["https:\/\/diariodepe.com.br\/cri\/2025\/06\/11\/pesquisa-da-cgtn-cerca-de-80-criticam-governo-dos-eua-por-trair-a-historia\/#respond"]}]},{"@type":"WebPage","@id":"https:\/\/diariodepe.com.br\/cri\/2025\/06\/11\/pesquisa-da-cgtn-cerca-de-80-criticam-governo-dos-eua-por-trair-a-historia\/","url":"https:\/\/diariodepe.com.br\/cri\/2025\/06\/11\/pesquisa-da-cgtn-cerca-de-80-criticam-governo-dos-eua-por-trair-a-historia\/","name":"Pesquisa da CGTN | Cerca de 80% criticam governo dos EUA por \u201ctrair a hist\u00f3ria\u201d - CRI e Diario de Pernambuco","isPartOf":{"@id":"https:\/\/diariodepe.com.br\/cri\/#website"},"datePublished":"2025-06-12T01:54:50+00:00","breadcrumb":{"@id":"https:\/\/diariodepe.com.br\/cri\/2025\/06\/11\/pesquisa-da-cgtn-cerca-de-80-criticam-governo-dos-eua-por-trair-a-historia\/#breadcrumb"},"inLanguage":"pt-BR","potentialAction":[{"@type":"ReadAction","target":["https:\/\/diariodepe.com.br\/cri\/2025\/06\/11\/pesquisa-da-cgtn-cerca-de-80-criticam-governo-dos-eua-por-trair-a-historia\/"]}]},{"@type":"BreadcrumbList","@id":"https:\/\/diariodepe.com.br\/cri\/2025\/06\/11\/pesquisa-da-cgtn-cerca-de-80-criticam-governo-dos-eua-por-trair-a-historia\/#breadcrumb","itemListElement":[{"@type":"ListItem","position":1,"name":"In\u00edcio","item":"https:\/\/diariodepe.com.br\/cri\/"},{"@type":"ListItem","position":2,"name":"Pesquisa da CGTN | Cerca de 80% criticam governo dos EUA por \u201ctrair a hist\u00f3ria\u201d"}]},{"@type":"WebSite","@id":"https:\/\/diariodepe.com.br\/cri\/#website","url":"https:\/\/diariodepe.com.br\/cri\/","name":"CRI e Diario de Pernambuco","description":"R\u00e1dio Internacional da China","publisher":{"@id":"https:\/\/diariodepe.com.br\/cri\/#organization"},"potentialAction":[{"@type":"SearchAction","target":{"@type":"EntryPoint","urlTemplate":"https:\/\/diariodepe.com.br\/cri\/?s={search_term_string}"},"query-input":{"@type":"PropertyValueSpecification","valueRequired":true,"valueName":"search_term_string"}}],"inLanguage":"pt-BR"},{"@type":"Organization","@id":"https:\/\/diariodepe.com.br\/cri\/#organization","name":"CRI e Diario de Pernambuco","url":"https:\/\/diariodepe.com.br\/cri\/","logo":{"@type":"ImageObject","inLanguage":"pt-BR","@id":"https:\/\/diariodepe.com.br\/cri\/#\/schema\/logo\/image\/","url":"https:\/\/diariodepe.com.br\/cri\/wp-content\/uploads\/sites\/2\/2022\/12\/cropped-Logo.jpg","contentUrl":"https:\/\/diariodepe.com.br\/cri\/wp-content\/uploads\/sites\/2\/2022\/12\/cropped-Logo.jpg","width":700,"height":59,"caption":"CRI e Diario de Pernambuco"},"image":{"@id":"https:\/\/diariodepe.com.br\/cri\/#\/schema\/logo\/image\/"}},{"@type":"Person","@id":"https:\/\/diariodepe.com.br\/cri\/#\/schema\/person\/121bb28d84f1a5b1205ef4ce9c2e0c6b","name":"Ismael Lucas S. Pereira","image":{"@type":"ImageObject","inLanguage":"pt-BR","@id":"https:\/\/secure.gravatar.com\/avatar\/887a0f3b5a7ceea963a48499fb883ffce6b5037362def025c52c2505b15d63e4?s=96&d=mm&r=g","url":"https:\/\/secure.gravatar.com\/avatar\/887a0f3b5a7ceea963a48499fb883ffce6b5037362def025c52c2505b15d63e4?s=96&d=mm&r=g","contentUrl":"https:\/\/secure.gravatar.com\/avatar\/887a0f3b5a7ceea963a48499fb883ffce6b5037362def025c52c2505b15d63e4?s=96&d=mm&r=g","caption":"Ismael Lucas S. Pereira"},"url":"https:\/\/diariodepe.com.br\/cri\/author\/ismael-lucas\/"}]}},"cc_featured_image_caption":{"caption_text":false,"source_text":false,"source_url":false},"amp_enabled":true,"_links":{"self":[{"href":"https:\/\/diariodepe.com.br\/cri\/wp-json\/wp\/v2\/posts\/8586","targetHints":{"allow":["GET"]}}],"collection":[{"href":"https:\/\/diariodepe.com.br\/cri\/wp-json\/wp\/v2\/posts"}],"about":[{"href":"https:\/\/diariodepe.com.br\/cri\/wp-json\/wp\/v2\/types\/post"}],"author":[{"embeddable":true,"href":"https:\/\/diariodepe.com.br\/cri\/wp-json\/wp\/v2\/users\/2"}],"replies":[{"embeddable":true,"href":"https:\/\/diariodepe.com.br\/cri\/wp-json\/wp\/v2\/comments?post=8586"}],"version-history":[{"count":1,"href":"https:\/\/diariodepe.com.br\/cri\/wp-json\/wp\/v2\/posts\/8586\/revisions"}],"predecessor-version":[{"id":8587,"href":"https:\/\/diariodepe.com.br\/cri\/wp-json\/wp\/v2\/posts\/8586\/revisions\/8587"}],"wp:attachment":[{"href":"https:\/\/diariodepe.com.br\/cri\/wp-json\/wp\/v2\/media?parent=8586"}],"wp:term":[{"taxonomy":"category","embeddable":true,"href":"https:\/\/diariodepe.com.br\/cri\/wp-json\/wp\/v2\/categories?post=8586"},{"taxonomy":"post_tag","embeddable":true,"href":"https:\/\/diariodepe.com.br\/cri\/wp-json\/wp\/v2\/tags?post=8586"}],"curies":[{"name":"wp","href":"https:\/\/api.w.org\/{rel}","templated":true}]}}