{"id":8580,"date":"2025-06-11T00:25:00","date_gmt":"2025-06-11T03:25:00","guid":{"rendered":"https:\/\/diariodepe.com.br\/cri\/?p=8580"},"modified":"2025-06-11T00:25:52","modified_gmt":"2025-06-11T03:25:52","slug":"negociacoes-entre-china-e-eua-continuam-nesta-terca-feira","status":"publish","type":"post","link":"https:\/\/diariodepe.com.br\/cri\/2025\/06\/11\/negociacoes-entre-china-e-eua-continuam-nesta-terca-feira\/","title":{"rendered":"Negocia\u00e7\u00f5es entre China e EUA continuam nesta ter\u00e7a-feira"},"content":{"rendered":"<p>A China e os Estados Unidos iniciaram nessa segunda-feira (09),\u00a0em Londres,\u00a0a primeira reuni\u00e3o do mecanismo de consulta econ\u00f4mica e comercial entre os dois pa\u00edses.<\/p>\n<p>As fotos divulgadas na reuni\u00e3o mostram que os principais membros da delega\u00e7\u00e3o estadunidense incluem o secret\u00e1rio do Tesouro dos EUA, Scott Bessent, o representante comercial da Casa Branca, Jamieson Greer, e o secret\u00e1rio do Com\u00e9rcio, Howard Lutnick.<\/p>\n<p>O secret\u00e1rio do Tesouro dos EUA, Scott Bessent, \u00e9 respons\u00e1vel por quest\u00f5es macroecon\u00f4micas e financeiras. Ele \u00e9 uma figura-chave na implementa\u00e7\u00e3o da estrat\u00e9gia tarif\u00e1ria da administra\u00e7\u00e3o Trump e est\u00e1 encarregado de coordenar e liderar as negocia\u00e7\u00f5es com pa\u00edses estrangeiros.<\/p>\n<p>No setor econ\u00f4mico e comercial entre a China e os EUA\u00a0h\u00e1 muitos t\u00f3picos sobre os quais as duas partes podem conversar. Al\u00e9m das principais preocupa\u00e7\u00f5es, existem tamb\u00e9m a comunica\u00e7\u00e3o e a coordena\u00e7\u00e3o macroecon\u00f4mica, as pol\u00edticas financeiras e a resposta conjunta aos desafios globais.<\/p>\n<p>A principal jurisdi\u00e7\u00e3o de Jamieson Greer s\u00e3o as tarifas. Ele atua mais como um \u201cnegociador profissional\u201d das negocia\u00e7\u00f5es comerciais.<\/p>\n<p>O Escrit\u00f3rio do Representante Comercial dos Estados Unidos (USTR), liderado por ele, orientou a investiga\u00e7\u00e3o 301 e foi o operador direto da guerra comercial entre China e EUA em 2018. \u00a0Sob\u00a0sua responsabilidade, est\u00e3o\u00a0as\u00a0investiga\u00e7\u00f5es 301, a transfer\u00eancia de tecnologia, as disputas de propriedade intelectual, bem como\u00a0as investiga\u00e7\u00f5es de barreiras comerciais.<\/p>\n<p>O novo\u00a0participante Howard Lutnick vem do Departamento de Com\u00e9rcio dos EUA e est\u00e1\u00a0mais focado no n\u00edvel industrial, como exporta\u00e7\u00e3o e importa\u00e7\u00e3o de diversos setores, acesso a mercado, entre\u00a0outros.<\/p>\n<p>De modo geral, o Departamento do Tesouro dos EUA est\u00e1 na\u00a0coordena\u00e7\u00e3o geral, o Departamento de Com\u00e9rcio dos EUA se concentra nos setores industriais e o Escrit\u00f3rio do Representante Comercial dos EUA est\u00e1 focado\u00a0na negocia\u00e7\u00e3o de termos t\u00e9cnicos.<\/p>\n<p>De acordo com a CNN, ningu\u00e9m quer que as negocia\u00e7\u00f5es cheguem a um impasse. Antes disso, a China j\u00e1 havia deixado claro que os EUA deveriam olhar para o progresso feito de forma realista e cancelar as medidas negativas tomadas contra a China.<\/p>\n","protected":false},"excerpt":{"rendered":"<p>A China e os Estados Unidos iniciaram nessa segunda-feira (09),\u00a0em Londres,\u00a0a primeira reuni\u00e3o do mecanismo de consulta econ\u00f4mica e comercial entre os dois pa\u00edses. As fotos divulgadas na reuni\u00e3o mostram que os principais membros da delega\u00e7\u00e3o estadunidense incluem o secret\u00e1rio&#8230;<\/p>\n","protected":false},"author":2,"featured_media":8583,"comment_status":"open","ping_status":"open","sticky":false,"template":"","format":"standard","meta":{"footnotes":""},"categories":[5,8],"tags":[],"class_list":["post-8580","post","type-post","status-publish","format-standard","has-post-thumbnail","hentry","category-destaques-capa","category-internacional"],"yoast_head":"<!-- This site is optimized with the Yoast SEO plugin v27.4 - https:\/\/yoast.com\/product\/yoast-seo-wordpress\/ -->\n<title>Negocia\u00e7\u00f5es entre China e EUA continuam nesta ter\u00e7a-feira - CRI e Diario de Pernambuco<\/title>\n<meta name=\"robots\" content=\"index, follow, max-snippet:-1, max-image-preview:large, max-video-preview:-1\" \/>\n<link rel=\"canonical\" href=\"https:\/\/diariodepe.com.br\/cri\/2025\/06\/11\/negociacoes-entre-china-e-eua-continuam-nesta-terca-feira\/\" \/>\n<meta property=\"og:locale\" content=\"pt_BR\" \/>\n<meta property=\"og:type\" content=\"article\" \/>\n<meta property=\"og:title\" content=\"Negocia\u00e7\u00f5es entre China e EUA continuam nesta ter\u00e7a-feira - CRI e Diario de Pernambuco\" \/>\n<meta property=\"og:description\" content=\"A China e os Estados Unidos iniciaram nessa segunda-feira (09),\u00a0em Londres,\u00a0a primeira reuni\u00e3o do mecanismo de consulta econ\u00f4mica e comercial entre os dois pa\u00edses. As fotos divulgadas na reuni\u00e3o mostram que os principais membros da delega\u00e7\u00e3o estadunidense incluem o secret\u00e1rio...\" \/>\n<meta property=\"og:url\" content=\"https:\/\/diariodepe.com.br\/cri\/2025\/06\/11\/negociacoes-entre-china-e-eua-continuam-nesta-terca-feira\/\" \/>\n<meta property=\"og:site_name\" content=\"CRI e Diario de Pernambuco\" \/>\n<meta property=\"article:published_time\" content=\"2025-06-11T03:25:00+00:00\" \/>\n<meta property=\"article:modified_time\" content=\"2025-06-11T03:25:52+00:00\" \/>\n<meta property=\"og:image\" content=\"https:\/\/diariodepe.com.br\/cri\/wp-content\/uploads\/sites\/2\/2025\/06\/1749556081158_255-1.jpg\" \/>\n\t<meta property=\"og:image:width\" content=\"1000\" \/>\n\t<meta property=\"og:image:height\" content=\"624\" \/>\n\t<meta property=\"og:image:type\" content=\"image\/jpeg\" \/>\n<meta name=\"author\" content=\"Ismael Lucas S. Pereira\" \/>\n<meta name=\"twitter:card\" content=\"summary_large_image\" \/>\n<meta name=\"twitter:label1\" content=\"Escrito por\" \/>\n\t<meta name=\"twitter:data1\" content=\"Ismael Lucas S. Pereira\" \/>\n\t<meta name=\"twitter:label2\" content=\"Est. tempo de leitura\" \/>\n\t<meta name=\"twitter:data2\" content=\"2 minutos\" \/>\n<script type=\"application\/ld+json\" class=\"yoast-schema-graph\">{\"@context\":\"https:\\\/\\\/schema.org\",\"@graph\":[{\"@type\":\"Article\",\"@id\":\"https:\\\/\\\/diariodepe.com.br\\\/cri\\\/2025\\\/06\\\/11\\\/negociacoes-entre-china-e-eua-continuam-nesta-terca-feira\\\/#article\",\"isPartOf\":{\"@id\":\"https:\\\/\\\/diariodepe.com.br\\\/cri\\\/2025\\\/06\\\/11\\\/negociacoes-entre-china-e-eua-continuam-nesta-terca-feira\\\/\"},\"author\":{\"name\":\"Ismael Lucas S. Pereira\",\"@id\":\"https:\\\/\\\/diariodepe.com.br\\\/cri\\\/#\\\/schema\\\/person\\\/121bb28d84f1a5b1205ef4ce9c2e0c6b\"},\"headline\":\"Negocia\u00e7\u00f5es entre China e EUA continuam nesta ter\u00e7a-feira\",\"datePublished\":\"2025-06-11T03:25:00+00:00\",\"dateModified\":\"2025-06-11T03:25:52+00:00\",\"mainEntityOfPage\":{\"@id\":\"https:\\\/\\\/diariodepe.com.br\\\/cri\\\/2025\\\/06\\\/11\\\/negociacoes-entre-china-e-eua-continuam-nesta-terca-feira\\\/\"},\"wordCount\":382,\"commentCount\":0,\"publisher\":{\"@id\":\"https:\\\/\\\/diariodepe.com.br\\\/cri\\\/#organization\"},\"image\":{\"@id\":\"https:\\\/\\\/diariodepe.com.br\\\/cri\\\/2025\\\/06\\\/11\\\/negociacoes-entre-china-e-eua-continuam-nesta-terca-feira\\\/#primaryimage\"},\"thumbnailUrl\":\"https:\\\/\\\/diariodepe.com.br\\\/cri\\\/wp-content\\\/uploads\\\/sites\\\/2\\\/2025\\\/06\\\/1749556081158_255-1.jpg\",\"articleSection\":[\"Destaques Capa\",\"Internacional\"],\"inLanguage\":\"pt-BR\",\"potentialAction\":[{\"@type\":\"CommentAction\",\"name\":\"Comment\",\"target\":[\"https:\\\/\\\/diariodepe.com.br\\\/cri\\\/2025\\\/06\\\/11\\\/negociacoes-entre-china-e-eua-continuam-nesta-terca-feira\\\/#respond\"]}]},{\"@type\":\"WebPage\",\"@id\":\"https:\\\/\\\/diariodepe.com.br\\\/cri\\\/2025\\\/06\\\/11\\\/negociacoes-entre-china-e-eua-continuam-nesta-terca-feira\\\/\",\"url\":\"https:\\\/\\\/diariodepe.com.br\\\/cri\\\/2025\\\/06\\\/11\\\/negociacoes-entre-china-e-eua-continuam-nesta-terca-feira\\\/\",\"name\":\"Negocia\u00e7\u00f5es entre China e EUA continuam nesta ter\u00e7a-feira - CRI e Diario de Pernambuco\",\"isPartOf\":{\"@id\":\"https:\\\/\\\/diariodepe.com.br\\\/cri\\\/#website\"},\"primaryImageOfPage\":{\"@id\":\"https:\\\/\\\/diariodepe.com.br\\\/cri\\\/2025\\\/06\\\/11\\\/negociacoes-entre-china-e-eua-continuam-nesta-terca-feira\\\/#primaryimage\"},\"image\":{\"@id\":\"https:\\\/\\\/diariodepe.com.br\\\/cri\\\/2025\\\/06\\\/11\\\/negociacoes-entre-china-e-eua-continuam-nesta-terca-feira\\\/#primaryimage\"},\"thumbnailUrl\":\"https:\\\/\\\/diariodepe.com.br\\\/cri\\\/wp-content\\\/uploads\\\/sites\\\/2\\\/2025\\\/06\\\/1749556081158_255-1.jpg\",\"datePublished\":\"2025-06-11T03:25:00+00:00\",\"dateModified\":\"2025-06-11T03:25:52+00:00\",\"breadcrumb\":{\"@id\":\"https:\\\/\\\/diariodepe.com.br\\\/cri\\\/2025\\\/06\\\/11\\\/negociacoes-entre-china-e-eua-continuam-nesta-terca-feira\\\/#breadcrumb\"},\"inLanguage\":\"pt-BR\",\"potentialAction\":[{\"@type\":\"ReadAction\",\"target\":[\"https:\\\/\\\/diariodepe.com.br\\\/cri\\\/2025\\\/06\\\/11\\\/negociacoes-entre-china-e-eua-continuam-nesta-terca-feira\\\/\"]}]},{\"@type\":\"ImageObject\",\"inLanguage\":\"pt-BR\",\"@id\":\"https:\\\/\\\/diariodepe.com.br\\\/cri\\\/2025\\\/06\\\/11\\\/negociacoes-entre-china-e-eua-continuam-nesta-terca-feira\\\/#primaryimage\",\"url\":\"https:\\\/\\\/diariodepe.com.br\\\/cri\\\/wp-content\\\/uploads\\\/sites\\\/2\\\/2025\\\/06\\\/1749556081158_255-1.jpg\",\"contentUrl\":\"https:\\\/\\\/diariodepe.com.br\\\/cri\\\/wp-content\\\/uploads\\\/sites\\\/2\\\/2025\\\/06\\\/1749556081158_255-1.jpg\",\"width\":1000,\"height\":624},{\"@type\":\"BreadcrumbList\",\"@id\":\"https:\\\/\\\/diariodepe.com.br\\\/cri\\\/2025\\\/06\\\/11\\\/negociacoes-entre-china-e-eua-continuam-nesta-terca-feira\\\/#breadcrumb\",\"itemListElement\":[{\"@type\":\"ListItem\",\"position\":1,\"name\":\"In\u00edcio\",\"item\":\"https:\\\/\\\/diariodepe.com.br\\\/cri\\\/\"},{\"@type\":\"ListItem\",\"position\":2,\"name\":\"Negocia\u00e7\u00f5es entre China e EUA continuam nesta ter\u00e7a-feira\"}]},{\"@type\":\"WebSite\",\"@id\":\"https:\\\/\\\/diariodepe.com.br\\\/cri\\\/#website\",\"url\":\"https:\\\/\\\/diariodepe.com.br\\\/cri\\\/\",\"name\":\"CRI e Diario de Pernambuco\",\"description\":\"R\u00e1dio Internacional da China\",\"publisher\":{\"@id\":\"https:\\\/\\\/diariodepe.com.br\\\/cri\\\/#organization\"},\"potentialAction\":[{\"@type\":\"SearchAction\",\"target\":{\"@type\":\"EntryPoint\",\"urlTemplate\":\"https:\\\/\\\/diariodepe.com.br\\\/cri\\\/?s={search_term_string}\"},\"query-input\":{\"@type\":\"PropertyValueSpecification\",\"valueRequired\":true,\"valueName\":\"search_term_string\"}}],\"inLanguage\":\"pt-BR\"},{\"@type\":\"Organization\",\"@id\":\"https:\\\/\\\/diariodepe.com.br\\\/cri\\\/#organization\",\"name\":\"CRI e Diario de Pernambuco\",\"url\":\"https:\\\/\\\/diariodepe.com.br\\\/cri\\\/\",\"logo\":{\"@type\":\"ImageObject\",\"inLanguage\":\"pt-BR\",\"@id\":\"https:\\\/\\\/diariodepe.com.br\\\/cri\\\/#\\\/schema\\\/logo\\\/image\\\/\",\"url\":\"https:\\\/\\\/diariodepe.com.br\\\/cri\\\/wp-content\\\/uploads\\\/sites\\\/2\\\/2022\\\/12\\\/cropped-Logo.jpg\",\"contentUrl\":\"https:\\\/\\\/diariodepe.com.br\\\/cri\\\/wp-content\\\/uploads\\\/sites\\\/2\\\/2022\\\/12\\\/cropped-Logo.jpg\",\"width\":700,\"height\":59,\"caption\":\"CRI e Diario de Pernambuco\"},\"image\":{\"@id\":\"https:\\\/\\\/diariodepe.com.br\\\/cri\\\/#\\\/schema\\\/logo\\\/image\\\/\"}},{\"@type\":\"Person\",\"@id\":\"https:\\\/\\\/diariodepe.com.br\\\/cri\\\/#\\\/schema\\\/person\\\/121bb28d84f1a5b1205ef4ce9c2e0c6b\",\"name\":\"Ismael Lucas S. Pereira\",\"image\":{\"@type\":\"ImageObject\",\"inLanguage\":\"pt-BR\",\"@id\":\"https:\\\/\\\/secure.gravatar.com\\\/avatar\\\/887a0f3b5a7ceea963a48499fb883ffce6b5037362def025c52c2505b15d63e4?s=96&d=mm&r=g\",\"url\":\"https:\\\/\\\/secure.gravatar.com\\\/avatar\\\/887a0f3b5a7ceea963a48499fb883ffce6b5037362def025c52c2505b15d63e4?s=96&d=mm&r=g\",\"contentUrl\":\"https:\\\/\\\/secure.gravatar.com\\\/avatar\\\/887a0f3b5a7ceea963a48499fb883ffce6b5037362def025c52c2505b15d63e4?s=96&d=mm&r=g\",\"caption\":\"Ismael Lucas S. Pereira\"},\"url\":\"https:\\\/\\\/diariodepe.com.br\\\/cri\\\/author\\\/ismael-lucas\\\/\"}]}<\/script>\n<!-- \/ Yoast SEO plugin. -->","yoast_head_json":{"title":"Negocia\u00e7\u00f5es entre China e EUA continuam nesta ter\u00e7a-feira - CRI e Diario de Pernambuco","robots":{"index":"index","follow":"follow","max-snippet":"max-snippet:-1","max-image-preview":"max-image-preview:large","max-video-preview":"max-video-preview:-1"},"canonical":"https:\/\/diariodepe.com.br\/cri\/2025\/06\/11\/negociacoes-entre-china-e-eua-continuam-nesta-terca-feira\/","og_locale":"pt_BR","og_type":"article","og_title":"Negocia\u00e7\u00f5es entre China e EUA continuam nesta ter\u00e7a-feira - CRI e Diario de Pernambuco","og_description":"A China e os Estados Unidos iniciaram nessa segunda-feira (09),\u00a0em Londres,\u00a0a primeira reuni\u00e3o do mecanismo de consulta econ\u00f4mica e comercial entre os dois pa\u00edses. As fotos divulgadas na reuni\u00e3o mostram que os principais membros da delega\u00e7\u00e3o estadunidense incluem o secret\u00e1rio...","og_url":"https:\/\/diariodepe.com.br\/cri\/2025\/06\/11\/negociacoes-entre-china-e-eua-continuam-nesta-terca-feira\/","og_site_name":"CRI e Diario de Pernambuco","article_published_time":"2025-06-11T03:25:00+00:00","article_modified_time":"2025-06-11T03:25:52+00:00","og_image":[{"width":1000,"height":624,"url":"https:\/\/diariodepe.com.br\/cri\/wp-content\/uploads\/sites\/2\/2025\/06\/1749556081158_255-1.jpg","type":"image\/jpeg"}],"author":"Ismael Lucas S. Pereira","twitter_card":"summary_large_image","twitter_misc":{"Escrito por":"Ismael Lucas S. Pereira","Est. tempo de leitura":"2 minutos"},"schema":{"@context":"https:\/\/schema.org","@graph":[{"@type":"Article","@id":"https:\/\/diariodepe.com.br\/cri\/2025\/06\/11\/negociacoes-entre-china-e-eua-continuam-nesta-terca-feira\/#article","isPartOf":{"@id":"https:\/\/diariodepe.com.br\/cri\/2025\/06\/11\/negociacoes-entre-china-e-eua-continuam-nesta-terca-feira\/"},"author":{"name":"Ismael Lucas S. Pereira","@id":"https:\/\/diariodepe.com.br\/cri\/#\/schema\/person\/121bb28d84f1a5b1205ef4ce9c2e0c6b"},"headline":"Negocia\u00e7\u00f5es entre China e EUA continuam nesta ter\u00e7a-feira","datePublished":"2025-06-11T03:25:00+00:00","dateModified":"2025-06-11T03:25:52+00:00","mainEntityOfPage":{"@id":"https:\/\/diariodepe.com.br\/cri\/2025\/06\/11\/negociacoes-entre-china-e-eua-continuam-nesta-terca-feira\/"},"wordCount":382,"commentCount":0,"publisher":{"@id":"https:\/\/diariodepe.com.br\/cri\/#organization"},"image":{"@id":"https:\/\/diariodepe.com.br\/cri\/2025\/06\/11\/negociacoes-entre-china-e-eua-continuam-nesta-terca-feira\/#primaryimage"},"thumbnailUrl":"https:\/\/diariodepe.com.br\/cri\/wp-content\/uploads\/sites\/2\/2025\/06\/1749556081158_255-1.jpg","articleSection":["Destaques Capa","Internacional"],"inLanguage":"pt-BR","potentialAction":[{"@type":"CommentAction","name":"Comment","target":["https:\/\/diariodepe.com.br\/cri\/2025\/06\/11\/negociacoes-entre-china-e-eua-continuam-nesta-terca-feira\/#respond"]}]},{"@type":"WebPage","@id":"https:\/\/diariodepe.com.br\/cri\/2025\/06\/11\/negociacoes-entre-china-e-eua-continuam-nesta-terca-feira\/","url":"https:\/\/diariodepe.com.br\/cri\/2025\/06\/11\/negociacoes-entre-china-e-eua-continuam-nesta-terca-feira\/","name":"Negocia\u00e7\u00f5es entre China e EUA continuam nesta ter\u00e7a-feira - CRI e Diario de Pernambuco","isPartOf":{"@id":"https:\/\/diariodepe.com.br\/cri\/#website"},"primaryImageOfPage":{"@id":"https:\/\/diariodepe.com.br\/cri\/2025\/06\/11\/negociacoes-entre-china-e-eua-continuam-nesta-terca-feira\/#primaryimage"},"image":{"@id":"https:\/\/diariodepe.com.br\/cri\/2025\/06\/11\/negociacoes-entre-china-e-eua-continuam-nesta-terca-feira\/#primaryimage"},"thumbnailUrl":"https:\/\/diariodepe.com.br\/cri\/wp-content\/uploads\/sites\/2\/2025\/06\/1749556081158_255-1.jpg","datePublished":"2025-06-11T03:25:00+00:00","dateModified":"2025-06-11T03:25:52+00:00","breadcrumb":{"@id":"https:\/\/diariodepe.com.br\/cri\/2025\/06\/11\/negociacoes-entre-china-e-eua-continuam-nesta-terca-feira\/#breadcrumb"},"inLanguage":"pt-BR","potentialAction":[{"@type":"ReadAction","target":["https:\/\/diariodepe.com.br\/cri\/2025\/06\/11\/negociacoes-entre-china-e-eua-continuam-nesta-terca-feira\/"]}]},{"@type":"ImageObject","inLanguage":"pt-BR","@id":"https:\/\/diariodepe.com.br\/cri\/2025\/06\/11\/negociacoes-entre-china-e-eua-continuam-nesta-terca-feira\/#primaryimage","url":"https:\/\/diariodepe.com.br\/cri\/wp-content\/uploads\/sites\/2\/2025\/06\/1749556081158_255-1.jpg","contentUrl":"https:\/\/diariodepe.com.br\/cri\/wp-content\/uploads\/sites\/2\/2025\/06\/1749556081158_255-1.jpg","width":1000,"height":624},{"@type":"BreadcrumbList","@id":"https:\/\/diariodepe.com.br\/cri\/2025\/06\/11\/negociacoes-entre-china-e-eua-continuam-nesta-terca-feira\/#breadcrumb","itemListElement":[{"@type":"ListItem","position":1,"name":"In\u00edcio","item":"https:\/\/diariodepe.com.br\/cri\/"},{"@type":"ListItem","position":2,"name":"Negocia\u00e7\u00f5es entre China e EUA continuam nesta ter\u00e7a-feira"}]},{"@type":"WebSite","@id":"https:\/\/diariodepe.com.br\/cri\/#website","url":"https:\/\/diariodepe.com.br\/cri\/","name":"CRI e Diario de Pernambuco","description":"R\u00e1dio Internacional da China","publisher":{"@id":"https:\/\/diariodepe.com.br\/cri\/#organization"},"potentialAction":[{"@type":"SearchAction","target":{"@type":"EntryPoint","urlTemplate":"https:\/\/diariodepe.com.br\/cri\/?s={search_term_string}"},"query-input":{"@type":"PropertyValueSpecification","valueRequired":true,"valueName":"search_term_string"}}],"inLanguage":"pt-BR"},{"@type":"Organization","@id":"https:\/\/diariodepe.com.br\/cri\/#organization","name":"CRI e Diario de Pernambuco","url":"https:\/\/diariodepe.com.br\/cri\/","logo":{"@type":"ImageObject","inLanguage":"pt-BR","@id":"https:\/\/diariodepe.com.br\/cri\/#\/schema\/logo\/image\/","url":"https:\/\/diariodepe.com.br\/cri\/wp-content\/uploads\/sites\/2\/2022\/12\/cropped-Logo.jpg","contentUrl":"https:\/\/diariodepe.com.br\/cri\/wp-content\/uploads\/sites\/2\/2022\/12\/cropped-Logo.jpg","width":700,"height":59,"caption":"CRI e Diario de Pernambuco"},"image":{"@id":"https:\/\/diariodepe.com.br\/cri\/#\/schema\/logo\/image\/"}},{"@type":"Person","@id":"https:\/\/diariodepe.com.br\/cri\/#\/schema\/person\/121bb28d84f1a5b1205ef4ce9c2e0c6b","name":"Ismael Lucas S. Pereira","image":{"@type":"ImageObject","inLanguage":"pt-BR","@id":"https:\/\/secure.gravatar.com\/avatar\/887a0f3b5a7ceea963a48499fb883ffce6b5037362def025c52c2505b15d63e4?s=96&d=mm&r=g","url":"https:\/\/secure.gravatar.com\/avatar\/887a0f3b5a7ceea963a48499fb883ffce6b5037362def025c52c2505b15d63e4?s=96&d=mm&r=g","contentUrl":"https:\/\/secure.gravatar.com\/avatar\/887a0f3b5a7ceea963a48499fb883ffce6b5037362def025c52c2505b15d63e4?s=96&d=mm&r=g","caption":"Ismael Lucas S. Pereira"},"url":"https:\/\/diariodepe.com.br\/cri\/author\/ismael-lucas\/"}]}},"cc_featured_image_caption":{"caption_text":false,"source_text":false,"source_url":false},"amp_enabled":true,"_links":{"self":[{"href":"https:\/\/diariodepe.com.br\/cri\/wp-json\/wp\/v2\/posts\/8580","targetHints":{"allow":["GET"]}}],"collection":[{"href":"https:\/\/diariodepe.com.br\/cri\/wp-json\/wp\/v2\/posts"}],"about":[{"href":"https:\/\/diariodepe.com.br\/cri\/wp-json\/wp\/v2\/types\/post"}],"author":[{"embeddable":true,"href":"https:\/\/diariodepe.com.br\/cri\/wp-json\/wp\/v2\/users\/2"}],"replies":[{"embeddable":true,"href":"https:\/\/diariodepe.com.br\/cri\/wp-json\/wp\/v2\/comments?post=8580"}],"version-history":[{"count":1,"href":"https:\/\/diariodepe.com.br\/cri\/wp-json\/wp\/v2\/posts\/8580\/revisions"}],"predecessor-version":[{"id":8582,"href":"https:\/\/diariodepe.com.br\/cri\/wp-json\/wp\/v2\/posts\/8580\/revisions\/8582"}],"wp:featuredmedia":[{"embeddable":true,"href":"https:\/\/diariodepe.com.br\/cri\/wp-json\/wp\/v2\/media\/8583"}],"wp:attachment":[{"href":"https:\/\/diariodepe.com.br\/cri\/wp-json\/wp\/v2\/media?parent=8580"}],"wp:term":[{"taxonomy":"category","embeddable":true,"href":"https:\/\/diariodepe.com.br\/cri\/wp-json\/wp\/v2\/categories?post=8580"},{"taxonomy":"post_tag","embeddable":true,"href":"https:\/\/diariodepe.com.br\/cri\/wp-json\/wp\/v2\/tags?post=8580"}],"curies":[{"name":"wp","href":"https:\/\/api.w.org\/{rel}","templated":true}]}}