{"id":8571,"date":"2025-06-09T05:51:37","date_gmt":"2025-06-09T08:51:37","guid":{"rendered":"https:\/\/diariodepe.com.br\/cri\/?p=8571"},"modified":"2025-06-09T05:51:37","modified_gmt":"2025-06-09T08:51:37","slug":"lideres-de-china-e-mianmar-trocam-felicitacoes-pelos-75-anos-de-relacoes-diplomaticas","status":"publish","type":"post","link":"https:\/\/diariodepe.com.br\/cri\/2025\/06\/09\/lideres-de-china-e-mianmar-trocam-felicitacoes-pelos-75-anos-de-relacoes-diplomaticas\/","title":{"rendered":"L\u00edderes de China e Mianmar trocam felicita\u00e7\u00f5es pelos 75 anos de rela\u00e7\u00f5es diplom\u00e1ticas"},"content":{"rendered":"<p>O presidente chin\u00eas, Xi Jinping, e o l\u00edder de Mianmar, Min Aung Hlaing, trocaram neste domingo (8) mensagens de felicita\u00e7\u00f5es para celebrar o 75\u00ba anivers\u00e1rio do estabelecimento das rela\u00e7\u00f5es diplom\u00e1ticas entre os dois pa\u00edses.<\/p>\n<p>Xi Jinping disse que, ao longo desse per\u00edodo, a amizade entre China e Mianmar atravessou vicissitudes e vem se fortalecendo com o tempo.<\/p>\n<p>As duas partes aderem aos Cinco Princ\u00edpios da Coexist\u00eancia Pac\u00edfica e ao Esp\u00edrito de Bandung, persistem \u00e0 boa vizinhan\u00e7a e \u00e0 amizade, aprofundam a coopera\u00e7\u00e3o de benef\u00edcios rec\u00edprocos e se apoiam firmemente em quest\u00f5es relacionadas com os interesses essenciais e as principais preocupa\u00e7\u00f5es de cada um, dando um exemplo de interc\u00e2mbios amig\u00e1veis.<\/p>\n<p>\u201cEm maio deste ano, nos encontramos na R\u00fassia e chegamos a importantes consensos sobre a constru\u00e7\u00e3o da comunidade de futuro compartilhado China-Mianmar\u201d, lembrou Xi Jinping.<\/p>\n<p>Segundo o l\u00edder chin\u00eas, a China atribui grande import\u00e2ncia ao desenvolvimento das rela\u00e7\u00f5es bilaterais e est\u00e1 disposta a trabalhar com Mianmar para aproveitar o 75\u00ba anivers\u00e1rio do estabelecimento das rela\u00e7\u00f5es diplom\u00e1ticas para acelerar a coopera\u00e7\u00e3o no quadro da Iniciativa Cintur\u00e3o e Rota, implementar conjuntamente as Iniciativas Globais de Desenvolvimento, Seguran\u00e7a e Civiliza\u00e7\u00e3o e promover a constru\u00e7\u00e3o da comunidade de futuro compartilhado China-Mianmar.<\/p>\n<p>Min Aung Hlaing disse que a visita hist\u00f3rica de Xi Jinping ao pa\u00eds em 2020 abriu um novo cap\u00edtulo na constru\u00e7\u00e3o da comunidade de um futuro compartilhado entre os dois pa\u00edses. H\u00e1 pouco tempo, Mianmar sofreu um forte terremoto, e o governo e o povo chin\u00eas prestaram oportunamente assist\u00eancia humanit\u00e1ria, mostrando plenamente a profunda amizade entre os dois povos para compartilhar alegrias e tristezas e se ajudar um ao outro.<\/p>\n<p>Min Aung Hlaing agradeceu \u00e0 China pelo seu firme apoio \u00e0 paz, estabilidade, reconcilia\u00e7\u00e3o nacional e ao desenvolvimento econ\u00f4mico de Mianmar e manifestou a expectativa de refor\u00e7ar a parceria resiliente e mutuamente ben\u00e9fica com a China.<\/p>\n","protected":false},"excerpt":{"rendered":"<p>O presidente chin\u00eas, Xi Jinping, e o l\u00edder de Mianmar, Min Aung Hlaing, trocaram neste domingo (8) mensagens de felicita\u00e7\u00f5es para celebrar o 75\u00ba anivers\u00e1rio do estabelecimento das rela\u00e7\u00f5es diplom\u00e1ticas entre os dois pa\u00edses. Xi Jinping disse que, ao longo&#8230;<\/p>\n","protected":false},"author":2,"featured_media":0,"comment_status":"open","ping_status":"open","sticky":false,"template":"","format":"standard","meta":{"footnotes":""},"categories":[3],"tags":[],"class_list":["post-8571","post","type-post","status-publish","format-standard","hentry","category-china"],"yoast_head":"<!-- This site is optimized with the Yoast SEO plugin v27.4 - https:\/\/yoast.com\/product\/yoast-seo-wordpress\/ -->\n<title>L\u00edderes de China e Mianmar trocam felicita\u00e7\u00f5es pelos 75 anos de rela\u00e7\u00f5es diplom\u00e1ticas - CRI e Diario de Pernambuco<\/title>\n<meta name=\"robots\" content=\"index, follow, max-snippet:-1, max-image-preview:large, max-video-preview:-1\" \/>\n<link rel=\"canonical\" href=\"https:\/\/diariodepe.com.br\/cri\/2025\/06\/09\/lideres-de-china-e-mianmar-trocam-felicitacoes-pelos-75-anos-de-relacoes-diplomaticas\/\" \/>\n<meta property=\"og:locale\" content=\"pt_BR\" \/>\n<meta property=\"og:type\" content=\"article\" \/>\n<meta property=\"og:title\" content=\"L\u00edderes de China e Mianmar trocam felicita\u00e7\u00f5es pelos 75 anos de rela\u00e7\u00f5es diplom\u00e1ticas - CRI e Diario de Pernambuco\" \/>\n<meta property=\"og:description\" content=\"O presidente chin\u00eas, Xi Jinping, e o l\u00edder de Mianmar, Min Aung Hlaing, trocaram neste domingo (8) mensagens de felicita\u00e7\u00f5es para celebrar o 75\u00ba anivers\u00e1rio do estabelecimento das rela\u00e7\u00f5es diplom\u00e1ticas entre os dois pa\u00edses. Xi Jinping disse que, ao longo...\" \/>\n<meta property=\"og:url\" content=\"https:\/\/diariodepe.com.br\/cri\/2025\/06\/09\/lideres-de-china-e-mianmar-trocam-felicitacoes-pelos-75-anos-de-relacoes-diplomaticas\/\" \/>\n<meta property=\"og:site_name\" content=\"CRI e Diario de Pernambuco\" \/>\n<meta property=\"article:published_time\" content=\"2025-06-09T08:51:37+00:00\" \/>\n<meta name=\"author\" content=\"Ismael Lucas S. Pereira\" \/>\n<meta name=\"twitter:card\" content=\"summary_large_image\" \/>\n<meta name=\"twitter:label1\" content=\"Escrito por\" \/>\n\t<meta name=\"twitter:data1\" content=\"Ismael Lucas S. Pereira\" \/>\n\t<meta name=\"twitter:label2\" content=\"Est. tempo de leitura\" \/>\n\t<meta name=\"twitter:data2\" content=\"2 minutos\" \/>\n<script type=\"application\/ld+json\" class=\"yoast-schema-graph\">{\"@context\":\"https:\\\/\\\/schema.org\",\"@graph\":[{\"@type\":\"Article\",\"@id\":\"https:\\\/\\\/diariodepe.com.br\\\/cri\\\/2025\\\/06\\\/09\\\/lideres-de-china-e-mianmar-trocam-felicitacoes-pelos-75-anos-de-relacoes-diplomaticas\\\/#article\",\"isPartOf\":{\"@id\":\"https:\\\/\\\/diariodepe.com.br\\\/cri\\\/2025\\\/06\\\/09\\\/lideres-de-china-e-mianmar-trocam-felicitacoes-pelos-75-anos-de-relacoes-diplomaticas\\\/\"},\"author\":{\"name\":\"Ismael Lucas S. Pereira\",\"@id\":\"https:\\\/\\\/diariodepe.com.br\\\/cri\\\/#\\\/schema\\\/person\\\/121bb28d84f1a5b1205ef4ce9c2e0c6b\"},\"headline\":\"L\u00edderes de China e Mianmar trocam felicita\u00e7\u00f5es pelos 75 anos de rela\u00e7\u00f5es diplom\u00e1ticas\",\"datePublished\":\"2025-06-09T08:51:37+00:00\",\"mainEntityOfPage\":{\"@id\":\"https:\\\/\\\/diariodepe.com.br\\\/cri\\\/2025\\\/06\\\/09\\\/lideres-de-china-e-mianmar-trocam-felicitacoes-pelos-75-anos-de-relacoes-diplomaticas\\\/\"},\"wordCount\":356,\"commentCount\":0,\"publisher\":{\"@id\":\"https:\\\/\\\/diariodepe.com.br\\\/cri\\\/#organization\"},\"articleSection\":[\"China\"],\"inLanguage\":\"pt-BR\",\"potentialAction\":[{\"@type\":\"CommentAction\",\"name\":\"Comment\",\"target\":[\"https:\\\/\\\/diariodepe.com.br\\\/cri\\\/2025\\\/06\\\/09\\\/lideres-de-china-e-mianmar-trocam-felicitacoes-pelos-75-anos-de-relacoes-diplomaticas\\\/#respond\"]}]},{\"@type\":\"WebPage\",\"@id\":\"https:\\\/\\\/diariodepe.com.br\\\/cri\\\/2025\\\/06\\\/09\\\/lideres-de-china-e-mianmar-trocam-felicitacoes-pelos-75-anos-de-relacoes-diplomaticas\\\/\",\"url\":\"https:\\\/\\\/diariodepe.com.br\\\/cri\\\/2025\\\/06\\\/09\\\/lideres-de-china-e-mianmar-trocam-felicitacoes-pelos-75-anos-de-relacoes-diplomaticas\\\/\",\"name\":\"L\u00edderes de China e Mianmar trocam felicita\u00e7\u00f5es pelos 75 anos de rela\u00e7\u00f5es diplom\u00e1ticas - CRI e Diario de Pernambuco\",\"isPartOf\":{\"@id\":\"https:\\\/\\\/diariodepe.com.br\\\/cri\\\/#website\"},\"datePublished\":\"2025-06-09T08:51:37+00:00\",\"breadcrumb\":{\"@id\":\"https:\\\/\\\/diariodepe.com.br\\\/cri\\\/2025\\\/06\\\/09\\\/lideres-de-china-e-mianmar-trocam-felicitacoes-pelos-75-anos-de-relacoes-diplomaticas\\\/#breadcrumb\"},\"inLanguage\":\"pt-BR\",\"potentialAction\":[{\"@type\":\"ReadAction\",\"target\":[\"https:\\\/\\\/diariodepe.com.br\\\/cri\\\/2025\\\/06\\\/09\\\/lideres-de-china-e-mianmar-trocam-felicitacoes-pelos-75-anos-de-relacoes-diplomaticas\\\/\"]}]},{\"@type\":\"BreadcrumbList\",\"@id\":\"https:\\\/\\\/diariodepe.com.br\\\/cri\\\/2025\\\/06\\\/09\\\/lideres-de-china-e-mianmar-trocam-felicitacoes-pelos-75-anos-de-relacoes-diplomaticas\\\/#breadcrumb\",\"itemListElement\":[{\"@type\":\"ListItem\",\"position\":1,\"name\":\"In\u00edcio\",\"item\":\"https:\\\/\\\/diariodepe.com.br\\\/cri\\\/\"},{\"@type\":\"ListItem\",\"position\":2,\"name\":\"L\u00edderes de China e Mianmar trocam felicita\u00e7\u00f5es pelos 75 anos de rela\u00e7\u00f5es diplom\u00e1ticas\"}]},{\"@type\":\"WebSite\",\"@id\":\"https:\\\/\\\/diariodepe.com.br\\\/cri\\\/#website\",\"url\":\"https:\\\/\\\/diariodepe.com.br\\\/cri\\\/\",\"name\":\"CRI e Diario de Pernambuco\",\"description\":\"R\u00e1dio Internacional da China\",\"publisher\":{\"@id\":\"https:\\\/\\\/diariodepe.com.br\\\/cri\\\/#organization\"},\"potentialAction\":[{\"@type\":\"SearchAction\",\"target\":{\"@type\":\"EntryPoint\",\"urlTemplate\":\"https:\\\/\\\/diariodepe.com.br\\\/cri\\\/?s={search_term_string}\"},\"query-input\":{\"@type\":\"PropertyValueSpecification\",\"valueRequired\":true,\"valueName\":\"search_term_string\"}}],\"inLanguage\":\"pt-BR\"},{\"@type\":\"Organization\",\"@id\":\"https:\\\/\\\/diariodepe.com.br\\\/cri\\\/#organization\",\"name\":\"CRI e Diario de Pernambuco\",\"url\":\"https:\\\/\\\/diariodepe.com.br\\\/cri\\\/\",\"logo\":{\"@type\":\"ImageObject\",\"inLanguage\":\"pt-BR\",\"@id\":\"https:\\\/\\\/diariodepe.com.br\\\/cri\\\/#\\\/schema\\\/logo\\\/image\\\/\",\"url\":\"https:\\\/\\\/diariodepe.com.br\\\/cri\\\/wp-content\\\/uploads\\\/sites\\\/2\\\/2022\\\/12\\\/cropped-Logo.jpg\",\"contentUrl\":\"https:\\\/\\\/diariodepe.com.br\\\/cri\\\/wp-content\\\/uploads\\\/sites\\\/2\\\/2022\\\/12\\\/cropped-Logo.jpg\",\"width\":700,\"height\":59,\"caption\":\"CRI e Diario de Pernambuco\"},\"image\":{\"@id\":\"https:\\\/\\\/diariodepe.com.br\\\/cri\\\/#\\\/schema\\\/logo\\\/image\\\/\"}},{\"@type\":\"Person\",\"@id\":\"https:\\\/\\\/diariodepe.com.br\\\/cri\\\/#\\\/schema\\\/person\\\/121bb28d84f1a5b1205ef4ce9c2e0c6b\",\"name\":\"Ismael Lucas S. Pereira\",\"image\":{\"@type\":\"ImageObject\",\"inLanguage\":\"pt-BR\",\"@id\":\"https:\\\/\\\/secure.gravatar.com\\\/avatar\\\/887a0f3b5a7ceea963a48499fb883ffce6b5037362def025c52c2505b15d63e4?s=96&d=mm&r=g\",\"url\":\"https:\\\/\\\/secure.gravatar.com\\\/avatar\\\/887a0f3b5a7ceea963a48499fb883ffce6b5037362def025c52c2505b15d63e4?s=96&d=mm&r=g\",\"contentUrl\":\"https:\\\/\\\/secure.gravatar.com\\\/avatar\\\/887a0f3b5a7ceea963a48499fb883ffce6b5037362def025c52c2505b15d63e4?s=96&d=mm&r=g\",\"caption\":\"Ismael Lucas S. Pereira\"},\"url\":\"https:\\\/\\\/diariodepe.com.br\\\/cri\\\/author\\\/ismael-lucas\\\/\"}]}<\/script>\n<!-- \/ Yoast SEO plugin. -->","yoast_head_json":{"title":"L\u00edderes de China e Mianmar trocam felicita\u00e7\u00f5es pelos 75 anos de rela\u00e7\u00f5es diplom\u00e1ticas - CRI e Diario de Pernambuco","robots":{"index":"index","follow":"follow","max-snippet":"max-snippet:-1","max-image-preview":"max-image-preview:large","max-video-preview":"max-video-preview:-1"},"canonical":"https:\/\/diariodepe.com.br\/cri\/2025\/06\/09\/lideres-de-china-e-mianmar-trocam-felicitacoes-pelos-75-anos-de-relacoes-diplomaticas\/","og_locale":"pt_BR","og_type":"article","og_title":"L\u00edderes de China e Mianmar trocam felicita\u00e7\u00f5es pelos 75 anos de rela\u00e7\u00f5es diplom\u00e1ticas - CRI e Diario de Pernambuco","og_description":"O presidente chin\u00eas, Xi Jinping, e o l\u00edder de Mianmar, Min Aung Hlaing, trocaram neste domingo (8) mensagens de felicita\u00e7\u00f5es para celebrar o 75\u00ba anivers\u00e1rio do estabelecimento das rela\u00e7\u00f5es diplom\u00e1ticas entre os dois pa\u00edses. Xi Jinping disse que, ao longo...","og_url":"https:\/\/diariodepe.com.br\/cri\/2025\/06\/09\/lideres-de-china-e-mianmar-trocam-felicitacoes-pelos-75-anos-de-relacoes-diplomaticas\/","og_site_name":"CRI e Diario de Pernambuco","article_published_time":"2025-06-09T08:51:37+00:00","author":"Ismael Lucas S. Pereira","twitter_card":"summary_large_image","twitter_misc":{"Escrito por":"Ismael Lucas S. Pereira","Est. tempo de leitura":"2 minutos"},"schema":{"@context":"https:\/\/schema.org","@graph":[{"@type":"Article","@id":"https:\/\/diariodepe.com.br\/cri\/2025\/06\/09\/lideres-de-china-e-mianmar-trocam-felicitacoes-pelos-75-anos-de-relacoes-diplomaticas\/#article","isPartOf":{"@id":"https:\/\/diariodepe.com.br\/cri\/2025\/06\/09\/lideres-de-china-e-mianmar-trocam-felicitacoes-pelos-75-anos-de-relacoes-diplomaticas\/"},"author":{"name":"Ismael Lucas S. Pereira","@id":"https:\/\/diariodepe.com.br\/cri\/#\/schema\/person\/121bb28d84f1a5b1205ef4ce9c2e0c6b"},"headline":"L\u00edderes de China e Mianmar trocam felicita\u00e7\u00f5es pelos 75 anos de rela\u00e7\u00f5es diplom\u00e1ticas","datePublished":"2025-06-09T08:51:37+00:00","mainEntityOfPage":{"@id":"https:\/\/diariodepe.com.br\/cri\/2025\/06\/09\/lideres-de-china-e-mianmar-trocam-felicitacoes-pelos-75-anos-de-relacoes-diplomaticas\/"},"wordCount":356,"commentCount":0,"publisher":{"@id":"https:\/\/diariodepe.com.br\/cri\/#organization"},"articleSection":["China"],"inLanguage":"pt-BR","potentialAction":[{"@type":"CommentAction","name":"Comment","target":["https:\/\/diariodepe.com.br\/cri\/2025\/06\/09\/lideres-de-china-e-mianmar-trocam-felicitacoes-pelos-75-anos-de-relacoes-diplomaticas\/#respond"]}]},{"@type":"WebPage","@id":"https:\/\/diariodepe.com.br\/cri\/2025\/06\/09\/lideres-de-china-e-mianmar-trocam-felicitacoes-pelos-75-anos-de-relacoes-diplomaticas\/","url":"https:\/\/diariodepe.com.br\/cri\/2025\/06\/09\/lideres-de-china-e-mianmar-trocam-felicitacoes-pelos-75-anos-de-relacoes-diplomaticas\/","name":"L\u00edderes de China e Mianmar trocam felicita\u00e7\u00f5es pelos 75 anos de rela\u00e7\u00f5es diplom\u00e1ticas - CRI e Diario de Pernambuco","isPartOf":{"@id":"https:\/\/diariodepe.com.br\/cri\/#website"},"datePublished":"2025-06-09T08:51:37+00:00","breadcrumb":{"@id":"https:\/\/diariodepe.com.br\/cri\/2025\/06\/09\/lideres-de-china-e-mianmar-trocam-felicitacoes-pelos-75-anos-de-relacoes-diplomaticas\/#breadcrumb"},"inLanguage":"pt-BR","potentialAction":[{"@type":"ReadAction","target":["https:\/\/diariodepe.com.br\/cri\/2025\/06\/09\/lideres-de-china-e-mianmar-trocam-felicitacoes-pelos-75-anos-de-relacoes-diplomaticas\/"]}]},{"@type":"BreadcrumbList","@id":"https:\/\/diariodepe.com.br\/cri\/2025\/06\/09\/lideres-de-china-e-mianmar-trocam-felicitacoes-pelos-75-anos-de-relacoes-diplomaticas\/#breadcrumb","itemListElement":[{"@type":"ListItem","position":1,"name":"In\u00edcio","item":"https:\/\/diariodepe.com.br\/cri\/"},{"@type":"ListItem","position":2,"name":"L\u00edderes de China e Mianmar trocam felicita\u00e7\u00f5es pelos 75 anos de rela\u00e7\u00f5es diplom\u00e1ticas"}]},{"@type":"WebSite","@id":"https:\/\/diariodepe.com.br\/cri\/#website","url":"https:\/\/diariodepe.com.br\/cri\/","name":"CRI e Diario de Pernambuco","description":"R\u00e1dio Internacional da China","publisher":{"@id":"https:\/\/diariodepe.com.br\/cri\/#organization"},"potentialAction":[{"@type":"SearchAction","target":{"@type":"EntryPoint","urlTemplate":"https:\/\/diariodepe.com.br\/cri\/?s={search_term_string}"},"query-input":{"@type":"PropertyValueSpecification","valueRequired":true,"valueName":"search_term_string"}}],"inLanguage":"pt-BR"},{"@type":"Organization","@id":"https:\/\/diariodepe.com.br\/cri\/#organization","name":"CRI e Diario de Pernambuco","url":"https:\/\/diariodepe.com.br\/cri\/","logo":{"@type":"ImageObject","inLanguage":"pt-BR","@id":"https:\/\/diariodepe.com.br\/cri\/#\/schema\/logo\/image\/","url":"https:\/\/diariodepe.com.br\/cri\/wp-content\/uploads\/sites\/2\/2022\/12\/cropped-Logo.jpg","contentUrl":"https:\/\/diariodepe.com.br\/cri\/wp-content\/uploads\/sites\/2\/2022\/12\/cropped-Logo.jpg","width":700,"height":59,"caption":"CRI e Diario de Pernambuco"},"image":{"@id":"https:\/\/diariodepe.com.br\/cri\/#\/schema\/logo\/image\/"}},{"@type":"Person","@id":"https:\/\/diariodepe.com.br\/cri\/#\/schema\/person\/121bb28d84f1a5b1205ef4ce9c2e0c6b","name":"Ismael Lucas S. Pereira","image":{"@type":"ImageObject","inLanguage":"pt-BR","@id":"https:\/\/secure.gravatar.com\/avatar\/887a0f3b5a7ceea963a48499fb883ffce6b5037362def025c52c2505b15d63e4?s=96&d=mm&r=g","url":"https:\/\/secure.gravatar.com\/avatar\/887a0f3b5a7ceea963a48499fb883ffce6b5037362def025c52c2505b15d63e4?s=96&d=mm&r=g","contentUrl":"https:\/\/secure.gravatar.com\/avatar\/887a0f3b5a7ceea963a48499fb883ffce6b5037362def025c52c2505b15d63e4?s=96&d=mm&r=g","caption":"Ismael Lucas S. Pereira"},"url":"https:\/\/diariodepe.com.br\/cri\/author\/ismael-lucas\/"}]}},"cc_featured_image_caption":{"caption_text":false,"source_text":false,"source_url":false},"amp_enabled":true,"_links":{"self":[{"href":"https:\/\/diariodepe.com.br\/cri\/wp-json\/wp\/v2\/posts\/8571","targetHints":{"allow":["GET"]}}],"collection":[{"href":"https:\/\/diariodepe.com.br\/cri\/wp-json\/wp\/v2\/posts"}],"about":[{"href":"https:\/\/diariodepe.com.br\/cri\/wp-json\/wp\/v2\/types\/post"}],"author":[{"embeddable":true,"href":"https:\/\/diariodepe.com.br\/cri\/wp-json\/wp\/v2\/users\/2"}],"replies":[{"embeddable":true,"href":"https:\/\/diariodepe.com.br\/cri\/wp-json\/wp\/v2\/comments?post=8571"}],"version-history":[{"count":1,"href":"https:\/\/diariodepe.com.br\/cri\/wp-json\/wp\/v2\/posts\/8571\/revisions"}],"predecessor-version":[{"id":8572,"href":"https:\/\/diariodepe.com.br\/cri\/wp-json\/wp\/v2\/posts\/8571\/revisions\/8572"}],"wp:attachment":[{"href":"https:\/\/diariodepe.com.br\/cri\/wp-json\/wp\/v2\/media?parent=8571"}],"wp:term":[{"taxonomy":"category","embeddable":true,"href":"https:\/\/diariodepe.com.br\/cri\/wp-json\/wp\/v2\/categories?post=8571"},{"taxonomy":"post_tag","embeddable":true,"href":"https:\/\/diariodepe.com.br\/cri\/wp-json\/wp\/v2\/tags?post=8571"}],"curies":[{"name":"wp","href":"https:\/\/api.w.org\/{rel}","templated":true}]}}