{"id":8567,"date":"2025-06-09T05:48:40","date_gmt":"2025-06-09T08:48:40","guid":{"rendered":"https:\/\/diariodepe.com.br\/cri\/?p=8567"},"modified":"2025-06-09T05:48:40","modified_gmt":"2025-06-09T08:48:40","slug":"conversa-telefonica-entre-chefes-de-estado-e-positiva-para-relacoes-china-eua","status":"publish","type":"post","link":"https:\/\/diariodepe.com.br\/cri\/2025\/06\/09\/conversa-telefonica-entre-chefes-de-estado-e-positiva-para-relacoes-china-eua\/","title":{"rendered":"Conversa telef\u00f4nica entre chefes de Estado \u00e9 positiva para rela\u00e7\u00f5es China-EUA"},"content":{"rendered":"<p>O presidente chin\u00eas, Xi Jinping, e o presidente dos Estados Unidos, Donald Trump, conversaram no dia 5 por telefone. Os ve\u00edculos de imprensa de v\u00e1rias partes do mundo reportaram sucessivamente o assunto: \u201cfoi uma conversa esperada h\u00e1 muito tempo\u201d, \u201cas duas partes concordaram em manter negocia\u00e7\u00f5es para resolver as disputas tarif\u00e1rias que atrapalham a economia mundial\u201d, \u201cfoi um di\u00e1logo muito importante para aliviar a tens\u00e3o comercial\u201d, etc.<\/p>\n<p><img decoding=\"async\" src=\"https:\/\/38picres.cgtn.com\/photoAlbum\/page\/performance\/img\/2025\/6\/7\/1749300448939_929.png\" width=\"100%\" height=\"auto\" \/><\/p>\n<p>Vale lembrar que na conversa, o presidente Xi Jinping destacou que recalibrar o curso do gigantesco navio das rela\u00e7\u00f5es sino-estadunidenses exige que ambos os lados assumam o leme e definam a dire\u00e7\u00e3o correta, acrescentando que \u00e9 particularmente importante evitar perturba\u00e7\u00f5es e interrup\u00e7\u00f5es de diversas naturezas. Segundo ele, a China vem aplicando o pacto com seriedade, e que os Estados Unidos devem reconhecer os avan\u00e7os alcan\u00e7ados com uma vis\u00e3o realista, eliminando as medidas negativas contra a China.<\/p>\n<p>Por sua vez, Donald Trump afirmou que os Estados Unidos acolhem o crescimento robusto da economia chinesa e que, trabalhando em conjunto, as duas na\u00e7\u00f5es podem alcan\u00e7ar conquistas significativas. Ele considerou a reuni\u00e3o em Genebra um grande sucesso, destacando o resultado de um acordo s\u00f3lido entre as partes e assegurando que os Estados Unidos trabalhar\u00e3o com a China para implement\u00e1-lo.<\/p>\n<p>No final, Trump ainda frisou que os Estados Unidos d\u00e3o as boas-vindas aos chineses que querem estudar no pa\u00eds.<\/p>\n<p>A quest\u00e3o econ\u00f4mica e comercial \u00e9 um foco das rela\u00e7\u00f5es entre a China e os EUA, mas as disputas no setor n\u00e3o ser\u00e3o facilmente resolvidas t\u00e3o cedo. O mais importante \u00e9 tratar o relacionamento econ\u00f4mico e comercial bilateral de uma perspectiva de ganho m\u00fatuo.<\/p>\n<p>Analistas consideram que a parte chinesa mostrou claramente suas preocupa\u00e7\u00f5es e exig\u00eancias. A China est\u00e1 disposta a resolver as diverg\u00eancias por meio de consultas com os EUA, mas nunca aceitar\u00e1 que Washington exer\u00e7a uma press\u00e3o extrema ou fa\u00e7a chantagem durante as negocia\u00e7\u00f5es, muito menos procurar\u00e1 chegar a um suposto acordo \u00e0 custa da sua posi\u00e7\u00e3o e princ\u00edpio.<\/p>\n<p>Al\u00e9m disso, o presidente chin\u00eas tamb\u00e9m enfatizou na conversa que os EUA devem lidar com prud\u00eancia a quest\u00e3o de Taiwan para evitar que um pequeno n\u00famero de separatistas que procuram a independ\u00eancia de Taiwan arraste os dois pa\u00edses pars uma situa\u00e7\u00e3o perigosa de conflito ou confronto.<\/p>\n<p>Para isso, Trump reiterou o compromisso dos EUA com o princ\u00edpio de Uma s\u00f3 China.<\/p>\n","protected":false},"excerpt":{"rendered":"<p>O presidente chin\u00eas, Xi Jinping, e o presidente dos Estados Unidos, Donald Trump, conversaram no dia 5 por telefone. Os ve\u00edculos de imprensa de v\u00e1rias partes do mundo reportaram sucessivamente o assunto: \u201cfoi uma conversa esperada h\u00e1 muito tempo\u201d, \u201cas&#8230;<\/p>\n","protected":false},"author":2,"featured_media":0,"comment_status":"open","ping_status":"open","sticky":false,"template":"","format":"standard","meta":{"footnotes":""},"categories":[7],"tags":[],"class_list":["post-8567","post","type-post","status-publish","format-standard","hentry","category-visao"],"yoast_head":"<!-- This site is optimized with the Yoast SEO plugin v27.4 - https:\/\/yoast.com\/product\/yoast-seo-wordpress\/ -->\n<title>Conversa telef\u00f4nica entre chefes de Estado \u00e9 positiva para rela\u00e7\u00f5es China-EUA - CRI e Diario de Pernambuco<\/title>\n<meta name=\"robots\" content=\"index, follow, max-snippet:-1, max-image-preview:large, max-video-preview:-1\" \/>\n<link rel=\"canonical\" href=\"https:\/\/diariodepe.com.br\/cri\/2025\/06\/09\/conversa-telefonica-entre-chefes-de-estado-e-positiva-para-relacoes-china-eua\/\" \/>\n<meta property=\"og:locale\" content=\"pt_BR\" \/>\n<meta property=\"og:type\" content=\"article\" \/>\n<meta property=\"og:title\" content=\"Conversa telef\u00f4nica entre chefes de Estado \u00e9 positiva para rela\u00e7\u00f5es China-EUA - CRI e Diario de Pernambuco\" \/>\n<meta property=\"og:description\" content=\"O presidente chin\u00eas, Xi Jinping, e o presidente dos Estados Unidos, Donald Trump, conversaram no dia 5 por telefone. Os ve\u00edculos de imprensa de v\u00e1rias partes do mundo reportaram sucessivamente o assunto: \u201cfoi uma conversa esperada h\u00e1 muito tempo\u201d, \u201cas...\" \/>\n<meta property=\"og:url\" content=\"https:\/\/diariodepe.com.br\/cri\/2025\/06\/09\/conversa-telefonica-entre-chefes-de-estado-e-positiva-para-relacoes-china-eua\/\" \/>\n<meta property=\"og:site_name\" content=\"CRI e Diario de Pernambuco\" \/>\n<meta property=\"article:published_time\" content=\"2025-06-09T08:48:40+00:00\" \/>\n<meta property=\"og:image\" content=\"https:\/\/38picres.cgtn.com\/photoAlbum\/page\/performance\/img\/2025\/6\/7\/1749300448939_929.png\" \/>\n<meta name=\"author\" content=\"Ismael Lucas S. Pereira\" \/>\n<meta name=\"twitter:card\" content=\"summary_large_image\" \/>\n<meta name=\"twitter:label1\" content=\"Escrito por\" \/>\n\t<meta name=\"twitter:data1\" content=\"Ismael Lucas S. Pereira\" \/>\n\t<meta name=\"twitter:label2\" content=\"Est. tempo de leitura\" \/>\n\t<meta name=\"twitter:data2\" content=\"2 minutos\" \/>\n<script type=\"application\/ld+json\" class=\"yoast-schema-graph\">{\"@context\":\"https:\\\/\\\/schema.org\",\"@graph\":[{\"@type\":\"Article\",\"@id\":\"https:\\\/\\\/diariodepe.com.br\\\/cri\\\/2025\\\/06\\\/09\\\/conversa-telefonica-entre-chefes-de-estado-e-positiva-para-relacoes-china-eua\\\/#article\",\"isPartOf\":{\"@id\":\"https:\\\/\\\/diariodepe.com.br\\\/cri\\\/2025\\\/06\\\/09\\\/conversa-telefonica-entre-chefes-de-estado-e-positiva-para-relacoes-china-eua\\\/\"},\"author\":{\"name\":\"Ismael Lucas S. Pereira\",\"@id\":\"https:\\\/\\\/diariodepe.com.br\\\/cri\\\/#\\\/schema\\\/person\\\/121bb28d84f1a5b1205ef4ce9c2e0c6b\"},\"headline\":\"Conversa telef\u00f4nica entre chefes de Estado \u00e9 positiva para rela\u00e7\u00f5es China-EUA\",\"datePublished\":\"2025-06-09T08:48:40+00:00\",\"mainEntityOfPage\":{\"@id\":\"https:\\\/\\\/diariodepe.com.br\\\/cri\\\/2025\\\/06\\\/09\\\/conversa-telefonica-entre-chefes-de-estado-e-positiva-para-relacoes-china-eua\\\/\"},\"wordCount\":440,\"commentCount\":0,\"publisher\":{\"@id\":\"https:\\\/\\\/diariodepe.com.br\\\/cri\\\/#organization\"},\"image\":{\"@id\":\"https:\\\/\\\/diariodepe.com.br\\\/cri\\\/2025\\\/06\\\/09\\\/conversa-telefonica-entre-chefes-de-estado-e-positiva-para-relacoes-china-eua\\\/#primaryimage\"},\"thumbnailUrl\":\"https:\\\/\\\/38picres.cgtn.com\\\/photoAlbum\\\/page\\\/performance\\\/img\\\/2025\\\/6\\\/7\\\/1749300448939_929.png\",\"articleSection\":[\"Vis\u00e3o\"],\"inLanguage\":\"pt-BR\",\"potentialAction\":[{\"@type\":\"CommentAction\",\"name\":\"Comment\",\"target\":[\"https:\\\/\\\/diariodepe.com.br\\\/cri\\\/2025\\\/06\\\/09\\\/conversa-telefonica-entre-chefes-de-estado-e-positiva-para-relacoes-china-eua\\\/#respond\"]}]},{\"@type\":\"WebPage\",\"@id\":\"https:\\\/\\\/diariodepe.com.br\\\/cri\\\/2025\\\/06\\\/09\\\/conversa-telefonica-entre-chefes-de-estado-e-positiva-para-relacoes-china-eua\\\/\",\"url\":\"https:\\\/\\\/diariodepe.com.br\\\/cri\\\/2025\\\/06\\\/09\\\/conversa-telefonica-entre-chefes-de-estado-e-positiva-para-relacoes-china-eua\\\/\",\"name\":\"Conversa telef\u00f4nica entre chefes de Estado \u00e9 positiva para rela\u00e7\u00f5es China-EUA - CRI e Diario de Pernambuco\",\"isPartOf\":{\"@id\":\"https:\\\/\\\/diariodepe.com.br\\\/cri\\\/#website\"},\"primaryImageOfPage\":{\"@id\":\"https:\\\/\\\/diariodepe.com.br\\\/cri\\\/2025\\\/06\\\/09\\\/conversa-telefonica-entre-chefes-de-estado-e-positiva-para-relacoes-china-eua\\\/#primaryimage\"},\"image\":{\"@id\":\"https:\\\/\\\/diariodepe.com.br\\\/cri\\\/2025\\\/06\\\/09\\\/conversa-telefonica-entre-chefes-de-estado-e-positiva-para-relacoes-china-eua\\\/#primaryimage\"},\"thumbnailUrl\":\"https:\\\/\\\/38picres.cgtn.com\\\/photoAlbum\\\/page\\\/performance\\\/img\\\/2025\\\/6\\\/7\\\/1749300448939_929.png\",\"datePublished\":\"2025-06-09T08:48:40+00:00\",\"breadcrumb\":{\"@id\":\"https:\\\/\\\/diariodepe.com.br\\\/cri\\\/2025\\\/06\\\/09\\\/conversa-telefonica-entre-chefes-de-estado-e-positiva-para-relacoes-china-eua\\\/#breadcrumb\"},\"inLanguage\":\"pt-BR\",\"potentialAction\":[{\"@type\":\"ReadAction\",\"target\":[\"https:\\\/\\\/diariodepe.com.br\\\/cri\\\/2025\\\/06\\\/09\\\/conversa-telefonica-entre-chefes-de-estado-e-positiva-para-relacoes-china-eua\\\/\"]}]},{\"@type\":\"ImageObject\",\"inLanguage\":\"pt-BR\",\"@id\":\"https:\\\/\\\/diariodepe.com.br\\\/cri\\\/2025\\\/06\\\/09\\\/conversa-telefonica-entre-chefes-de-estado-e-positiva-para-relacoes-china-eua\\\/#primaryimage\",\"url\":\"https:\\\/\\\/38picres.cgtn.com\\\/photoAlbum\\\/page\\\/performance\\\/img\\\/2025\\\/6\\\/7\\\/1749300448939_929.png\",\"contentUrl\":\"https:\\\/\\\/38picres.cgtn.com\\\/photoAlbum\\\/page\\\/performance\\\/img\\\/2025\\\/6\\\/7\\\/1749300448939_929.png\"},{\"@type\":\"BreadcrumbList\",\"@id\":\"https:\\\/\\\/diariodepe.com.br\\\/cri\\\/2025\\\/06\\\/09\\\/conversa-telefonica-entre-chefes-de-estado-e-positiva-para-relacoes-china-eua\\\/#breadcrumb\",\"itemListElement\":[{\"@type\":\"ListItem\",\"position\":1,\"name\":\"In\u00edcio\",\"item\":\"https:\\\/\\\/diariodepe.com.br\\\/cri\\\/\"},{\"@type\":\"ListItem\",\"position\":2,\"name\":\"Conversa telef\u00f4nica entre chefes de Estado \u00e9 positiva para rela\u00e7\u00f5es China-EUA\"}]},{\"@type\":\"WebSite\",\"@id\":\"https:\\\/\\\/diariodepe.com.br\\\/cri\\\/#website\",\"url\":\"https:\\\/\\\/diariodepe.com.br\\\/cri\\\/\",\"name\":\"CRI e Diario de Pernambuco\",\"description\":\"R\u00e1dio Internacional da China\",\"publisher\":{\"@id\":\"https:\\\/\\\/diariodepe.com.br\\\/cri\\\/#organization\"},\"potentialAction\":[{\"@type\":\"SearchAction\",\"target\":{\"@type\":\"EntryPoint\",\"urlTemplate\":\"https:\\\/\\\/diariodepe.com.br\\\/cri\\\/?s={search_term_string}\"},\"query-input\":{\"@type\":\"PropertyValueSpecification\",\"valueRequired\":true,\"valueName\":\"search_term_string\"}}],\"inLanguage\":\"pt-BR\"},{\"@type\":\"Organization\",\"@id\":\"https:\\\/\\\/diariodepe.com.br\\\/cri\\\/#organization\",\"name\":\"CRI e Diario de Pernambuco\",\"url\":\"https:\\\/\\\/diariodepe.com.br\\\/cri\\\/\",\"logo\":{\"@type\":\"ImageObject\",\"inLanguage\":\"pt-BR\",\"@id\":\"https:\\\/\\\/diariodepe.com.br\\\/cri\\\/#\\\/schema\\\/logo\\\/image\\\/\",\"url\":\"https:\\\/\\\/diariodepe.com.br\\\/cri\\\/wp-content\\\/uploads\\\/sites\\\/2\\\/2022\\\/12\\\/cropped-Logo.jpg\",\"contentUrl\":\"https:\\\/\\\/diariodepe.com.br\\\/cri\\\/wp-content\\\/uploads\\\/sites\\\/2\\\/2022\\\/12\\\/cropped-Logo.jpg\",\"width\":700,\"height\":59,\"caption\":\"CRI e Diario de Pernambuco\"},\"image\":{\"@id\":\"https:\\\/\\\/diariodepe.com.br\\\/cri\\\/#\\\/schema\\\/logo\\\/image\\\/\"}},{\"@type\":\"Person\",\"@id\":\"https:\\\/\\\/diariodepe.com.br\\\/cri\\\/#\\\/schema\\\/person\\\/121bb28d84f1a5b1205ef4ce9c2e0c6b\",\"name\":\"Ismael Lucas S. Pereira\",\"image\":{\"@type\":\"ImageObject\",\"inLanguage\":\"pt-BR\",\"@id\":\"https:\\\/\\\/secure.gravatar.com\\\/avatar\\\/887a0f3b5a7ceea963a48499fb883ffce6b5037362def025c52c2505b15d63e4?s=96&d=mm&r=g\",\"url\":\"https:\\\/\\\/secure.gravatar.com\\\/avatar\\\/887a0f3b5a7ceea963a48499fb883ffce6b5037362def025c52c2505b15d63e4?s=96&d=mm&r=g\",\"contentUrl\":\"https:\\\/\\\/secure.gravatar.com\\\/avatar\\\/887a0f3b5a7ceea963a48499fb883ffce6b5037362def025c52c2505b15d63e4?s=96&d=mm&r=g\",\"caption\":\"Ismael Lucas S. Pereira\"},\"url\":\"https:\\\/\\\/diariodepe.com.br\\\/cri\\\/author\\\/ismael-lucas\\\/\"}]}<\/script>\n<!-- \/ Yoast SEO plugin. -->","yoast_head_json":{"title":"Conversa telef\u00f4nica entre chefes de Estado \u00e9 positiva para rela\u00e7\u00f5es China-EUA - CRI e Diario de Pernambuco","robots":{"index":"index","follow":"follow","max-snippet":"max-snippet:-1","max-image-preview":"max-image-preview:large","max-video-preview":"max-video-preview:-1"},"canonical":"https:\/\/diariodepe.com.br\/cri\/2025\/06\/09\/conversa-telefonica-entre-chefes-de-estado-e-positiva-para-relacoes-china-eua\/","og_locale":"pt_BR","og_type":"article","og_title":"Conversa telef\u00f4nica entre chefes de Estado \u00e9 positiva para rela\u00e7\u00f5es China-EUA - CRI e Diario de Pernambuco","og_description":"O presidente chin\u00eas, Xi Jinping, e o presidente dos Estados Unidos, Donald Trump, conversaram no dia 5 por telefone. Os ve\u00edculos de imprensa de v\u00e1rias partes do mundo reportaram sucessivamente o assunto: \u201cfoi uma conversa esperada h\u00e1 muito tempo\u201d, \u201cas...","og_url":"https:\/\/diariodepe.com.br\/cri\/2025\/06\/09\/conversa-telefonica-entre-chefes-de-estado-e-positiva-para-relacoes-china-eua\/","og_site_name":"CRI e Diario de Pernambuco","article_published_time":"2025-06-09T08:48:40+00:00","og_image":[{"url":"https:\/\/38picres.cgtn.com\/photoAlbum\/page\/performance\/img\/2025\/6\/7\/1749300448939_929.png","type":"","width":"","height":""}],"author":"Ismael Lucas S. Pereira","twitter_card":"summary_large_image","twitter_misc":{"Escrito por":"Ismael Lucas S. Pereira","Est. tempo de leitura":"2 minutos"},"schema":{"@context":"https:\/\/schema.org","@graph":[{"@type":"Article","@id":"https:\/\/diariodepe.com.br\/cri\/2025\/06\/09\/conversa-telefonica-entre-chefes-de-estado-e-positiva-para-relacoes-china-eua\/#article","isPartOf":{"@id":"https:\/\/diariodepe.com.br\/cri\/2025\/06\/09\/conversa-telefonica-entre-chefes-de-estado-e-positiva-para-relacoes-china-eua\/"},"author":{"name":"Ismael Lucas S. Pereira","@id":"https:\/\/diariodepe.com.br\/cri\/#\/schema\/person\/121bb28d84f1a5b1205ef4ce9c2e0c6b"},"headline":"Conversa telef\u00f4nica entre chefes de Estado \u00e9 positiva para rela\u00e7\u00f5es China-EUA","datePublished":"2025-06-09T08:48:40+00:00","mainEntityOfPage":{"@id":"https:\/\/diariodepe.com.br\/cri\/2025\/06\/09\/conversa-telefonica-entre-chefes-de-estado-e-positiva-para-relacoes-china-eua\/"},"wordCount":440,"commentCount":0,"publisher":{"@id":"https:\/\/diariodepe.com.br\/cri\/#organization"},"image":{"@id":"https:\/\/diariodepe.com.br\/cri\/2025\/06\/09\/conversa-telefonica-entre-chefes-de-estado-e-positiva-para-relacoes-china-eua\/#primaryimage"},"thumbnailUrl":"https:\/\/38picres.cgtn.com\/photoAlbum\/page\/performance\/img\/2025\/6\/7\/1749300448939_929.png","articleSection":["Vis\u00e3o"],"inLanguage":"pt-BR","potentialAction":[{"@type":"CommentAction","name":"Comment","target":["https:\/\/diariodepe.com.br\/cri\/2025\/06\/09\/conversa-telefonica-entre-chefes-de-estado-e-positiva-para-relacoes-china-eua\/#respond"]}]},{"@type":"WebPage","@id":"https:\/\/diariodepe.com.br\/cri\/2025\/06\/09\/conversa-telefonica-entre-chefes-de-estado-e-positiva-para-relacoes-china-eua\/","url":"https:\/\/diariodepe.com.br\/cri\/2025\/06\/09\/conversa-telefonica-entre-chefes-de-estado-e-positiva-para-relacoes-china-eua\/","name":"Conversa telef\u00f4nica entre chefes de Estado \u00e9 positiva para rela\u00e7\u00f5es China-EUA - CRI e Diario de Pernambuco","isPartOf":{"@id":"https:\/\/diariodepe.com.br\/cri\/#website"},"primaryImageOfPage":{"@id":"https:\/\/diariodepe.com.br\/cri\/2025\/06\/09\/conversa-telefonica-entre-chefes-de-estado-e-positiva-para-relacoes-china-eua\/#primaryimage"},"image":{"@id":"https:\/\/diariodepe.com.br\/cri\/2025\/06\/09\/conversa-telefonica-entre-chefes-de-estado-e-positiva-para-relacoes-china-eua\/#primaryimage"},"thumbnailUrl":"https:\/\/38picres.cgtn.com\/photoAlbum\/page\/performance\/img\/2025\/6\/7\/1749300448939_929.png","datePublished":"2025-06-09T08:48:40+00:00","breadcrumb":{"@id":"https:\/\/diariodepe.com.br\/cri\/2025\/06\/09\/conversa-telefonica-entre-chefes-de-estado-e-positiva-para-relacoes-china-eua\/#breadcrumb"},"inLanguage":"pt-BR","potentialAction":[{"@type":"ReadAction","target":["https:\/\/diariodepe.com.br\/cri\/2025\/06\/09\/conversa-telefonica-entre-chefes-de-estado-e-positiva-para-relacoes-china-eua\/"]}]},{"@type":"ImageObject","inLanguage":"pt-BR","@id":"https:\/\/diariodepe.com.br\/cri\/2025\/06\/09\/conversa-telefonica-entre-chefes-de-estado-e-positiva-para-relacoes-china-eua\/#primaryimage","url":"https:\/\/38picres.cgtn.com\/photoAlbum\/page\/performance\/img\/2025\/6\/7\/1749300448939_929.png","contentUrl":"https:\/\/38picres.cgtn.com\/photoAlbum\/page\/performance\/img\/2025\/6\/7\/1749300448939_929.png"},{"@type":"BreadcrumbList","@id":"https:\/\/diariodepe.com.br\/cri\/2025\/06\/09\/conversa-telefonica-entre-chefes-de-estado-e-positiva-para-relacoes-china-eua\/#breadcrumb","itemListElement":[{"@type":"ListItem","position":1,"name":"In\u00edcio","item":"https:\/\/diariodepe.com.br\/cri\/"},{"@type":"ListItem","position":2,"name":"Conversa telef\u00f4nica entre chefes de Estado \u00e9 positiva para rela\u00e7\u00f5es China-EUA"}]},{"@type":"WebSite","@id":"https:\/\/diariodepe.com.br\/cri\/#website","url":"https:\/\/diariodepe.com.br\/cri\/","name":"CRI e Diario de Pernambuco","description":"R\u00e1dio Internacional da China","publisher":{"@id":"https:\/\/diariodepe.com.br\/cri\/#organization"},"potentialAction":[{"@type":"SearchAction","target":{"@type":"EntryPoint","urlTemplate":"https:\/\/diariodepe.com.br\/cri\/?s={search_term_string}"},"query-input":{"@type":"PropertyValueSpecification","valueRequired":true,"valueName":"search_term_string"}}],"inLanguage":"pt-BR"},{"@type":"Organization","@id":"https:\/\/diariodepe.com.br\/cri\/#organization","name":"CRI e Diario de Pernambuco","url":"https:\/\/diariodepe.com.br\/cri\/","logo":{"@type":"ImageObject","inLanguage":"pt-BR","@id":"https:\/\/diariodepe.com.br\/cri\/#\/schema\/logo\/image\/","url":"https:\/\/diariodepe.com.br\/cri\/wp-content\/uploads\/sites\/2\/2022\/12\/cropped-Logo.jpg","contentUrl":"https:\/\/diariodepe.com.br\/cri\/wp-content\/uploads\/sites\/2\/2022\/12\/cropped-Logo.jpg","width":700,"height":59,"caption":"CRI e Diario de Pernambuco"},"image":{"@id":"https:\/\/diariodepe.com.br\/cri\/#\/schema\/logo\/image\/"}},{"@type":"Person","@id":"https:\/\/diariodepe.com.br\/cri\/#\/schema\/person\/121bb28d84f1a5b1205ef4ce9c2e0c6b","name":"Ismael Lucas S. Pereira","image":{"@type":"ImageObject","inLanguage":"pt-BR","@id":"https:\/\/secure.gravatar.com\/avatar\/887a0f3b5a7ceea963a48499fb883ffce6b5037362def025c52c2505b15d63e4?s=96&d=mm&r=g","url":"https:\/\/secure.gravatar.com\/avatar\/887a0f3b5a7ceea963a48499fb883ffce6b5037362def025c52c2505b15d63e4?s=96&d=mm&r=g","contentUrl":"https:\/\/secure.gravatar.com\/avatar\/887a0f3b5a7ceea963a48499fb883ffce6b5037362def025c52c2505b15d63e4?s=96&d=mm&r=g","caption":"Ismael Lucas S. Pereira"},"url":"https:\/\/diariodepe.com.br\/cri\/author\/ismael-lucas\/"}]}},"cc_featured_image_caption":{"caption_text":false,"source_text":false,"source_url":false},"amp_enabled":true,"_links":{"self":[{"href":"https:\/\/diariodepe.com.br\/cri\/wp-json\/wp\/v2\/posts\/8567","targetHints":{"allow":["GET"]}}],"collection":[{"href":"https:\/\/diariodepe.com.br\/cri\/wp-json\/wp\/v2\/posts"}],"about":[{"href":"https:\/\/diariodepe.com.br\/cri\/wp-json\/wp\/v2\/types\/post"}],"author":[{"embeddable":true,"href":"https:\/\/diariodepe.com.br\/cri\/wp-json\/wp\/v2\/users\/2"}],"replies":[{"embeddable":true,"href":"https:\/\/diariodepe.com.br\/cri\/wp-json\/wp\/v2\/comments?post=8567"}],"version-history":[{"count":1,"href":"https:\/\/diariodepe.com.br\/cri\/wp-json\/wp\/v2\/posts\/8567\/revisions"}],"predecessor-version":[{"id":8568,"href":"https:\/\/diariodepe.com.br\/cri\/wp-json\/wp\/v2\/posts\/8567\/revisions\/8568"}],"wp:attachment":[{"href":"https:\/\/diariodepe.com.br\/cri\/wp-json\/wp\/v2\/media?parent=8567"}],"wp:term":[{"taxonomy":"category","embeddable":true,"href":"https:\/\/diariodepe.com.br\/cri\/wp-json\/wp\/v2\/categories?post=8567"},{"taxonomy":"post_tag","embeddable":true,"href":"https:\/\/diariodepe.com.br\/cri\/wp-json\/wp\/v2\/tags?post=8567"}],"curies":[{"name":"wp","href":"https:\/\/api.w.org\/{rel}","templated":true}]}}