{"id":8557,"date":"2025-06-09T05:45:40","date_gmt":"2025-06-09T08:45:40","guid":{"rendered":"https:\/\/diariodepe.com.br\/cri\/?p=8557"},"modified":"2025-06-09T05:45:40","modified_gmt":"2025-06-09T08:45:40","slug":"favorabilidade-de-1-5-e-um-alerta-para-quem-pratica-intimidacao-tarifaria","status":"publish","type":"post","link":"https:\/\/diariodepe.com.br\/cri\/2025\/06\/09\/favorabilidade-de-1-5-e-um-alerta-para-quem-pratica-intimidacao-tarifaria\/","title":{"rendered":"Favorabilidade de \u201c-1.5\u201d \u00e9 um alerta para quem pratica intimida\u00e7\u00e3o tarif\u00e1ria"},"content":{"rendered":"<p><img decoding=\"async\" src=\"https:\/\/38picres.cgtn.com\/photoAlbum\/page\/performance\/img\/2025\/6\/5\/1749114031176_449.jpg\" width=\"100%\" height=\"auto\" \/><\/p>\n<p>\u201cA opini\u00e3o global sobre os Estados Unidos tornou-se negativa, enquanto a favorabilidade em rela\u00e7\u00e3o \u00e0 China cresce.\u201d Uma pesquisa recente da empresa estadunidense de consultoria Morning Consult mostra que, at\u00e9 o final de maio deste ano, o \u00edndice l\u00edquido de favorabilidade global dos EUA caiu para -1,5, enquanto o da China subiu para 8,8. O diretor da empresa classificou o resultado como \u201cum golpe no poder brando dos EUA\u201d. O fato confirma uma tend\u00eancia: o mundo est\u00e1 cada vez mais cr\u00edtico em rela\u00e7\u00e3o aos EUA e mais favor\u00e1vel \u00e0 China.<\/p>\n<p>Desde o in\u00edcio do\u00a0ano, o uso abusivo de medidas tarif\u00e1rias pelos EUA\u00a0tem provocado uma s\u00e9rie de efeitos negativos, n\u00e3o apenas para a economia global, mas tamb\u00e9m para o pr\u00f3prio pa\u00eds. No \u00faltimo dia 4, o governo estadunidense anunciou o aumento das\u00a0tarifas sobre a\u00e7o e alum\u00ednio importados,\u00a0de 25% para 50%, o que gerou forte condena\u00e7\u00e3o internacional.<\/p>\n<p>Na pr\u00e1tica, essa nova rodada de aumentos tarif\u00e1rios atingir\u00e1 principalmente os pr\u00f3prios aliados dos EUA. Atualmente, cerca de\u00a0um quarto do\u00a0a\u00e7o e metade do alum\u00ednio utilizados pelo pa\u00eds v\u00eam de importa\u00e7\u00f5es. Segundo dados do American Iron and Steel Institute, os principais pa\u00edses exportadores de a\u00e7o para os EUA s\u00e3o Canad\u00e1, Brasil, M\u00e9xico, Coreia do Sul e Vietn\u00e3.<\/p>\n<p><img decoding=\"async\" src=\"https:\/\/38picres.cgtn.com\/photoAlbum\/page\/performance\/img\/2025\/6\/5\/1749114039939_100.png\" width=\"100%\" height=\"auto\" \/><\/p>\n<p>No caso da China, as exporta\u00e7\u00f5es de a\u00e7o e alum\u00ednio para os EUA representam apenas\u00a0cerca de 10% do total. Os fatos j\u00e1 demonstraram que esse tipo de tarifa\u00e7\u00e3o acaba sendo repassado ao consumidor estadunidense. Ve\u00edculos de comunica\u00e7\u00e3o ocidentais afirmam que os EUA \u201cestouraram o cr\u00e9dito estrat\u00e9gico acumulado desde a Segunda Guerra Mundial\u201d.<\/p>\n<p>Atualmente, os EUA, por um lado, continuam a elevar tarifas contra seus parceiros comerciais; por outro, violam o consenso das negocia\u00e7\u00f5es econ\u00f4micas e comerciais sino-americanas realizadas em Genebra, lan\u00e7ando acusa\u00e7\u00f5es infundadas contra a China e intensificando a ruptura no com\u00e9rcio internacional e na economia mundial.<\/p>\n<p>Cada vez mais pa\u00edses percebem que o lema \u201cAmerica First\u201d s\u00f3 traz instabilidade, e que ceder \u00e0 intimida\u00e7\u00e3o tarif\u00e1ria resulta, inevitavelmente, em preju\u00edzos. Apenas com unidade, autossufici\u00eancia e coopera\u00e7\u00e3o mutuamente ben\u00e9fica ser\u00e1 poss\u00edvel defender direitos, garantir\u00a0interesses e alcan\u00e7ar o desenvolvimento comum.<\/p>\n","protected":false},"excerpt":{"rendered":"<p>\u201cA opini\u00e3o global sobre os Estados Unidos tornou-se negativa, enquanto a favorabilidade em rela\u00e7\u00e3o \u00e0 China cresce.\u201d Uma pesquisa recente da empresa estadunidense de consultoria Morning Consult mostra que, at\u00e9 o final de maio deste ano, o \u00edndice l\u00edquido de&#8230;<\/p>\n","protected":false},"author":2,"featured_media":0,"comment_status":"open","ping_status":"open","sticky":false,"template":"","format":"standard","meta":{"footnotes":""},"categories":[7],"tags":[],"class_list":["post-8557","post","type-post","status-publish","format-standard","hentry","category-visao"],"yoast_head":"<!-- This site is optimized with the Yoast SEO plugin v27.4 - https:\/\/yoast.com\/product\/yoast-seo-wordpress\/ -->\n<title>Favorabilidade de \u201c-1.5\u201d \u00e9 um alerta para quem pratica intimida\u00e7\u00e3o tarif\u00e1ria - CRI e Diario de Pernambuco<\/title>\n<meta name=\"robots\" content=\"index, follow, max-snippet:-1, max-image-preview:large, max-video-preview:-1\" \/>\n<link rel=\"canonical\" href=\"https:\/\/diariodepe.com.br\/cri\/2025\/06\/09\/favorabilidade-de-1-5-e-um-alerta-para-quem-pratica-intimidacao-tarifaria\/\" \/>\n<meta property=\"og:locale\" content=\"pt_BR\" \/>\n<meta property=\"og:type\" content=\"article\" \/>\n<meta property=\"og:title\" content=\"Favorabilidade de \u201c-1.5\u201d \u00e9 um alerta para quem pratica intimida\u00e7\u00e3o tarif\u00e1ria - CRI e Diario de Pernambuco\" \/>\n<meta property=\"og:description\" content=\"\u201cA opini\u00e3o global sobre os Estados Unidos tornou-se negativa, enquanto a favorabilidade em rela\u00e7\u00e3o \u00e0 China cresce.\u201d Uma pesquisa recente da empresa estadunidense de consultoria Morning Consult mostra que, at\u00e9 o final de maio deste ano, o \u00edndice l\u00edquido de...\" \/>\n<meta property=\"og:url\" content=\"https:\/\/diariodepe.com.br\/cri\/2025\/06\/09\/favorabilidade-de-1-5-e-um-alerta-para-quem-pratica-intimidacao-tarifaria\/\" \/>\n<meta property=\"og:site_name\" content=\"CRI e Diario de Pernambuco\" \/>\n<meta property=\"article:published_time\" content=\"2025-06-09T08:45:40+00:00\" \/>\n<meta property=\"og:image\" content=\"https:\/\/38picres.cgtn.com\/photoAlbum\/page\/performance\/img\/2025\/6\/5\/1749114031176_449.jpg\" \/>\n<meta name=\"author\" content=\"Ismael Lucas S. Pereira\" \/>\n<meta name=\"twitter:card\" content=\"summary_large_image\" \/>\n<meta name=\"twitter:label1\" content=\"Escrito por\" \/>\n\t<meta name=\"twitter:data1\" content=\"Ismael Lucas S. Pereira\" \/>\n\t<meta name=\"twitter:label2\" content=\"Est. tempo de leitura\" \/>\n\t<meta name=\"twitter:data2\" content=\"2 minutos\" \/>\n<script type=\"application\/ld+json\" class=\"yoast-schema-graph\">{\"@context\":\"https:\\\/\\\/schema.org\",\"@graph\":[{\"@type\":\"Article\",\"@id\":\"https:\\\/\\\/diariodepe.com.br\\\/cri\\\/2025\\\/06\\\/09\\\/favorabilidade-de-1-5-e-um-alerta-para-quem-pratica-intimidacao-tarifaria\\\/#article\",\"isPartOf\":{\"@id\":\"https:\\\/\\\/diariodepe.com.br\\\/cri\\\/2025\\\/06\\\/09\\\/favorabilidade-de-1-5-e-um-alerta-para-quem-pratica-intimidacao-tarifaria\\\/\"},\"author\":{\"name\":\"Ismael Lucas S. Pereira\",\"@id\":\"https:\\\/\\\/diariodepe.com.br\\\/cri\\\/#\\\/schema\\\/person\\\/121bb28d84f1a5b1205ef4ce9c2e0c6b\"},\"headline\":\"Favorabilidade de \u201c-1.5\u201d \u00e9 um alerta para quem pratica intimida\u00e7\u00e3o tarif\u00e1ria\",\"datePublished\":\"2025-06-09T08:45:40+00:00\",\"mainEntityOfPage\":{\"@id\":\"https:\\\/\\\/diariodepe.com.br\\\/cri\\\/2025\\\/06\\\/09\\\/favorabilidade-de-1-5-e-um-alerta-para-quem-pratica-intimidacao-tarifaria\\\/\"},\"wordCount\":402,\"commentCount\":0,\"publisher\":{\"@id\":\"https:\\\/\\\/diariodepe.com.br\\\/cri\\\/#organization\"},\"image\":{\"@id\":\"https:\\\/\\\/diariodepe.com.br\\\/cri\\\/2025\\\/06\\\/09\\\/favorabilidade-de-1-5-e-um-alerta-para-quem-pratica-intimidacao-tarifaria\\\/#primaryimage\"},\"thumbnailUrl\":\"https:\\\/\\\/38picres.cgtn.com\\\/photoAlbum\\\/page\\\/performance\\\/img\\\/2025\\\/6\\\/5\\\/1749114031176_449.jpg\",\"articleSection\":[\"Vis\u00e3o\"],\"inLanguage\":\"pt-BR\",\"potentialAction\":[{\"@type\":\"CommentAction\",\"name\":\"Comment\",\"target\":[\"https:\\\/\\\/diariodepe.com.br\\\/cri\\\/2025\\\/06\\\/09\\\/favorabilidade-de-1-5-e-um-alerta-para-quem-pratica-intimidacao-tarifaria\\\/#respond\"]}]},{\"@type\":\"WebPage\",\"@id\":\"https:\\\/\\\/diariodepe.com.br\\\/cri\\\/2025\\\/06\\\/09\\\/favorabilidade-de-1-5-e-um-alerta-para-quem-pratica-intimidacao-tarifaria\\\/\",\"url\":\"https:\\\/\\\/diariodepe.com.br\\\/cri\\\/2025\\\/06\\\/09\\\/favorabilidade-de-1-5-e-um-alerta-para-quem-pratica-intimidacao-tarifaria\\\/\",\"name\":\"Favorabilidade de \u201c-1.5\u201d \u00e9 um alerta para quem pratica intimida\u00e7\u00e3o tarif\u00e1ria - CRI e Diario de Pernambuco\",\"isPartOf\":{\"@id\":\"https:\\\/\\\/diariodepe.com.br\\\/cri\\\/#website\"},\"primaryImageOfPage\":{\"@id\":\"https:\\\/\\\/diariodepe.com.br\\\/cri\\\/2025\\\/06\\\/09\\\/favorabilidade-de-1-5-e-um-alerta-para-quem-pratica-intimidacao-tarifaria\\\/#primaryimage\"},\"image\":{\"@id\":\"https:\\\/\\\/diariodepe.com.br\\\/cri\\\/2025\\\/06\\\/09\\\/favorabilidade-de-1-5-e-um-alerta-para-quem-pratica-intimidacao-tarifaria\\\/#primaryimage\"},\"thumbnailUrl\":\"https:\\\/\\\/38picres.cgtn.com\\\/photoAlbum\\\/page\\\/performance\\\/img\\\/2025\\\/6\\\/5\\\/1749114031176_449.jpg\",\"datePublished\":\"2025-06-09T08:45:40+00:00\",\"breadcrumb\":{\"@id\":\"https:\\\/\\\/diariodepe.com.br\\\/cri\\\/2025\\\/06\\\/09\\\/favorabilidade-de-1-5-e-um-alerta-para-quem-pratica-intimidacao-tarifaria\\\/#breadcrumb\"},\"inLanguage\":\"pt-BR\",\"potentialAction\":[{\"@type\":\"ReadAction\",\"target\":[\"https:\\\/\\\/diariodepe.com.br\\\/cri\\\/2025\\\/06\\\/09\\\/favorabilidade-de-1-5-e-um-alerta-para-quem-pratica-intimidacao-tarifaria\\\/\"]}]},{\"@type\":\"ImageObject\",\"inLanguage\":\"pt-BR\",\"@id\":\"https:\\\/\\\/diariodepe.com.br\\\/cri\\\/2025\\\/06\\\/09\\\/favorabilidade-de-1-5-e-um-alerta-para-quem-pratica-intimidacao-tarifaria\\\/#primaryimage\",\"url\":\"https:\\\/\\\/38picres.cgtn.com\\\/photoAlbum\\\/page\\\/performance\\\/img\\\/2025\\\/6\\\/5\\\/1749114031176_449.jpg\",\"contentUrl\":\"https:\\\/\\\/38picres.cgtn.com\\\/photoAlbum\\\/page\\\/performance\\\/img\\\/2025\\\/6\\\/5\\\/1749114031176_449.jpg\"},{\"@type\":\"BreadcrumbList\",\"@id\":\"https:\\\/\\\/diariodepe.com.br\\\/cri\\\/2025\\\/06\\\/09\\\/favorabilidade-de-1-5-e-um-alerta-para-quem-pratica-intimidacao-tarifaria\\\/#breadcrumb\",\"itemListElement\":[{\"@type\":\"ListItem\",\"position\":1,\"name\":\"In\u00edcio\",\"item\":\"https:\\\/\\\/diariodepe.com.br\\\/cri\\\/\"},{\"@type\":\"ListItem\",\"position\":2,\"name\":\"Favorabilidade de \u201c-1.5\u201d \u00e9 um alerta para quem pratica intimida\u00e7\u00e3o tarif\u00e1ria\"}]},{\"@type\":\"WebSite\",\"@id\":\"https:\\\/\\\/diariodepe.com.br\\\/cri\\\/#website\",\"url\":\"https:\\\/\\\/diariodepe.com.br\\\/cri\\\/\",\"name\":\"CRI e Diario de Pernambuco\",\"description\":\"R\u00e1dio Internacional da China\",\"publisher\":{\"@id\":\"https:\\\/\\\/diariodepe.com.br\\\/cri\\\/#organization\"},\"potentialAction\":[{\"@type\":\"SearchAction\",\"target\":{\"@type\":\"EntryPoint\",\"urlTemplate\":\"https:\\\/\\\/diariodepe.com.br\\\/cri\\\/?s={search_term_string}\"},\"query-input\":{\"@type\":\"PropertyValueSpecification\",\"valueRequired\":true,\"valueName\":\"search_term_string\"}}],\"inLanguage\":\"pt-BR\"},{\"@type\":\"Organization\",\"@id\":\"https:\\\/\\\/diariodepe.com.br\\\/cri\\\/#organization\",\"name\":\"CRI e Diario de Pernambuco\",\"url\":\"https:\\\/\\\/diariodepe.com.br\\\/cri\\\/\",\"logo\":{\"@type\":\"ImageObject\",\"inLanguage\":\"pt-BR\",\"@id\":\"https:\\\/\\\/diariodepe.com.br\\\/cri\\\/#\\\/schema\\\/logo\\\/image\\\/\",\"url\":\"https:\\\/\\\/diariodepe.com.br\\\/cri\\\/wp-content\\\/uploads\\\/sites\\\/2\\\/2022\\\/12\\\/cropped-Logo.jpg\",\"contentUrl\":\"https:\\\/\\\/diariodepe.com.br\\\/cri\\\/wp-content\\\/uploads\\\/sites\\\/2\\\/2022\\\/12\\\/cropped-Logo.jpg\",\"width\":700,\"height\":59,\"caption\":\"CRI e Diario de Pernambuco\"},\"image\":{\"@id\":\"https:\\\/\\\/diariodepe.com.br\\\/cri\\\/#\\\/schema\\\/logo\\\/image\\\/\"}},{\"@type\":\"Person\",\"@id\":\"https:\\\/\\\/diariodepe.com.br\\\/cri\\\/#\\\/schema\\\/person\\\/121bb28d84f1a5b1205ef4ce9c2e0c6b\",\"name\":\"Ismael Lucas S. Pereira\",\"image\":{\"@type\":\"ImageObject\",\"inLanguage\":\"pt-BR\",\"@id\":\"https:\\\/\\\/secure.gravatar.com\\\/avatar\\\/887a0f3b5a7ceea963a48499fb883ffce6b5037362def025c52c2505b15d63e4?s=96&d=mm&r=g\",\"url\":\"https:\\\/\\\/secure.gravatar.com\\\/avatar\\\/887a0f3b5a7ceea963a48499fb883ffce6b5037362def025c52c2505b15d63e4?s=96&d=mm&r=g\",\"contentUrl\":\"https:\\\/\\\/secure.gravatar.com\\\/avatar\\\/887a0f3b5a7ceea963a48499fb883ffce6b5037362def025c52c2505b15d63e4?s=96&d=mm&r=g\",\"caption\":\"Ismael Lucas S. Pereira\"},\"url\":\"https:\\\/\\\/diariodepe.com.br\\\/cri\\\/author\\\/ismael-lucas\\\/\"}]}<\/script>\n<!-- \/ Yoast SEO plugin. -->","yoast_head_json":{"title":"Favorabilidade de \u201c-1.5\u201d \u00e9 um alerta para quem pratica intimida\u00e7\u00e3o tarif\u00e1ria - CRI e Diario de Pernambuco","robots":{"index":"index","follow":"follow","max-snippet":"max-snippet:-1","max-image-preview":"max-image-preview:large","max-video-preview":"max-video-preview:-1"},"canonical":"https:\/\/diariodepe.com.br\/cri\/2025\/06\/09\/favorabilidade-de-1-5-e-um-alerta-para-quem-pratica-intimidacao-tarifaria\/","og_locale":"pt_BR","og_type":"article","og_title":"Favorabilidade de \u201c-1.5\u201d \u00e9 um alerta para quem pratica intimida\u00e7\u00e3o tarif\u00e1ria - CRI e Diario de Pernambuco","og_description":"\u201cA opini\u00e3o global sobre os Estados Unidos tornou-se negativa, enquanto a favorabilidade em rela\u00e7\u00e3o \u00e0 China cresce.\u201d Uma pesquisa recente da empresa estadunidense de consultoria Morning Consult mostra que, at\u00e9 o final de maio deste ano, o \u00edndice l\u00edquido de...","og_url":"https:\/\/diariodepe.com.br\/cri\/2025\/06\/09\/favorabilidade-de-1-5-e-um-alerta-para-quem-pratica-intimidacao-tarifaria\/","og_site_name":"CRI e Diario de Pernambuco","article_published_time":"2025-06-09T08:45:40+00:00","og_image":[{"url":"https:\/\/38picres.cgtn.com\/photoAlbum\/page\/performance\/img\/2025\/6\/5\/1749114031176_449.jpg","type":"","width":"","height":""}],"author":"Ismael Lucas S. Pereira","twitter_card":"summary_large_image","twitter_misc":{"Escrito por":"Ismael Lucas S. Pereira","Est. tempo de leitura":"2 minutos"},"schema":{"@context":"https:\/\/schema.org","@graph":[{"@type":"Article","@id":"https:\/\/diariodepe.com.br\/cri\/2025\/06\/09\/favorabilidade-de-1-5-e-um-alerta-para-quem-pratica-intimidacao-tarifaria\/#article","isPartOf":{"@id":"https:\/\/diariodepe.com.br\/cri\/2025\/06\/09\/favorabilidade-de-1-5-e-um-alerta-para-quem-pratica-intimidacao-tarifaria\/"},"author":{"name":"Ismael Lucas S. Pereira","@id":"https:\/\/diariodepe.com.br\/cri\/#\/schema\/person\/121bb28d84f1a5b1205ef4ce9c2e0c6b"},"headline":"Favorabilidade de \u201c-1.5\u201d \u00e9 um alerta para quem pratica intimida\u00e7\u00e3o tarif\u00e1ria","datePublished":"2025-06-09T08:45:40+00:00","mainEntityOfPage":{"@id":"https:\/\/diariodepe.com.br\/cri\/2025\/06\/09\/favorabilidade-de-1-5-e-um-alerta-para-quem-pratica-intimidacao-tarifaria\/"},"wordCount":402,"commentCount":0,"publisher":{"@id":"https:\/\/diariodepe.com.br\/cri\/#organization"},"image":{"@id":"https:\/\/diariodepe.com.br\/cri\/2025\/06\/09\/favorabilidade-de-1-5-e-um-alerta-para-quem-pratica-intimidacao-tarifaria\/#primaryimage"},"thumbnailUrl":"https:\/\/38picres.cgtn.com\/photoAlbum\/page\/performance\/img\/2025\/6\/5\/1749114031176_449.jpg","articleSection":["Vis\u00e3o"],"inLanguage":"pt-BR","potentialAction":[{"@type":"CommentAction","name":"Comment","target":["https:\/\/diariodepe.com.br\/cri\/2025\/06\/09\/favorabilidade-de-1-5-e-um-alerta-para-quem-pratica-intimidacao-tarifaria\/#respond"]}]},{"@type":"WebPage","@id":"https:\/\/diariodepe.com.br\/cri\/2025\/06\/09\/favorabilidade-de-1-5-e-um-alerta-para-quem-pratica-intimidacao-tarifaria\/","url":"https:\/\/diariodepe.com.br\/cri\/2025\/06\/09\/favorabilidade-de-1-5-e-um-alerta-para-quem-pratica-intimidacao-tarifaria\/","name":"Favorabilidade de \u201c-1.5\u201d \u00e9 um alerta para quem pratica intimida\u00e7\u00e3o tarif\u00e1ria - CRI e Diario de Pernambuco","isPartOf":{"@id":"https:\/\/diariodepe.com.br\/cri\/#website"},"primaryImageOfPage":{"@id":"https:\/\/diariodepe.com.br\/cri\/2025\/06\/09\/favorabilidade-de-1-5-e-um-alerta-para-quem-pratica-intimidacao-tarifaria\/#primaryimage"},"image":{"@id":"https:\/\/diariodepe.com.br\/cri\/2025\/06\/09\/favorabilidade-de-1-5-e-um-alerta-para-quem-pratica-intimidacao-tarifaria\/#primaryimage"},"thumbnailUrl":"https:\/\/38picres.cgtn.com\/photoAlbum\/page\/performance\/img\/2025\/6\/5\/1749114031176_449.jpg","datePublished":"2025-06-09T08:45:40+00:00","breadcrumb":{"@id":"https:\/\/diariodepe.com.br\/cri\/2025\/06\/09\/favorabilidade-de-1-5-e-um-alerta-para-quem-pratica-intimidacao-tarifaria\/#breadcrumb"},"inLanguage":"pt-BR","potentialAction":[{"@type":"ReadAction","target":["https:\/\/diariodepe.com.br\/cri\/2025\/06\/09\/favorabilidade-de-1-5-e-um-alerta-para-quem-pratica-intimidacao-tarifaria\/"]}]},{"@type":"ImageObject","inLanguage":"pt-BR","@id":"https:\/\/diariodepe.com.br\/cri\/2025\/06\/09\/favorabilidade-de-1-5-e-um-alerta-para-quem-pratica-intimidacao-tarifaria\/#primaryimage","url":"https:\/\/38picres.cgtn.com\/photoAlbum\/page\/performance\/img\/2025\/6\/5\/1749114031176_449.jpg","contentUrl":"https:\/\/38picres.cgtn.com\/photoAlbum\/page\/performance\/img\/2025\/6\/5\/1749114031176_449.jpg"},{"@type":"BreadcrumbList","@id":"https:\/\/diariodepe.com.br\/cri\/2025\/06\/09\/favorabilidade-de-1-5-e-um-alerta-para-quem-pratica-intimidacao-tarifaria\/#breadcrumb","itemListElement":[{"@type":"ListItem","position":1,"name":"In\u00edcio","item":"https:\/\/diariodepe.com.br\/cri\/"},{"@type":"ListItem","position":2,"name":"Favorabilidade de \u201c-1.5\u201d \u00e9 um alerta para quem pratica intimida\u00e7\u00e3o tarif\u00e1ria"}]},{"@type":"WebSite","@id":"https:\/\/diariodepe.com.br\/cri\/#website","url":"https:\/\/diariodepe.com.br\/cri\/","name":"CRI e Diario de Pernambuco","description":"R\u00e1dio Internacional da China","publisher":{"@id":"https:\/\/diariodepe.com.br\/cri\/#organization"},"potentialAction":[{"@type":"SearchAction","target":{"@type":"EntryPoint","urlTemplate":"https:\/\/diariodepe.com.br\/cri\/?s={search_term_string}"},"query-input":{"@type":"PropertyValueSpecification","valueRequired":true,"valueName":"search_term_string"}}],"inLanguage":"pt-BR"},{"@type":"Organization","@id":"https:\/\/diariodepe.com.br\/cri\/#organization","name":"CRI e Diario de Pernambuco","url":"https:\/\/diariodepe.com.br\/cri\/","logo":{"@type":"ImageObject","inLanguage":"pt-BR","@id":"https:\/\/diariodepe.com.br\/cri\/#\/schema\/logo\/image\/","url":"https:\/\/diariodepe.com.br\/cri\/wp-content\/uploads\/sites\/2\/2022\/12\/cropped-Logo.jpg","contentUrl":"https:\/\/diariodepe.com.br\/cri\/wp-content\/uploads\/sites\/2\/2022\/12\/cropped-Logo.jpg","width":700,"height":59,"caption":"CRI e Diario de Pernambuco"},"image":{"@id":"https:\/\/diariodepe.com.br\/cri\/#\/schema\/logo\/image\/"}},{"@type":"Person","@id":"https:\/\/diariodepe.com.br\/cri\/#\/schema\/person\/121bb28d84f1a5b1205ef4ce9c2e0c6b","name":"Ismael Lucas S. Pereira","image":{"@type":"ImageObject","inLanguage":"pt-BR","@id":"https:\/\/secure.gravatar.com\/avatar\/887a0f3b5a7ceea963a48499fb883ffce6b5037362def025c52c2505b15d63e4?s=96&d=mm&r=g","url":"https:\/\/secure.gravatar.com\/avatar\/887a0f3b5a7ceea963a48499fb883ffce6b5037362def025c52c2505b15d63e4?s=96&d=mm&r=g","contentUrl":"https:\/\/secure.gravatar.com\/avatar\/887a0f3b5a7ceea963a48499fb883ffce6b5037362def025c52c2505b15d63e4?s=96&d=mm&r=g","caption":"Ismael Lucas S. Pereira"},"url":"https:\/\/diariodepe.com.br\/cri\/author\/ismael-lucas\/"}]}},"cc_featured_image_caption":{"caption_text":false,"source_text":false,"source_url":false},"amp_enabled":true,"_links":{"self":[{"href":"https:\/\/diariodepe.com.br\/cri\/wp-json\/wp\/v2\/posts\/8557","targetHints":{"allow":["GET"]}}],"collection":[{"href":"https:\/\/diariodepe.com.br\/cri\/wp-json\/wp\/v2\/posts"}],"about":[{"href":"https:\/\/diariodepe.com.br\/cri\/wp-json\/wp\/v2\/types\/post"}],"author":[{"embeddable":true,"href":"https:\/\/diariodepe.com.br\/cri\/wp-json\/wp\/v2\/users\/2"}],"replies":[{"embeddable":true,"href":"https:\/\/diariodepe.com.br\/cri\/wp-json\/wp\/v2\/comments?post=8557"}],"version-history":[{"count":1,"href":"https:\/\/diariodepe.com.br\/cri\/wp-json\/wp\/v2\/posts\/8557\/revisions"}],"predecessor-version":[{"id":8558,"href":"https:\/\/diariodepe.com.br\/cri\/wp-json\/wp\/v2\/posts\/8557\/revisions\/8558"}],"wp:attachment":[{"href":"https:\/\/diariodepe.com.br\/cri\/wp-json\/wp\/v2\/media?parent=8557"}],"wp:term":[{"taxonomy":"category","embeddable":true,"href":"https:\/\/diariodepe.com.br\/cri\/wp-json\/wp\/v2\/categories?post=8557"},{"taxonomy":"post_tag","embeddable":true,"href":"https:\/\/diariodepe.com.br\/cri\/wp-json\/wp\/v2\/tags?post=8557"}],"curies":[{"name":"wp","href":"https:\/\/api.w.org\/{rel}","templated":true}]}}