{"id":8555,"date":"2025-06-09T05:45:02","date_gmt":"2025-06-09T08:45:02","guid":{"rendered":"https:\/\/diariodepe.com.br\/cri\/?p=8555"},"modified":"2025-06-09T05:45:02","modified_gmt":"2025-06-09T08:45:02","slug":"casa-branca-anuncia-restricoes-sobre-vistos-de-estudantes-estrangeiros-de-harvard","status":"publish","type":"post","link":"https:\/\/diariodepe.com.br\/cri\/2025\/06\/09\/casa-branca-anuncia-restricoes-sobre-vistos-de-estudantes-estrangeiros-de-harvard\/","title":{"rendered":"Casa Branca anuncia restri\u00e7\u00f5es sobre vistos de estudantes estrangeiros de Harvard"},"content":{"rendered":"<p>A Casa Branca anunciou que o presidente Donald Trump assinou uma proclama\u00e7\u00e3o para restringir vistos de estudantes internacionais da Universidade de Harvard, com um prazo de validade de seis meses.<\/p>\n<p>Segundo a nota, a restri\u00e7\u00e3o foi formulada porque a institui\u00e7\u00e3o n\u00e3o cooperou plenamente com o governo federal no fornecimento de informa\u00e7\u00f5es de seguran\u00e7a relacionadas a estudantes estrangeiros, o que representa um risco \u00e0 seguran\u00e7a nacional.<\/p>\n<p>Ainda de acordo com o an\u00fancio, a Universidade de Harvard registrou um aumento significativo na taxa de criminalidade nos \u00faltimos anos, especialmente em crimes violentos. A institui\u00e7\u00e3o, por\u00e9m, n\u00e3o tomou medidas efetivas sobre as viola\u00e7\u00f5es. Diante da situa\u00e7\u00e3o, o governo federal considera que a universidade j\u00e1 n\u00e3o \u00e9 uma administradora confi\u00e1vel de projetos intercambiais de estudantes estrangeiros.<\/p>\n<p>Neste contexto, Trump anunciou novas restri\u00e7\u00f5es sobre a Universidade de Harvard. As medidas incluem:<\/p>\n<p>&#8211; Suspens\u00e3o ou limita\u00e7\u00e3o da qualidade da Universidade de Harvard na participa\u00e7\u00e3o de projetos associados a vistos para estudantes e acad\u00eamicos visitantes;<\/p>\n<p>&#8211; Refor\u00e7o da fiscaliza\u00e7\u00e3o sobre os estudantes e acad\u00eamicos internacionais relacionados \u00e0 Universidade de Harvard, incluindo a solicita\u00e7\u00e3o de vistos e suas atividades nos Estados Unidos;<\/p>\n<p>&#8211; Plena coopera\u00e7\u00e3o com o governo federal no fornecimento de todos os dados necess\u00e1rios sobre os estudantes estrangeiros.<\/p>\n<p>O governo de Trump destacou que a realiza\u00e7\u00e3o de estudos, pesquisas e ensino nos EUA \u00e9 um privil\u00e9gio, e n\u00e3o um direito. As universidades devem cumprir suas obriga\u00e7\u00f5es legais e garantir que n\u00e3o coloquem a seguran\u00e7a nacional em risco.<\/p>\n","protected":false},"excerpt":{"rendered":"<p>A Casa Branca anunciou que o presidente Donald Trump assinou uma proclama\u00e7\u00e3o para restringir vistos de estudantes internacionais da Universidade de Harvard, com um prazo de validade de seis meses. Segundo a nota, a restri\u00e7\u00e3o foi formulada porque a institui\u00e7\u00e3o&#8230;<\/p>\n","protected":false},"author":2,"featured_media":0,"comment_status":"open","ping_status":"open","sticky":false,"template":"","format":"standard","meta":{"footnotes":""},"categories":[8],"tags":[],"class_list":["post-8555","post","type-post","status-publish","format-standard","hentry","category-internacional"],"yoast_head":"<!-- This site is optimized with the Yoast SEO plugin v27.4 - https:\/\/yoast.com\/product\/yoast-seo-wordpress\/ -->\n<title>Casa Branca anuncia restri\u00e7\u00f5es sobre vistos de estudantes estrangeiros de Harvard - CRI e Diario de Pernambuco<\/title>\n<meta name=\"robots\" content=\"index, follow, max-snippet:-1, max-image-preview:large, max-video-preview:-1\" \/>\n<link rel=\"canonical\" href=\"https:\/\/diariodepe.com.br\/cri\/2025\/06\/09\/casa-branca-anuncia-restricoes-sobre-vistos-de-estudantes-estrangeiros-de-harvard\/\" \/>\n<meta property=\"og:locale\" content=\"pt_BR\" \/>\n<meta property=\"og:type\" content=\"article\" \/>\n<meta property=\"og:title\" content=\"Casa Branca anuncia restri\u00e7\u00f5es sobre vistos de estudantes estrangeiros de Harvard - CRI e Diario de Pernambuco\" \/>\n<meta property=\"og:description\" content=\"A Casa Branca anunciou que o presidente Donald Trump assinou uma proclama\u00e7\u00e3o para restringir vistos de estudantes internacionais da Universidade de Harvard, com um prazo de validade de seis meses. Segundo a nota, a restri\u00e7\u00e3o foi formulada porque a institui\u00e7\u00e3o...\" \/>\n<meta property=\"og:url\" content=\"https:\/\/diariodepe.com.br\/cri\/2025\/06\/09\/casa-branca-anuncia-restricoes-sobre-vistos-de-estudantes-estrangeiros-de-harvard\/\" \/>\n<meta property=\"og:site_name\" content=\"CRI e Diario de Pernambuco\" \/>\n<meta property=\"article:published_time\" content=\"2025-06-09T08:45:02+00:00\" \/>\n<meta name=\"author\" content=\"Ismael Lucas S. Pereira\" \/>\n<meta name=\"twitter:card\" content=\"summary_large_image\" \/>\n<meta name=\"twitter:label1\" content=\"Escrito por\" \/>\n\t<meta name=\"twitter:data1\" content=\"Ismael Lucas S. Pereira\" \/>\n\t<meta name=\"twitter:label2\" content=\"Est. tempo de leitura\" \/>\n\t<meta name=\"twitter:data2\" content=\"1 minuto\" \/>\n<script type=\"application\/ld+json\" class=\"yoast-schema-graph\">{\"@context\":\"https:\\\/\\\/schema.org\",\"@graph\":[{\"@type\":\"Article\",\"@id\":\"https:\\\/\\\/diariodepe.com.br\\\/cri\\\/2025\\\/06\\\/09\\\/casa-branca-anuncia-restricoes-sobre-vistos-de-estudantes-estrangeiros-de-harvard\\\/#article\",\"isPartOf\":{\"@id\":\"https:\\\/\\\/diariodepe.com.br\\\/cri\\\/2025\\\/06\\\/09\\\/casa-branca-anuncia-restricoes-sobre-vistos-de-estudantes-estrangeiros-de-harvard\\\/\"},\"author\":{\"name\":\"Ismael Lucas S. Pereira\",\"@id\":\"https:\\\/\\\/diariodepe.com.br\\\/cri\\\/#\\\/schema\\\/person\\\/121bb28d84f1a5b1205ef4ce9c2e0c6b\"},\"headline\":\"Casa Branca anuncia restri\u00e7\u00f5es sobre vistos de estudantes estrangeiros de Harvard\",\"datePublished\":\"2025-06-09T08:45:02+00:00\",\"mainEntityOfPage\":{\"@id\":\"https:\\\/\\\/diariodepe.com.br\\\/cri\\\/2025\\\/06\\\/09\\\/casa-branca-anuncia-restricoes-sobre-vistos-de-estudantes-estrangeiros-de-harvard\\\/\"},\"wordCount\":281,\"commentCount\":0,\"publisher\":{\"@id\":\"https:\\\/\\\/diariodepe.com.br\\\/cri\\\/#organization\"},\"articleSection\":[\"Internacional\"],\"inLanguage\":\"pt-BR\",\"potentialAction\":[{\"@type\":\"CommentAction\",\"name\":\"Comment\",\"target\":[\"https:\\\/\\\/diariodepe.com.br\\\/cri\\\/2025\\\/06\\\/09\\\/casa-branca-anuncia-restricoes-sobre-vistos-de-estudantes-estrangeiros-de-harvard\\\/#respond\"]}]},{\"@type\":\"WebPage\",\"@id\":\"https:\\\/\\\/diariodepe.com.br\\\/cri\\\/2025\\\/06\\\/09\\\/casa-branca-anuncia-restricoes-sobre-vistos-de-estudantes-estrangeiros-de-harvard\\\/\",\"url\":\"https:\\\/\\\/diariodepe.com.br\\\/cri\\\/2025\\\/06\\\/09\\\/casa-branca-anuncia-restricoes-sobre-vistos-de-estudantes-estrangeiros-de-harvard\\\/\",\"name\":\"Casa Branca anuncia restri\u00e7\u00f5es sobre vistos de estudantes estrangeiros de Harvard - CRI e Diario de Pernambuco\",\"isPartOf\":{\"@id\":\"https:\\\/\\\/diariodepe.com.br\\\/cri\\\/#website\"},\"datePublished\":\"2025-06-09T08:45:02+00:00\",\"breadcrumb\":{\"@id\":\"https:\\\/\\\/diariodepe.com.br\\\/cri\\\/2025\\\/06\\\/09\\\/casa-branca-anuncia-restricoes-sobre-vistos-de-estudantes-estrangeiros-de-harvard\\\/#breadcrumb\"},\"inLanguage\":\"pt-BR\",\"potentialAction\":[{\"@type\":\"ReadAction\",\"target\":[\"https:\\\/\\\/diariodepe.com.br\\\/cri\\\/2025\\\/06\\\/09\\\/casa-branca-anuncia-restricoes-sobre-vistos-de-estudantes-estrangeiros-de-harvard\\\/\"]}]},{\"@type\":\"BreadcrumbList\",\"@id\":\"https:\\\/\\\/diariodepe.com.br\\\/cri\\\/2025\\\/06\\\/09\\\/casa-branca-anuncia-restricoes-sobre-vistos-de-estudantes-estrangeiros-de-harvard\\\/#breadcrumb\",\"itemListElement\":[{\"@type\":\"ListItem\",\"position\":1,\"name\":\"In\u00edcio\",\"item\":\"https:\\\/\\\/diariodepe.com.br\\\/cri\\\/\"},{\"@type\":\"ListItem\",\"position\":2,\"name\":\"Casa Branca anuncia restri\u00e7\u00f5es sobre vistos de estudantes estrangeiros de Harvard\"}]},{\"@type\":\"WebSite\",\"@id\":\"https:\\\/\\\/diariodepe.com.br\\\/cri\\\/#website\",\"url\":\"https:\\\/\\\/diariodepe.com.br\\\/cri\\\/\",\"name\":\"CRI e Diario de Pernambuco\",\"description\":\"R\u00e1dio Internacional da China\",\"publisher\":{\"@id\":\"https:\\\/\\\/diariodepe.com.br\\\/cri\\\/#organization\"},\"potentialAction\":[{\"@type\":\"SearchAction\",\"target\":{\"@type\":\"EntryPoint\",\"urlTemplate\":\"https:\\\/\\\/diariodepe.com.br\\\/cri\\\/?s={search_term_string}\"},\"query-input\":{\"@type\":\"PropertyValueSpecification\",\"valueRequired\":true,\"valueName\":\"search_term_string\"}}],\"inLanguage\":\"pt-BR\"},{\"@type\":\"Organization\",\"@id\":\"https:\\\/\\\/diariodepe.com.br\\\/cri\\\/#organization\",\"name\":\"CRI e Diario de Pernambuco\",\"url\":\"https:\\\/\\\/diariodepe.com.br\\\/cri\\\/\",\"logo\":{\"@type\":\"ImageObject\",\"inLanguage\":\"pt-BR\",\"@id\":\"https:\\\/\\\/diariodepe.com.br\\\/cri\\\/#\\\/schema\\\/logo\\\/image\\\/\",\"url\":\"https:\\\/\\\/diariodepe.com.br\\\/cri\\\/wp-content\\\/uploads\\\/sites\\\/2\\\/2022\\\/12\\\/cropped-Logo.jpg\",\"contentUrl\":\"https:\\\/\\\/diariodepe.com.br\\\/cri\\\/wp-content\\\/uploads\\\/sites\\\/2\\\/2022\\\/12\\\/cropped-Logo.jpg\",\"width\":700,\"height\":59,\"caption\":\"CRI e Diario de Pernambuco\"},\"image\":{\"@id\":\"https:\\\/\\\/diariodepe.com.br\\\/cri\\\/#\\\/schema\\\/logo\\\/image\\\/\"}},{\"@type\":\"Person\",\"@id\":\"https:\\\/\\\/diariodepe.com.br\\\/cri\\\/#\\\/schema\\\/person\\\/121bb28d84f1a5b1205ef4ce9c2e0c6b\",\"name\":\"Ismael Lucas S. Pereira\",\"image\":{\"@type\":\"ImageObject\",\"inLanguage\":\"pt-BR\",\"@id\":\"https:\\\/\\\/secure.gravatar.com\\\/avatar\\\/887a0f3b5a7ceea963a48499fb883ffce6b5037362def025c52c2505b15d63e4?s=96&d=mm&r=g\",\"url\":\"https:\\\/\\\/secure.gravatar.com\\\/avatar\\\/887a0f3b5a7ceea963a48499fb883ffce6b5037362def025c52c2505b15d63e4?s=96&d=mm&r=g\",\"contentUrl\":\"https:\\\/\\\/secure.gravatar.com\\\/avatar\\\/887a0f3b5a7ceea963a48499fb883ffce6b5037362def025c52c2505b15d63e4?s=96&d=mm&r=g\",\"caption\":\"Ismael Lucas S. Pereira\"},\"url\":\"https:\\\/\\\/diariodepe.com.br\\\/cri\\\/author\\\/ismael-lucas\\\/\"}]}<\/script>\n<!-- \/ Yoast SEO plugin. -->","yoast_head_json":{"title":"Casa Branca anuncia restri\u00e7\u00f5es sobre vistos de estudantes estrangeiros de Harvard - CRI e Diario de Pernambuco","robots":{"index":"index","follow":"follow","max-snippet":"max-snippet:-1","max-image-preview":"max-image-preview:large","max-video-preview":"max-video-preview:-1"},"canonical":"https:\/\/diariodepe.com.br\/cri\/2025\/06\/09\/casa-branca-anuncia-restricoes-sobre-vistos-de-estudantes-estrangeiros-de-harvard\/","og_locale":"pt_BR","og_type":"article","og_title":"Casa Branca anuncia restri\u00e7\u00f5es sobre vistos de estudantes estrangeiros de Harvard - CRI e Diario de Pernambuco","og_description":"A Casa Branca anunciou que o presidente Donald Trump assinou uma proclama\u00e7\u00e3o para restringir vistos de estudantes internacionais da Universidade de Harvard, com um prazo de validade de seis meses. Segundo a nota, a restri\u00e7\u00e3o foi formulada porque a institui\u00e7\u00e3o...","og_url":"https:\/\/diariodepe.com.br\/cri\/2025\/06\/09\/casa-branca-anuncia-restricoes-sobre-vistos-de-estudantes-estrangeiros-de-harvard\/","og_site_name":"CRI e Diario de Pernambuco","article_published_time":"2025-06-09T08:45:02+00:00","author":"Ismael Lucas S. Pereira","twitter_card":"summary_large_image","twitter_misc":{"Escrito por":"Ismael Lucas S. Pereira","Est. tempo de leitura":"1 minuto"},"schema":{"@context":"https:\/\/schema.org","@graph":[{"@type":"Article","@id":"https:\/\/diariodepe.com.br\/cri\/2025\/06\/09\/casa-branca-anuncia-restricoes-sobre-vistos-de-estudantes-estrangeiros-de-harvard\/#article","isPartOf":{"@id":"https:\/\/diariodepe.com.br\/cri\/2025\/06\/09\/casa-branca-anuncia-restricoes-sobre-vistos-de-estudantes-estrangeiros-de-harvard\/"},"author":{"name":"Ismael Lucas S. Pereira","@id":"https:\/\/diariodepe.com.br\/cri\/#\/schema\/person\/121bb28d84f1a5b1205ef4ce9c2e0c6b"},"headline":"Casa Branca anuncia restri\u00e7\u00f5es sobre vistos de estudantes estrangeiros de Harvard","datePublished":"2025-06-09T08:45:02+00:00","mainEntityOfPage":{"@id":"https:\/\/diariodepe.com.br\/cri\/2025\/06\/09\/casa-branca-anuncia-restricoes-sobre-vistos-de-estudantes-estrangeiros-de-harvard\/"},"wordCount":281,"commentCount":0,"publisher":{"@id":"https:\/\/diariodepe.com.br\/cri\/#organization"},"articleSection":["Internacional"],"inLanguage":"pt-BR","potentialAction":[{"@type":"CommentAction","name":"Comment","target":["https:\/\/diariodepe.com.br\/cri\/2025\/06\/09\/casa-branca-anuncia-restricoes-sobre-vistos-de-estudantes-estrangeiros-de-harvard\/#respond"]}]},{"@type":"WebPage","@id":"https:\/\/diariodepe.com.br\/cri\/2025\/06\/09\/casa-branca-anuncia-restricoes-sobre-vistos-de-estudantes-estrangeiros-de-harvard\/","url":"https:\/\/diariodepe.com.br\/cri\/2025\/06\/09\/casa-branca-anuncia-restricoes-sobre-vistos-de-estudantes-estrangeiros-de-harvard\/","name":"Casa Branca anuncia restri\u00e7\u00f5es sobre vistos de estudantes estrangeiros de Harvard - CRI e Diario de Pernambuco","isPartOf":{"@id":"https:\/\/diariodepe.com.br\/cri\/#website"},"datePublished":"2025-06-09T08:45:02+00:00","breadcrumb":{"@id":"https:\/\/diariodepe.com.br\/cri\/2025\/06\/09\/casa-branca-anuncia-restricoes-sobre-vistos-de-estudantes-estrangeiros-de-harvard\/#breadcrumb"},"inLanguage":"pt-BR","potentialAction":[{"@type":"ReadAction","target":["https:\/\/diariodepe.com.br\/cri\/2025\/06\/09\/casa-branca-anuncia-restricoes-sobre-vistos-de-estudantes-estrangeiros-de-harvard\/"]}]},{"@type":"BreadcrumbList","@id":"https:\/\/diariodepe.com.br\/cri\/2025\/06\/09\/casa-branca-anuncia-restricoes-sobre-vistos-de-estudantes-estrangeiros-de-harvard\/#breadcrumb","itemListElement":[{"@type":"ListItem","position":1,"name":"In\u00edcio","item":"https:\/\/diariodepe.com.br\/cri\/"},{"@type":"ListItem","position":2,"name":"Casa Branca anuncia restri\u00e7\u00f5es sobre vistos de estudantes estrangeiros de Harvard"}]},{"@type":"WebSite","@id":"https:\/\/diariodepe.com.br\/cri\/#website","url":"https:\/\/diariodepe.com.br\/cri\/","name":"CRI e Diario de Pernambuco","description":"R\u00e1dio Internacional da China","publisher":{"@id":"https:\/\/diariodepe.com.br\/cri\/#organization"},"potentialAction":[{"@type":"SearchAction","target":{"@type":"EntryPoint","urlTemplate":"https:\/\/diariodepe.com.br\/cri\/?s={search_term_string}"},"query-input":{"@type":"PropertyValueSpecification","valueRequired":true,"valueName":"search_term_string"}}],"inLanguage":"pt-BR"},{"@type":"Organization","@id":"https:\/\/diariodepe.com.br\/cri\/#organization","name":"CRI e Diario de Pernambuco","url":"https:\/\/diariodepe.com.br\/cri\/","logo":{"@type":"ImageObject","inLanguage":"pt-BR","@id":"https:\/\/diariodepe.com.br\/cri\/#\/schema\/logo\/image\/","url":"https:\/\/diariodepe.com.br\/cri\/wp-content\/uploads\/sites\/2\/2022\/12\/cropped-Logo.jpg","contentUrl":"https:\/\/diariodepe.com.br\/cri\/wp-content\/uploads\/sites\/2\/2022\/12\/cropped-Logo.jpg","width":700,"height":59,"caption":"CRI e Diario de Pernambuco"},"image":{"@id":"https:\/\/diariodepe.com.br\/cri\/#\/schema\/logo\/image\/"}},{"@type":"Person","@id":"https:\/\/diariodepe.com.br\/cri\/#\/schema\/person\/121bb28d84f1a5b1205ef4ce9c2e0c6b","name":"Ismael Lucas S. Pereira","image":{"@type":"ImageObject","inLanguage":"pt-BR","@id":"https:\/\/secure.gravatar.com\/avatar\/887a0f3b5a7ceea963a48499fb883ffce6b5037362def025c52c2505b15d63e4?s=96&d=mm&r=g","url":"https:\/\/secure.gravatar.com\/avatar\/887a0f3b5a7ceea963a48499fb883ffce6b5037362def025c52c2505b15d63e4?s=96&d=mm&r=g","contentUrl":"https:\/\/secure.gravatar.com\/avatar\/887a0f3b5a7ceea963a48499fb883ffce6b5037362def025c52c2505b15d63e4?s=96&d=mm&r=g","caption":"Ismael Lucas S. Pereira"},"url":"https:\/\/diariodepe.com.br\/cri\/author\/ismael-lucas\/"}]}},"cc_featured_image_caption":{"caption_text":false,"source_text":false,"source_url":false},"amp_enabled":true,"_links":{"self":[{"href":"https:\/\/diariodepe.com.br\/cri\/wp-json\/wp\/v2\/posts\/8555","targetHints":{"allow":["GET"]}}],"collection":[{"href":"https:\/\/diariodepe.com.br\/cri\/wp-json\/wp\/v2\/posts"}],"about":[{"href":"https:\/\/diariodepe.com.br\/cri\/wp-json\/wp\/v2\/types\/post"}],"author":[{"embeddable":true,"href":"https:\/\/diariodepe.com.br\/cri\/wp-json\/wp\/v2\/users\/2"}],"replies":[{"embeddable":true,"href":"https:\/\/diariodepe.com.br\/cri\/wp-json\/wp\/v2\/comments?post=8555"}],"version-history":[{"count":1,"href":"https:\/\/diariodepe.com.br\/cri\/wp-json\/wp\/v2\/posts\/8555\/revisions"}],"predecessor-version":[{"id":8556,"href":"https:\/\/diariodepe.com.br\/cri\/wp-json\/wp\/v2\/posts\/8555\/revisions\/8556"}],"wp:attachment":[{"href":"https:\/\/diariodepe.com.br\/cri\/wp-json\/wp\/v2\/media?parent=8555"}],"wp:term":[{"taxonomy":"category","embeddable":true,"href":"https:\/\/diariodepe.com.br\/cri\/wp-json\/wp\/v2\/categories?post=8555"},{"taxonomy":"post_tag","embeddable":true,"href":"https:\/\/diariodepe.com.br\/cri\/wp-json\/wp\/v2\/tags?post=8555"}],"curies":[{"name":"wp","href":"https:\/\/api.w.org\/{rel}","templated":true}]}}