{"id":8540,"date":"2025-06-09T03:22:40","date_gmt":"2025-06-09T06:22:40","guid":{"rendered":"https:\/\/diariodepe.com.br\/cri\/?p=8540"},"modified":"2025-06-09T03:22:40","modified_gmt":"2025-06-09T06:22:40","slug":"ouvindo-cientistas-marinhos-inovacao-conjunta-na-economia-azul-episodio-2-presidente-da-embrc-reforca-importancia-da-colaboracao-entre-portugal-e-china-em-pesquisa-marinha-para-o","status":"publish","type":"post","link":"https:\/\/diariodepe.com.br\/cri\/2025\/06\/09\/ouvindo-cientistas-marinhos-inovacao-conjunta-na-economia-azul-episodio-2-presidente-da-embrc-reforca-importancia-da-colaboracao-entre-portugal-e-china-em-pesquisa-marinha-para-o\/","title":{"rendered":"Ouvindo Cientistas Marinhos: Inova\u00e7\u00e3o Conjunta na Economia Azul \u2013 Epis\u00f3dio 2 \u2013 Presidente da EMBRC refor\u00e7a import\u00e2ncia da colabora\u00e7\u00e3o entre Portugal e China em pesquisa marinha para o mundo"},"content":{"rendered":"<p>Do sul de Portugal at\u00e9 a costa leste da China, a jornada cient\u00edfica do presidente da Assembleia Geral do Laborat\u00f3rio Europeu de Recursos Biol\u00f3gicos Marinhos (EMBRC), Adelino Can\u00e1rio, em Shanghai, vai muito al\u00e9m de uma experi\u00eancia acad\u00eamica. \u00c9 um verdadeiro testemunho do poder da coopera\u00e7\u00e3o para enfrentar os grandes desafios globais. Can\u00e1rio acompanhou de perto o impressionante avan\u00e7o do ambiente cient\u00edfico chin\u00eas e tem incentivado pesquisadores do mundo todo a conhecer esse novo centro de excel\u00eancia. Para ele, a ci\u00eancia n\u00e3o tem fronteiras e o futuro reside na colabora\u00e7\u00e3o.<\/p>\n<p><iframe title=\"Presidente da EMBRC refor\u00e7a colabora\u00e7\u00e3o entre Portugal e China em pesquisa marinha para o mundo\" width=\"640\" height=\"360\" src=\"https:\/\/www.youtube.com\/embed\/sC24GwgQ7qc?feature=oembed\" frameborder=\"0\" allow=\"accelerometer; autoplay; clipboard-write; encrypted-media; gyroscope; picture-in-picture; web-share\" referrerpolicy=\"strict-origin-when-cross-origin\" allowfullscreen><\/iframe><\/p>\n","protected":false},"excerpt":{"rendered":"<p>Do sul de Portugal at\u00e9 a costa leste da China, a jornada cient\u00edfica do presidente da Assembleia Geral do Laborat\u00f3rio Europeu de Recursos Biol\u00f3gicos Marinhos (EMBRC), Adelino Can\u00e1rio, em Shanghai, vai muito al\u00e9m de uma experi\u00eancia acad\u00eamica. \u00c9 um verdadeiro&#8230;<\/p>\n","protected":false},"author":2,"featured_media":0,"comment_status":"open","ping_status":"open","sticky":false,"template":"","format":"standard","meta":{"footnotes":""},"categories":[11],"tags":[],"class_list":["post-8540","post","type-post","status-publish","format-standard","hentry","category-videos"],"yoast_head":"<!-- This site is optimized with the Yoast SEO plugin v27.4 - https:\/\/yoast.com\/product\/yoast-seo-wordpress\/ -->\n<title>Ouvindo Cientistas Marinhos: Inova\u00e7\u00e3o Conjunta na Economia Azul \u2013 Epis\u00f3dio 2 \u2013 Presidente da EMBRC refor\u00e7a import\u00e2ncia da colabora\u00e7\u00e3o entre Portugal e China em pesquisa marinha para o mundo - CRI e Diario de Pernambuco<\/title>\n<meta name=\"robots\" content=\"index, follow, max-snippet:-1, max-image-preview:large, max-video-preview:-1\" \/>\n<link rel=\"canonical\" href=\"https:\/\/diariodepe.com.br\/cri\/2025\/06\/09\/ouvindo-cientistas-marinhos-inovacao-conjunta-na-economia-azul-episodio-2-presidente-da-embrc-reforca-importancia-da-colaboracao-entre-portugal-e-china-em-pesquisa-marinha-para-o\/\" \/>\n<meta property=\"og:locale\" content=\"pt_BR\" \/>\n<meta property=\"og:type\" content=\"article\" \/>\n<meta property=\"og:title\" content=\"Ouvindo Cientistas Marinhos: Inova\u00e7\u00e3o Conjunta na Economia Azul \u2013 Epis\u00f3dio 2 \u2013 Presidente da EMBRC refor\u00e7a import\u00e2ncia da colabora\u00e7\u00e3o entre Portugal e China em pesquisa marinha para o mundo - CRI e Diario de Pernambuco\" \/>\n<meta property=\"og:description\" content=\"Do sul de Portugal at\u00e9 a costa leste da China, a jornada cient\u00edfica do presidente da Assembleia Geral do Laborat\u00f3rio Europeu de Recursos Biol\u00f3gicos Marinhos (EMBRC), Adelino Can\u00e1rio, em Shanghai, vai muito al\u00e9m de uma experi\u00eancia acad\u00eamica. \u00c9 um verdadeiro...\" \/>\n<meta property=\"og:url\" content=\"https:\/\/diariodepe.com.br\/cri\/2025\/06\/09\/ouvindo-cientistas-marinhos-inovacao-conjunta-na-economia-azul-episodio-2-presidente-da-embrc-reforca-importancia-da-colaboracao-entre-portugal-e-china-em-pesquisa-marinha-para-o\/\" \/>\n<meta property=\"og:site_name\" content=\"CRI e Diario de Pernambuco\" \/>\n<meta property=\"article:published_time\" content=\"2025-06-09T06:22:40+00:00\" \/>\n<meta name=\"author\" content=\"Ismael Lucas S. Pereira\" \/>\n<meta name=\"twitter:card\" content=\"summary_large_image\" \/>\n<meta name=\"twitter:label1\" content=\"Escrito por\" \/>\n\t<meta name=\"twitter:data1\" content=\"Ismael Lucas S. Pereira\" \/>\n\t<meta name=\"twitter:label2\" content=\"Est. tempo de leitura\" \/>\n\t<meta name=\"twitter:data2\" content=\"1 minuto\" \/>\n<script type=\"application\/ld+json\" class=\"yoast-schema-graph\">{\"@context\":\"https:\\\/\\\/schema.org\",\"@graph\":[{\"@type\":\"Article\",\"@id\":\"https:\\\/\\\/diariodepe.com.br\\\/cri\\\/2025\\\/06\\\/09\\\/ouvindo-cientistas-marinhos-inovacao-conjunta-na-economia-azul-episodio-2-presidente-da-embrc-reforca-importancia-da-colaboracao-entre-portugal-e-china-em-pesquisa-marinha-para-o\\\/#article\",\"isPartOf\":{\"@id\":\"https:\\\/\\\/diariodepe.com.br\\\/cri\\\/2025\\\/06\\\/09\\\/ouvindo-cientistas-marinhos-inovacao-conjunta-na-economia-azul-episodio-2-presidente-da-embrc-reforca-importancia-da-colaboracao-entre-portugal-e-china-em-pesquisa-marinha-para-o\\\/\"},\"author\":{\"name\":\"Ismael Lucas S. Pereira\",\"@id\":\"https:\\\/\\\/diariodepe.com.br\\\/cri\\\/#\\\/schema\\\/person\\\/121bb28d84f1a5b1205ef4ce9c2e0c6b\"},\"headline\":\"Ouvindo Cientistas Marinhos: Inova\u00e7\u00e3o Conjunta na Economia Azul \u2013 Epis\u00f3dio 2 \u2013 Presidente da EMBRC refor\u00e7a import\u00e2ncia da colabora\u00e7\u00e3o entre Portugal e China em pesquisa marinha para o mundo\",\"datePublished\":\"2025-06-09T06:22:40+00:00\",\"mainEntityOfPage\":{\"@id\":\"https:\\\/\\\/diariodepe.com.br\\\/cri\\\/2025\\\/06\\\/09\\\/ouvindo-cientistas-marinhos-inovacao-conjunta-na-economia-azul-episodio-2-presidente-da-embrc-reforca-importancia-da-colaboracao-entre-portugal-e-china-em-pesquisa-marinha-para-o\\\/\"},\"wordCount\":146,\"commentCount\":0,\"publisher\":{\"@id\":\"https:\\\/\\\/diariodepe.com.br\\\/cri\\\/#organization\"},\"articleSection\":[\"V\u00eddeos\"],\"inLanguage\":\"pt-BR\",\"potentialAction\":[{\"@type\":\"CommentAction\",\"name\":\"Comment\",\"target\":[\"https:\\\/\\\/diariodepe.com.br\\\/cri\\\/2025\\\/06\\\/09\\\/ouvindo-cientistas-marinhos-inovacao-conjunta-na-economia-azul-episodio-2-presidente-da-embrc-reforca-importancia-da-colaboracao-entre-portugal-e-china-em-pesquisa-marinha-para-o\\\/#respond\"]}]},{\"@type\":\"WebPage\",\"@id\":\"https:\\\/\\\/diariodepe.com.br\\\/cri\\\/2025\\\/06\\\/09\\\/ouvindo-cientistas-marinhos-inovacao-conjunta-na-economia-azul-episodio-2-presidente-da-embrc-reforca-importancia-da-colaboracao-entre-portugal-e-china-em-pesquisa-marinha-para-o\\\/\",\"url\":\"https:\\\/\\\/diariodepe.com.br\\\/cri\\\/2025\\\/06\\\/09\\\/ouvindo-cientistas-marinhos-inovacao-conjunta-na-economia-azul-episodio-2-presidente-da-embrc-reforca-importancia-da-colaboracao-entre-portugal-e-china-em-pesquisa-marinha-para-o\\\/\",\"name\":\"Ouvindo Cientistas Marinhos: Inova\u00e7\u00e3o Conjunta na Economia Azul \u2013 Epis\u00f3dio 2 \u2013 Presidente da EMBRC refor\u00e7a import\u00e2ncia da colabora\u00e7\u00e3o entre Portugal e China em pesquisa marinha para o mundo - CRI e Diario de Pernambuco\",\"isPartOf\":{\"@id\":\"https:\\\/\\\/diariodepe.com.br\\\/cri\\\/#website\"},\"datePublished\":\"2025-06-09T06:22:40+00:00\",\"breadcrumb\":{\"@id\":\"https:\\\/\\\/diariodepe.com.br\\\/cri\\\/2025\\\/06\\\/09\\\/ouvindo-cientistas-marinhos-inovacao-conjunta-na-economia-azul-episodio-2-presidente-da-embrc-reforca-importancia-da-colaboracao-entre-portugal-e-china-em-pesquisa-marinha-para-o\\\/#breadcrumb\"},\"inLanguage\":\"pt-BR\",\"potentialAction\":[{\"@type\":\"ReadAction\",\"target\":[\"https:\\\/\\\/diariodepe.com.br\\\/cri\\\/2025\\\/06\\\/09\\\/ouvindo-cientistas-marinhos-inovacao-conjunta-na-economia-azul-episodio-2-presidente-da-embrc-reforca-importancia-da-colaboracao-entre-portugal-e-china-em-pesquisa-marinha-para-o\\\/\"]}]},{\"@type\":\"BreadcrumbList\",\"@id\":\"https:\\\/\\\/diariodepe.com.br\\\/cri\\\/2025\\\/06\\\/09\\\/ouvindo-cientistas-marinhos-inovacao-conjunta-na-economia-azul-episodio-2-presidente-da-embrc-reforca-importancia-da-colaboracao-entre-portugal-e-china-em-pesquisa-marinha-para-o\\\/#breadcrumb\",\"itemListElement\":[{\"@type\":\"ListItem\",\"position\":1,\"name\":\"In\u00edcio\",\"item\":\"https:\\\/\\\/diariodepe.com.br\\\/cri\\\/\"},{\"@type\":\"ListItem\",\"position\":2,\"name\":\"Ouvindo Cientistas Marinhos: Inova\u00e7\u00e3o Conjunta na Economia Azul \u2013 Epis\u00f3dio 2 \u2013 Presidente da EMBRC refor\u00e7a import\u00e2ncia da colabora\u00e7\u00e3o entre Portugal e China em pesquisa marinha para o mundo\"}]},{\"@type\":\"WebSite\",\"@id\":\"https:\\\/\\\/diariodepe.com.br\\\/cri\\\/#website\",\"url\":\"https:\\\/\\\/diariodepe.com.br\\\/cri\\\/\",\"name\":\"CRI e Diario de Pernambuco\",\"description\":\"R\u00e1dio Internacional da China\",\"publisher\":{\"@id\":\"https:\\\/\\\/diariodepe.com.br\\\/cri\\\/#organization\"},\"potentialAction\":[{\"@type\":\"SearchAction\",\"target\":{\"@type\":\"EntryPoint\",\"urlTemplate\":\"https:\\\/\\\/diariodepe.com.br\\\/cri\\\/?s={search_term_string}\"},\"query-input\":{\"@type\":\"PropertyValueSpecification\",\"valueRequired\":true,\"valueName\":\"search_term_string\"}}],\"inLanguage\":\"pt-BR\"},{\"@type\":\"Organization\",\"@id\":\"https:\\\/\\\/diariodepe.com.br\\\/cri\\\/#organization\",\"name\":\"CRI e Diario de Pernambuco\",\"url\":\"https:\\\/\\\/diariodepe.com.br\\\/cri\\\/\",\"logo\":{\"@type\":\"ImageObject\",\"inLanguage\":\"pt-BR\",\"@id\":\"https:\\\/\\\/diariodepe.com.br\\\/cri\\\/#\\\/schema\\\/logo\\\/image\\\/\",\"url\":\"https:\\\/\\\/diariodepe.com.br\\\/cri\\\/wp-content\\\/uploads\\\/sites\\\/2\\\/2022\\\/12\\\/cropped-Logo.jpg\",\"contentUrl\":\"https:\\\/\\\/diariodepe.com.br\\\/cri\\\/wp-content\\\/uploads\\\/sites\\\/2\\\/2022\\\/12\\\/cropped-Logo.jpg\",\"width\":700,\"height\":59,\"caption\":\"CRI e Diario de Pernambuco\"},\"image\":{\"@id\":\"https:\\\/\\\/diariodepe.com.br\\\/cri\\\/#\\\/schema\\\/logo\\\/image\\\/\"}},{\"@type\":\"Person\",\"@id\":\"https:\\\/\\\/diariodepe.com.br\\\/cri\\\/#\\\/schema\\\/person\\\/121bb28d84f1a5b1205ef4ce9c2e0c6b\",\"name\":\"Ismael Lucas S. Pereira\",\"image\":{\"@type\":\"ImageObject\",\"inLanguage\":\"pt-BR\",\"@id\":\"https:\\\/\\\/secure.gravatar.com\\\/avatar\\\/887a0f3b5a7ceea963a48499fb883ffce6b5037362def025c52c2505b15d63e4?s=96&d=mm&r=g\",\"url\":\"https:\\\/\\\/secure.gravatar.com\\\/avatar\\\/887a0f3b5a7ceea963a48499fb883ffce6b5037362def025c52c2505b15d63e4?s=96&d=mm&r=g\",\"contentUrl\":\"https:\\\/\\\/secure.gravatar.com\\\/avatar\\\/887a0f3b5a7ceea963a48499fb883ffce6b5037362def025c52c2505b15d63e4?s=96&d=mm&r=g\",\"caption\":\"Ismael Lucas S. Pereira\"},\"url\":\"https:\\\/\\\/diariodepe.com.br\\\/cri\\\/author\\\/ismael-lucas\\\/\"}]}<\/script>\n<!-- \/ Yoast SEO plugin. -->","yoast_head_json":{"title":"Ouvindo Cientistas Marinhos: Inova\u00e7\u00e3o Conjunta na Economia Azul \u2013 Epis\u00f3dio 2 \u2013 Presidente da EMBRC refor\u00e7a import\u00e2ncia da colabora\u00e7\u00e3o entre Portugal e China em pesquisa marinha para o mundo - CRI e Diario de Pernambuco","robots":{"index":"index","follow":"follow","max-snippet":"max-snippet:-1","max-image-preview":"max-image-preview:large","max-video-preview":"max-video-preview:-1"},"canonical":"https:\/\/diariodepe.com.br\/cri\/2025\/06\/09\/ouvindo-cientistas-marinhos-inovacao-conjunta-na-economia-azul-episodio-2-presidente-da-embrc-reforca-importancia-da-colaboracao-entre-portugal-e-china-em-pesquisa-marinha-para-o\/","og_locale":"pt_BR","og_type":"article","og_title":"Ouvindo Cientistas Marinhos: Inova\u00e7\u00e3o Conjunta na Economia Azul \u2013 Epis\u00f3dio 2 \u2013 Presidente da EMBRC refor\u00e7a import\u00e2ncia da colabora\u00e7\u00e3o entre Portugal e China em pesquisa marinha para o mundo - CRI e Diario de Pernambuco","og_description":"Do sul de Portugal at\u00e9 a costa leste da China, a jornada cient\u00edfica do presidente da Assembleia Geral do Laborat\u00f3rio Europeu de Recursos Biol\u00f3gicos Marinhos (EMBRC), Adelino Can\u00e1rio, em Shanghai, vai muito al\u00e9m de uma experi\u00eancia acad\u00eamica. \u00c9 um verdadeiro...","og_url":"https:\/\/diariodepe.com.br\/cri\/2025\/06\/09\/ouvindo-cientistas-marinhos-inovacao-conjunta-na-economia-azul-episodio-2-presidente-da-embrc-reforca-importancia-da-colaboracao-entre-portugal-e-china-em-pesquisa-marinha-para-o\/","og_site_name":"CRI e Diario de Pernambuco","article_published_time":"2025-06-09T06:22:40+00:00","author":"Ismael Lucas S. Pereira","twitter_card":"summary_large_image","twitter_misc":{"Escrito por":"Ismael Lucas S. Pereira","Est. tempo de leitura":"1 minuto"},"schema":{"@context":"https:\/\/schema.org","@graph":[{"@type":"Article","@id":"https:\/\/diariodepe.com.br\/cri\/2025\/06\/09\/ouvindo-cientistas-marinhos-inovacao-conjunta-na-economia-azul-episodio-2-presidente-da-embrc-reforca-importancia-da-colaboracao-entre-portugal-e-china-em-pesquisa-marinha-para-o\/#article","isPartOf":{"@id":"https:\/\/diariodepe.com.br\/cri\/2025\/06\/09\/ouvindo-cientistas-marinhos-inovacao-conjunta-na-economia-azul-episodio-2-presidente-da-embrc-reforca-importancia-da-colaboracao-entre-portugal-e-china-em-pesquisa-marinha-para-o\/"},"author":{"name":"Ismael Lucas S. Pereira","@id":"https:\/\/diariodepe.com.br\/cri\/#\/schema\/person\/121bb28d84f1a5b1205ef4ce9c2e0c6b"},"headline":"Ouvindo Cientistas Marinhos: Inova\u00e7\u00e3o Conjunta na Economia Azul \u2013 Epis\u00f3dio 2 \u2013 Presidente da EMBRC refor\u00e7a import\u00e2ncia da colabora\u00e7\u00e3o entre Portugal e China em pesquisa marinha para o mundo","datePublished":"2025-06-09T06:22:40+00:00","mainEntityOfPage":{"@id":"https:\/\/diariodepe.com.br\/cri\/2025\/06\/09\/ouvindo-cientistas-marinhos-inovacao-conjunta-na-economia-azul-episodio-2-presidente-da-embrc-reforca-importancia-da-colaboracao-entre-portugal-e-china-em-pesquisa-marinha-para-o\/"},"wordCount":146,"commentCount":0,"publisher":{"@id":"https:\/\/diariodepe.com.br\/cri\/#organization"},"articleSection":["V\u00eddeos"],"inLanguage":"pt-BR","potentialAction":[{"@type":"CommentAction","name":"Comment","target":["https:\/\/diariodepe.com.br\/cri\/2025\/06\/09\/ouvindo-cientistas-marinhos-inovacao-conjunta-na-economia-azul-episodio-2-presidente-da-embrc-reforca-importancia-da-colaboracao-entre-portugal-e-china-em-pesquisa-marinha-para-o\/#respond"]}]},{"@type":"WebPage","@id":"https:\/\/diariodepe.com.br\/cri\/2025\/06\/09\/ouvindo-cientistas-marinhos-inovacao-conjunta-na-economia-azul-episodio-2-presidente-da-embrc-reforca-importancia-da-colaboracao-entre-portugal-e-china-em-pesquisa-marinha-para-o\/","url":"https:\/\/diariodepe.com.br\/cri\/2025\/06\/09\/ouvindo-cientistas-marinhos-inovacao-conjunta-na-economia-azul-episodio-2-presidente-da-embrc-reforca-importancia-da-colaboracao-entre-portugal-e-china-em-pesquisa-marinha-para-o\/","name":"Ouvindo Cientistas Marinhos: Inova\u00e7\u00e3o Conjunta na Economia Azul \u2013 Epis\u00f3dio 2 \u2013 Presidente da EMBRC refor\u00e7a import\u00e2ncia da colabora\u00e7\u00e3o entre Portugal e China em pesquisa marinha para o mundo - CRI e Diario de Pernambuco","isPartOf":{"@id":"https:\/\/diariodepe.com.br\/cri\/#website"},"datePublished":"2025-06-09T06:22:40+00:00","breadcrumb":{"@id":"https:\/\/diariodepe.com.br\/cri\/2025\/06\/09\/ouvindo-cientistas-marinhos-inovacao-conjunta-na-economia-azul-episodio-2-presidente-da-embrc-reforca-importancia-da-colaboracao-entre-portugal-e-china-em-pesquisa-marinha-para-o\/#breadcrumb"},"inLanguage":"pt-BR","potentialAction":[{"@type":"ReadAction","target":["https:\/\/diariodepe.com.br\/cri\/2025\/06\/09\/ouvindo-cientistas-marinhos-inovacao-conjunta-na-economia-azul-episodio-2-presidente-da-embrc-reforca-importancia-da-colaboracao-entre-portugal-e-china-em-pesquisa-marinha-para-o\/"]}]},{"@type":"BreadcrumbList","@id":"https:\/\/diariodepe.com.br\/cri\/2025\/06\/09\/ouvindo-cientistas-marinhos-inovacao-conjunta-na-economia-azul-episodio-2-presidente-da-embrc-reforca-importancia-da-colaboracao-entre-portugal-e-china-em-pesquisa-marinha-para-o\/#breadcrumb","itemListElement":[{"@type":"ListItem","position":1,"name":"In\u00edcio","item":"https:\/\/diariodepe.com.br\/cri\/"},{"@type":"ListItem","position":2,"name":"Ouvindo Cientistas Marinhos: Inova\u00e7\u00e3o Conjunta na Economia Azul \u2013 Epis\u00f3dio 2 \u2013 Presidente da EMBRC refor\u00e7a import\u00e2ncia da colabora\u00e7\u00e3o entre Portugal e China em pesquisa marinha para o mundo"}]},{"@type":"WebSite","@id":"https:\/\/diariodepe.com.br\/cri\/#website","url":"https:\/\/diariodepe.com.br\/cri\/","name":"CRI e Diario de Pernambuco","description":"R\u00e1dio Internacional da China","publisher":{"@id":"https:\/\/diariodepe.com.br\/cri\/#organization"},"potentialAction":[{"@type":"SearchAction","target":{"@type":"EntryPoint","urlTemplate":"https:\/\/diariodepe.com.br\/cri\/?s={search_term_string}"},"query-input":{"@type":"PropertyValueSpecification","valueRequired":true,"valueName":"search_term_string"}}],"inLanguage":"pt-BR"},{"@type":"Organization","@id":"https:\/\/diariodepe.com.br\/cri\/#organization","name":"CRI e Diario de Pernambuco","url":"https:\/\/diariodepe.com.br\/cri\/","logo":{"@type":"ImageObject","inLanguage":"pt-BR","@id":"https:\/\/diariodepe.com.br\/cri\/#\/schema\/logo\/image\/","url":"https:\/\/diariodepe.com.br\/cri\/wp-content\/uploads\/sites\/2\/2022\/12\/cropped-Logo.jpg","contentUrl":"https:\/\/diariodepe.com.br\/cri\/wp-content\/uploads\/sites\/2\/2022\/12\/cropped-Logo.jpg","width":700,"height":59,"caption":"CRI e Diario de Pernambuco"},"image":{"@id":"https:\/\/diariodepe.com.br\/cri\/#\/schema\/logo\/image\/"}},{"@type":"Person","@id":"https:\/\/diariodepe.com.br\/cri\/#\/schema\/person\/121bb28d84f1a5b1205ef4ce9c2e0c6b","name":"Ismael Lucas S. Pereira","image":{"@type":"ImageObject","inLanguage":"pt-BR","@id":"https:\/\/secure.gravatar.com\/avatar\/887a0f3b5a7ceea963a48499fb883ffce6b5037362def025c52c2505b15d63e4?s=96&d=mm&r=g","url":"https:\/\/secure.gravatar.com\/avatar\/887a0f3b5a7ceea963a48499fb883ffce6b5037362def025c52c2505b15d63e4?s=96&d=mm&r=g","contentUrl":"https:\/\/secure.gravatar.com\/avatar\/887a0f3b5a7ceea963a48499fb883ffce6b5037362def025c52c2505b15d63e4?s=96&d=mm&r=g","caption":"Ismael Lucas S. Pereira"},"url":"https:\/\/diariodepe.com.br\/cri\/author\/ismael-lucas\/"}]}},"cc_featured_image_caption":{"caption_text":false,"source_text":false,"source_url":false},"amp_enabled":true,"_links":{"self":[{"href":"https:\/\/diariodepe.com.br\/cri\/wp-json\/wp\/v2\/posts\/8540","targetHints":{"allow":["GET"]}}],"collection":[{"href":"https:\/\/diariodepe.com.br\/cri\/wp-json\/wp\/v2\/posts"}],"about":[{"href":"https:\/\/diariodepe.com.br\/cri\/wp-json\/wp\/v2\/types\/post"}],"author":[{"embeddable":true,"href":"https:\/\/diariodepe.com.br\/cri\/wp-json\/wp\/v2\/users\/2"}],"replies":[{"embeddable":true,"href":"https:\/\/diariodepe.com.br\/cri\/wp-json\/wp\/v2\/comments?post=8540"}],"version-history":[{"count":1,"href":"https:\/\/diariodepe.com.br\/cri\/wp-json\/wp\/v2\/posts\/8540\/revisions"}],"predecessor-version":[{"id":8541,"href":"https:\/\/diariodepe.com.br\/cri\/wp-json\/wp\/v2\/posts\/8540\/revisions\/8541"}],"wp:attachment":[{"href":"https:\/\/diariodepe.com.br\/cri\/wp-json\/wp\/v2\/media?parent=8540"}],"wp:term":[{"taxonomy":"category","embeddable":true,"href":"https:\/\/diariodepe.com.br\/cri\/wp-json\/wp\/v2\/categories?post=8540"},{"taxonomy":"post_tag","embeddable":true,"href":"https:\/\/diariodepe.com.br\/cri\/wp-json\/wp\/v2\/tags?post=8540"}],"curies":[{"name":"wp","href":"https:\/\/api.w.org\/{rel}","templated":true}]}}