{"id":8538,"date":"2025-06-09T00:13:36","date_gmt":"2025-06-09T03:13:36","guid":{"rendered":"https:\/\/diariodepe.com.br\/cri\/?p=8538"},"modified":"2025-06-09T00:13:36","modified_gmt":"2025-06-09T03:13:36","slug":"he-lifeng-visitara-reino-unido-e-realizara-primeira-reuniao-do-mecanismo-de-consulta-economica-e-comercial-china-eua","status":"publish","type":"post","link":"https:\/\/diariodepe.com.br\/cri\/2025\/06\/09\/he-lifeng-visitara-reino-unido-e-realizara-primeira-reuniao-do-mecanismo-de-consulta-economica-e-comercial-china-eua\/","title":{"rendered":"He Lifeng visitar\u00e1 Reino Unido e realizar\u00e1 primeira reuni\u00e3o do mecanismo de consulta econ\u00f4mica e comercial China-EUA"},"content":{"rendered":"<p>O porta-voz do Minist\u00e9rio das Rela\u00e7\u00f5es Exteriores da China anunciou neste s\u00e1bado que, a convite do governo do Reino Unido, He Lifeng, membro do Bir\u00f4 Pol\u00edtico do Comit\u00ea Central do Partido Comunista da China e vice-primeiro-ministro do Conselho de Estado, visitar\u00e1 o Reino Unido de 8 a 13 de junho.<\/p>\n<p>Durante a estadia no Reino Unido, He realizar\u00e1 a primeira reuni\u00e3o do mecanismo de consulta econ\u00f4mica e comercial China-EUA com o lado norte-americano, disse o porta-voz.<\/p>\n","protected":false},"excerpt":{"rendered":"<p>O porta-voz do Minist\u00e9rio das Rela\u00e7\u00f5es Exteriores da China anunciou neste s\u00e1bado que, a convite do governo do Reino Unido, He Lifeng, membro do Bir\u00f4 Pol\u00edtico do Comit\u00ea Central do Partido Comunista da China e vice-primeiro-ministro do Conselho de Estado,&#8230;<\/p>\n","protected":false},"author":2,"featured_media":0,"comment_status":"open","ping_status":"open","sticky":false,"template":"","format":"standard","meta":{"footnotes":""},"categories":[3],"tags":[],"class_list":["post-8538","post","type-post","status-publish","format-standard","hentry","category-china"],"yoast_head":"<!-- This site is optimized with the Yoast SEO plugin v27.4 - https:\/\/yoast.com\/product\/yoast-seo-wordpress\/ -->\n<title>He Lifeng visitar\u00e1 Reino Unido e realizar\u00e1 primeira reuni\u00e3o do mecanismo de consulta econ\u00f4mica e comercial China-EUA - CRI e Diario de Pernambuco<\/title>\n<meta name=\"robots\" content=\"index, follow, max-snippet:-1, max-image-preview:large, max-video-preview:-1\" \/>\n<link rel=\"canonical\" href=\"https:\/\/diariodepe.com.br\/cri\/2025\/06\/09\/he-lifeng-visitara-reino-unido-e-realizara-primeira-reuniao-do-mecanismo-de-consulta-economica-e-comercial-china-eua\/\" \/>\n<meta property=\"og:locale\" content=\"pt_BR\" \/>\n<meta property=\"og:type\" content=\"article\" \/>\n<meta property=\"og:title\" content=\"He Lifeng visitar\u00e1 Reino Unido e realizar\u00e1 primeira reuni\u00e3o do mecanismo de consulta econ\u00f4mica e comercial China-EUA - CRI e Diario de Pernambuco\" \/>\n<meta property=\"og:description\" content=\"O porta-voz do Minist\u00e9rio das Rela\u00e7\u00f5es Exteriores da China anunciou neste s\u00e1bado que, a convite do governo do Reino Unido, He Lifeng, membro do Bir\u00f4 Pol\u00edtico do Comit\u00ea Central do Partido Comunista da China e vice-primeiro-ministro do Conselho de Estado,...\" \/>\n<meta property=\"og:url\" content=\"https:\/\/diariodepe.com.br\/cri\/2025\/06\/09\/he-lifeng-visitara-reino-unido-e-realizara-primeira-reuniao-do-mecanismo-de-consulta-economica-e-comercial-china-eua\/\" \/>\n<meta property=\"og:site_name\" content=\"CRI e Diario de Pernambuco\" \/>\n<meta property=\"article:published_time\" content=\"2025-06-09T03:13:36+00:00\" \/>\n<meta name=\"author\" content=\"Ismael Lucas S. Pereira\" \/>\n<meta name=\"twitter:card\" content=\"summary_large_image\" \/>\n<meta name=\"twitter:label1\" content=\"Escrito por\" \/>\n\t<meta name=\"twitter:data1\" content=\"Ismael Lucas S. Pereira\" \/>\n<script type=\"application\/ld+json\" class=\"yoast-schema-graph\">{\"@context\":\"https:\\\/\\\/schema.org\",\"@graph\":[{\"@type\":\"Article\",\"@id\":\"https:\\\/\\\/diariodepe.com.br\\\/cri\\\/2025\\\/06\\\/09\\\/he-lifeng-visitara-reino-unido-e-realizara-primeira-reuniao-do-mecanismo-de-consulta-economica-e-comercial-china-eua\\\/#article\",\"isPartOf\":{\"@id\":\"https:\\\/\\\/diariodepe.com.br\\\/cri\\\/2025\\\/06\\\/09\\\/he-lifeng-visitara-reino-unido-e-realizara-primeira-reuniao-do-mecanismo-de-consulta-economica-e-comercial-china-eua\\\/\"},\"author\":{\"name\":\"Ismael Lucas S. Pereira\",\"@id\":\"https:\\\/\\\/diariodepe.com.br\\\/cri\\\/#\\\/schema\\\/person\\\/121bb28d84f1a5b1205ef4ce9c2e0c6b\"},\"headline\":\"He Lifeng visitar\u00e1 Reino Unido e realizar\u00e1 primeira reuni\u00e3o do mecanismo de consulta econ\u00f4mica e comercial China-EUA\",\"datePublished\":\"2025-06-09T03:13:36+00:00\",\"mainEntityOfPage\":{\"@id\":\"https:\\\/\\\/diariodepe.com.br\\\/cri\\\/2025\\\/06\\\/09\\\/he-lifeng-visitara-reino-unido-e-realizara-primeira-reuniao-do-mecanismo-de-consulta-economica-e-comercial-china-eua\\\/\"},\"wordCount\":99,\"commentCount\":0,\"publisher\":{\"@id\":\"https:\\\/\\\/diariodepe.com.br\\\/cri\\\/#organization\"},\"articleSection\":[\"China\"],\"inLanguage\":\"pt-BR\",\"potentialAction\":[{\"@type\":\"CommentAction\",\"name\":\"Comment\",\"target\":[\"https:\\\/\\\/diariodepe.com.br\\\/cri\\\/2025\\\/06\\\/09\\\/he-lifeng-visitara-reino-unido-e-realizara-primeira-reuniao-do-mecanismo-de-consulta-economica-e-comercial-china-eua\\\/#respond\"]}]},{\"@type\":\"WebPage\",\"@id\":\"https:\\\/\\\/diariodepe.com.br\\\/cri\\\/2025\\\/06\\\/09\\\/he-lifeng-visitara-reino-unido-e-realizara-primeira-reuniao-do-mecanismo-de-consulta-economica-e-comercial-china-eua\\\/\",\"url\":\"https:\\\/\\\/diariodepe.com.br\\\/cri\\\/2025\\\/06\\\/09\\\/he-lifeng-visitara-reino-unido-e-realizara-primeira-reuniao-do-mecanismo-de-consulta-economica-e-comercial-china-eua\\\/\",\"name\":\"He Lifeng visitar\u00e1 Reino Unido e realizar\u00e1 primeira reuni\u00e3o do mecanismo de consulta econ\u00f4mica e comercial China-EUA - CRI e Diario de Pernambuco\",\"isPartOf\":{\"@id\":\"https:\\\/\\\/diariodepe.com.br\\\/cri\\\/#website\"},\"datePublished\":\"2025-06-09T03:13:36+00:00\",\"breadcrumb\":{\"@id\":\"https:\\\/\\\/diariodepe.com.br\\\/cri\\\/2025\\\/06\\\/09\\\/he-lifeng-visitara-reino-unido-e-realizara-primeira-reuniao-do-mecanismo-de-consulta-economica-e-comercial-china-eua\\\/#breadcrumb\"},\"inLanguage\":\"pt-BR\",\"potentialAction\":[{\"@type\":\"ReadAction\",\"target\":[\"https:\\\/\\\/diariodepe.com.br\\\/cri\\\/2025\\\/06\\\/09\\\/he-lifeng-visitara-reino-unido-e-realizara-primeira-reuniao-do-mecanismo-de-consulta-economica-e-comercial-china-eua\\\/\"]}]},{\"@type\":\"BreadcrumbList\",\"@id\":\"https:\\\/\\\/diariodepe.com.br\\\/cri\\\/2025\\\/06\\\/09\\\/he-lifeng-visitara-reino-unido-e-realizara-primeira-reuniao-do-mecanismo-de-consulta-economica-e-comercial-china-eua\\\/#breadcrumb\",\"itemListElement\":[{\"@type\":\"ListItem\",\"position\":1,\"name\":\"In\u00edcio\",\"item\":\"https:\\\/\\\/diariodepe.com.br\\\/cri\\\/\"},{\"@type\":\"ListItem\",\"position\":2,\"name\":\"He Lifeng visitar\u00e1 Reino Unido e realizar\u00e1 primeira reuni\u00e3o do mecanismo de consulta econ\u00f4mica e comercial China-EUA\"}]},{\"@type\":\"WebSite\",\"@id\":\"https:\\\/\\\/diariodepe.com.br\\\/cri\\\/#website\",\"url\":\"https:\\\/\\\/diariodepe.com.br\\\/cri\\\/\",\"name\":\"CRI e Diario de Pernambuco\",\"description\":\"R\u00e1dio Internacional da China\",\"publisher\":{\"@id\":\"https:\\\/\\\/diariodepe.com.br\\\/cri\\\/#organization\"},\"potentialAction\":[{\"@type\":\"SearchAction\",\"target\":{\"@type\":\"EntryPoint\",\"urlTemplate\":\"https:\\\/\\\/diariodepe.com.br\\\/cri\\\/?s={search_term_string}\"},\"query-input\":{\"@type\":\"PropertyValueSpecification\",\"valueRequired\":true,\"valueName\":\"search_term_string\"}}],\"inLanguage\":\"pt-BR\"},{\"@type\":\"Organization\",\"@id\":\"https:\\\/\\\/diariodepe.com.br\\\/cri\\\/#organization\",\"name\":\"CRI e Diario de Pernambuco\",\"url\":\"https:\\\/\\\/diariodepe.com.br\\\/cri\\\/\",\"logo\":{\"@type\":\"ImageObject\",\"inLanguage\":\"pt-BR\",\"@id\":\"https:\\\/\\\/diariodepe.com.br\\\/cri\\\/#\\\/schema\\\/logo\\\/image\\\/\",\"url\":\"https:\\\/\\\/diariodepe.com.br\\\/cri\\\/wp-content\\\/uploads\\\/sites\\\/2\\\/2022\\\/12\\\/cropped-Logo.jpg\",\"contentUrl\":\"https:\\\/\\\/diariodepe.com.br\\\/cri\\\/wp-content\\\/uploads\\\/sites\\\/2\\\/2022\\\/12\\\/cropped-Logo.jpg\",\"width\":700,\"height\":59,\"caption\":\"CRI e Diario de Pernambuco\"},\"image\":{\"@id\":\"https:\\\/\\\/diariodepe.com.br\\\/cri\\\/#\\\/schema\\\/logo\\\/image\\\/\"}},{\"@type\":\"Person\",\"@id\":\"https:\\\/\\\/diariodepe.com.br\\\/cri\\\/#\\\/schema\\\/person\\\/121bb28d84f1a5b1205ef4ce9c2e0c6b\",\"name\":\"Ismael Lucas S. Pereira\",\"image\":{\"@type\":\"ImageObject\",\"inLanguage\":\"pt-BR\",\"@id\":\"https:\\\/\\\/secure.gravatar.com\\\/avatar\\\/887a0f3b5a7ceea963a48499fb883ffce6b5037362def025c52c2505b15d63e4?s=96&d=mm&r=g\",\"url\":\"https:\\\/\\\/secure.gravatar.com\\\/avatar\\\/887a0f3b5a7ceea963a48499fb883ffce6b5037362def025c52c2505b15d63e4?s=96&d=mm&r=g\",\"contentUrl\":\"https:\\\/\\\/secure.gravatar.com\\\/avatar\\\/887a0f3b5a7ceea963a48499fb883ffce6b5037362def025c52c2505b15d63e4?s=96&d=mm&r=g\",\"caption\":\"Ismael Lucas S. Pereira\"},\"url\":\"https:\\\/\\\/diariodepe.com.br\\\/cri\\\/author\\\/ismael-lucas\\\/\"}]}<\/script>\n<!-- \/ Yoast SEO plugin. -->","yoast_head_json":{"title":"He Lifeng visitar\u00e1 Reino Unido e realizar\u00e1 primeira reuni\u00e3o do mecanismo de consulta econ\u00f4mica e comercial China-EUA - CRI e Diario de Pernambuco","robots":{"index":"index","follow":"follow","max-snippet":"max-snippet:-1","max-image-preview":"max-image-preview:large","max-video-preview":"max-video-preview:-1"},"canonical":"https:\/\/diariodepe.com.br\/cri\/2025\/06\/09\/he-lifeng-visitara-reino-unido-e-realizara-primeira-reuniao-do-mecanismo-de-consulta-economica-e-comercial-china-eua\/","og_locale":"pt_BR","og_type":"article","og_title":"He Lifeng visitar\u00e1 Reino Unido e realizar\u00e1 primeira reuni\u00e3o do mecanismo de consulta econ\u00f4mica e comercial China-EUA - CRI e Diario de Pernambuco","og_description":"O porta-voz do Minist\u00e9rio das Rela\u00e7\u00f5es Exteriores da China anunciou neste s\u00e1bado que, a convite do governo do Reino Unido, He Lifeng, membro do Bir\u00f4 Pol\u00edtico do Comit\u00ea Central do Partido Comunista da China e vice-primeiro-ministro do Conselho de Estado,...","og_url":"https:\/\/diariodepe.com.br\/cri\/2025\/06\/09\/he-lifeng-visitara-reino-unido-e-realizara-primeira-reuniao-do-mecanismo-de-consulta-economica-e-comercial-china-eua\/","og_site_name":"CRI e Diario de Pernambuco","article_published_time":"2025-06-09T03:13:36+00:00","author":"Ismael Lucas S. Pereira","twitter_card":"summary_large_image","twitter_misc":{"Escrito por":"Ismael Lucas S. Pereira"},"schema":{"@context":"https:\/\/schema.org","@graph":[{"@type":"Article","@id":"https:\/\/diariodepe.com.br\/cri\/2025\/06\/09\/he-lifeng-visitara-reino-unido-e-realizara-primeira-reuniao-do-mecanismo-de-consulta-economica-e-comercial-china-eua\/#article","isPartOf":{"@id":"https:\/\/diariodepe.com.br\/cri\/2025\/06\/09\/he-lifeng-visitara-reino-unido-e-realizara-primeira-reuniao-do-mecanismo-de-consulta-economica-e-comercial-china-eua\/"},"author":{"name":"Ismael Lucas S. Pereira","@id":"https:\/\/diariodepe.com.br\/cri\/#\/schema\/person\/121bb28d84f1a5b1205ef4ce9c2e0c6b"},"headline":"He Lifeng visitar\u00e1 Reino Unido e realizar\u00e1 primeira reuni\u00e3o do mecanismo de consulta econ\u00f4mica e comercial China-EUA","datePublished":"2025-06-09T03:13:36+00:00","mainEntityOfPage":{"@id":"https:\/\/diariodepe.com.br\/cri\/2025\/06\/09\/he-lifeng-visitara-reino-unido-e-realizara-primeira-reuniao-do-mecanismo-de-consulta-economica-e-comercial-china-eua\/"},"wordCount":99,"commentCount":0,"publisher":{"@id":"https:\/\/diariodepe.com.br\/cri\/#organization"},"articleSection":["China"],"inLanguage":"pt-BR","potentialAction":[{"@type":"CommentAction","name":"Comment","target":["https:\/\/diariodepe.com.br\/cri\/2025\/06\/09\/he-lifeng-visitara-reino-unido-e-realizara-primeira-reuniao-do-mecanismo-de-consulta-economica-e-comercial-china-eua\/#respond"]}]},{"@type":"WebPage","@id":"https:\/\/diariodepe.com.br\/cri\/2025\/06\/09\/he-lifeng-visitara-reino-unido-e-realizara-primeira-reuniao-do-mecanismo-de-consulta-economica-e-comercial-china-eua\/","url":"https:\/\/diariodepe.com.br\/cri\/2025\/06\/09\/he-lifeng-visitara-reino-unido-e-realizara-primeira-reuniao-do-mecanismo-de-consulta-economica-e-comercial-china-eua\/","name":"He Lifeng visitar\u00e1 Reino Unido e realizar\u00e1 primeira reuni\u00e3o do mecanismo de consulta econ\u00f4mica e comercial China-EUA - CRI e Diario de Pernambuco","isPartOf":{"@id":"https:\/\/diariodepe.com.br\/cri\/#website"},"datePublished":"2025-06-09T03:13:36+00:00","breadcrumb":{"@id":"https:\/\/diariodepe.com.br\/cri\/2025\/06\/09\/he-lifeng-visitara-reino-unido-e-realizara-primeira-reuniao-do-mecanismo-de-consulta-economica-e-comercial-china-eua\/#breadcrumb"},"inLanguage":"pt-BR","potentialAction":[{"@type":"ReadAction","target":["https:\/\/diariodepe.com.br\/cri\/2025\/06\/09\/he-lifeng-visitara-reino-unido-e-realizara-primeira-reuniao-do-mecanismo-de-consulta-economica-e-comercial-china-eua\/"]}]},{"@type":"BreadcrumbList","@id":"https:\/\/diariodepe.com.br\/cri\/2025\/06\/09\/he-lifeng-visitara-reino-unido-e-realizara-primeira-reuniao-do-mecanismo-de-consulta-economica-e-comercial-china-eua\/#breadcrumb","itemListElement":[{"@type":"ListItem","position":1,"name":"In\u00edcio","item":"https:\/\/diariodepe.com.br\/cri\/"},{"@type":"ListItem","position":2,"name":"He Lifeng visitar\u00e1 Reino Unido e realizar\u00e1 primeira reuni\u00e3o do mecanismo de consulta econ\u00f4mica e comercial China-EUA"}]},{"@type":"WebSite","@id":"https:\/\/diariodepe.com.br\/cri\/#website","url":"https:\/\/diariodepe.com.br\/cri\/","name":"CRI e Diario de Pernambuco","description":"R\u00e1dio Internacional da China","publisher":{"@id":"https:\/\/diariodepe.com.br\/cri\/#organization"},"potentialAction":[{"@type":"SearchAction","target":{"@type":"EntryPoint","urlTemplate":"https:\/\/diariodepe.com.br\/cri\/?s={search_term_string}"},"query-input":{"@type":"PropertyValueSpecification","valueRequired":true,"valueName":"search_term_string"}}],"inLanguage":"pt-BR"},{"@type":"Organization","@id":"https:\/\/diariodepe.com.br\/cri\/#organization","name":"CRI e Diario de Pernambuco","url":"https:\/\/diariodepe.com.br\/cri\/","logo":{"@type":"ImageObject","inLanguage":"pt-BR","@id":"https:\/\/diariodepe.com.br\/cri\/#\/schema\/logo\/image\/","url":"https:\/\/diariodepe.com.br\/cri\/wp-content\/uploads\/sites\/2\/2022\/12\/cropped-Logo.jpg","contentUrl":"https:\/\/diariodepe.com.br\/cri\/wp-content\/uploads\/sites\/2\/2022\/12\/cropped-Logo.jpg","width":700,"height":59,"caption":"CRI e Diario de Pernambuco"},"image":{"@id":"https:\/\/diariodepe.com.br\/cri\/#\/schema\/logo\/image\/"}},{"@type":"Person","@id":"https:\/\/diariodepe.com.br\/cri\/#\/schema\/person\/121bb28d84f1a5b1205ef4ce9c2e0c6b","name":"Ismael Lucas S. Pereira","image":{"@type":"ImageObject","inLanguage":"pt-BR","@id":"https:\/\/secure.gravatar.com\/avatar\/887a0f3b5a7ceea963a48499fb883ffce6b5037362def025c52c2505b15d63e4?s=96&d=mm&r=g","url":"https:\/\/secure.gravatar.com\/avatar\/887a0f3b5a7ceea963a48499fb883ffce6b5037362def025c52c2505b15d63e4?s=96&d=mm&r=g","contentUrl":"https:\/\/secure.gravatar.com\/avatar\/887a0f3b5a7ceea963a48499fb883ffce6b5037362def025c52c2505b15d63e4?s=96&d=mm&r=g","caption":"Ismael Lucas S. Pereira"},"url":"https:\/\/diariodepe.com.br\/cri\/author\/ismael-lucas\/"}]}},"cc_featured_image_caption":{"caption_text":false,"source_text":false,"source_url":false},"amp_enabled":true,"_links":{"self":[{"href":"https:\/\/diariodepe.com.br\/cri\/wp-json\/wp\/v2\/posts\/8538","targetHints":{"allow":["GET"]}}],"collection":[{"href":"https:\/\/diariodepe.com.br\/cri\/wp-json\/wp\/v2\/posts"}],"about":[{"href":"https:\/\/diariodepe.com.br\/cri\/wp-json\/wp\/v2\/types\/post"}],"author":[{"embeddable":true,"href":"https:\/\/diariodepe.com.br\/cri\/wp-json\/wp\/v2\/users\/2"}],"replies":[{"embeddable":true,"href":"https:\/\/diariodepe.com.br\/cri\/wp-json\/wp\/v2\/comments?post=8538"}],"version-history":[{"count":1,"href":"https:\/\/diariodepe.com.br\/cri\/wp-json\/wp\/v2\/posts\/8538\/revisions"}],"predecessor-version":[{"id":8539,"href":"https:\/\/diariodepe.com.br\/cri\/wp-json\/wp\/v2\/posts\/8538\/revisions\/8539"}],"wp:attachment":[{"href":"https:\/\/diariodepe.com.br\/cri\/wp-json\/wp\/v2\/media?parent=8538"}],"wp:term":[{"taxonomy":"category","embeddable":true,"href":"https:\/\/diariodepe.com.br\/cri\/wp-json\/wp\/v2\/categories?post=8538"},{"taxonomy":"post_tag","embeddable":true,"href":"https:\/\/diariodepe.com.br\/cri\/wp-json\/wp\/v2\/tags?post=8538"}],"curies":[{"name":"wp","href":"https:\/\/api.w.org\/{rel}","templated":true}]}}