{"id":8527,"date":"2025-06-05T00:17:19","date_gmt":"2025-06-05T03:17:19","guid":{"rendered":"https:\/\/diariodepe.com.br\/cri\/?p=8527"},"modified":"2025-06-05T00:17:19","modified_gmt":"2025-06-05T03:17:19","slug":"xi-jinping-reune-se-com-presidente-da-bielorrussia","status":"publish","type":"post","link":"https:\/\/diariodepe.com.br\/cri\/2025\/06\/05\/xi-jinping-reune-se-com-presidente-da-bielorrussia\/","title":{"rendered":"Xi Jinping re\u00fane-se com presidente da Bielorr\u00fassia"},"content":{"rendered":"<p>Na manh\u00e3 desta quarta-feira (4), o\u00a0presidente da China, Xi Jinping, recebeu\u00a0em Beijing o presidente da Bielorr\u00fassia, Alexander Lukashenko.<\/p>\n<p>&nbsp;<\/p>\n<p><img decoding=\"async\" src=\"https:\/\/38picres.cgtn.com\/photoAlbum\/page\/performance\/img\/2025\/6\/4\/1749022527622_173.jpg\" width=\"100%\" height=\"auto\" \/><\/p>\n<p>Xi Jinping parabenizou Lukashenko\u00a0por sua\u00a0reelei\u00e7\u00e3o\u00a0e destacou que China e a Bielorr\u00fassia s\u00e3o verdadeiros\u00a0amigos\u00a0e parceiros confi\u00e1veis. Segundo o l\u00edder chin\u00eas, os dois pa\u00edses sempre mantiveram rela\u00e7\u00f5es baseadas na sinceridade e na confian\u00e7a m\u00fatua. A amizade tradicional entre<\/p>\n<p>as duas na\u00e7\u00f5es tem se fortalecido ao longo do tempo, com la\u00e7os pol\u00edticos\u00a0s\u00f3lidos\u00a0e coopera\u00e7\u00e3o crescente em diversas \u00e1reas. Xi afirmou que a China considera suas rela\u00e7\u00f5es com a Bielorr\u00fassia a partir de uma perspectiva estrat\u00e9gica e de longo prazo, e est\u00e1 disposto\u00a0a trabalhar junto ao pa\u00eds europeu para garantir\u00a0o desenvolvimento est\u00e1vel e duradouro\u00a0da parceria bilateral. Ele tamb\u00e9m enfatizou a import\u00e2ncia de fortalecer a coordena\u00e7\u00e3o e a coopera\u00e7\u00e3o em plataformas multilaterais,\u00a0como as Na\u00e7\u00f5es Unidas e a Organiza\u00e7\u00e3o de Coopera\u00e7\u00e3o de Shanghai, com o objetivo de combater a hegemonia e a intimida\u00e7\u00e3o, promovendo a equidade e a justi\u00e7a internacionais.<\/p>\n<p>&nbsp;<\/p>\n<p>Lukashenko, por sua vez, mencionou que esta \u00e9 sua\u00a015\u00aa visita \u00e0 China, e que em todas as ocasi\u00f5es sentiu profundamente a amizade sincera do povo chin\u00eas.\u00a0Ele agradeceu pelo apoio e ajuda de longo prazo\u00a0da China, reafirmando o compromisso da Bielorr\u00fassia com o fortalecimento dos la\u00e7os bilaterais. Segundo o presidente bielorrusso, a China tem dado um exemplo para o mundo ao defender firmemente o multilateralismo\u00a0e se opor ao unilateralismo. Ele afirmou que seu pa\u00eds est\u00e1 disposto a trabalhar com a China para proteger a justi\u00e7a e a equidade no cen\u00e1rio internacional.<\/p>\n","protected":false},"excerpt":{"rendered":"<p>Na manh\u00e3 desta quarta-feira (4), o\u00a0presidente da China, Xi Jinping, recebeu\u00a0em Beijing o presidente da Bielorr\u00fassia, Alexander Lukashenko. &nbsp; Xi Jinping parabenizou Lukashenko\u00a0por sua\u00a0reelei\u00e7\u00e3o\u00a0e destacou que China e a Bielorr\u00fassia s\u00e3o verdadeiros\u00a0amigos\u00a0e parceiros confi\u00e1veis. Segundo o l\u00edder chin\u00eas, os dois&#8230;<\/p>\n","protected":false},"author":2,"featured_media":0,"comment_status":"open","ping_status":"open","sticky":false,"template":"","format":"standard","meta":{"footnotes":""},"categories":[3],"tags":[],"class_list":["post-8527","post","type-post","status-publish","format-standard","hentry","category-china"],"yoast_head":"<!-- This site is optimized with the Yoast SEO plugin v27.4 - https:\/\/yoast.com\/product\/yoast-seo-wordpress\/ -->\n<title>Xi Jinping re\u00fane-se com presidente da Bielorr\u00fassia - CRI e Diario de Pernambuco<\/title>\n<meta name=\"robots\" content=\"index, follow, max-snippet:-1, max-image-preview:large, max-video-preview:-1\" \/>\n<link rel=\"canonical\" href=\"https:\/\/diariodepe.com.br\/cri\/2025\/06\/05\/xi-jinping-reune-se-com-presidente-da-bielorrussia\/\" \/>\n<meta property=\"og:locale\" content=\"pt_BR\" \/>\n<meta property=\"og:type\" content=\"article\" \/>\n<meta property=\"og:title\" content=\"Xi Jinping re\u00fane-se com presidente da Bielorr\u00fassia - CRI e Diario de Pernambuco\" \/>\n<meta property=\"og:description\" content=\"Na manh\u00e3 desta quarta-feira (4), o\u00a0presidente da China, Xi Jinping, recebeu\u00a0em Beijing o presidente da Bielorr\u00fassia, Alexander Lukashenko. &nbsp; Xi Jinping parabenizou Lukashenko\u00a0por sua\u00a0reelei\u00e7\u00e3o\u00a0e destacou que China e a Bielorr\u00fassia s\u00e3o verdadeiros\u00a0amigos\u00a0e parceiros confi\u00e1veis. Segundo o l\u00edder chin\u00eas, os dois...\" \/>\n<meta property=\"og:url\" content=\"https:\/\/diariodepe.com.br\/cri\/2025\/06\/05\/xi-jinping-reune-se-com-presidente-da-bielorrussia\/\" \/>\n<meta property=\"og:site_name\" content=\"CRI e Diario de Pernambuco\" \/>\n<meta property=\"article:published_time\" content=\"2025-06-05T03:17:19+00:00\" \/>\n<meta property=\"og:image\" content=\"https:\/\/38picres.cgtn.com\/photoAlbum\/page\/performance\/img\/2025\/6\/4\/1749022527622_173.jpg\" \/>\n<meta name=\"author\" content=\"Ismael Lucas S. Pereira\" \/>\n<meta name=\"twitter:card\" content=\"summary_large_image\" \/>\n<meta name=\"twitter:label1\" content=\"Escrito por\" \/>\n\t<meta name=\"twitter:data1\" content=\"Ismael Lucas S. Pereira\" \/>\n\t<meta name=\"twitter:label2\" content=\"Est. tempo de leitura\" \/>\n\t<meta name=\"twitter:data2\" content=\"2 minutos\" \/>\n<script type=\"application\/ld+json\" class=\"yoast-schema-graph\">{\"@context\":\"https:\\\/\\\/schema.org\",\"@graph\":[{\"@type\":\"Article\",\"@id\":\"https:\\\/\\\/diariodepe.com.br\\\/cri\\\/2025\\\/06\\\/05\\\/xi-jinping-reune-se-com-presidente-da-bielorrussia\\\/#article\",\"isPartOf\":{\"@id\":\"https:\\\/\\\/diariodepe.com.br\\\/cri\\\/2025\\\/06\\\/05\\\/xi-jinping-reune-se-com-presidente-da-bielorrussia\\\/\"},\"author\":{\"name\":\"Ismael Lucas S. Pereira\",\"@id\":\"https:\\\/\\\/diariodepe.com.br\\\/cri\\\/#\\\/schema\\\/person\\\/121bb28d84f1a5b1205ef4ce9c2e0c6b\"},\"headline\":\"Xi Jinping re\u00fane-se com presidente da Bielorr\u00fassia\",\"datePublished\":\"2025-06-05T03:17:19+00:00\",\"mainEntityOfPage\":{\"@id\":\"https:\\\/\\\/diariodepe.com.br\\\/cri\\\/2025\\\/06\\\/05\\\/xi-jinping-reune-se-com-presidente-da-bielorrussia\\\/\"},\"wordCount\":302,\"commentCount\":0,\"publisher\":{\"@id\":\"https:\\\/\\\/diariodepe.com.br\\\/cri\\\/#organization\"},\"image\":{\"@id\":\"https:\\\/\\\/diariodepe.com.br\\\/cri\\\/2025\\\/06\\\/05\\\/xi-jinping-reune-se-com-presidente-da-bielorrussia\\\/#primaryimage\"},\"thumbnailUrl\":\"https:\\\/\\\/38picres.cgtn.com\\\/photoAlbum\\\/page\\\/performance\\\/img\\\/2025\\\/6\\\/4\\\/1749022527622_173.jpg\",\"articleSection\":[\"China\"],\"inLanguage\":\"pt-BR\",\"potentialAction\":[{\"@type\":\"CommentAction\",\"name\":\"Comment\",\"target\":[\"https:\\\/\\\/diariodepe.com.br\\\/cri\\\/2025\\\/06\\\/05\\\/xi-jinping-reune-se-com-presidente-da-bielorrussia\\\/#respond\"]}]},{\"@type\":\"WebPage\",\"@id\":\"https:\\\/\\\/diariodepe.com.br\\\/cri\\\/2025\\\/06\\\/05\\\/xi-jinping-reune-se-com-presidente-da-bielorrussia\\\/\",\"url\":\"https:\\\/\\\/diariodepe.com.br\\\/cri\\\/2025\\\/06\\\/05\\\/xi-jinping-reune-se-com-presidente-da-bielorrussia\\\/\",\"name\":\"Xi Jinping re\u00fane-se com presidente da Bielorr\u00fassia - CRI e Diario de Pernambuco\",\"isPartOf\":{\"@id\":\"https:\\\/\\\/diariodepe.com.br\\\/cri\\\/#website\"},\"primaryImageOfPage\":{\"@id\":\"https:\\\/\\\/diariodepe.com.br\\\/cri\\\/2025\\\/06\\\/05\\\/xi-jinping-reune-se-com-presidente-da-bielorrussia\\\/#primaryimage\"},\"image\":{\"@id\":\"https:\\\/\\\/diariodepe.com.br\\\/cri\\\/2025\\\/06\\\/05\\\/xi-jinping-reune-se-com-presidente-da-bielorrussia\\\/#primaryimage\"},\"thumbnailUrl\":\"https:\\\/\\\/38picres.cgtn.com\\\/photoAlbum\\\/page\\\/performance\\\/img\\\/2025\\\/6\\\/4\\\/1749022527622_173.jpg\",\"datePublished\":\"2025-06-05T03:17:19+00:00\",\"breadcrumb\":{\"@id\":\"https:\\\/\\\/diariodepe.com.br\\\/cri\\\/2025\\\/06\\\/05\\\/xi-jinping-reune-se-com-presidente-da-bielorrussia\\\/#breadcrumb\"},\"inLanguage\":\"pt-BR\",\"potentialAction\":[{\"@type\":\"ReadAction\",\"target\":[\"https:\\\/\\\/diariodepe.com.br\\\/cri\\\/2025\\\/06\\\/05\\\/xi-jinping-reune-se-com-presidente-da-bielorrussia\\\/\"]}]},{\"@type\":\"ImageObject\",\"inLanguage\":\"pt-BR\",\"@id\":\"https:\\\/\\\/diariodepe.com.br\\\/cri\\\/2025\\\/06\\\/05\\\/xi-jinping-reune-se-com-presidente-da-bielorrussia\\\/#primaryimage\",\"url\":\"https:\\\/\\\/38picres.cgtn.com\\\/photoAlbum\\\/page\\\/performance\\\/img\\\/2025\\\/6\\\/4\\\/1749022527622_173.jpg\",\"contentUrl\":\"https:\\\/\\\/38picres.cgtn.com\\\/photoAlbum\\\/page\\\/performance\\\/img\\\/2025\\\/6\\\/4\\\/1749022527622_173.jpg\"},{\"@type\":\"BreadcrumbList\",\"@id\":\"https:\\\/\\\/diariodepe.com.br\\\/cri\\\/2025\\\/06\\\/05\\\/xi-jinping-reune-se-com-presidente-da-bielorrussia\\\/#breadcrumb\",\"itemListElement\":[{\"@type\":\"ListItem\",\"position\":1,\"name\":\"In\u00edcio\",\"item\":\"https:\\\/\\\/diariodepe.com.br\\\/cri\\\/\"},{\"@type\":\"ListItem\",\"position\":2,\"name\":\"Xi Jinping re\u00fane-se com presidente da Bielorr\u00fassia\"}]},{\"@type\":\"WebSite\",\"@id\":\"https:\\\/\\\/diariodepe.com.br\\\/cri\\\/#website\",\"url\":\"https:\\\/\\\/diariodepe.com.br\\\/cri\\\/\",\"name\":\"CRI e Diario de Pernambuco\",\"description\":\"R\u00e1dio Internacional da China\",\"publisher\":{\"@id\":\"https:\\\/\\\/diariodepe.com.br\\\/cri\\\/#organization\"},\"potentialAction\":[{\"@type\":\"SearchAction\",\"target\":{\"@type\":\"EntryPoint\",\"urlTemplate\":\"https:\\\/\\\/diariodepe.com.br\\\/cri\\\/?s={search_term_string}\"},\"query-input\":{\"@type\":\"PropertyValueSpecification\",\"valueRequired\":true,\"valueName\":\"search_term_string\"}}],\"inLanguage\":\"pt-BR\"},{\"@type\":\"Organization\",\"@id\":\"https:\\\/\\\/diariodepe.com.br\\\/cri\\\/#organization\",\"name\":\"CRI e Diario de Pernambuco\",\"url\":\"https:\\\/\\\/diariodepe.com.br\\\/cri\\\/\",\"logo\":{\"@type\":\"ImageObject\",\"inLanguage\":\"pt-BR\",\"@id\":\"https:\\\/\\\/diariodepe.com.br\\\/cri\\\/#\\\/schema\\\/logo\\\/image\\\/\",\"url\":\"https:\\\/\\\/diariodepe.com.br\\\/cri\\\/wp-content\\\/uploads\\\/sites\\\/2\\\/2022\\\/12\\\/cropped-Logo.jpg\",\"contentUrl\":\"https:\\\/\\\/diariodepe.com.br\\\/cri\\\/wp-content\\\/uploads\\\/sites\\\/2\\\/2022\\\/12\\\/cropped-Logo.jpg\",\"width\":700,\"height\":59,\"caption\":\"CRI e Diario de Pernambuco\"},\"image\":{\"@id\":\"https:\\\/\\\/diariodepe.com.br\\\/cri\\\/#\\\/schema\\\/logo\\\/image\\\/\"}},{\"@type\":\"Person\",\"@id\":\"https:\\\/\\\/diariodepe.com.br\\\/cri\\\/#\\\/schema\\\/person\\\/121bb28d84f1a5b1205ef4ce9c2e0c6b\",\"name\":\"Ismael Lucas S. Pereira\",\"image\":{\"@type\":\"ImageObject\",\"inLanguage\":\"pt-BR\",\"@id\":\"https:\\\/\\\/secure.gravatar.com\\\/avatar\\\/887a0f3b5a7ceea963a48499fb883ffce6b5037362def025c52c2505b15d63e4?s=96&d=mm&r=g\",\"url\":\"https:\\\/\\\/secure.gravatar.com\\\/avatar\\\/887a0f3b5a7ceea963a48499fb883ffce6b5037362def025c52c2505b15d63e4?s=96&d=mm&r=g\",\"contentUrl\":\"https:\\\/\\\/secure.gravatar.com\\\/avatar\\\/887a0f3b5a7ceea963a48499fb883ffce6b5037362def025c52c2505b15d63e4?s=96&d=mm&r=g\",\"caption\":\"Ismael Lucas S. Pereira\"},\"url\":\"https:\\\/\\\/diariodepe.com.br\\\/cri\\\/author\\\/ismael-lucas\\\/\"}]}<\/script>\n<!-- \/ Yoast SEO plugin. -->","yoast_head_json":{"title":"Xi Jinping re\u00fane-se com presidente da Bielorr\u00fassia - CRI e Diario de Pernambuco","robots":{"index":"index","follow":"follow","max-snippet":"max-snippet:-1","max-image-preview":"max-image-preview:large","max-video-preview":"max-video-preview:-1"},"canonical":"https:\/\/diariodepe.com.br\/cri\/2025\/06\/05\/xi-jinping-reune-se-com-presidente-da-bielorrussia\/","og_locale":"pt_BR","og_type":"article","og_title":"Xi Jinping re\u00fane-se com presidente da Bielorr\u00fassia - CRI e Diario de Pernambuco","og_description":"Na manh\u00e3 desta quarta-feira (4), o\u00a0presidente da China, Xi Jinping, recebeu\u00a0em Beijing o presidente da Bielorr\u00fassia, Alexander Lukashenko. &nbsp; Xi Jinping parabenizou Lukashenko\u00a0por sua\u00a0reelei\u00e7\u00e3o\u00a0e destacou que China e a Bielorr\u00fassia s\u00e3o verdadeiros\u00a0amigos\u00a0e parceiros confi\u00e1veis. Segundo o l\u00edder chin\u00eas, os dois...","og_url":"https:\/\/diariodepe.com.br\/cri\/2025\/06\/05\/xi-jinping-reune-se-com-presidente-da-bielorrussia\/","og_site_name":"CRI e Diario de Pernambuco","article_published_time":"2025-06-05T03:17:19+00:00","og_image":[{"url":"https:\/\/38picres.cgtn.com\/photoAlbum\/page\/performance\/img\/2025\/6\/4\/1749022527622_173.jpg","type":"","width":"","height":""}],"author":"Ismael Lucas S. Pereira","twitter_card":"summary_large_image","twitter_misc":{"Escrito por":"Ismael Lucas S. Pereira","Est. tempo de leitura":"2 minutos"},"schema":{"@context":"https:\/\/schema.org","@graph":[{"@type":"Article","@id":"https:\/\/diariodepe.com.br\/cri\/2025\/06\/05\/xi-jinping-reune-se-com-presidente-da-bielorrussia\/#article","isPartOf":{"@id":"https:\/\/diariodepe.com.br\/cri\/2025\/06\/05\/xi-jinping-reune-se-com-presidente-da-bielorrussia\/"},"author":{"name":"Ismael Lucas S. Pereira","@id":"https:\/\/diariodepe.com.br\/cri\/#\/schema\/person\/121bb28d84f1a5b1205ef4ce9c2e0c6b"},"headline":"Xi Jinping re\u00fane-se com presidente da Bielorr\u00fassia","datePublished":"2025-06-05T03:17:19+00:00","mainEntityOfPage":{"@id":"https:\/\/diariodepe.com.br\/cri\/2025\/06\/05\/xi-jinping-reune-se-com-presidente-da-bielorrussia\/"},"wordCount":302,"commentCount":0,"publisher":{"@id":"https:\/\/diariodepe.com.br\/cri\/#organization"},"image":{"@id":"https:\/\/diariodepe.com.br\/cri\/2025\/06\/05\/xi-jinping-reune-se-com-presidente-da-bielorrussia\/#primaryimage"},"thumbnailUrl":"https:\/\/38picres.cgtn.com\/photoAlbum\/page\/performance\/img\/2025\/6\/4\/1749022527622_173.jpg","articleSection":["China"],"inLanguage":"pt-BR","potentialAction":[{"@type":"CommentAction","name":"Comment","target":["https:\/\/diariodepe.com.br\/cri\/2025\/06\/05\/xi-jinping-reune-se-com-presidente-da-bielorrussia\/#respond"]}]},{"@type":"WebPage","@id":"https:\/\/diariodepe.com.br\/cri\/2025\/06\/05\/xi-jinping-reune-se-com-presidente-da-bielorrussia\/","url":"https:\/\/diariodepe.com.br\/cri\/2025\/06\/05\/xi-jinping-reune-se-com-presidente-da-bielorrussia\/","name":"Xi Jinping re\u00fane-se com presidente da Bielorr\u00fassia - CRI e Diario de Pernambuco","isPartOf":{"@id":"https:\/\/diariodepe.com.br\/cri\/#website"},"primaryImageOfPage":{"@id":"https:\/\/diariodepe.com.br\/cri\/2025\/06\/05\/xi-jinping-reune-se-com-presidente-da-bielorrussia\/#primaryimage"},"image":{"@id":"https:\/\/diariodepe.com.br\/cri\/2025\/06\/05\/xi-jinping-reune-se-com-presidente-da-bielorrussia\/#primaryimage"},"thumbnailUrl":"https:\/\/38picres.cgtn.com\/photoAlbum\/page\/performance\/img\/2025\/6\/4\/1749022527622_173.jpg","datePublished":"2025-06-05T03:17:19+00:00","breadcrumb":{"@id":"https:\/\/diariodepe.com.br\/cri\/2025\/06\/05\/xi-jinping-reune-se-com-presidente-da-bielorrussia\/#breadcrumb"},"inLanguage":"pt-BR","potentialAction":[{"@type":"ReadAction","target":["https:\/\/diariodepe.com.br\/cri\/2025\/06\/05\/xi-jinping-reune-se-com-presidente-da-bielorrussia\/"]}]},{"@type":"ImageObject","inLanguage":"pt-BR","@id":"https:\/\/diariodepe.com.br\/cri\/2025\/06\/05\/xi-jinping-reune-se-com-presidente-da-bielorrussia\/#primaryimage","url":"https:\/\/38picres.cgtn.com\/photoAlbum\/page\/performance\/img\/2025\/6\/4\/1749022527622_173.jpg","contentUrl":"https:\/\/38picres.cgtn.com\/photoAlbum\/page\/performance\/img\/2025\/6\/4\/1749022527622_173.jpg"},{"@type":"BreadcrumbList","@id":"https:\/\/diariodepe.com.br\/cri\/2025\/06\/05\/xi-jinping-reune-se-com-presidente-da-bielorrussia\/#breadcrumb","itemListElement":[{"@type":"ListItem","position":1,"name":"In\u00edcio","item":"https:\/\/diariodepe.com.br\/cri\/"},{"@type":"ListItem","position":2,"name":"Xi Jinping re\u00fane-se com presidente da Bielorr\u00fassia"}]},{"@type":"WebSite","@id":"https:\/\/diariodepe.com.br\/cri\/#website","url":"https:\/\/diariodepe.com.br\/cri\/","name":"CRI e Diario de Pernambuco","description":"R\u00e1dio Internacional da China","publisher":{"@id":"https:\/\/diariodepe.com.br\/cri\/#organization"},"potentialAction":[{"@type":"SearchAction","target":{"@type":"EntryPoint","urlTemplate":"https:\/\/diariodepe.com.br\/cri\/?s={search_term_string}"},"query-input":{"@type":"PropertyValueSpecification","valueRequired":true,"valueName":"search_term_string"}}],"inLanguage":"pt-BR"},{"@type":"Organization","@id":"https:\/\/diariodepe.com.br\/cri\/#organization","name":"CRI e Diario de Pernambuco","url":"https:\/\/diariodepe.com.br\/cri\/","logo":{"@type":"ImageObject","inLanguage":"pt-BR","@id":"https:\/\/diariodepe.com.br\/cri\/#\/schema\/logo\/image\/","url":"https:\/\/diariodepe.com.br\/cri\/wp-content\/uploads\/sites\/2\/2022\/12\/cropped-Logo.jpg","contentUrl":"https:\/\/diariodepe.com.br\/cri\/wp-content\/uploads\/sites\/2\/2022\/12\/cropped-Logo.jpg","width":700,"height":59,"caption":"CRI e Diario de Pernambuco"},"image":{"@id":"https:\/\/diariodepe.com.br\/cri\/#\/schema\/logo\/image\/"}},{"@type":"Person","@id":"https:\/\/diariodepe.com.br\/cri\/#\/schema\/person\/121bb28d84f1a5b1205ef4ce9c2e0c6b","name":"Ismael Lucas S. Pereira","image":{"@type":"ImageObject","inLanguage":"pt-BR","@id":"https:\/\/secure.gravatar.com\/avatar\/887a0f3b5a7ceea963a48499fb883ffce6b5037362def025c52c2505b15d63e4?s=96&d=mm&r=g","url":"https:\/\/secure.gravatar.com\/avatar\/887a0f3b5a7ceea963a48499fb883ffce6b5037362def025c52c2505b15d63e4?s=96&d=mm&r=g","contentUrl":"https:\/\/secure.gravatar.com\/avatar\/887a0f3b5a7ceea963a48499fb883ffce6b5037362def025c52c2505b15d63e4?s=96&d=mm&r=g","caption":"Ismael Lucas S. Pereira"},"url":"https:\/\/diariodepe.com.br\/cri\/author\/ismael-lucas\/"}]}},"cc_featured_image_caption":{"caption_text":false,"source_text":false,"source_url":false},"amp_enabled":true,"_links":{"self":[{"href":"https:\/\/diariodepe.com.br\/cri\/wp-json\/wp\/v2\/posts\/8527","targetHints":{"allow":["GET"]}}],"collection":[{"href":"https:\/\/diariodepe.com.br\/cri\/wp-json\/wp\/v2\/posts"}],"about":[{"href":"https:\/\/diariodepe.com.br\/cri\/wp-json\/wp\/v2\/types\/post"}],"author":[{"embeddable":true,"href":"https:\/\/diariodepe.com.br\/cri\/wp-json\/wp\/v2\/users\/2"}],"replies":[{"embeddable":true,"href":"https:\/\/diariodepe.com.br\/cri\/wp-json\/wp\/v2\/comments?post=8527"}],"version-history":[{"count":1,"href":"https:\/\/diariodepe.com.br\/cri\/wp-json\/wp\/v2\/posts\/8527\/revisions"}],"predecessor-version":[{"id":8528,"href":"https:\/\/diariodepe.com.br\/cri\/wp-json\/wp\/v2\/posts\/8527\/revisions\/8528"}],"wp:attachment":[{"href":"https:\/\/diariodepe.com.br\/cri\/wp-json\/wp\/v2\/media?parent=8527"}],"wp:term":[{"taxonomy":"category","embeddable":true,"href":"https:\/\/diariodepe.com.br\/cri\/wp-json\/wp\/v2\/categories?post=8527"},{"taxonomy":"post_tag","embeddable":true,"href":"https:\/\/diariodepe.com.br\/cri\/wp-json\/wp\/v2\/tags?post=8527"}],"curies":[{"name":"wp","href":"https:\/\/api.w.org\/{rel}","templated":true}]}}