{"id":8525,"date":"2025-06-04T23:25:33","date_gmt":"2025-06-05T02:25:33","guid":{"rendered":"https:\/\/diariodepe.com.br\/cri\/?p=8525"},"modified":"2025-06-04T23:25:33","modified_gmt":"2025-06-05T02:25:33","slug":"forum-sino-alemao-destaca-importancia-de-cooperacao-com-a-china","status":"publish","type":"post","link":"https:\/\/diariodepe.com.br\/cri\/2025\/06\/04\/forum-sino-alemao-destaca-importancia-de-cooperacao-com-a-china\/","title":{"rendered":"F\u00f3rum Sino-Alem\u00e3o destaca import\u00e2ncia de coopera\u00e7\u00e3o com a China"},"content":{"rendered":"<div class=\"detailContent\" data-v-6a32acc9=\"\">\n<div class=\"pc\" data-v-b5fef672=\"\" data-v-6a32acc9=\"\">\n<div id=\"detailContent\" class=\"pc\" data-v-b5fef672=\"\">\n<p><img decoding=\"async\" src=\"https:\/\/38picres.cgtn.com\/photoAlbum\/page\/performance\/img\/2025\/5\/31\/1748692835560_251.jpg\" width=\"100%\" height=\"auto\" \/><\/p>\n<p>Foi realizado nos \u00faltimos dias em Beijing o F\u00f3rum de Desenvolvimento da Coopera\u00e7\u00e3o Industrial Sino-Alem\u00e3. No evento, Hans-Peter Friedrich, ex-vice-presidente do Parlamento Alem\u00e3o, comentou sobre a sua vis\u00e3o acerca da coopera\u00e7\u00e3o bilateral entre os dois pa\u00edses. Friedrich disse, \u201cSe perdermos o mercado chin\u00eas, isso equivale a perder um importante \u2018ponto de apoio\u2019 no mundo\u201d. A opini\u00e3o dele tamb\u00e9m foi reconhecida pela maioria dos l\u00edderes empresariais europeus presentes no f\u00f3rum.<\/p>\n<p>Bekim Pllana, presidente da German Rhein Pharma, disse que ter notado na Alemanha que os consumidores chineses est\u00e3o cada vez mais atentos \u00e0 sa\u00fade pessoal e t\u00eam prefer\u00eancia em produtos \u00e0 base de ervas, o que representa um enorme potencial de consumo, fazendo com que a empresa decidisse entrar no mercado chin\u00eas.<\/p>\n<p>Para as empresas que j\u00e1 mergulharam na China, os grandes lucros que tiveram nos \u00faltimos anos contribu\u00edram para o aumento significativo de confian\u00e7a nesse mercado. Carlos Riveros, gerente geral da German Muteki, \u00e9 um exemplo dessas empresas. H\u00e1 15 anos, a sua empresa entrou no mercado chin\u00eas. Atualmente, a participa\u00e7\u00e3o no mercado chin\u00eas representa cerca de 20% da participa\u00e7\u00e3o do mercado global da empresa. A empresa formulou uma &#8220;rota dupla&#8221;: por um lado, est\u00e1 considerando estabelecer linhas de produ\u00e7\u00e3o na China para fortalecer o fornecimento local; por outro, est\u00e1 contratando representantes de vendas para expandir ainda mais o mercado.<\/p>\n<p>Hoje, a China se tornou o melhor cen\u00e1rio de aplica\u00e7\u00e3o para a nova rodada de revolu\u00e7\u00e3o cient\u00edfica e tecnol\u00f3gica, e transforma\u00e7\u00e3o industrial. Harald Unkelbach, diretor do Grupo W\u00fcrth, afirmou que a empresa investiu 75 milh\u00f5es de euros para estabelecer um centro de pesquisa e desenvolvimento na China e cooperar com empresas chinesas na \u00e1rea de IA.<\/p>\n<p>A Alemanha possui bases e tecnologias de ponta em \u00e1reas de manufatura como m\u00e1quinas e produtos qu\u00edmicos, enquanto a China possui forte capacidade de inova\u00e7\u00e3o em \u00e1reas emergentes como novas energias, intelig\u00eancia artificial e economia digital, o que significa que os dois lados tem uma grande complementaridade no setor industrial. Os carros inteligentes s\u00e3o um s\u00edmbolo claro da coopera\u00e7\u00e3o entre os dois lados. As empresas alem\u00e3s utilizam suas vantagens tecnol\u00f3gicas no setor automotivo tradicional e as combinam com a expertise chinesa em inova\u00e7\u00e3o digital e tecnologia da informa\u00e7\u00e3o para superar, em conjunto, as dificuldades t\u00e9cnicas. Coopera\u00e7\u00f5es semelhantes tamb\u00e9m podem ser expandidas para as \u00e1reas de economia digital, biomedicina, a fim de promover a moderniza\u00e7\u00e3o industrial de ambos os lados.<\/p>\n<p>Este ano marca o 50.\u00ba anivers\u00e1rio do estabelecimento das rela\u00e7\u00f5es diplom\u00e1ticas entre a China e a Uni\u00e3o Europeia (UE). Nos \u00faltimos 50 anos, o volume total do com\u00e9rcio bilateral aumentou mais de 300 vezes, e o estoque de investimentos rec\u00edprocos ultrapassou 260 bilh\u00f5es de d\u00f3lares. A China e a UE se tornaram parceiros s\u00f3lidos de benef\u00edcio m\u00fatuo. Diante das medidas protecionistas adotadas pelos EUA, refor\u00e7ar a coopera\u00e7\u00e3o com a China e promover em conjunto o investimento e o com\u00e9rcio livre entre as duas partes constitui um consenso entre os Estados-membros da UE. Como afirmou Benita Ferrero-Waldner, vice-presidente da Comiss\u00e3o Europeia, \u201cesta \u00e9 uma coopera\u00e7\u00e3o para o futuro.\u201d<\/p>\n<\/div>\n<\/div>\n<\/div>\n","protected":false},"excerpt":{"rendered":"<p>Foi realizado nos \u00faltimos dias em Beijing o F\u00f3rum de Desenvolvimento da Coopera\u00e7\u00e3o Industrial Sino-Alem\u00e3. No evento, Hans-Peter Friedrich, ex-vice-presidente do Parlamento Alem\u00e3o, comentou sobre a sua vis\u00e3o acerca da coopera\u00e7\u00e3o bilateral entre os dois pa\u00edses. Friedrich disse, \u201cSe perdermos&#8230;<\/p>\n","protected":false},"author":2,"featured_media":0,"comment_status":"open","ping_status":"open","sticky":false,"template":"","format":"standard","meta":{"footnotes":""},"categories":[3],"tags":[],"class_list":["post-8525","post","type-post","status-publish","format-standard","hentry","category-china"],"yoast_head":"<!-- This site is optimized with the Yoast SEO plugin v27.4 - https:\/\/yoast.com\/product\/yoast-seo-wordpress\/ -->\n<title>F\u00f3rum Sino-Alem\u00e3o destaca import\u00e2ncia de coopera\u00e7\u00e3o com a China - CRI e Diario de Pernambuco<\/title>\n<meta name=\"robots\" content=\"index, follow, max-snippet:-1, max-image-preview:large, max-video-preview:-1\" \/>\n<link rel=\"canonical\" href=\"https:\/\/diariodepe.com.br\/cri\/2025\/06\/04\/forum-sino-alemao-destaca-importancia-de-cooperacao-com-a-china\/\" \/>\n<meta property=\"og:locale\" content=\"pt_BR\" \/>\n<meta property=\"og:type\" content=\"article\" \/>\n<meta property=\"og:title\" content=\"F\u00f3rum Sino-Alem\u00e3o destaca import\u00e2ncia de coopera\u00e7\u00e3o com a China - CRI e Diario de Pernambuco\" \/>\n<meta property=\"og:description\" content=\"Foi realizado nos \u00faltimos dias em Beijing o F\u00f3rum de Desenvolvimento da Coopera\u00e7\u00e3o Industrial Sino-Alem\u00e3. No evento, Hans-Peter Friedrich, ex-vice-presidente do Parlamento Alem\u00e3o, comentou sobre a sua vis\u00e3o acerca da coopera\u00e7\u00e3o bilateral entre os dois pa\u00edses. Friedrich disse, \u201cSe perdermos...\" \/>\n<meta property=\"og:url\" content=\"https:\/\/diariodepe.com.br\/cri\/2025\/06\/04\/forum-sino-alemao-destaca-importancia-de-cooperacao-com-a-china\/\" \/>\n<meta property=\"og:site_name\" content=\"CRI e Diario de Pernambuco\" \/>\n<meta property=\"article:published_time\" content=\"2025-06-05T02:25:33+00:00\" \/>\n<meta property=\"og:image\" content=\"https:\/\/38picres.cgtn.com\/photoAlbum\/page\/performance\/img\/2025\/5\/31\/1748692835560_251.jpg\" \/>\n<meta name=\"author\" content=\"Ismael Lucas S. Pereira\" \/>\n<meta name=\"twitter:card\" content=\"summary_large_image\" \/>\n<meta name=\"twitter:label1\" content=\"Escrito por\" \/>\n\t<meta name=\"twitter:data1\" content=\"Ismael Lucas S. Pereira\" \/>\n\t<meta name=\"twitter:label2\" content=\"Est. tempo de leitura\" \/>\n\t<meta name=\"twitter:data2\" content=\"3 minutos\" \/>\n<script type=\"application\/ld+json\" class=\"yoast-schema-graph\">{\"@context\":\"https:\\\/\\\/schema.org\",\"@graph\":[{\"@type\":\"Article\",\"@id\":\"https:\\\/\\\/diariodepe.com.br\\\/cri\\\/2025\\\/06\\\/04\\\/forum-sino-alemao-destaca-importancia-de-cooperacao-com-a-china\\\/#article\",\"isPartOf\":{\"@id\":\"https:\\\/\\\/diariodepe.com.br\\\/cri\\\/2025\\\/06\\\/04\\\/forum-sino-alemao-destaca-importancia-de-cooperacao-com-a-china\\\/\"},\"author\":{\"name\":\"Ismael Lucas S. Pereira\",\"@id\":\"https:\\\/\\\/diariodepe.com.br\\\/cri\\\/#\\\/schema\\\/person\\\/121bb28d84f1a5b1205ef4ce9c2e0c6b\"},\"headline\":\"F\u00f3rum Sino-Alem\u00e3o destaca import\u00e2ncia de coopera\u00e7\u00e3o com a China\",\"datePublished\":\"2025-06-05T02:25:33+00:00\",\"mainEntityOfPage\":{\"@id\":\"https:\\\/\\\/diariodepe.com.br\\\/cri\\\/2025\\\/06\\\/04\\\/forum-sino-alemao-destaca-importancia-de-cooperacao-com-a-china\\\/\"},\"wordCount\":566,\"commentCount\":0,\"publisher\":{\"@id\":\"https:\\\/\\\/diariodepe.com.br\\\/cri\\\/#organization\"},\"image\":{\"@id\":\"https:\\\/\\\/diariodepe.com.br\\\/cri\\\/2025\\\/06\\\/04\\\/forum-sino-alemao-destaca-importancia-de-cooperacao-com-a-china\\\/#primaryimage\"},\"thumbnailUrl\":\"https:\\\/\\\/38picres.cgtn.com\\\/photoAlbum\\\/page\\\/performance\\\/img\\\/2025\\\/5\\\/31\\\/1748692835560_251.jpg\",\"articleSection\":[\"China\"],\"inLanguage\":\"pt-BR\",\"potentialAction\":[{\"@type\":\"CommentAction\",\"name\":\"Comment\",\"target\":[\"https:\\\/\\\/diariodepe.com.br\\\/cri\\\/2025\\\/06\\\/04\\\/forum-sino-alemao-destaca-importancia-de-cooperacao-com-a-china\\\/#respond\"]}]},{\"@type\":\"WebPage\",\"@id\":\"https:\\\/\\\/diariodepe.com.br\\\/cri\\\/2025\\\/06\\\/04\\\/forum-sino-alemao-destaca-importancia-de-cooperacao-com-a-china\\\/\",\"url\":\"https:\\\/\\\/diariodepe.com.br\\\/cri\\\/2025\\\/06\\\/04\\\/forum-sino-alemao-destaca-importancia-de-cooperacao-com-a-china\\\/\",\"name\":\"F\u00f3rum Sino-Alem\u00e3o destaca import\u00e2ncia de coopera\u00e7\u00e3o com a China - CRI e Diario de Pernambuco\",\"isPartOf\":{\"@id\":\"https:\\\/\\\/diariodepe.com.br\\\/cri\\\/#website\"},\"primaryImageOfPage\":{\"@id\":\"https:\\\/\\\/diariodepe.com.br\\\/cri\\\/2025\\\/06\\\/04\\\/forum-sino-alemao-destaca-importancia-de-cooperacao-com-a-china\\\/#primaryimage\"},\"image\":{\"@id\":\"https:\\\/\\\/diariodepe.com.br\\\/cri\\\/2025\\\/06\\\/04\\\/forum-sino-alemao-destaca-importancia-de-cooperacao-com-a-china\\\/#primaryimage\"},\"thumbnailUrl\":\"https:\\\/\\\/38picres.cgtn.com\\\/photoAlbum\\\/page\\\/performance\\\/img\\\/2025\\\/5\\\/31\\\/1748692835560_251.jpg\",\"datePublished\":\"2025-06-05T02:25:33+00:00\",\"breadcrumb\":{\"@id\":\"https:\\\/\\\/diariodepe.com.br\\\/cri\\\/2025\\\/06\\\/04\\\/forum-sino-alemao-destaca-importancia-de-cooperacao-com-a-china\\\/#breadcrumb\"},\"inLanguage\":\"pt-BR\",\"potentialAction\":[{\"@type\":\"ReadAction\",\"target\":[\"https:\\\/\\\/diariodepe.com.br\\\/cri\\\/2025\\\/06\\\/04\\\/forum-sino-alemao-destaca-importancia-de-cooperacao-com-a-china\\\/\"]}]},{\"@type\":\"ImageObject\",\"inLanguage\":\"pt-BR\",\"@id\":\"https:\\\/\\\/diariodepe.com.br\\\/cri\\\/2025\\\/06\\\/04\\\/forum-sino-alemao-destaca-importancia-de-cooperacao-com-a-china\\\/#primaryimage\",\"url\":\"https:\\\/\\\/38picres.cgtn.com\\\/photoAlbum\\\/page\\\/performance\\\/img\\\/2025\\\/5\\\/31\\\/1748692835560_251.jpg\",\"contentUrl\":\"https:\\\/\\\/38picres.cgtn.com\\\/photoAlbum\\\/page\\\/performance\\\/img\\\/2025\\\/5\\\/31\\\/1748692835560_251.jpg\"},{\"@type\":\"BreadcrumbList\",\"@id\":\"https:\\\/\\\/diariodepe.com.br\\\/cri\\\/2025\\\/06\\\/04\\\/forum-sino-alemao-destaca-importancia-de-cooperacao-com-a-china\\\/#breadcrumb\",\"itemListElement\":[{\"@type\":\"ListItem\",\"position\":1,\"name\":\"In\u00edcio\",\"item\":\"https:\\\/\\\/diariodepe.com.br\\\/cri\\\/\"},{\"@type\":\"ListItem\",\"position\":2,\"name\":\"F\u00f3rum Sino-Alem\u00e3o destaca import\u00e2ncia de coopera\u00e7\u00e3o com a China\"}]},{\"@type\":\"WebSite\",\"@id\":\"https:\\\/\\\/diariodepe.com.br\\\/cri\\\/#website\",\"url\":\"https:\\\/\\\/diariodepe.com.br\\\/cri\\\/\",\"name\":\"CRI e Diario de Pernambuco\",\"description\":\"R\u00e1dio Internacional da China\",\"publisher\":{\"@id\":\"https:\\\/\\\/diariodepe.com.br\\\/cri\\\/#organization\"},\"potentialAction\":[{\"@type\":\"SearchAction\",\"target\":{\"@type\":\"EntryPoint\",\"urlTemplate\":\"https:\\\/\\\/diariodepe.com.br\\\/cri\\\/?s={search_term_string}\"},\"query-input\":{\"@type\":\"PropertyValueSpecification\",\"valueRequired\":true,\"valueName\":\"search_term_string\"}}],\"inLanguage\":\"pt-BR\"},{\"@type\":\"Organization\",\"@id\":\"https:\\\/\\\/diariodepe.com.br\\\/cri\\\/#organization\",\"name\":\"CRI e Diario de Pernambuco\",\"url\":\"https:\\\/\\\/diariodepe.com.br\\\/cri\\\/\",\"logo\":{\"@type\":\"ImageObject\",\"inLanguage\":\"pt-BR\",\"@id\":\"https:\\\/\\\/diariodepe.com.br\\\/cri\\\/#\\\/schema\\\/logo\\\/image\\\/\",\"url\":\"https:\\\/\\\/diariodepe.com.br\\\/cri\\\/wp-content\\\/uploads\\\/sites\\\/2\\\/2022\\\/12\\\/cropped-Logo.jpg\",\"contentUrl\":\"https:\\\/\\\/diariodepe.com.br\\\/cri\\\/wp-content\\\/uploads\\\/sites\\\/2\\\/2022\\\/12\\\/cropped-Logo.jpg\",\"width\":700,\"height\":59,\"caption\":\"CRI e Diario de Pernambuco\"},\"image\":{\"@id\":\"https:\\\/\\\/diariodepe.com.br\\\/cri\\\/#\\\/schema\\\/logo\\\/image\\\/\"}},{\"@type\":\"Person\",\"@id\":\"https:\\\/\\\/diariodepe.com.br\\\/cri\\\/#\\\/schema\\\/person\\\/121bb28d84f1a5b1205ef4ce9c2e0c6b\",\"name\":\"Ismael Lucas S. Pereira\",\"image\":{\"@type\":\"ImageObject\",\"inLanguage\":\"pt-BR\",\"@id\":\"https:\\\/\\\/secure.gravatar.com\\\/avatar\\\/887a0f3b5a7ceea963a48499fb883ffce6b5037362def025c52c2505b15d63e4?s=96&d=mm&r=g\",\"url\":\"https:\\\/\\\/secure.gravatar.com\\\/avatar\\\/887a0f3b5a7ceea963a48499fb883ffce6b5037362def025c52c2505b15d63e4?s=96&d=mm&r=g\",\"contentUrl\":\"https:\\\/\\\/secure.gravatar.com\\\/avatar\\\/887a0f3b5a7ceea963a48499fb883ffce6b5037362def025c52c2505b15d63e4?s=96&d=mm&r=g\",\"caption\":\"Ismael Lucas S. Pereira\"},\"url\":\"https:\\\/\\\/diariodepe.com.br\\\/cri\\\/author\\\/ismael-lucas\\\/\"}]}<\/script>\n<!-- \/ Yoast SEO plugin. -->","yoast_head_json":{"title":"F\u00f3rum Sino-Alem\u00e3o destaca import\u00e2ncia de coopera\u00e7\u00e3o com a China - CRI e Diario de Pernambuco","robots":{"index":"index","follow":"follow","max-snippet":"max-snippet:-1","max-image-preview":"max-image-preview:large","max-video-preview":"max-video-preview:-1"},"canonical":"https:\/\/diariodepe.com.br\/cri\/2025\/06\/04\/forum-sino-alemao-destaca-importancia-de-cooperacao-com-a-china\/","og_locale":"pt_BR","og_type":"article","og_title":"F\u00f3rum Sino-Alem\u00e3o destaca import\u00e2ncia de coopera\u00e7\u00e3o com a China - CRI e Diario de Pernambuco","og_description":"Foi realizado nos \u00faltimos dias em Beijing o F\u00f3rum de Desenvolvimento da Coopera\u00e7\u00e3o Industrial Sino-Alem\u00e3. No evento, Hans-Peter Friedrich, ex-vice-presidente do Parlamento Alem\u00e3o, comentou sobre a sua vis\u00e3o acerca da coopera\u00e7\u00e3o bilateral entre os dois pa\u00edses. Friedrich disse, \u201cSe perdermos...","og_url":"https:\/\/diariodepe.com.br\/cri\/2025\/06\/04\/forum-sino-alemao-destaca-importancia-de-cooperacao-com-a-china\/","og_site_name":"CRI e Diario de Pernambuco","article_published_time":"2025-06-05T02:25:33+00:00","og_image":[{"url":"https:\/\/38picres.cgtn.com\/photoAlbum\/page\/performance\/img\/2025\/5\/31\/1748692835560_251.jpg","type":"","width":"","height":""}],"author":"Ismael Lucas S. Pereira","twitter_card":"summary_large_image","twitter_misc":{"Escrito por":"Ismael Lucas S. Pereira","Est. tempo de leitura":"3 minutos"},"schema":{"@context":"https:\/\/schema.org","@graph":[{"@type":"Article","@id":"https:\/\/diariodepe.com.br\/cri\/2025\/06\/04\/forum-sino-alemao-destaca-importancia-de-cooperacao-com-a-china\/#article","isPartOf":{"@id":"https:\/\/diariodepe.com.br\/cri\/2025\/06\/04\/forum-sino-alemao-destaca-importancia-de-cooperacao-com-a-china\/"},"author":{"name":"Ismael Lucas S. Pereira","@id":"https:\/\/diariodepe.com.br\/cri\/#\/schema\/person\/121bb28d84f1a5b1205ef4ce9c2e0c6b"},"headline":"F\u00f3rum Sino-Alem\u00e3o destaca import\u00e2ncia de coopera\u00e7\u00e3o com a China","datePublished":"2025-06-05T02:25:33+00:00","mainEntityOfPage":{"@id":"https:\/\/diariodepe.com.br\/cri\/2025\/06\/04\/forum-sino-alemao-destaca-importancia-de-cooperacao-com-a-china\/"},"wordCount":566,"commentCount":0,"publisher":{"@id":"https:\/\/diariodepe.com.br\/cri\/#organization"},"image":{"@id":"https:\/\/diariodepe.com.br\/cri\/2025\/06\/04\/forum-sino-alemao-destaca-importancia-de-cooperacao-com-a-china\/#primaryimage"},"thumbnailUrl":"https:\/\/38picres.cgtn.com\/photoAlbum\/page\/performance\/img\/2025\/5\/31\/1748692835560_251.jpg","articleSection":["China"],"inLanguage":"pt-BR","potentialAction":[{"@type":"CommentAction","name":"Comment","target":["https:\/\/diariodepe.com.br\/cri\/2025\/06\/04\/forum-sino-alemao-destaca-importancia-de-cooperacao-com-a-china\/#respond"]}]},{"@type":"WebPage","@id":"https:\/\/diariodepe.com.br\/cri\/2025\/06\/04\/forum-sino-alemao-destaca-importancia-de-cooperacao-com-a-china\/","url":"https:\/\/diariodepe.com.br\/cri\/2025\/06\/04\/forum-sino-alemao-destaca-importancia-de-cooperacao-com-a-china\/","name":"F\u00f3rum Sino-Alem\u00e3o destaca import\u00e2ncia de coopera\u00e7\u00e3o com a China - CRI e Diario de Pernambuco","isPartOf":{"@id":"https:\/\/diariodepe.com.br\/cri\/#website"},"primaryImageOfPage":{"@id":"https:\/\/diariodepe.com.br\/cri\/2025\/06\/04\/forum-sino-alemao-destaca-importancia-de-cooperacao-com-a-china\/#primaryimage"},"image":{"@id":"https:\/\/diariodepe.com.br\/cri\/2025\/06\/04\/forum-sino-alemao-destaca-importancia-de-cooperacao-com-a-china\/#primaryimage"},"thumbnailUrl":"https:\/\/38picres.cgtn.com\/photoAlbum\/page\/performance\/img\/2025\/5\/31\/1748692835560_251.jpg","datePublished":"2025-06-05T02:25:33+00:00","breadcrumb":{"@id":"https:\/\/diariodepe.com.br\/cri\/2025\/06\/04\/forum-sino-alemao-destaca-importancia-de-cooperacao-com-a-china\/#breadcrumb"},"inLanguage":"pt-BR","potentialAction":[{"@type":"ReadAction","target":["https:\/\/diariodepe.com.br\/cri\/2025\/06\/04\/forum-sino-alemao-destaca-importancia-de-cooperacao-com-a-china\/"]}]},{"@type":"ImageObject","inLanguage":"pt-BR","@id":"https:\/\/diariodepe.com.br\/cri\/2025\/06\/04\/forum-sino-alemao-destaca-importancia-de-cooperacao-com-a-china\/#primaryimage","url":"https:\/\/38picres.cgtn.com\/photoAlbum\/page\/performance\/img\/2025\/5\/31\/1748692835560_251.jpg","contentUrl":"https:\/\/38picres.cgtn.com\/photoAlbum\/page\/performance\/img\/2025\/5\/31\/1748692835560_251.jpg"},{"@type":"BreadcrumbList","@id":"https:\/\/diariodepe.com.br\/cri\/2025\/06\/04\/forum-sino-alemao-destaca-importancia-de-cooperacao-com-a-china\/#breadcrumb","itemListElement":[{"@type":"ListItem","position":1,"name":"In\u00edcio","item":"https:\/\/diariodepe.com.br\/cri\/"},{"@type":"ListItem","position":2,"name":"F\u00f3rum Sino-Alem\u00e3o destaca import\u00e2ncia de coopera\u00e7\u00e3o com a China"}]},{"@type":"WebSite","@id":"https:\/\/diariodepe.com.br\/cri\/#website","url":"https:\/\/diariodepe.com.br\/cri\/","name":"CRI e Diario de Pernambuco","description":"R\u00e1dio Internacional da China","publisher":{"@id":"https:\/\/diariodepe.com.br\/cri\/#organization"},"potentialAction":[{"@type":"SearchAction","target":{"@type":"EntryPoint","urlTemplate":"https:\/\/diariodepe.com.br\/cri\/?s={search_term_string}"},"query-input":{"@type":"PropertyValueSpecification","valueRequired":true,"valueName":"search_term_string"}}],"inLanguage":"pt-BR"},{"@type":"Organization","@id":"https:\/\/diariodepe.com.br\/cri\/#organization","name":"CRI e Diario de Pernambuco","url":"https:\/\/diariodepe.com.br\/cri\/","logo":{"@type":"ImageObject","inLanguage":"pt-BR","@id":"https:\/\/diariodepe.com.br\/cri\/#\/schema\/logo\/image\/","url":"https:\/\/diariodepe.com.br\/cri\/wp-content\/uploads\/sites\/2\/2022\/12\/cropped-Logo.jpg","contentUrl":"https:\/\/diariodepe.com.br\/cri\/wp-content\/uploads\/sites\/2\/2022\/12\/cropped-Logo.jpg","width":700,"height":59,"caption":"CRI e Diario de Pernambuco"},"image":{"@id":"https:\/\/diariodepe.com.br\/cri\/#\/schema\/logo\/image\/"}},{"@type":"Person","@id":"https:\/\/diariodepe.com.br\/cri\/#\/schema\/person\/121bb28d84f1a5b1205ef4ce9c2e0c6b","name":"Ismael Lucas S. Pereira","image":{"@type":"ImageObject","inLanguage":"pt-BR","@id":"https:\/\/secure.gravatar.com\/avatar\/887a0f3b5a7ceea963a48499fb883ffce6b5037362def025c52c2505b15d63e4?s=96&d=mm&r=g","url":"https:\/\/secure.gravatar.com\/avatar\/887a0f3b5a7ceea963a48499fb883ffce6b5037362def025c52c2505b15d63e4?s=96&d=mm&r=g","contentUrl":"https:\/\/secure.gravatar.com\/avatar\/887a0f3b5a7ceea963a48499fb883ffce6b5037362def025c52c2505b15d63e4?s=96&d=mm&r=g","caption":"Ismael Lucas S. Pereira"},"url":"https:\/\/diariodepe.com.br\/cri\/author\/ismael-lucas\/"}]}},"cc_featured_image_caption":{"caption_text":false,"source_text":false,"source_url":false},"amp_enabled":true,"_links":{"self":[{"href":"https:\/\/diariodepe.com.br\/cri\/wp-json\/wp\/v2\/posts\/8525","targetHints":{"allow":["GET"]}}],"collection":[{"href":"https:\/\/diariodepe.com.br\/cri\/wp-json\/wp\/v2\/posts"}],"about":[{"href":"https:\/\/diariodepe.com.br\/cri\/wp-json\/wp\/v2\/types\/post"}],"author":[{"embeddable":true,"href":"https:\/\/diariodepe.com.br\/cri\/wp-json\/wp\/v2\/users\/2"}],"replies":[{"embeddable":true,"href":"https:\/\/diariodepe.com.br\/cri\/wp-json\/wp\/v2\/comments?post=8525"}],"version-history":[{"count":1,"href":"https:\/\/diariodepe.com.br\/cri\/wp-json\/wp\/v2\/posts\/8525\/revisions"}],"predecessor-version":[{"id":8526,"href":"https:\/\/diariodepe.com.br\/cri\/wp-json\/wp\/v2\/posts\/8525\/revisions\/8526"}],"wp:attachment":[{"href":"https:\/\/diariodepe.com.br\/cri\/wp-json\/wp\/v2\/media?parent=8525"}],"wp:term":[{"taxonomy":"category","embeddable":true,"href":"https:\/\/diariodepe.com.br\/cri\/wp-json\/wp\/v2\/categories?post=8525"},{"taxonomy":"post_tag","embeddable":true,"href":"https:\/\/diariodepe.com.br\/cri\/wp-json\/wp\/v2\/tags?post=8525"}],"curies":[{"name":"wp","href":"https:\/\/api.w.org\/{rel}","templated":true}]}}