{"id":851,"date":"2023-03-14T03:20:05","date_gmt":"2023-03-14T06:20:05","guid":{"rendered":"https:\/\/diariodepe.com.br\/cri\/?p=851"},"modified":"2023-03-14T03:20:05","modified_gmt":"2023-03-14T06:20:05","slug":"comentario-demanda-legitima-da-argentina-sobre-ilhas-malvinas-deve-receber-apoio-internacional","status":"publish","type":"post","link":"https:\/\/diariodepe.com.br\/cri\/2023\/03\/14\/comentario-demanda-legitima-da-argentina-sobre-ilhas-malvinas-deve-receber-apoio-internacional\/","title":{"rendered":"Coment\u00e1rio: Demanda leg\u00edtima da Argentina sobre ilhas Malvinas deve receber apoio internacional"},"content":{"rendered":"<p>No dia 2 de mar\u00e7o, hor\u00e1rio local, o ministro dos Neg\u00f3cios Estrangeiros da Argentina, Santiago Cafiero, declarou que j\u00e1 informou formalmente o Reino Unido durante a reuni\u00e3o dos chanceleres do G20 a decis\u00e3o de rescindir o pacto Foradori-Duncan quanto \u00e0 disputa pelas ilhas Malvinas, alcan\u00e7ado em 2016. Ele tamb\u00e9m pediu ao lado brit\u00e2nico que reinicie as negocia\u00e7\u00f5es sobre a soberania das ilhas em conformidade com a resolu\u00e7\u00e3o n.2065\u00b0 da Assembleia Geral da ONU.<\/p>\n<p>O pacto Foradori-Duncan diz respeito ao comunicado conjunto sobre a quest\u00e3o das ilhas Malvinas emitido em setembro de 2016 pelo ent\u00e3o vice-chanceler argentino, Carlos Foradori e pelo ent\u00e3o secret\u00e1rio de Estado brit\u00e2nico para assuntos europeus e americanos, Alan Duncan. O documento estipula que os funcion\u00e1rios das duas partes devem manter a comunica\u00e7\u00e3o estreita sobre o assunto e remover todos os obst\u00e1culos que restringem o crescimento econ\u00f4mico e desenvolvimento sustent\u00e1vel das ilhas. Trata-se de um acordo n\u00e3o vinculante e tem causado muita pol\u00eamica na Argentina.<\/p>\n<p>Nos \u00faltimos anos, a Argentina tem feito muitos esfor\u00e7os para resolver a disputa das ilhas Malvinas e conclamou repetidamente ao Reino Unido por cumprir as resolu\u00e7\u00f5es da ONU e voltar \u00e0 mesa de negocia\u00e7\u00f5es. No entanto, a parte brit\u00e2nica sempre recusou. O lado argentino afirmou que o problema deve ser resolvido sob as diretrizes de descoloniza\u00e7\u00e3o da ONU.<\/p>\n<p>Na verdade, a quest\u00e3o sobre as ilhas Malvinas \u00e9 um legado hist\u00f3rico do colonialismo. Em 1816, a Argentina herdou a soberania das ilhas quando se livrou do dom\u00ednio colonial espanhol e conquistou a independ\u00eancia. Em 1833, a Gr\u00e3-Bretanha tomou as Malvinas \u00e0 for\u00e7a. A Assembleia Geral da ONU aprovou a resolu\u00e7\u00e3o n.2065\u00b0 em 1965, determinando a erradica\u00e7\u00e3o da coloniza\u00e7\u00e3o da regi\u00e3o, ao mesmo tempo que pediu que o Reino Unido e a Argentina resolvessem a disputa por meio do di\u00e1logo. Em abril de 1982, os dois pa\u00edses lutaram pela soberania das Malvinas, e a Gr\u00e3-Bretanha venceu. A Argentina n\u00e3o desistiu de sua demanda de soberania sobre as ilhas, mas o governo brit\u00e2nico n\u00e3o agiu com sinceridade para solucionar a quest\u00e3o por negocia\u00e7\u00f5es.<\/p>\n<p>Por que o Reino Unido permaneceu em sil\u00eancio nesta quest\u00e3o? A raz\u00e3o principal \u00e9 os recursos ricos de petr\u00f3leo e g\u00e1s nas ilhas. Para analistas, ocupar as ilhas Malvinas \u00e9 um meio importante para a Gr\u00e3-Bretanha manter seus chamados \u201cterrit\u00f3rios\u201d na regi\u00e3o do Atl\u00e2ntico Sul e garantir sua participa\u00e7\u00e3o na Ant\u00e1rtica. Nos \u00faltimos anos, as a\u00e7\u00f5es brit\u00e2nicas, incluindo a realiza\u00e7\u00e3o das manobras militares com testes de m\u00edsseis e organiza\u00e7\u00e3o de atividades para enganar os jovens latino-americanos, visam ocupar as Malvinas para sempre.<\/p>\n<p>O Conselho de Direitos Humanos das Na\u00e7\u00f5es Unidas, a Organiza\u00e7\u00e3o dos Estados Americanos e os pa\u00edses em desenvolvimento, incluindo a China, expressaram repetidamente seu firme apoio para a recupera\u00e7\u00e3o da soberania da Argentina sobre as ilhas Malvinas.<\/p>\n","protected":false},"excerpt":{"rendered":"<p>No dia 2 de mar\u00e7o, hor\u00e1rio local, o ministro dos Neg\u00f3cios Estrangeiros da Argentina, Santiago Cafiero, declarou que j\u00e1 informou formalmente o Reino Unido durante a reuni\u00e3o dos chanceleres do G20 a decis\u00e3o de rescindir o pacto Foradori-Duncan quanto \u00e0&#8230;<\/p>\n","protected":false},"author":2,"featured_media":852,"comment_status":"open","ping_status":"open","sticky":false,"template":"","format":"standard","meta":{"footnotes":""},"categories":[7],"tags":[],"class_list":["post-851","post","type-post","status-publish","format-standard","has-post-thumbnail","hentry","category-visao"],"yoast_head":"<!-- This site is optimized with the Yoast SEO plugin v27.4 - https:\/\/yoast.com\/product\/yoast-seo-wordpress\/ -->\n<title>Coment\u00e1rio: Demanda leg\u00edtima da Argentina sobre ilhas Malvinas deve receber apoio internacional - CRI e Diario de Pernambuco<\/title>\n<meta name=\"robots\" content=\"index, follow, max-snippet:-1, max-image-preview:large, max-video-preview:-1\" \/>\n<link rel=\"canonical\" href=\"https:\/\/diariodepe.com.br\/cri\/2023\/03\/14\/comentario-demanda-legitima-da-argentina-sobre-ilhas-malvinas-deve-receber-apoio-internacional\/\" \/>\n<meta property=\"og:locale\" content=\"pt_BR\" \/>\n<meta property=\"og:type\" content=\"article\" \/>\n<meta property=\"og:title\" content=\"Coment\u00e1rio: Demanda leg\u00edtima da Argentina sobre ilhas Malvinas deve receber apoio internacional - CRI e Diario de Pernambuco\" \/>\n<meta property=\"og:description\" content=\"No dia 2 de mar\u00e7o, hor\u00e1rio local, o ministro dos Neg\u00f3cios Estrangeiros da Argentina, Santiago Cafiero, declarou que j\u00e1 informou formalmente o Reino Unido durante a reuni\u00e3o dos chanceleres do G20 a decis\u00e3o de rescindir o pacto Foradori-Duncan quanto \u00e0...\" \/>\n<meta property=\"og:url\" content=\"https:\/\/diariodepe.com.br\/cri\/2023\/03\/14\/comentario-demanda-legitima-da-argentina-sobre-ilhas-malvinas-deve-receber-apoio-internacional\/\" \/>\n<meta property=\"og:site_name\" content=\"CRI e Diario de Pernambuco\" \/>\n<meta property=\"article:published_time\" content=\"2023-03-14T06:20:05+00:00\" \/>\n<meta property=\"og:image\" content=\"https:\/\/diariodepe.com.br\/cri\/wp-content\/uploads\/sites\/2\/2023\/03\/2023030422371433205-\u62f7\u8d1d.jpg\" \/>\n\t<meta property=\"og:image:width\" content=\"1931\" \/>\n\t<meta property=\"og:image:height\" content=\"986\" \/>\n\t<meta property=\"og:image:type\" content=\"image\/jpeg\" \/>\n<meta name=\"author\" content=\"Ismael Lucas S. Pereira\" \/>\n<meta name=\"twitter:card\" content=\"summary_large_image\" \/>\n<meta name=\"twitter:label1\" content=\"Escrito por\" \/>\n\t<meta name=\"twitter:data1\" content=\"Ismael Lucas S. Pereira\" \/>\n\t<meta name=\"twitter:label2\" content=\"Est. tempo de leitura\" \/>\n\t<meta name=\"twitter:data2\" content=\"3 minutos\" \/>\n<script type=\"application\/ld+json\" class=\"yoast-schema-graph\">{\"@context\":\"https:\\\/\\\/schema.org\",\"@graph\":[{\"@type\":\"Article\",\"@id\":\"https:\\\/\\\/diariodepe.com.br\\\/cri\\\/2023\\\/03\\\/14\\\/comentario-demanda-legitima-da-argentina-sobre-ilhas-malvinas-deve-receber-apoio-internacional\\\/#article\",\"isPartOf\":{\"@id\":\"https:\\\/\\\/diariodepe.com.br\\\/cri\\\/2023\\\/03\\\/14\\\/comentario-demanda-legitima-da-argentina-sobre-ilhas-malvinas-deve-receber-apoio-internacional\\\/\"},\"author\":{\"name\":\"Ismael Lucas S. Pereira\",\"@id\":\"https:\\\/\\\/diariodepe.com.br\\\/cri\\\/#\\\/schema\\\/person\\\/121bb28d84f1a5b1205ef4ce9c2e0c6b\"},\"headline\":\"Coment\u00e1rio: Demanda leg\u00edtima da Argentina sobre ilhas Malvinas deve receber apoio internacional\",\"datePublished\":\"2023-03-14T06:20:05+00:00\",\"mainEntityOfPage\":{\"@id\":\"https:\\\/\\\/diariodepe.com.br\\\/cri\\\/2023\\\/03\\\/14\\\/comentario-demanda-legitima-da-argentina-sobre-ilhas-malvinas-deve-receber-apoio-internacional\\\/\"},\"wordCount\":522,\"commentCount\":0,\"publisher\":{\"@id\":\"https:\\\/\\\/diariodepe.com.br\\\/cri\\\/#organization\"},\"image\":{\"@id\":\"https:\\\/\\\/diariodepe.com.br\\\/cri\\\/2023\\\/03\\\/14\\\/comentario-demanda-legitima-da-argentina-sobre-ilhas-malvinas-deve-receber-apoio-internacional\\\/#primaryimage\"},\"thumbnailUrl\":\"https:\\\/\\\/diariodepe.com.br\\\/cri\\\/wp-content\\\/uploads\\\/sites\\\/2\\\/2023\\\/03\\\/2023030422371433205-\u62f7\u8d1d.jpg\",\"articleSection\":[\"Vis\u00e3o\"],\"inLanguage\":\"pt-BR\",\"potentialAction\":[{\"@type\":\"CommentAction\",\"name\":\"Comment\",\"target\":[\"https:\\\/\\\/diariodepe.com.br\\\/cri\\\/2023\\\/03\\\/14\\\/comentario-demanda-legitima-da-argentina-sobre-ilhas-malvinas-deve-receber-apoio-internacional\\\/#respond\"]}]},{\"@type\":\"WebPage\",\"@id\":\"https:\\\/\\\/diariodepe.com.br\\\/cri\\\/2023\\\/03\\\/14\\\/comentario-demanda-legitima-da-argentina-sobre-ilhas-malvinas-deve-receber-apoio-internacional\\\/\",\"url\":\"https:\\\/\\\/diariodepe.com.br\\\/cri\\\/2023\\\/03\\\/14\\\/comentario-demanda-legitima-da-argentina-sobre-ilhas-malvinas-deve-receber-apoio-internacional\\\/\",\"name\":\"Coment\u00e1rio: Demanda leg\u00edtima da Argentina sobre ilhas Malvinas deve receber apoio internacional - CRI e Diario de Pernambuco\",\"isPartOf\":{\"@id\":\"https:\\\/\\\/diariodepe.com.br\\\/cri\\\/#website\"},\"primaryImageOfPage\":{\"@id\":\"https:\\\/\\\/diariodepe.com.br\\\/cri\\\/2023\\\/03\\\/14\\\/comentario-demanda-legitima-da-argentina-sobre-ilhas-malvinas-deve-receber-apoio-internacional\\\/#primaryimage\"},\"image\":{\"@id\":\"https:\\\/\\\/diariodepe.com.br\\\/cri\\\/2023\\\/03\\\/14\\\/comentario-demanda-legitima-da-argentina-sobre-ilhas-malvinas-deve-receber-apoio-internacional\\\/#primaryimage\"},\"thumbnailUrl\":\"https:\\\/\\\/diariodepe.com.br\\\/cri\\\/wp-content\\\/uploads\\\/sites\\\/2\\\/2023\\\/03\\\/2023030422371433205-\u62f7\u8d1d.jpg\",\"datePublished\":\"2023-03-14T06:20:05+00:00\",\"breadcrumb\":{\"@id\":\"https:\\\/\\\/diariodepe.com.br\\\/cri\\\/2023\\\/03\\\/14\\\/comentario-demanda-legitima-da-argentina-sobre-ilhas-malvinas-deve-receber-apoio-internacional\\\/#breadcrumb\"},\"inLanguage\":\"pt-BR\",\"potentialAction\":[{\"@type\":\"ReadAction\",\"target\":[\"https:\\\/\\\/diariodepe.com.br\\\/cri\\\/2023\\\/03\\\/14\\\/comentario-demanda-legitima-da-argentina-sobre-ilhas-malvinas-deve-receber-apoio-internacional\\\/\"]}]},{\"@type\":\"ImageObject\",\"inLanguage\":\"pt-BR\",\"@id\":\"https:\\\/\\\/diariodepe.com.br\\\/cri\\\/2023\\\/03\\\/14\\\/comentario-demanda-legitima-da-argentina-sobre-ilhas-malvinas-deve-receber-apoio-internacional\\\/#primaryimage\",\"url\":\"https:\\\/\\\/diariodepe.com.br\\\/cri\\\/wp-content\\\/uploads\\\/sites\\\/2\\\/2023\\\/03\\\/2023030422371433205-\u62f7\u8d1d.jpg\",\"contentUrl\":\"https:\\\/\\\/diariodepe.com.br\\\/cri\\\/wp-content\\\/uploads\\\/sites\\\/2\\\/2023\\\/03\\\/2023030422371433205-\u62f7\u8d1d.jpg\",\"width\":1931,\"height\":986},{\"@type\":\"BreadcrumbList\",\"@id\":\"https:\\\/\\\/diariodepe.com.br\\\/cri\\\/2023\\\/03\\\/14\\\/comentario-demanda-legitima-da-argentina-sobre-ilhas-malvinas-deve-receber-apoio-internacional\\\/#breadcrumb\",\"itemListElement\":[{\"@type\":\"ListItem\",\"position\":1,\"name\":\"In\u00edcio\",\"item\":\"https:\\\/\\\/diariodepe.com.br\\\/cri\\\/\"},{\"@type\":\"ListItem\",\"position\":2,\"name\":\"Coment\u00e1rio: Demanda leg\u00edtima da Argentina sobre ilhas Malvinas deve receber apoio internacional\"}]},{\"@type\":\"WebSite\",\"@id\":\"https:\\\/\\\/diariodepe.com.br\\\/cri\\\/#website\",\"url\":\"https:\\\/\\\/diariodepe.com.br\\\/cri\\\/\",\"name\":\"CRI e Diario de Pernambuco\",\"description\":\"R\u00e1dio Internacional da China\",\"publisher\":{\"@id\":\"https:\\\/\\\/diariodepe.com.br\\\/cri\\\/#organization\"},\"potentialAction\":[{\"@type\":\"SearchAction\",\"target\":{\"@type\":\"EntryPoint\",\"urlTemplate\":\"https:\\\/\\\/diariodepe.com.br\\\/cri\\\/?s={search_term_string}\"},\"query-input\":{\"@type\":\"PropertyValueSpecification\",\"valueRequired\":true,\"valueName\":\"search_term_string\"}}],\"inLanguage\":\"pt-BR\"},{\"@type\":\"Organization\",\"@id\":\"https:\\\/\\\/diariodepe.com.br\\\/cri\\\/#organization\",\"name\":\"CRI e Diario de Pernambuco\",\"url\":\"https:\\\/\\\/diariodepe.com.br\\\/cri\\\/\",\"logo\":{\"@type\":\"ImageObject\",\"inLanguage\":\"pt-BR\",\"@id\":\"https:\\\/\\\/diariodepe.com.br\\\/cri\\\/#\\\/schema\\\/logo\\\/image\\\/\",\"url\":\"https:\\\/\\\/diariodepe.com.br\\\/cri\\\/wp-content\\\/uploads\\\/sites\\\/2\\\/2022\\\/12\\\/cropped-Logo.jpg\",\"contentUrl\":\"https:\\\/\\\/diariodepe.com.br\\\/cri\\\/wp-content\\\/uploads\\\/sites\\\/2\\\/2022\\\/12\\\/cropped-Logo.jpg\",\"width\":700,\"height\":59,\"caption\":\"CRI e Diario de Pernambuco\"},\"image\":{\"@id\":\"https:\\\/\\\/diariodepe.com.br\\\/cri\\\/#\\\/schema\\\/logo\\\/image\\\/\"}},{\"@type\":\"Person\",\"@id\":\"https:\\\/\\\/diariodepe.com.br\\\/cri\\\/#\\\/schema\\\/person\\\/121bb28d84f1a5b1205ef4ce9c2e0c6b\",\"name\":\"Ismael Lucas S. Pereira\",\"image\":{\"@type\":\"ImageObject\",\"inLanguage\":\"pt-BR\",\"@id\":\"https:\\\/\\\/secure.gravatar.com\\\/avatar\\\/887a0f3b5a7ceea963a48499fb883ffce6b5037362def025c52c2505b15d63e4?s=96&d=mm&r=g\",\"url\":\"https:\\\/\\\/secure.gravatar.com\\\/avatar\\\/887a0f3b5a7ceea963a48499fb883ffce6b5037362def025c52c2505b15d63e4?s=96&d=mm&r=g\",\"contentUrl\":\"https:\\\/\\\/secure.gravatar.com\\\/avatar\\\/887a0f3b5a7ceea963a48499fb883ffce6b5037362def025c52c2505b15d63e4?s=96&d=mm&r=g\",\"caption\":\"Ismael Lucas S. Pereira\"},\"url\":\"https:\\\/\\\/diariodepe.com.br\\\/cri\\\/author\\\/ismael-lucas\\\/\"}]}<\/script>\n<!-- \/ Yoast SEO plugin. -->","yoast_head_json":{"title":"Coment\u00e1rio: Demanda leg\u00edtima da Argentina sobre ilhas Malvinas deve receber apoio internacional - CRI e Diario de Pernambuco","robots":{"index":"index","follow":"follow","max-snippet":"max-snippet:-1","max-image-preview":"max-image-preview:large","max-video-preview":"max-video-preview:-1"},"canonical":"https:\/\/diariodepe.com.br\/cri\/2023\/03\/14\/comentario-demanda-legitima-da-argentina-sobre-ilhas-malvinas-deve-receber-apoio-internacional\/","og_locale":"pt_BR","og_type":"article","og_title":"Coment\u00e1rio: Demanda leg\u00edtima da Argentina sobre ilhas Malvinas deve receber apoio internacional - CRI e Diario de Pernambuco","og_description":"No dia 2 de mar\u00e7o, hor\u00e1rio local, o ministro dos Neg\u00f3cios Estrangeiros da Argentina, Santiago Cafiero, declarou que j\u00e1 informou formalmente o Reino Unido durante a reuni\u00e3o dos chanceleres do G20 a decis\u00e3o de rescindir o pacto Foradori-Duncan quanto \u00e0...","og_url":"https:\/\/diariodepe.com.br\/cri\/2023\/03\/14\/comentario-demanda-legitima-da-argentina-sobre-ilhas-malvinas-deve-receber-apoio-internacional\/","og_site_name":"CRI e Diario de Pernambuco","article_published_time":"2023-03-14T06:20:05+00:00","og_image":[{"width":1931,"height":986,"url":"https:\/\/diariodepe.com.br\/cri\/wp-content\/uploads\/sites\/2\/2023\/03\/2023030422371433205-\u62f7\u8d1d.jpg","type":"image\/jpeg"}],"author":"Ismael Lucas S. Pereira","twitter_card":"summary_large_image","twitter_misc":{"Escrito por":"Ismael Lucas S. Pereira","Est. tempo de leitura":"3 minutos"},"schema":{"@context":"https:\/\/schema.org","@graph":[{"@type":"Article","@id":"https:\/\/diariodepe.com.br\/cri\/2023\/03\/14\/comentario-demanda-legitima-da-argentina-sobre-ilhas-malvinas-deve-receber-apoio-internacional\/#article","isPartOf":{"@id":"https:\/\/diariodepe.com.br\/cri\/2023\/03\/14\/comentario-demanda-legitima-da-argentina-sobre-ilhas-malvinas-deve-receber-apoio-internacional\/"},"author":{"name":"Ismael Lucas S. Pereira","@id":"https:\/\/diariodepe.com.br\/cri\/#\/schema\/person\/121bb28d84f1a5b1205ef4ce9c2e0c6b"},"headline":"Coment\u00e1rio: Demanda leg\u00edtima da Argentina sobre ilhas Malvinas deve receber apoio internacional","datePublished":"2023-03-14T06:20:05+00:00","mainEntityOfPage":{"@id":"https:\/\/diariodepe.com.br\/cri\/2023\/03\/14\/comentario-demanda-legitima-da-argentina-sobre-ilhas-malvinas-deve-receber-apoio-internacional\/"},"wordCount":522,"commentCount":0,"publisher":{"@id":"https:\/\/diariodepe.com.br\/cri\/#organization"},"image":{"@id":"https:\/\/diariodepe.com.br\/cri\/2023\/03\/14\/comentario-demanda-legitima-da-argentina-sobre-ilhas-malvinas-deve-receber-apoio-internacional\/#primaryimage"},"thumbnailUrl":"https:\/\/diariodepe.com.br\/cri\/wp-content\/uploads\/sites\/2\/2023\/03\/2023030422371433205-\u62f7\u8d1d.jpg","articleSection":["Vis\u00e3o"],"inLanguage":"pt-BR","potentialAction":[{"@type":"CommentAction","name":"Comment","target":["https:\/\/diariodepe.com.br\/cri\/2023\/03\/14\/comentario-demanda-legitima-da-argentina-sobre-ilhas-malvinas-deve-receber-apoio-internacional\/#respond"]}]},{"@type":"WebPage","@id":"https:\/\/diariodepe.com.br\/cri\/2023\/03\/14\/comentario-demanda-legitima-da-argentina-sobre-ilhas-malvinas-deve-receber-apoio-internacional\/","url":"https:\/\/diariodepe.com.br\/cri\/2023\/03\/14\/comentario-demanda-legitima-da-argentina-sobre-ilhas-malvinas-deve-receber-apoio-internacional\/","name":"Coment\u00e1rio: Demanda leg\u00edtima da Argentina sobre ilhas Malvinas deve receber apoio internacional - CRI e Diario de Pernambuco","isPartOf":{"@id":"https:\/\/diariodepe.com.br\/cri\/#website"},"primaryImageOfPage":{"@id":"https:\/\/diariodepe.com.br\/cri\/2023\/03\/14\/comentario-demanda-legitima-da-argentina-sobre-ilhas-malvinas-deve-receber-apoio-internacional\/#primaryimage"},"image":{"@id":"https:\/\/diariodepe.com.br\/cri\/2023\/03\/14\/comentario-demanda-legitima-da-argentina-sobre-ilhas-malvinas-deve-receber-apoio-internacional\/#primaryimage"},"thumbnailUrl":"https:\/\/diariodepe.com.br\/cri\/wp-content\/uploads\/sites\/2\/2023\/03\/2023030422371433205-\u62f7\u8d1d.jpg","datePublished":"2023-03-14T06:20:05+00:00","breadcrumb":{"@id":"https:\/\/diariodepe.com.br\/cri\/2023\/03\/14\/comentario-demanda-legitima-da-argentina-sobre-ilhas-malvinas-deve-receber-apoio-internacional\/#breadcrumb"},"inLanguage":"pt-BR","potentialAction":[{"@type":"ReadAction","target":["https:\/\/diariodepe.com.br\/cri\/2023\/03\/14\/comentario-demanda-legitima-da-argentina-sobre-ilhas-malvinas-deve-receber-apoio-internacional\/"]}]},{"@type":"ImageObject","inLanguage":"pt-BR","@id":"https:\/\/diariodepe.com.br\/cri\/2023\/03\/14\/comentario-demanda-legitima-da-argentina-sobre-ilhas-malvinas-deve-receber-apoio-internacional\/#primaryimage","url":"https:\/\/diariodepe.com.br\/cri\/wp-content\/uploads\/sites\/2\/2023\/03\/2023030422371433205-\u62f7\u8d1d.jpg","contentUrl":"https:\/\/diariodepe.com.br\/cri\/wp-content\/uploads\/sites\/2\/2023\/03\/2023030422371433205-\u62f7\u8d1d.jpg","width":1931,"height":986},{"@type":"BreadcrumbList","@id":"https:\/\/diariodepe.com.br\/cri\/2023\/03\/14\/comentario-demanda-legitima-da-argentina-sobre-ilhas-malvinas-deve-receber-apoio-internacional\/#breadcrumb","itemListElement":[{"@type":"ListItem","position":1,"name":"In\u00edcio","item":"https:\/\/diariodepe.com.br\/cri\/"},{"@type":"ListItem","position":2,"name":"Coment\u00e1rio: Demanda leg\u00edtima da Argentina sobre ilhas Malvinas deve receber apoio internacional"}]},{"@type":"WebSite","@id":"https:\/\/diariodepe.com.br\/cri\/#website","url":"https:\/\/diariodepe.com.br\/cri\/","name":"CRI e Diario de Pernambuco","description":"R\u00e1dio Internacional da China","publisher":{"@id":"https:\/\/diariodepe.com.br\/cri\/#organization"},"potentialAction":[{"@type":"SearchAction","target":{"@type":"EntryPoint","urlTemplate":"https:\/\/diariodepe.com.br\/cri\/?s={search_term_string}"},"query-input":{"@type":"PropertyValueSpecification","valueRequired":true,"valueName":"search_term_string"}}],"inLanguage":"pt-BR"},{"@type":"Organization","@id":"https:\/\/diariodepe.com.br\/cri\/#organization","name":"CRI e Diario de Pernambuco","url":"https:\/\/diariodepe.com.br\/cri\/","logo":{"@type":"ImageObject","inLanguage":"pt-BR","@id":"https:\/\/diariodepe.com.br\/cri\/#\/schema\/logo\/image\/","url":"https:\/\/diariodepe.com.br\/cri\/wp-content\/uploads\/sites\/2\/2022\/12\/cropped-Logo.jpg","contentUrl":"https:\/\/diariodepe.com.br\/cri\/wp-content\/uploads\/sites\/2\/2022\/12\/cropped-Logo.jpg","width":700,"height":59,"caption":"CRI e Diario de Pernambuco"},"image":{"@id":"https:\/\/diariodepe.com.br\/cri\/#\/schema\/logo\/image\/"}},{"@type":"Person","@id":"https:\/\/diariodepe.com.br\/cri\/#\/schema\/person\/121bb28d84f1a5b1205ef4ce9c2e0c6b","name":"Ismael Lucas S. Pereira","image":{"@type":"ImageObject","inLanguage":"pt-BR","@id":"https:\/\/secure.gravatar.com\/avatar\/887a0f3b5a7ceea963a48499fb883ffce6b5037362def025c52c2505b15d63e4?s=96&d=mm&r=g","url":"https:\/\/secure.gravatar.com\/avatar\/887a0f3b5a7ceea963a48499fb883ffce6b5037362def025c52c2505b15d63e4?s=96&d=mm&r=g","contentUrl":"https:\/\/secure.gravatar.com\/avatar\/887a0f3b5a7ceea963a48499fb883ffce6b5037362def025c52c2505b15d63e4?s=96&d=mm&r=g","caption":"Ismael Lucas S. Pereira"},"url":"https:\/\/diariodepe.com.br\/cri\/author\/ismael-lucas\/"}]}},"cc_featured_image_caption":{"caption_text":false,"source_text":false,"source_url":false},"amp_enabled":true,"_links":{"self":[{"href":"https:\/\/diariodepe.com.br\/cri\/wp-json\/wp\/v2\/posts\/851","targetHints":{"allow":["GET"]}}],"collection":[{"href":"https:\/\/diariodepe.com.br\/cri\/wp-json\/wp\/v2\/posts"}],"about":[{"href":"https:\/\/diariodepe.com.br\/cri\/wp-json\/wp\/v2\/types\/post"}],"author":[{"embeddable":true,"href":"https:\/\/diariodepe.com.br\/cri\/wp-json\/wp\/v2\/users\/2"}],"replies":[{"embeddable":true,"href":"https:\/\/diariodepe.com.br\/cri\/wp-json\/wp\/v2\/comments?post=851"}],"version-history":[{"count":1,"href":"https:\/\/diariodepe.com.br\/cri\/wp-json\/wp\/v2\/posts\/851\/revisions"}],"predecessor-version":[{"id":853,"href":"https:\/\/diariodepe.com.br\/cri\/wp-json\/wp\/v2\/posts\/851\/revisions\/853"}],"wp:featuredmedia":[{"embeddable":true,"href":"https:\/\/diariodepe.com.br\/cri\/wp-json\/wp\/v2\/media\/852"}],"wp:attachment":[{"href":"https:\/\/diariodepe.com.br\/cri\/wp-json\/wp\/v2\/media?parent=851"}],"wp:term":[{"taxonomy":"category","embeddable":true,"href":"https:\/\/diariodepe.com.br\/cri\/wp-json\/wp\/v2\/categories?post=851"},{"taxonomy":"post_tag","embeddable":true,"href":"https:\/\/diariodepe.com.br\/cri\/wp-json\/wp\/v2\/tags?post=851"}],"curies":[{"name":"wp","href":"https:\/\/api.w.org\/{rel}","templated":true}]}}