{"id":85,"date":"2022-12-07T00:34:14","date_gmt":"2022-12-07T03:34:14","guid":{"rendered":"https:\/\/diariodepe.com.br\/cri\/?p=85"},"modified":"2022-12-07T00:36:15","modified_gmt":"2022-12-07T03:36:15","slug":"lula-e-xi-jinping-coincidencia-vai-alem-do-terceiro-mandato-e-e-vista-em-discurso-por-nova-ordem-mundial","status":"publish","type":"post","link":"https:\/\/diariodepe.com.br\/cri\/2022\/12\/07\/lula-e-xi-jinping-coincidencia-vai-alem-do-terceiro-mandato-e-e-vista-em-discurso-por-nova-ordem-mundial\/","title":{"rendered":"<strong>Lula e Xi Jinping: Coincid\u00eancia vai al\u00e9m do terceiro mandato e \u00e9 vista em discurso por nova ordem mundial<\/strong>"},"content":{"rendered":"\n<p><em>Por J. Renato Peneluppi Jr., Advogado, especialista em Administra\u00e7\u00e3o P\u00fablica Chinesa, membro do think tank n\u00e3o governamental Center for China and Globalization (CCG).<\/em><\/p>\n\n\n\n<p>Um vento forte soprou dos dois extremos do mundo no \u00faltimo m\u00eas de outubro. Partindo de uma vasta terra no sul ocidental em dire\u00e7\u00e3o ao norte oriental em um movimento que se alinha ao deslocamento do centro din\u00e2mico do mundo, do Ocidente para o Oriente.&nbsp;<\/p>\n\n\n\n<p>Essa rajada hist\u00f3rica estabeleceu um in\u00e9dito terceiro mandato dos presidentes Luiz In\u00e1cio Lula da Silva, no Brasil, e Xi Jinping, na China. Muito al\u00e9m de mera coincid\u00eancia, essa sincroniza\u00e7\u00e3o de for\u00e7as dos dois l\u00edderes aviva a constru\u00e7\u00e3o de um mundo multipolar, abrindo um potencial novo ciclo econ\u00f4mico para a periferia global que deixa de ter os Estados Unidos como eixo central.<\/p>\n\n\n\n<p>O Brasil abriu outubro conduzindo a elei\u00e7\u00e3o para o segundo turno, enquanto a China no meio do mesmo m\u00eas realizava o 20\u00ba Congresso Nacional do Partido Comunista da China (PCCh). Xi Jinping fazia hist\u00f3ria, como n\u00facleo do Partido, fortalecendo os avan\u00e7os e projetos para a nova era.&nbsp;<\/p>\n\n\n\n<p>Com a vit\u00f3ria de Lula no segundo turno o ex-presidente volta ao cargo depois de 20 anos. Assim, um \u00e9pico tom de vermelho marcava o outubro de 2022. Os dois cantos opostos do mundo davam um passo na mesma dire\u00e7\u00e3o e com discursos semelhantes, na luta por um destino comum na redu\u00e7\u00e3o da desigualdade de renda e erradica\u00e7\u00e3o da pobreza, e um futuro compartilhado de combate ao aquecimento global.&nbsp;<\/p>\n\n\n\n<p>Portanto, a conjuntura interna e externa, impele os dois l\u00edderes a vislumbrar um horizonte comum.<\/p>\n\n\n\n<p><strong>Semelhan\u00e7as no discurso n\u00e3o s\u00e3o coincid\u00eancias&nbsp;<\/strong><\/p>\n\n\n\n<p>Tanto a China com quest\u00e3o de Taiwan, quanto o Brasil na polariza\u00e7\u00e3o eleitoral radicalizada, ambos pa\u00edses possuem a pauta da reunifica\u00e7\u00e3o nacional, vulner\u00e1vel \u00e0 interven\u00e7\u00e3o estrangeira. Ou seja, a pol\u00edtica interna depende de um trabalho ideol\u00f3gico, social, econ\u00f4mico e estrutural para se blindar e construir uma solu\u00e7\u00e3o definitiva.<\/p>\n\n\n\n<p>O combate \u00e0 pobreza no Brasil, eliminando a fome e gerando inclus\u00e3o social, tem um potencial transformador tanto para a pauta social quanto econ\u00f4mica. A China j\u00e1 superou essa etapa e j\u00e1 visualiza sua pol\u00edtica de manuten\u00e7\u00e3o da supera\u00e7\u00e3o da pobreza com a constru\u00e7\u00e3o da prosperidade comum, para que a pobreza n\u00e3o retorne &#8211; o que ocorreu no Brasil por ter sido uma pol\u00edtica de governo, e n\u00e3o de Estado. A China se volta para a revitaliza\u00e7\u00e3o do campo e o fortalecimento das cidades, enquanto o Brasil se prepara para dar import\u00e2ncia ao pequeno propriet\u00e1rio rural, que produz 70% do alimento nacional.&nbsp;<\/p>\n\n\n\n<p>As duas na\u00e7\u00f5es, gozam de ampla e forte experi\u00eancia na elimina\u00e7\u00e3o da pobreza, com excelentes resultados anteriores, podendo cooperar e exportar essas pol\u00edticas p\u00fablicas para outros pa\u00edses no mundo, como a\u00e7\u00f5es nacionais e internacionais. Trata-se de uma miss\u00e3o universal civilizat\u00f3ria e emancipadora, para as na\u00e7\u00f5es e os exclu\u00eddos do mundo, e a China apresenta a expans\u00e3o da prosperidade comum para o mundo. Ambos os presidentes possuem interesse e condi\u00e7\u00f5es t\u00e9cnicas para realizar o in\u00e9dito.<\/p>\n\n\n\n<p>A ci\u00eancia e tecnologia v\u00eam como instrumento central em ambos governos. Os chineses buscam a moderniza\u00e7\u00e3o pelo desenvolvimento de alta qualidade, e o futuro governo brasileiro para uma reindustrializa\u00e7\u00e3o, da economia verde e digital, abrindo um potencial mercado exportador de bens de consumo, dos quais a China se abre para o mercado internacional.&nbsp;<\/p>\n\n\n\n<p>A economia verde ter\u00e1 papel inovador em ambos os governos, com aten\u00e7\u00e3o especial \u00e0 energia renov\u00e1vel, transi\u00e7\u00e3o energ\u00e9tica economia sustent\u00e1vel, aos fundos verdes, bem como a uma janela e base forte para retomar os cr\u00e9ditos verdes (cr\u00e9ditos de carbono) \u2013 sistema bem estruturado na China. As \u00e1guas ter\u00e3o aten\u00e7\u00e3o especial, pelos rios, regi\u00f5es alagadas e reservat\u00f3rios subterr\u00e2neos.&nbsp;<\/p>\n\n\n\n<p>O principio chin\u00eas de \u201c\u00e1guas l\u00facidas e montanhas exuberantes\u201d dialoga com o desmatamento zero da Amaz\u00f4nia. A forte sinergia dessas pol\u00edticas na luta contra a crise clim\u00e1tica, mostrando que outro mundo \u00e9 poss\u00edvel, gerando riqueza, preservando o meio ambiente e chamando os pa\u00edses centrais a assumirem a responsabilidade do abandonado Acordo de Paris, e o protagonismo que Xi Jinping vem anunciando como ecociviliza\u00e7\u00e3o.&nbsp;<\/p>\n\n\n\n<p>O l\u00edder brasileiro v\u00ea a cultura para alimentar a alma e combater as desigualdades, dando acesso para todos, produzindo emprego e gerando renda para democratizar acesso. Para o governo chin\u00eas, a cultura vem para consolidar um pa\u00eds pr\u00f3spero, forte, democr\u00e1tico e alcan\u00e7ar uma prosperidade comum, ajudando a promover a harmonia entre humanidade e natureza, construindo uma nova forma de progresso humano e uma nova economia que rejuvenesce a na\u00e7\u00e3o. Para os dois isso s\u00f3 pode ser realizado com um processo completo de democracia popular.<\/p>\n\n\n\n<p><strong>Por uma nova ordem global<\/strong>&nbsp;<\/p>\n\n\n\n<p>A China busca uma nova forma pr\u00f3pria de modernizar, construindo assim um novo modelo de desenvolvimento. O Brasil, encontra nos erros do passado a aus\u00eancia de um modelo pr\u00f3prio que responda aos seus problemas. Ambos os l\u00edderes ter\u00e3o de gerar emprego e fortalecer o valor do sal\u00e1rio &#8211; um desafio de grande envergadura para a situa\u00e7\u00e3o econ\u00f4mica global atual.<\/p>\n\n\n\n<p>As duas na\u00e7\u00f5es est\u00e3o criando uma nova forma de progresso humano, onde a pobreza n\u00e3o pode existir, a prosperidade \u00e9 comum, a harmonia com a natureza \u00e9 crucial. Tudo isso para uma democracia integral se manifestar pela cultura dos povos, de que um outro mundo \u00e9 poss\u00edvel.&nbsp;<\/p>\n\n\n\n<p>Para isso, ser\u00e3o basilares as institui\u00e7\u00f5es internacionais que promovam a democratiza\u00e7\u00e3o dos espa\u00e7os, como a reforma do Conselho de Seguran\u00e7a da ONU; a rearticula\u00e7\u00e3o do G20; a amplia\u00e7\u00e3o dos Brics+, al\u00e9m da Unasul e da Celac, e do apoio aos pa\u00edses africanos. Isso \u00e9 necess\u00e1rio para construir uma comunidade humana com um futuro compartilhado e criar uma nova forma de progresso humano, para cada qual o seu qual.&nbsp;<\/p>\n\n\n\n<p>Toda mis\u00e9ria humana \u00e9 super\u00e1vel com capacidade t\u00e9cnica e conhecimento existentes hoje. No s\u00e9culo XXI, a maior parte da comunidade global pode reorganizar a sociedade para que o conjunto da humanidade decida como usar o excedente de produ\u00e7\u00e3o, entendendo que hoje se produz&nbsp; alimento para alimentar mais de 10 bilh\u00f5es&nbsp; de pessoas por ano, e ainda assim, tem-se a fome da maioria da popula\u00e7\u00e3o mundial; exauri-se os recursos naturais levando o planeta \u00e0 crise ambiental, por falta de gest\u00e3o e distribui\u00e7\u00e3o.<\/p>\n\n\n\n<p>Juntos, os dois pa\u00edses, Brasil e China, possuem uma interdepend\u00eancia econ\u00f4mica que perpassa diversas \u00e1reas, desde commodities alimentares a financiamento do setor energ\u00e9tico, dando resili\u00eancia a rela\u00e7\u00e3o. Al\u00e9m de serem parceiros comerciais, que possuem rela\u00e7\u00f5es pragm\u00e1ticas indiferentes de seus respectivos governos.&nbsp;<\/p>\n\n\n\n<p>Os dois l\u00edderes observam a atual crise sist\u00eamica que amea\u00e7a a economia, o social, o ambiente e a democracia. Por isso, tendem a cooperar em \u00f3rg\u00e3os internacionais, catalizadores de um mundo multipolar como os Brics, a Unasul e na constru\u00e7\u00e3o conjunta do Cintur\u00e3o e Rota.&nbsp;<\/p>\n\n\n\n<p><strong>O Grande Encontro<\/strong><\/p>\n\n\n\n<p>O encontro desses dois parceiros-chave para uma potencial transforma\u00e7\u00e3o do sistema global solidificaria o papel desses \u00f3rg\u00e3os no mundo, al\u00e9m de apoiar outro papel aos pa\u00edses perif\u00e9ricos do chamado \u201cSul Global\u201d. Essa uni\u00e3o tende a fortalecer a multipolaridade e a busca por um sistema global que na luta contra o aquecimento global encontre tamb\u00e9m o combate \u00e0 mis\u00e9ria e a constru\u00e7\u00e3o de uma prosperidade comum.<\/p>\n\n\n\n<p>Afinal, uma profunda crise tem sido caracter\u00edstica do sistema econ\u00f4mico-financeiro global, que se desdobra em outras crises, contendo uma s\u00e9rie de contradi\u00e7\u00f5es e antagonismos que se desenvolvem por causa da hegemonia dos EUA, amea\u00e7ando o surgimento de uma alternativa econ\u00f4mica de desenvolvimento.&nbsp; A hegemonia da &#8220;Am\u00e9rica&#8221; ainda se d\u00e1 pela superioridade militar, midi\u00e1tica\/informacional e monet\u00e1ria (Swift), mas essa supremacia j\u00e1 come\u00e7a a compartilhar a lideran\u00e7a com outras na\u00e7\u00f5es e at\u00e9 blocos.<\/p>\n\n\n\n<p>Em meio a essa crise profunda do sistema econ\u00f4mico financeiro global, o decl\u00ednio da ordem hegem\u00f4nica d\u00e1 lugar a pluralidade, mudan\u00e7as essas que contradizem Fukuyama e o &#8220;fim da hist\u00f3ria&#8221;, resgatando consequentemente os \u201cfantasmas\u201d[1] de outros tempos que foram considerados como uma amea\u00e7a \u00e0 paz e \u00e0 estabilidade interna e externa das na\u00e7\u00f5es.&nbsp;<\/p>\n\n\n\n<p>Por tudo isso, s\u00e3o tr\u00eas os pilares comuns para essa nova ordem em dire\u00e7\u00e3o a uma nova era, atrav\u00e9s de uma sociedade que trabalhe para eliminar a pobreza, com uma economia de prosperidade comum, buscando uma rela\u00e7\u00e3o sustent\u00e1vel com o meio ambiente. A cultura como meio para construir uma democracia popular em seu sentido pleno e mundial.<\/p>\n\n\n\n<p>[1] Fantasma faz referencia a guerra fria, per\u00edodo em que via-se o Comunismo como uma amea\u00e7a. Marx no manifesto comunista iniciava com \u201cum fantasma recorre a Europa: o fantasma do Comunismo\u201d<\/p>\n","protected":false},"excerpt":{"rendered":"<p>Por J. Renato Peneluppi Jr., Advogado, especialista em Administra\u00e7\u00e3o P\u00fablica Chinesa, membro do think tank n\u00e3o governamental Center for China and Globalization (CCG). Um vento forte soprou dos dois extremos do mundo no \u00faltimo m\u00eas de outubro. Partindo de uma&#8230;<\/p>\n","protected":false},"author":2,"featured_media":86,"comment_status":"open","ping_status":"open","sticky":false,"template":"","format":"standard","meta":{"footnotes":""},"categories":[7],"tags":[],"class_list":["post-85","post","type-post","status-publish","format-standard","has-post-thumbnail","hentry","category-visao"],"yoast_head":"<!-- This site is optimized with the Yoast SEO plugin v27.4 - https:\/\/yoast.com\/product\/yoast-seo-wordpress\/ -->\n<title>Lula e Xi Jinping: Coincid\u00eancia vai al\u00e9m do terceiro mandato e \u00e9 vista em discurso por nova ordem mundial - CRI e Diario de Pernambuco<\/title>\n<meta name=\"robots\" content=\"index, follow, max-snippet:-1, max-image-preview:large, max-video-preview:-1\" \/>\n<link rel=\"canonical\" href=\"https:\/\/diariodepe.com.br\/cri\/2022\/12\/07\/lula-e-xi-jinping-coincidencia-vai-alem-do-terceiro-mandato-e-e-vista-em-discurso-por-nova-ordem-mundial\/\" \/>\n<meta property=\"og:locale\" content=\"pt_BR\" \/>\n<meta property=\"og:type\" content=\"article\" \/>\n<meta property=\"og:title\" content=\"Lula e Xi Jinping: Coincid\u00eancia vai al\u00e9m do terceiro mandato e \u00e9 vista em discurso por nova ordem mundial - CRI e Diario de Pernambuco\" \/>\n<meta property=\"og:description\" content=\"Por J. Renato Peneluppi Jr., Advogado, especialista em Administra\u00e7\u00e3o P\u00fablica Chinesa, membro do think tank n\u00e3o governamental Center for China and Globalization (CCG). Um vento forte soprou dos dois extremos do mundo no \u00faltimo m\u00eas de outubro. Partindo de uma...\" \/>\n<meta property=\"og:url\" content=\"https:\/\/diariodepe.com.br\/cri\/2022\/12\/07\/lula-e-xi-jinping-coincidencia-vai-alem-do-terceiro-mandato-e-e-vista-em-discurso-por-nova-ordem-mundial\/\" \/>\n<meta property=\"og:site_name\" content=\"CRI e Diario de Pernambuco\" \/>\n<meta property=\"article:published_time\" content=\"2022-12-07T03:34:14+00:00\" \/>\n<meta property=\"article:modified_time\" content=\"2022-12-07T03:36:15+00:00\" \/>\n<meta property=\"og:image\" content=\"https:\/\/diariodepe.com.br\/cri\/wp-content\/uploads\/sites\/2\/2022\/12\/2022112917541757104.jpeg\" \/>\n\t<meta property=\"og:image:width\" content=\"690\" \/>\n\t<meta property=\"og:image:height\" content=\"390\" \/>\n\t<meta property=\"og:image:type\" content=\"image\/jpeg\" \/>\n<meta name=\"author\" content=\"Ismael Lucas S. Pereira\" \/>\n<meta name=\"twitter:card\" content=\"summary_large_image\" \/>\n<meta name=\"twitter:label1\" content=\"Escrito por\" \/>\n\t<meta name=\"twitter:data1\" content=\"Ismael Lucas S. Pereira\" \/>\n\t<meta name=\"twitter:label2\" content=\"Est. tempo de leitura\" \/>\n\t<meta name=\"twitter:data2\" content=\"8 minutos\" \/>\n<script type=\"application\/ld+json\" class=\"yoast-schema-graph\">{\"@context\":\"https:\\\/\\\/schema.org\",\"@graph\":[{\"@type\":\"Article\",\"@id\":\"https:\\\/\\\/diariodepe.com.br\\\/cri\\\/2022\\\/12\\\/07\\\/lula-e-xi-jinping-coincidencia-vai-alem-do-terceiro-mandato-e-e-vista-em-discurso-por-nova-ordem-mundial\\\/#article\",\"isPartOf\":{\"@id\":\"https:\\\/\\\/diariodepe.com.br\\\/cri\\\/2022\\\/12\\\/07\\\/lula-e-xi-jinping-coincidencia-vai-alem-do-terceiro-mandato-e-e-vista-em-discurso-por-nova-ordem-mundial\\\/\"},\"author\":{\"name\":\"Ismael Lucas S. Pereira\",\"@id\":\"https:\\\/\\\/diariodepe.com.br\\\/cri\\\/#\\\/schema\\\/person\\\/121bb28d84f1a5b1205ef4ce9c2e0c6b\"},\"headline\":\"Lula e Xi Jinping: Coincid\u00eancia vai al\u00e9m do terceiro mandato e \u00e9 vista em discurso por nova ordem mundial\",\"datePublished\":\"2022-12-07T03:34:14+00:00\",\"dateModified\":\"2022-12-07T03:36:15+00:00\",\"mainEntityOfPage\":{\"@id\":\"https:\\\/\\\/diariodepe.com.br\\\/cri\\\/2022\\\/12\\\/07\\\/lula-e-xi-jinping-coincidencia-vai-alem-do-terceiro-mandato-e-e-vista-em-discurso-por-nova-ordem-mundial\\\/\"},\"wordCount\":1571,\"commentCount\":0,\"publisher\":{\"@id\":\"https:\\\/\\\/diariodepe.com.br\\\/cri\\\/#organization\"},\"image\":{\"@id\":\"https:\\\/\\\/diariodepe.com.br\\\/cri\\\/2022\\\/12\\\/07\\\/lula-e-xi-jinping-coincidencia-vai-alem-do-terceiro-mandato-e-e-vista-em-discurso-por-nova-ordem-mundial\\\/#primaryimage\"},\"thumbnailUrl\":\"https:\\\/\\\/diariodepe.com.br\\\/cri\\\/wp-content\\\/uploads\\\/sites\\\/2\\\/2022\\\/12\\\/2022112917541757104.jpeg\",\"articleSection\":[\"Vis\u00e3o\"],\"inLanguage\":\"pt-BR\",\"potentialAction\":[{\"@type\":\"CommentAction\",\"name\":\"Comment\",\"target\":[\"https:\\\/\\\/diariodepe.com.br\\\/cri\\\/2022\\\/12\\\/07\\\/lula-e-xi-jinping-coincidencia-vai-alem-do-terceiro-mandato-e-e-vista-em-discurso-por-nova-ordem-mundial\\\/#respond\"]}]},{\"@type\":\"WebPage\",\"@id\":\"https:\\\/\\\/diariodepe.com.br\\\/cri\\\/2022\\\/12\\\/07\\\/lula-e-xi-jinping-coincidencia-vai-alem-do-terceiro-mandato-e-e-vista-em-discurso-por-nova-ordem-mundial\\\/\",\"url\":\"https:\\\/\\\/diariodepe.com.br\\\/cri\\\/2022\\\/12\\\/07\\\/lula-e-xi-jinping-coincidencia-vai-alem-do-terceiro-mandato-e-e-vista-em-discurso-por-nova-ordem-mundial\\\/\",\"name\":\"Lula e Xi Jinping: Coincid\u00eancia vai al\u00e9m do terceiro mandato e \u00e9 vista em discurso por nova ordem mundial - CRI e Diario de Pernambuco\",\"isPartOf\":{\"@id\":\"https:\\\/\\\/diariodepe.com.br\\\/cri\\\/#website\"},\"primaryImageOfPage\":{\"@id\":\"https:\\\/\\\/diariodepe.com.br\\\/cri\\\/2022\\\/12\\\/07\\\/lula-e-xi-jinping-coincidencia-vai-alem-do-terceiro-mandato-e-e-vista-em-discurso-por-nova-ordem-mundial\\\/#primaryimage\"},\"image\":{\"@id\":\"https:\\\/\\\/diariodepe.com.br\\\/cri\\\/2022\\\/12\\\/07\\\/lula-e-xi-jinping-coincidencia-vai-alem-do-terceiro-mandato-e-e-vista-em-discurso-por-nova-ordem-mundial\\\/#primaryimage\"},\"thumbnailUrl\":\"https:\\\/\\\/diariodepe.com.br\\\/cri\\\/wp-content\\\/uploads\\\/sites\\\/2\\\/2022\\\/12\\\/2022112917541757104.jpeg\",\"datePublished\":\"2022-12-07T03:34:14+00:00\",\"dateModified\":\"2022-12-07T03:36:15+00:00\",\"breadcrumb\":{\"@id\":\"https:\\\/\\\/diariodepe.com.br\\\/cri\\\/2022\\\/12\\\/07\\\/lula-e-xi-jinping-coincidencia-vai-alem-do-terceiro-mandato-e-e-vista-em-discurso-por-nova-ordem-mundial\\\/#breadcrumb\"},\"inLanguage\":\"pt-BR\",\"potentialAction\":[{\"@type\":\"ReadAction\",\"target\":[\"https:\\\/\\\/diariodepe.com.br\\\/cri\\\/2022\\\/12\\\/07\\\/lula-e-xi-jinping-coincidencia-vai-alem-do-terceiro-mandato-e-e-vista-em-discurso-por-nova-ordem-mundial\\\/\"]}]},{\"@type\":\"ImageObject\",\"inLanguage\":\"pt-BR\",\"@id\":\"https:\\\/\\\/diariodepe.com.br\\\/cri\\\/2022\\\/12\\\/07\\\/lula-e-xi-jinping-coincidencia-vai-alem-do-terceiro-mandato-e-e-vista-em-discurso-por-nova-ordem-mundial\\\/#primaryimage\",\"url\":\"https:\\\/\\\/diariodepe.com.br\\\/cri\\\/wp-content\\\/uploads\\\/sites\\\/2\\\/2022\\\/12\\\/2022112917541757104.jpeg\",\"contentUrl\":\"https:\\\/\\\/diariodepe.com.br\\\/cri\\\/wp-content\\\/uploads\\\/sites\\\/2\\\/2022\\\/12\\\/2022112917541757104.jpeg\",\"width\":690,\"height\":390},{\"@type\":\"BreadcrumbList\",\"@id\":\"https:\\\/\\\/diariodepe.com.br\\\/cri\\\/2022\\\/12\\\/07\\\/lula-e-xi-jinping-coincidencia-vai-alem-do-terceiro-mandato-e-e-vista-em-discurso-por-nova-ordem-mundial\\\/#breadcrumb\",\"itemListElement\":[{\"@type\":\"ListItem\",\"position\":1,\"name\":\"In\u00edcio\",\"item\":\"https:\\\/\\\/diariodepe.com.br\\\/cri\\\/\"},{\"@type\":\"ListItem\",\"position\":2,\"name\":\"Lula e Xi Jinping: Coincid\u00eancia vai al\u00e9m do terceiro mandato e \u00e9 vista em discurso por nova ordem mundial\"}]},{\"@type\":\"WebSite\",\"@id\":\"https:\\\/\\\/diariodepe.com.br\\\/cri\\\/#website\",\"url\":\"https:\\\/\\\/diariodepe.com.br\\\/cri\\\/\",\"name\":\"CRI e Diario de Pernambuco\",\"description\":\"R\u00e1dio Internacional da China\",\"publisher\":{\"@id\":\"https:\\\/\\\/diariodepe.com.br\\\/cri\\\/#organization\"},\"potentialAction\":[{\"@type\":\"SearchAction\",\"target\":{\"@type\":\"EntryPoint\",\"urlTemplate\":\"https:\\\/\\\/diariodepe.com.br\\\/cri\\\/?s={search_term_string}\"},\"query-input\":{\"@type\":\"PropertyValueSpecification\",\"valueRequired\":true,\"valueName\":\"search_term_string\"}}],\"inLanguage\":\"pt-BR\"},{\"@type\":\"Organization\",\"@id\":\"https:\\\/\\\/diariodepe.com.br\\\/cri\\\/#organization\",\"name\":\"CRI e Diario de Pernambuco\",\"url\":\"https:\\\/\\\/diariodepe.com.br\\\/cri\\\/\",\"logo\":{\"@type\":\"ImageObject\",\"inLanguage\":\"pt-BR\",\"@id\":\"https:\\\/\\\/diariodepe.com.br\\\/cri\\\/#\\\/schema\\\/logo\\\/image\\\/\",\"url\":\"https:\\\/\\\/diariodepe.com.br\\\/cri\\\/wp-content\\\/uploads\\\/sites\\\/2\\\/2022\\\/12\\\/cropped-Logo.jpg\",\"contentUrl\":\"https:\\\/\\\/diariodepe.com.br\\\/cri\\\/wp-content\\\/uploads\\\/sites\\\/2\\\/2022\\\/12\\\/cropped-Logo.jpg\",\"width\":700,\"height\":59,\"caption\":\"CRI e Diario de Pernambuco\"},\"image\":{\"@id\":\"https:\\\/\\\/diariodepe.com.br\\\/cri\\\/#\\\/schema\\\/logo\\\/image\\\/\"}},{\"@type\":\"Person\",\"@id\":\"https:\\\/\\\/diariodepe.com.br\\\/cri\\\/#\\\/schema\\\/person\\\/121bb28d84f1a5b1205ef4ce9c2e0c6b\",\"name\":\"Ismael Lucas S. Pereira\",\"image\":{\"@type\":\"ImageObject\",\"inLanguage\":\"pt-BR\",\"@id\":\"https:\\\/\\\/secure.gravatar.com\\\/avatar\\\/887a0f3b5a7ceea963a48499fb883ffce6b5037362def025c52c2505b15d63e4?s=96&d=mm&r=g\",\"url\":\"https:\\\/\\\/secure.gravatar.com\\\/avatar\\\/887a0f3b5a7ceea963a48499fb883ffce6b5037362def025c52c2505b15d63e4?s=96&d=mm&r=g\",\"contentUrl\":\"https:\\\/\\\/secure.gravatar.com\\\/avatar\\\/887a0f3b5a7ceea963a48499fb883ffce6b5037362def025c52c2505b15d63e4?s=96&d=mm&r=g\",\"caption\":\"Ismael Lucas S. Pereira\"},\"url\":\"https:\\\/\\\/diariodepe.com.br\\\/cri\\\/author\\\/ismael-lucas\\\/\"}]}<\/script>\n<!-- \/ Yoast SEO plugin. -->","yoast_head_json":{"title":"Lula e Xi Jinping: Coincid\u00eancia vai al\u00e9m do terceiro mandato e \u00e9 vista em discurso por nova ordem mundial - CRI e Diario de Pernambuco","robots":{"index":"index","follow":"follow","max-snippet":"max-snippet:-1","max-image-preview":"max-image-preview:large","max-video-preview":"max-video-preview:-1"},"canonical":"https:\/\/diariodepe.com.br\/cri\/2022\/12\/07\/lula-e-xi-jinping-coincidencia-vai-alem-do-terceiro-mandato-e-e-vista-em-discurso-por-nova-ordem-mundial\/","og_locale":"pt_BR","og_type":"article","og_title":"Lula e Xi Jinping: Coincid\u00eancia vai al\u00e9m do terceiro mandato e \u00e9 vista em discurso por nova ordem mundial - CRI e Diario de Pernambuco","og_description":"Por J. Renato Peneluppi Jr., Advogado, especialista em Administra\u00e7\u00e3o P\u00fablica Chinesa, membro do think tank n\u00e3o governamental Center for China and Globalization (CCG). Um vento forte soprou dos dois extremos do mundo no \u00faltimo m\u00eas de outubro. Partindo de uma...","og_url":"https:\/\/diariodepe.com.br\/cri\/2022\/12\/07\/lula-e-xi-jinping-coincidencia-vai-alem-do-terceiro-mandato-e-e-vista-em-discurso-por-nova-ordem-mundial\/","og_site_name":"CRI e Diario de Pernambuco","article_published_time":"2022-12-07T03:34:14+00:00","article_modified_time":"2022-12-07T03:36:15+00:00","og_image":[{"width":690,"height":390,"url":"https:\/\/diariodepe.com.br\/cri\/wp-content\/uploads\/sites\/2\/2022\/12\/2022112917541757104.jpeg","type":"image\/jpeg"}],"author":"Ismael Lucas S. Pereira","twitter_card":"summary_large_image","twitter_misc":{"Escrito por":"Ismael Lucas S. Pereira","Est. tempo de leitura":"8 minutos"},"schema":{"@context":"https:\/\/schema.org","@graph":[{"@type":"Article","@id":"https:\/\/diariodepe.com.br\/cri\/2022\/12\/07\/lula-e-xi-jinping-coincidencia-vai-alem-do-terceiro-mandato-e-e-vista-em-discurso-por-nova-ordem-mundial\/#article","isPartOf":{"@id":"https:\/\/diariodepe.com.br\/cri\/2022\/12\/07\/lula-e-xi-jinping-coincidencia-vai-alem-do-terceiro-mandato-e-e-vista-em-discurso-por-nova-ordem-mundial\/"},"author":{"name":"Ismael Lucas S. Pereira","@id":"https:\/\/diariodepe.com.br\/cri\/#\/schema\/person\/121bb28d84f1a5b1205ef4ce9c2e0c6b"},"headline":"Lula e Xi Jinping: Coincid\u00eancia vai al\u00e9m do terceiro mandato e \u00e9 vista em discurso por nova ordem mundial","datePublished":"2022-12-07T03:34:14+00:00","dateModified":"2022-12-07T03:36:15+00:00","mainEntityOfPage":{"@id":"https:\/\/diariodepe.com.br\/cri\/2022\/12\/07\/lula-e-xi-jinping-coincidencia-vai-alem-do-terceiro-mandato-e-e-vista-em-discurso-por-nova-ordem-mundial\/"},"wordCount":1571,"commentCount":0,"publisher":{"@id":"https:\/\/diariodepe.com.br\/cri\/#organization"},"image":{"@id":"https:\/\/diariodepe.com.br\/cri\/2022\/12\/07\/lula-e-xi-jinping-coincidencia-vai-alem-do-terceiro-mandato-e-e-vista-em-discurso-por-nova-ordem-mundial\/#primaryimage"},"thumbnailUrl":"https:\/\/diariodepe.com.br\/cri\/wp-content\/uploads\/sites\/2\/2022\/12\/2022112917541757104.jpeg","articleSection":["Vis\u00e3o"],"inLanguage":"pt-BR","potentialAction":[{"@type":"CommentAction","name":"Comment","target":["https:\/\/diariodepe.com.br\/cri\/2022\/12\/07\/lula-e-xi-jinping-coincidencia-vai-alem-do-terceiro-mandato-e-e-vista-em-discurso-por-nova-ordem-mundial\/#respond"]}]},{"@type":"WebPage","@id":"https:\/\/diariodepe.com.br\/cri\/2022\/12\/07\/lula-e-xi-jinping-coincidencia-vai-alem-do-terceiro-mandato-e-e-vista-em-discurso-por-nova-ordem-mundial\/","url":"https:\/\/diariodepe.com.br\/cri\/2022\/12\/07\/lula-e-xi-jinping-coincidencia-vai-alem-do-terceiro-mandato-e-e-vista-em-discurso-por-nova-ordem-mundial\/","name":"Lula e Xi Jinping: Coincid\u00eancia vai al\u00e9m do terceiro mandato e \u00e9 vista em discurso por nova ordem mundial - CRI e Diario de Pernambuco","isPartOf":{"@id":"https:\/\/diariodepe.com.br\/cri\/#website"},"primaryImageOfPage":{"@id":"https:\/\/diariodepe.com.br\/cri\/2022\/12\/07\/lula-e-xi-jinping-coincidencia-vai-alem-do-terceiro-mandato-e-e-vista-em-discurso-por-nova-ordem-mundial\/#primaryimage"},"image":{"@id":"https:\/\/diariodepe.com.br\/cri\/2022\/12\/07\/lula-e-xi-jinping-coincidencia-vai-alem-do-terceiro-mandato-e-e-vista-em-discurso-por-nova-ordem-mundial\/#primaryimage"},"thumbnailUrl":"https:\/\/diariodepe.com.br\/cri\/wp-content\/uploads\/sites\/2\/2022\/12\/2022112917541757104.jpeg","datePublished":"2022-12-07T03:34:14+00:00","dateModified":"2022-12-07T03:36:15+00:00","breadcrumb":{"@id":"https:\/\/diariodepe.com.br\/cri\/2022\/12\/07\/lula-e-xi-jinping-coincidencia-vai-alem-do-terceiro-mandato-e-e-vista-em-discurso-por-nova-ordem-mundial\/#breadcrumb"},"inLanguage":"pt-BR","potentialAction":[{"@type":"ReadAction","target":["https:\/\/diariodepe.com.br\/cri\/2022\/12\/07\/lula-e-xi-jinping-coincidencia-vai-alem-do-terceiro-mandato-e-e-vista-em-discurso-por-nova-ordem-mundial\/"]}]},{"@type":"ImageObject","inLanguage":"pt-BR","@id":"https:\/\/diariodepe.com.br\/cri\/2022\/12\/07\/lula-e-xi-jinping-coincidencia-vai-alem-do-terceiro-mandato-e-e-vista-em-discurso-por-nova-ordem-mundial\/#primaryimage","url":"https:\/\/diariodepe.com.br\/cri\/wp-content\/uploads\/sites\/2\/2022\/12\/2022112917541757104.jpeg","contentUrl":"https:\/\/diariodepe.com.br\/cri\/wp-content\/uploads\/sites\/2\/2022\/12\/2022112917541757104.jpeg","width":690,"height":390},{"@type":"BreadcrumbList","@id":"https:\/\/diariodepe.com.br\/cri\/2022\/12\/07\/lula-e-xi-jinping-coincidencia-vai-alem-do-terceiro-mandato-e-e-vista-em-discurso-por-nova-ordem-mundial\/#breadcrumb","itemListElement":[{"@type":"ListItem","position":1,"name":"In\u00edcio","item":"https:\/\/diariodepe.com.br\/cri\/"},{"@type":"ListItem","position":2,"name":"Lula e Xi Jinping: Coincid\u00eancia vai al\u00e9m do terceiro mandato e \u00e9 vista em discurso por nova ordem mundial"}]},{"@type":"WebSite","@id":"https:\/\/diariodepe.com.br\/cri\/#website","url":"https:\/\/diariodepe.com.br\/cri\/","name":"CRI e Diario de Pernambuco","description":"R\u00e1dio Internacional da China","publisher":{"@id":"https:\/\/diariodepe.com.br\/cri\/#organization"},"potentialAction":[{"@type":"SearchAction","target":{"@type":"EntryPoint","urlTemplate":"https:\/\/diariodepe.com.br\/cri\/?s={search_term_string}"},"query-input":{"@type":"PropertyValueSpecification","valueRequired":true,"valueName":"search_term_string"}}],"inLanguage":"pt-BR"},{"@type":"Organization","@id":"https:\/\/diariodepe.com.br\/cri\/#organization","name":"CRI e Diario de Pernambuco","url":"https:\/\/diariodepe.com.br\/cri\/","logo":{"@type":"ImageObject","inLanguage":"pt-BR","@id":"https:\/\/diariodepe.com.br\/cri\/#\/schema\/logo\/image\/","url":"https:\/\/diariodepe.com.br\/cri\/wp-content\/uploads\/sites\/2\/2022\/12\/cropped-Logo.jpg","contentUrl":"https:\/\/diariodepe.com.br\/cri\/wp-content\/uploads\/sites\/2\/2022\/12\/cropped-Logo.jpg","width":700,"height":59,"caption":"CRI e Diario de Pernambuco"},"image":{"@id":"https:\/\/diariodepe.com.br\/cri\/#\/schema\/logo\/image\/"}},{"@type":"Person","@id":"https:\/\/diariodepe.com.br\/cri\/#\/schema\/person\/121bb28d84f1a5b1205ef4ce9c2e0c6b","name":"Ismael Lucas S. Pereira","image":{"@type":"ImageObject","inLanguage":"pt-BR","@id":"https:\/\/secure.gravatar.com\/avatar\/887a0f3b5a7ceea963a48499fb883ffce6b5037362def025c52c2505b15d63e4?s=96&d=mm&r=g","url":"https:\/\/secure.gravatar.com\/avatar\/887a0f3b5a7ceea963a48499fb883ffce6b5037362def025c52c2505b15d63e4?s=96&d=mm&r=g","contentUrl":"https:\/\/secure.gravatar.com\/avatar\/887a0f3b5a7ceea963a48499fb883ffce6b5037362def025c52c2505b15d63e4?s=96&d=mm&r=g","caption":"Ismael Lucas S. Pereira"},"url":"https:\/\/diariodepe.com.br\/cri\/author\/ismael-lucas\/"}]}},"cc_featured_image_caption":{"caption_text":"","source_text":"","source_url":""},"amp_enabled":true,"_links":{"self":[{"href":"https:\/\/diariodepe.com.br\/cri\/wp-json\/wp\/v2\/posts\/85","targetHints":{"allow":["GET"]}}],"collection":[{"href":"https:\/\/diariodepe.com.br\/cri\/wp-json\/wp\/v2\/posts"}],"about":[{"href":"https:\/\/diariodepe.com.br\/cri\/wp-json\/wp\/v2\/types\/post"}],"author":[{"embeddable":true,"href":"https:\/\/diariodepe.com.br\/cri\/wp-json\/wp\/v2\/users\/2"}],"replies":[{"embeddable":true,"href":"https:\/\/diariodepe.com.br\/cri\/wp-json\/wp\/v2\/comments?post=85"}],"version-history":[{"count":1,"href":"https:\/\/diariodepe.com.br\/cri\/wp-json\/wp\/v2\/posts\/85\/revisions"}],"predecessor-version":[{"id":87,"href":"https:\/\/diariodepe.com.br\/cri\/wp-json\/wp\/v2\/posts\/85\/revisions\/87"}],"wp:featuredmedia":[{"embeddable":true,"href":"https:\/\/diariodepe.com.br\/cri\/wp-json\/wp\/v2\/media\/86"}],"wp:attachment":[{"href":"https:\/\/diariodepe.com.br\/cri\/wp-json\/wp\/v2\/media?parent=85"}],"wp:term":[{"taxonomy":"category","embeddable":true,"href":"https:\/\/diariodepe.com.br\/cri\/wp-json\/wp\/v2\/categories?post=85"},{"taxonomy":"post_tag","embeddable":true,"href":"https:\/\/diariodepe.com.br\/cri\/wp-json\/wp\/v2\/tags?post=85"}],"curies":[{"name":"wp","href":"https:\/\/api.w.org\/{rel}","templated":true}]}}