{"id":8497,"date":"2025-05-29T09:38:52","date_gmt":"2025-05-29T12:38:52","guid":{"rendered":"https:\/\/diariodepe.com.br\/cri\/?p=8497"},"modified":"2025-05-29T09:38:52","modified_gmt":"2025-05-29T12:38:52","slug":"xi-jinping-sempre-demonstra-grande-atencao-ao-crescimento-das-criancas-2","status":"publish","type":"post","link":"https:\/\/diariodepe.com.br\/cri\/2025\/05\/29\/xi-jinping-sempre-demonstra-grande-atencao-ao-crescimento-das-criancas-2\/","title":{"rendered":"Xi Jinping sempre demonstra grande aten\u00e7\u00e3o ao crescimento das crian\u00e7as"},"content":{"rendered":"<p>\u201cDesejo a voc\u00eas um feliz Dia Internacional das Crian\u00e7as, que ser\u00e1 celebrado em breve, no dia 1\u00ba de junho\u201d, afirmou o presidente chin\u00eas, Xi Jinping, durante sua participa\u00e7\u00e3o no 9\u00ba Congresso Nacional do Corpo de Jovens Pioneiros (CJP) da China, realizado no dia 27, em Beijing.<\/p>\n<p><img decoding=\"async\" src=\"https:\/\/38picres.cgtn.com\/photoAlbum\/page\/performance\/img\/2025\/5\/29\/1748487222746_193.jpg\" width=\"100%\" height=\"auto\" \/><\/p>\n<p>As crian\u00e7as s\u00e3o o futuro da p\u00e1tria e a esperan\u00e7a da na\u00e7\u00e3o chinesa. O l\u00edder chin\u00eas atribui sempre grande import\u00e2ncia \u00e0 sa\u00fade f\u00edsica e mental de crian\u00e7as e adolescentes, tendo visitado diversas vezes escolas prim\u00e1rias e secund\u00e1rias para realizar inspe\u00e7\u00f5es, conversar com representantes infantojuvenis e responder cartas de alunos do ensino fundamental.<\/p>\n<p>No dia 30 de maio de 2014, ao participar da cerim\u00f4nia de ades\u00e3o ao CJP em uma escola prim\u00e1ria em Beijing, Xi Jinping relembrou sua pr\u00f3pria entrada na organiza\u00e7\u00e3o, dizendo que ficou muito emocionado e animado, com o cora\u00e7\u00e3o batendo forte, pois considerava aquilo uma grande honra.<\/p>\n<p>J\u00e1 no dia 1\u00ba de junho de 2015, no 7\u00ba Congresso Nacional do CJP da China, ele incentivou as crian\u00e7as a se esfor\u00e7arem para ser pequenos modelos na pr\u00e1tica dos valores fundamentais do socialismo.<\/p>\n<p>Em abril de 2020, durante uma visita a uma escola no distrito de Pingli, na prov\u00edncia de Shaanxi, no nordeste da China, Xi Jinping expressou preocupa\u00e7\u00e3o com o n\u00famero crescente de adolescentes usando \u00f3culos. Ele ressaltou que o objetivo da educa\u00e7\u00e3o \u00e9 tanto cultivar o esp\u00edrito quanto fortalecer o corpo.<\/p>\n","protected":false},"excerpt":{"rendered":"<p>\u201cDesejo a voc\u00eas um feliz Dia Internacional das Crian\u00e7as, que ser\u00e1 celebrado em breve, no dia 1\u00ba de junho\u201d, afirmou o presidente chin\u00eas, Xi Jinping, durante sua participa\u00e7\u00e3o no 9\u00ba Congresso Nacional do Corpo de Jovens Pioneiros (CJP) da China,&#8230;<\/p>\n","protected":false},"author":2,"featured_media":0,"comment_status":"open","ping_status":"open","sticky":false,"template":"","format":"standard","meta":{"footnotes":""},"categories":[3],"tags":[],"class_list":["post-8497","post","type-post","status-publish","format-standard","hentry","category-china"],"yoast_head":"<!-- This site is optimized with the Yoast SEO plugin v27.4 - https:\/\/yoast.com\/product\/yoast-seo-wordpress\/ -->\n<title>Xi Jinping sempre demonstra grande aten\u00e7\u00e3o ao crescimento das crian\u00e7as - CRI e Diario de Pernambuco<\/title>\n<meta name=\"robots\" content=\"index, follow, max-snippet:-1, max-image-preview:large, max-video-preview:-1\" \/>\n<link rel=\"canonical\" href=\"https:\/\/diariodepe.com.br\/cri\/2025\/05\/29\/xi-jinping-sempre-demonstra-grande-atencao-ao-crescimento-das-criancas-2\/\" \/>\n<meta property=\"og:locale\" content=\"pt_BR\" \/>\n<meta property=\"og:type\" content=\"article\" \/>\n<meta property=\"og:title\" content=\"Xi Jinping sempre demonstra grande aten\u00e7\u00e3o ao crescimento das crian\u00e7as - CRI e Diario de Pernambuco\" \/>\n<meta property=\"og:description\" content=\"\u201cDesejo a voc\u00eas um feliz Dia Internacional das Crian\u00e7as, que ser\u00e1 celebrado em breve, no dia 1\u00ba de junho\u201d, afirmou o presidente chin\u00eas, Xi Jinping, durante sua participa\u00e7\u00e3o no 9\u00ba Congresso Nacional do Corpo de Jovens Pioneiros (CJP) da China,...\" \/>\n<meta property=\"og:url\" content=\"https:\/\/diariodepe.com.br\/cri\/2025\/05\/29\/xi-jinping-sempre-demonstra-grande-atencao-ao-crescimento-das-criancas-2\/\" \/>\n<meta property=\"og:site_name\" content=\"CRI e Diario de Pernambuco\" \/>\n<meta property=\"article:published_time\" content=\"2025-05-29T12:38:52+00:00\" \/>\n<meta property=\"og:image\" content=\"https:\/\/38picres.cgtn.com\/photoAlbum\/page\/performance\/img\/2025\/5\/29\/1748487222746_193.jpg\" \/>\n<meta name=\"author\" content=\"Ismael Lucas S. Pereira\" \/>\n<meta name=\"twitter:card\" content=\"summary_large_image\" \/>\n<meta name=\"twitter:label1\" content=\"Escrito por\" \/>\n\t<meta name=\"twitter:data1\" content=\"Ismael Lucas S. Pereira\" \/>\n<script type=\"application\/ld+json\" class=\"yoast-schema-graph\">{\"@context\":\"https:\\\/\\\/schema.org\",\"@graph\":[{\"@type\":\"Article\",\"@id\":\"https:\\\/\\\/diariodepe.com.br\\\/cri\\\/2025\\\/05\\\/29\\\/xi-jinping-sempre-demonstra-grande-atencao-ao-crescimento-das-criancas-2\\\/#article\",\"isPartOf\":{\"@id\":\"https:\\\/\\\/diariodepe.com.br\\\/cri\\\/2025\\\/05\\\/29\\\/xi-jinping-sempre-demonstra-grande-atencao-ao-crescimento-das-criancas-2\\\/\"},\"author\":{\"name\":\"Ismael Lucas S. Pereira\",\"@id\":\"https:\\\/\\\/diariodepe.com.br\\\/cri\\\/#\\\/schema\\\/person\\\/121bb28d84f1a5b1205ef4ce9c2e0c6b\"},\"headline\":\"Xi Jinping sempre demonstra grande aten\u00e7\u00e3o ao crescimento das crian\u00e7as\",\"datePublished\":\"2025-05-29T12:38:52+00:00\",\"mainEntityOfPage\":{\"@id\":\"https:\\\/\\\/diariodepe.com.br\\\/cri\\\/2025\\\/05\\\/29\\\/xi-jinping-sempre-demonstra-grande-atencao-ao-crescimento-das-criancas-2\\\/\"},\"wordCount\":262,\"commentCount\":0,\"publisher\":{\"@id\":\"https:\\\/\\\/diariodepe.com.br\\\/cri\\\/#organization\"},\"image\":{\"@id\":\"https:\\\/\\\/diariodepe.com.br\\\/cri\\\/2025\\\/05\\\/29\\\/xi-jinping-sempre-demonstra-grande-atencao-ao-crescimento-das-criancas-2\\\/#primaryimage\"},\"thumbnailUrl\":\"https:\\\/\\\/38picres.cgtn.com\\\/photoAlbum\\\/page\\\/performance\\\/img\\\/2025\\\/5\\\/29\\\/1748487222746_193.jpg\",\"articleSection\":[\"China\"],\"inLanguage\":\"pt-BR\",\"potentialAction\":[{\"@type\":\"CommentAction\",\"name\":\"Comment\",\"target\":[\"https:\\\/\\\/diariodepe.com.br\\\/cri\\\/2025\\\/05\\\/29\\\/xi-jinping-sempre-demonstra-grande-atencao-ao-crescimento-das-criancas-2\\\/#respond\"]}]},{\"@type\":\"WebPage\",\"@id\":\"https:\\\/\\\/diariodepe.com.br\\\/cri\\\/2025\\\/05\\\/29\\\/xi-jinping-sempre-demonstra-grande-atencao-ao-crescimento-das-criancas-2\\\/\",\"url\":\"https:\\\/\\\/diariodepe.com.br\\\/cri\\\/2025\\\/05\\\/29\\\/xi-jinping-sempre-demonstra-grande-atencao-ao-crescimento-das-criancas-2\\\/\",\"name\":\"Xi Jinping sempre demonstra grande aten\u00e7\u00e3o ao crescimento das crian\u00e7as - CRI e Diario de Pernambuco\",\"isPartOf\":{\"@id\":\"https:\\\/\\\/diariodepe.com.br\\\/cri\\\/#website\"},\"primaryImageOfPage\":{\"@id\":\"https:\\\/\\\/diariodepe.com.br\\\/cri\\\/2025\\\/05\\\/29\\\/xi-jinping-sempre-demonstra-grande-atencao-ao-crescimento-das-criancas-2\\\/#primaryimage\"},\"image\":{\"@id\":\"https:\\\/\\\/diariodepe.com.br\\\/cri\\\/2025\\\/05\\\/29\\\/xi-jinping-sempre-demonstra-grande-atencao-ao-crescimento-das-criancas-2\\\/#primaryimage\"},\"thumbnailUrl\":\"https:\\\/\\\/38picres.cgtn.com\\\/photoAlbum\\\/page\\\/performance\\\/img\\\/2025\\\/5\\\/29\\\/1748487222746_193.jpg\",\"datePublished\":\"2025-05-29T12:38:52+00:00\",\"breadcrumb\":{\"@id\":\"https:\\\/\\\/diariodepe.com.br\\\/cri\\\/2025\\\/05\\\/29\\\/xi-jinping-sempre-demonstra-grande-atencao-ao-crescimento-das-criancas-2\\\/#breadcrumb\"},\"inLanguage\":\"pt-BR\",\"potentialAction\":[{\"@type\":\"ReadAction\",\"target\":[\"https:\\\/\\\/diariodepe.com.br\\\/cri\\\/2025\\\/05\\\/29\\\/xi-jinping-sempre-demonstra-grande-atencao-ao-crescimento-das-criancas-2\\\/\"]}]},{\"@type\":\"ImageObject\",\"inLanguage\":\"pt-BR\",\"@id\":\"https:\\\/\\\/diariodepe.com.br\\\/cri\\\/2025\\\/05\\\/29\\\/xi-jinping-sempre-demonstra-grande-atencao-ao-crescimento-das-criancas-2\\\/#primaryimage\",\"url\":\"https:\\\/\\\/38picres.cgtn.com\\\/photoAlbum\\\/page\\\/performance\\\/img\\\/2025\\\/5\\\/29\\\/1748487222746_193.jpg\",\"contentUrl\":\"https:\\\/\\\/38picres.cgtn.com\\\/photoAlbum\\\/page\\\/performance\\\/img\\\/2025\\\/5\\\/29\\\/1748487222746_193.jpg\"},{\"@type\":\"BreadcrumbList\",\"@id\":\"https:\\\/\\\/diariodepe.com.br\\\/cri\\\/2025\\\/05\\\/29\\\/xi-jinping-sempre-demonstra-grande-atencao-ao-crescimento-das-criancas-2\\\/#breadcrumb\",\"itemListElement\":[{\"@type\":\"ListItem\",\"position\":1,\"name\":\"In\u00edcio\",\"item\":\"https:\\\/\\\/diariodepe.com.br\\\/cri\\\/\"},{\"@type\":\"ListItem\",\"position\":2,\"name\":\"Xi Jinping sempre demonstra grande aten\u00e7\u00e3o ao crescimento das crian\u00e7as\"}]},{\"@type\":\"WebSite\",\"@id\":\"https:\\\/\\\/diariodepe.com.br\\\/cri\\\/#website\",\"url\":\"https:\\\/\\\/diariodepe.com.br\\\/cri\\\/\",\"name\":\"CRI e Diario de Pernambuco\",\"description\":\"R\u00e1dio Internacional da China\",\"publisher\":{\"@id\":\"https:\\\/\\\/diariodepe.com.br\\\/cri\\\/#organization\"},\"potentialAction\":[{\"@type\":\"SearchAction\",\"target\":{\"@type\":\"EntryPoint\",\"urlTemplate\":\"https:\\\/\\\/diariodepe.com.br\\\/cri\\\/?s={search_term_string}\"},\"query-input\":{\"@type\":\"PropertyValueSpecification\",\"valueRequired\":true,\"valueName\":\"search_term_string\"}}],\"inLanguage\":\"pt-BR\"},{\"@type\":\"Organization\",\"@id\":\"https:\\\/\\\/diariodepe.com.br\\\/cri\\\/#organization\",\"name\":\"CRI e Diario de Pernambuco\",\"url\":\"https:\\\/\\\/diariodepe.com.br\\\/cri\\\/\",\"logo\":{\"@type\":\"ImageObject\",\"inLanguage\":\"pt-BR\",\"@id\":\"https:\\\/\\\/diariodepe.com.br\\\/cri\\\/#\\\/schema\\\/logo\\\/image\\\/\",\"url\":\"https:\\\/\\\/diariodepe.com.br\\\/cri\\\/wp-content\\\/uploads\\\/sites\\\/2\\\/2022\\\/12\\\/cropped-Logo.jpg\",\"contentUrl\":\"https:\\\/\\\/diariodepe.com.br\\\/cri\\\/wp-content\\\/uploads\\\/sites\\\/2\\\/2022\\\/12\\\/cropped-Logo.jpg\",\"width\":700,\"height\":59,\"caption\":\"CRI e Diario de Pernambuco\"},\"image\":{\"@id\":\"https:\\\/\\\/diariodepe.com.br\\\/cri\\\/#\\\/schema\\\/logo\\\/image\\\/\"}},{\"@type\":\"Person\",\"@id\":\"https:\\\/\\\/diariodepe.com.br\\\/cri\\\/#\\\/schema\\\/person\\\/121bb28d84f1a5b1205ef4ce9c2e0c6b\",\"name\":\"Ismael Lucas S. Pereira\",\"image\":{\"@type\":\"ImageObject\",\"inLanguage\":\"pt-BR\",\"@id\":\"https:\\\/\\\/secure.gravatar.com\\\/avatar\\\/887a0f3b5a7ceea963a48499fb883ffce6b5037362def025c52c2505b15d63e4?s=96&d=mm&r=g\",\"url\":\"https:\\\/\\\/secure.gravatar.com\\\/avatar\\\/887a0f3b5a7ceea963a48499fb883ffce6b5037362def025c52c2505b15d63e4?s=96&d=mm&r=g\",\"contentUrl\":\"https:\\\/\\\/secure.gravatar.com\\\/avatar\\\/887a0f3b5a7ceea963a48499fb883ffce6b5037362def025c52c2505b15d63e4?s=96&d=mm&r=g\",\"caption\":\"Ismael Lucas S. Pereira\"},\"url\":\"https:\\\/\\\/diariodepe.com.br\\\/cri\\\/author\\\/ismael-lucas\\\/\"}]}<\/script>\n<!-- \/ Yoast SEO plugin. -->","yoast_head_json":{"title":"Xi Jinping sempre demonstra grande aten\u00e7\u00e3o ao crescimento das crian\u00e7as - CRI e Diario de Pernambuco","robots":{"index":"index","follow":"follow","max-snippet":"max-snippet:-1","max-image-preview":"max-image-preview:large","max-video-preview":"max-video-preview:-1"},"canonical":"https:\/\/diariodepe.com.br\/cri\/2025\/05\/29\/xi-jinping-sempre-demonstra-grande-atencao-ao-crescimento-das-criancas-2\/","og_locale":"pt_BR","og_type":"article","og_title":"Xi Jinping sempre demonstra grande aten\u00e7\u00e3o ao crescimento das crian\u00e7as - CRI e Diario de Pernambuco","og_description":"\u201cDesejo a voc\u00eas um feliz Dia Internacional das Crian\u00e7as, que ser\u00e1 celebrado em breve, no dia 1\u00ba de junho\u201d, afirmou o presidente chin\u00eas, Xi Jinping, durante sua participa\u00e7\u00e3o no 9\u00ba Congresso Nacional do Corpo de Jovens Pioneiros (CJP) da China,...","og_url":"https:\/\/diariodepe.com.br\/cri\/2025\/05\/29\/xi-jinping-sempre-demonstra-grande-atencao-ao-crescimento-das-criancas-2\/","og_site_name":"CRI e Diario de Pernambuco","article_published_time":"2025-05-29T12:38:52+00:00","og_image":[{"url":"https:\/\/38picres.cgtn.com\/photoAlbum\/page\/performance\/img\/2025\/5\/29\/1748487222746_193.jpg","type":"","width":"","height":""}],"author":"Ismael Lucas S. Pereira","twitter_card":"summary_large_image","twitter_misc":{"Escrito por":"Ismael Lucas S. Pereira"},"schema":{"@context":"https:\/\/schema.org","@graph":[{"@type":"Article","@id":"https:\/\/diariodepe.com.br\/cri\/2025\/05\/29\/xi-jinping-sempre-demonstra-grande-atencao-ao-crescimento-das-criancas-2\/#article","isPartOf":{"@id":"https:\/\/diariodepe.com.br\/cri\/2025\/05\/29\/xi-jinping-sempre-demonstra-grande-atencao-ao-crescimento-das-criancas-2\/"},"author":{"name":"Ismael Lucas S. Pereira","@id":"https:\/\/diariodepe.com.br\/cri\/#\/schema\/person\/121bb28d84f1a5b1205ef4ce9c2e0c6b"},"headline":"Xi Jinping sempre demonstra grande aten\u00e7\u00e3o ao crescimento das crian\u00e7as","datePublished":"2025-05-29T12:38:52+00:00","mainEntityOfPage":{"@id":"https:\/\/diariodepe.com.br\/cri\/2025\/05\/29\/xi-jinping-sempre-demonstra-grande-atencao-ao-crescimento-das-criancas-2\/"},"wordCount":262,"commentCount":0,"publisher":{"@id":"https:\/\/diariodepe.com.br\/cri\/#organization"},"image":{"@id":"https:\/\/diariodepe.com.br\/cri\/2025\/05\/29\/xi-jinping-sempre-demonstra-grande-atencao-ao-crescimento-das-criancas-2\/#primaryimage"},"thumbnailUrl":"https:\/\/38picres.cgtn.com\/photoAlbum\/page\/performance\/img\/2025\/5\/29\/1748487222746_193.jpg","articleSection":["China"],"inLanguage":"pt-BR","potentialAction":[{"@type":"CommentAction","name":"Comment","target":["https:\/\/diariodepe.com.br\/cri\/2025\/05\/29\/xi-jinping-sempre-demonstra-grande-atencao-ao-crescimento-das-criancas-2\/#respond"]}]},{"@type":"WebPage","@id":"https:\/\/diariodepe.com.br\/cri\/2025\/05\/29\/xi-jinping-sempre-demonstra-grande-atencao-ao-crescimento-das-criancas-2\/","url":"https:\/\/diariodepe.com.br\/cri\/2025\/05\/29\/xi-jinping-sempre-demonstra-grande-atencao-ao-crescimento-das-criancas-2\/","name":"Xi Jinping sempre demonstra grande aten\u00e7\u00e3o ao crescimento das crian\u00e7as - CRI e Diario de Pernambuco","isPartOf":{"@id":"https:\/\/diariodepe.com.br\/cri\/#website"},"primaryImageOfPage":{"@id":"https:\/\/diariodepe.com.br\/cri\/2025\/05\/29\/xi-jinping-sempre-demonstra-grande-atencao-ao-crescimento-das-criancas-2\/#primaryimage"},"image":{"@id":"https:\/\/diariodepe.com.br\/cri\/2025\/05\/29\/xi-jinping-sempre-demonstra-grande-atencao-ao-crescimento-das-criancas-2\/#primaryimage"},"thumbnailUrl":"https:\/\/38picres.cgtn.com\/photoAlbum\/page\/performance\/img\/2025\/5\/29\/1748487222746_193.jpg","datePublished":"2025-05-29T12:38:52+00:00","breadcrumb":{"@id":"https:\/\/diariodepe.com.br\/cri\/2025\/05\/29\/xi-jinping-sempre-demonstra-grande-atencao-ao-crescimento-das-criancas-2\/#breadcrumb"},"inLanguage":"pt-BR","potentialAction":[{"@type":"ReadAction","target":["https:\/\/diariodepe.com.br\/cri\/2025\/05\/29\/xi-jinping-sempre-demonstra-grande-atencao-ao-crescimento-das-criancas-2\/"]}]},{"@type":"ImageObject","inLanguage":"pt-BR","@id":"https:\/\/diariodepe.com.br\/cri\/2025\/05\/29\/xi-jinping-sempre-demonstra-grande-atencao-ao-crescimento-das-criancas-2\/#primaryimage","url":"https:\/\/38picres.cgtn.com\/photoAlbum\/page\/performance\/img\/2025\/5\/29\/1748487222746_193.jpg","contentUrl":"https:\/\/38picres.cgtn.com\/photoAlbum\/page\/performance\/img\/2025\/5\/29\/1748487222746_193.jpg"},{"@type":"BreadcrumbList","@id":"https:\/\/diariodepe.com.br\/cri\/2025\/05\/29\/xi-jinping-sempre-demonstra-grande-atencao-ao-crescimento-das-criancas-2\/#breadcrumb","itemListElement":[{"@type":"ListItem","position":1,"name":"In\u00edcio","item":"https:\/\/diariodepe.com.br\/cri\/"},{"@type":"ListItem","position":2,"name":"Xi Jinping sempre demonstra grande aten\u00e7\u00e3o ao crescimento das crian\u00e7as"}]},{"@type":"WebSite","@id":"https:\/\/diariodepe.com.br\/cri\/#website","url":"https:\/\/diariodepe.com.br\/cri\/","name":"CRI e Diario de Pernambuco","description":"R\u00e1dio Internacional da China","publisher":{"@id":"https:\/\/diariodepe.com.br\/cri\/#organization"},"potentialAction":[{"@type":"SearchAction","target":{"@type":"EntryPoint","urlTemplate":"https:\/\/diariodepe.com.br\/cri\/?s={search_term_string}"},"query-input":{"@type":"PropertyValueSpecification","valueRequired":true,"valueName":"search_term_string"}}],"inLanguage":"pt-BR"},{"@type":"Organization","@id":"https:\/\/diariodepe.com.br\/cri\/#organization","name":"CRI e Diario de Pernambuco","url":"https:\/\/diariodepe.com.br\/cri\/","logo":{"@type":"ImageObject","inLanguage":"pt-BR","@id":"https:\/\/diariodepe.com.br\/cri\/#\/schema\/logo\/image\/","url":"https:\/\/diariodepe.com.br\/cri\/wp-content\/uploads\/sites\/2\/2022\/12\/cropped-Logo.jpg","contentUrl":"https:\/\/diariodepe.com.br\/cri\/wp-content\/uploads\/sites\/2\/2022\/12\/cropped-Logo.jpg","width":700,"height":59,"caption":"CRI e Diario de Pernambuco"},"image":{"@id":"https:\/\/diariodepe.com.br\/cri\/#\/schema\/logo\/image\/"}},{"@type":"Person","@id":"https:\/\/diariodepe.com.br\/cri\/#\/schema\/person\/121bb28d84f1a5b1205ef4ce9c2e0c6b","name":"Ismael Lucas S. Pereira","image":{"@type":"ImageObject","inLanguage":"pt-BR","@id":"https:\/\/secure.gravatar.com\/avatar\/887a0f3b5a7ceea963a48499fb883ffce6b5037362def025c52c2505b15d63e4?s=96&d=mm&r=g","url":"https:\/\/secure.gravatar.com\/avatar\/887a0f3b5a7ceea963a48499fb883ffce6b5037362def025c52c2505b15d63e4?s=96&d=mm&r=g","contentUrl":"https:\/\/secure.gravatar.com\/avatar\/887a0f3b5a7ceea963a48499fb883ffce6b5037362def025c52c2505b15d63e4?s=96&d=mm&r=g","caption":"Ismael Lucas S. Pereira"},"url":"https:\/\/diariodepe.com.br\/cri\/author\/ismael-lucas\/"}]}},"cc_featured_image_caption":{"caption_text":false,"source_text":false,"source_url":false},"amp_enabled":true,"_links":{"self":[{"href":"https:\/\/diariodepe.com.br\/cri\/wp-json\/wp\/v2\/posts\/8497","targetHints":{"allow":["GET"]}}],"collection":[{"href":"https:\/\/diariodepe.com.br\/cri\/wp-json\/wp\/v2\/posts"}],"about":[{"href":"https:\/\/diariodepe.com.br\/cri\/wp-json\/wp\/v2\/types\/post"}],"author":[{"embeddable":true,"href":"https:\/\/diariodepe.com.br\/cri\/wp-json\/wp\/v2\/users\/2"}],"replies":[{"embeddable":true,"href":"https:\/\/diariodepe.com.br\/cri\/wp-json\/wp\/v2\/comments?post=8497"}],"version-history":[{"count":1,"href":"https:\/\/diariodepe.com.br\/cri\/wp-json\/wp\/v2\/posts\/8497\/revisions"}],"predecessor-version":[{"id":8498,"href":"https:\/\/diariodepe.com.br\/cri\/wp-json\/wp\/v2\/posts\/8497\/revisions\/8498"}],"wp:attachment":[{"href":"https:\/\/diariodepe.com.br\/cri\/wp-json\/wp\/v2\/media?parent=8497"}],"wp:term":[{"taxonomy":"category","embeddable":true,"href":"https:\/\/diariodepe.com.br\/cri\/wp-json\/wp\/v2\/categories?post=8497"},{"taxonomy":"post_tag","embeddable":true,"href":"https:\/\/diariodepe.com.br\/cri\/wp-json\/wp\/v2\/tags?post=8497"}],"curies":[{"name":"wp","href":"https:\/\/api.w.org\/{rel}","templated":true}]}}