{"id":8495,"date":"2025-05-29T09:37:35","date_gmt":"2025-05-29T12:37:35","guid":{"rendered":"https:\/\/diariodepe.com.br\/cri\/?p=8495"},"modified":"2025-05-29T09:37:35","modified_gmt":"2025-05-29T12:37:35","slug":"investidas-das-filipinas-no-mar-do-sul-da-china-estao-fadadas-ao-fracasso","status":"publish","type":"post","link":"https:\/\/diariodepe.com.br\/cri\/2025\/05\/29\/investidas-das-filipinas-no-mar-do-sul-da-china-estao-fadadas-ao-fracasso\/","title":{"rendered":"Investidas das Filipinas no Mar do Sul da China est\u00e3o fadadas ao fracasso"},"content":{"rendered":"<p><img decoding=\"async\" src=\"https:\/\/38picres.cgtn.com\/photoAlbum\/page\/performance\/img\/2025\/5\/28\/1748402971401_779.png\" width=\"100%\" height=\"auto\" \/><\/p>\n<p>Durante a 46\u00aa C\u00fapula da ASEAN, autoridades diplom\u00e1ticas filipinas afirmaram estar dispostas a firmar mais acordos com a China,\u00a0visando manter a paz no Mar do Sul da China. No entanto, o governo filipino continua promovendo provoca\u00e7\u00f5es que contradizem seu discurso pacifista.<\/p>\n<p>As recentes\u00a0estrat\u00e9gias adotadas pelas Filipinas incluem a cria\u00e7\u00e3o de tens\u00f5es\u00a0na regi\u00e3o, campanhas de\u00a0difama\u00e7\u00e3o contra a\u00a0China e tentativas\u00a0de legalizar a ocupa\u00e7\u00e3o ilegal de ilhas, tudo isso com o respaldo dos EUA e de outras pot\u00eancias externas. Essas t\u00e1ticas, no entanto, t\u00eam se mostrado ineficazes e fadadas ao fracasso.<\/p>\n<p>Neste momento, o governo de Ferdinand Marcos Jr. Chega \u00e0 metade de seu mandato. Nas recentes elei\u00e7\u00f5es de meio de mandato, a coaliz\u00e3o governista \u201cNova Alian\u00e7a Filipina\u201d conquistou apenas seis das doze cadeiras em disputa no Senado, resultado aqu\u00e9m das expectativas.<\/p>\n<p>Analistas\u00a0observam\u00a0que os resultados das elei\u00e7\u00f5es\u00a0refletem\u00a0a preocupa\u00e7\u00e3o dos filipinos com quest\u00f5es internas, como o custo de vida e o desenvolvimento econ\u00f4mico, em detrimento de disputas territoriais.\u00a0A popula\u00e7\u00e3o\u00a0espera\u00a0que o governo mantenha a estabilidade no Mar do Sul da China,\u00a0garantindo rela\u00e7\u00f5es diplom\u00e1ticas s\u00f3lidas e duradouras com a China.<\/p>\n<p>Mesmo assim, logo ap\u00f3s os resultados eleitorais, o governo filipino voltou a provocar incidentes na regi\u00e3o.\u00a0Em vez de refletir sobre as demandas internas e os interesses nacionais, optou por utilizar tens\u00f5es externas como cortina de fuma\u00e7a para seu fraco desempenho pol\u00edtico.<\/p>\n<p>Com essa postura, o governo filipino seguiu\u00a0na contram\u00e3o\u00a0do\u00a0esp\u00edrito de coopera\u00e7\u00e3o regional.\u00a0Em abril deste ano, a China e os pa\u00edses da ASEAN realizaram,\u00a0nas pr\u00f3prias Filipinas,\u00a0a 47\u00aa reuni\u00e3o do grupo de trabalho conjunto sobre a implementa\u00e7\u00e3o da Declara\u00e7\u00e3o sobre a Conduta das Partes no Mar do Sul da China. Na ocasi\u00e3o, todas\u00a0as partes reafirmaram o compromisso com o fortalecimento\u00a0do\u00a0di\u00e1logo e da\u00a0coopera\u00e7\u00e3o, a aplica\u00e7\u00e3o abrangente e eficaz da Declara\u00e7\u00e3o e o avan\u00e7o rumo \u00e0 conclus\u00e3o, o mais breve poss\u00edvel, do C\u00f3digo de Conduta no Mar do Sul da China.<\/p>\n<p>Mais recentemente, em 25 de maio, o primeiro-ministro chin\u00eas Li Qiang reuniu-se\u00a0com o presidente da Indon\u00e9sia,\u00a0Prabowo Subianto. No encontro, a\u00a0Indon\u00e9sia manifestou sua disposi\u00e7\u00e3o em\u00a0cooperar com a China\u00a0para promover o desenvolvimento conjunto da regi\u00e3o, acelerar as consultas sobre o C\u00f3digo de Conduta e contribuir ativamente para a manuten\u00e7\u00e3o da paz e da\u00a0estabilidade no Mar do Sul da China.<\/p>\n<p>Nesse momento cr\u00edtico, a postura provocadora das Filipinas vai na contram\u00e3o das\u00a0expectativas do povo filipino\u00a0e da tend\u00eancia de paz buscada pelos pa\u00edses do Sudeste Asi\u00e1tico.\u00a0Persistir nesse caminho\u00a0pode transformar\u00a0o pa\u00eds em pe\u00e7as de sacrif\u00edcio no tabuleiro da competi\u00e7\u00e3o estrat\u00e9gica entre os Estados Unidos e outras pot\u00eancias globais.<\/p>\n","protected":false},"excerpt":{"rendered":"<p>Durante a 46\u00aa C\u00fapula da ASEAN, autoridades diplom\u00e1ticas filipinas afirmaram estar dispostas a firmar mais acordos com a China,\u00a0visando manter a paz no Mar do Sul da China. No entanto, o governo filipino continua promovendo provoca\u00e7\u00f5es que contradizem seu discurso&#8230;<\/p>\n","protected":false},"author":2,"featured_media":0,"comment_status":"open","ping_status":"open","sticky":false,"template":"","format":"standard","meta":{"footnotes":""},"categories":[7],"tags":[],"class_list":["post-8495","post","type-post","status-publish","format-standard","hentry","category-visao"],"yoast_head":"<!-- This site is optimized with the Yoast SEO plugin v27.4 - https:\/\/yoast.com\/product\/yoast-seo-wordpress\/ -->\n<title>Investidas das Filipinas no Mar do Sul da China est\u00e3o fadadas ao fracasso - CRI e Diario de Pernambuco<\/title>\n<meta name=\"robots\" content=\"index, follow, max-snippet:-1, max-image-preview:large, max-video-preview:-1\" \/>\n<link rel=\"canonical\" href=\"https:\/\/diariodepe.com.br\/cri\/2025\/05\/29\/investidas-das-filipinas-no-mar-do-sul-da-china-estao-fadadas-ao-fracasso\/\" \/>\n<meta property=\"og:locale\" content=\"pt_BR\" \/>\n<meta property=\"og:type\" content=\"article\" \/>\n<meta property=\"og:title\" content=\"Investidas das Filipinas no Mar do Sul da China est\u00e3o fadadas ao fracasso - CRI e Diario de Pernambuco\" \/>\n<meta property=\"og:description\" content=\"Durante a 46\u00aa C\u00fapula da ASEAN, autoridades diplom\u00e1ticas filipinas afirmaram estar dispostas a firmar mais acordos com a China,\u00a0visando manter a paz no Mar do Sul da China. No entanto, o governo filipino continua promovendo provoca\u00e7\u00f5es que contradizem seu discurso...\" \/>\n<meta property=\"og:url\" content=\"https:\/\/diariodepe.com.br\/cri\/2025\/05\/29\/investidas-das-filipinas-no-mar-do-sul-da-china-estao-fadadas-ao-fracasso\/\" \/>\n<meta property=\"og:site_name\" content=\"CRI e Diario de Pernambuco\" \/>\n<meta property=\"article:published_time\" content=\"2025-05-29T12:37:35+00:00\" \/>\n<meta property=\"og:image\" content=\"https:\/\/38picres.cgtn.com\/photoAlbum\/page\/performance\/img\/2025\/5\/28\/1748402971401_779.png\" \/>\n<meta name=\"author\" content=\"Ismael Lucas S. Pereira\" \/>\n<meta name=\"twitter:card\" content=\"summary_large_image\" \/>\n<meta name=\"twitter:label1\" content=\"Escrito por\" \/>\n\t<meta name=\"twitter:data1\" content=\"Ismael Lucas S. Pereira\" \/>\n\t<meta name=\"twitter:label2\" content=\"Est. tempo de leitura\" \/>\n\t<meta name=\"twitter:data2\" content=\"3 minutos\" \/>\n<script type=\"application\/ld+json\" class=\"yoast-schema-graph\">{\"@context\":\"https:\\\/\\\/schema.org\",\"@graph\":[{\"@type\":\"Article\",\"@id\":\"https:\\\/\\\/diariodepe.com.br\\\/cri\\\/2025\\\/05\\\/29\\\/investidas-das-filipinas-no-mar-do-sul-da-china-estao-fadadas-ao-fracasso\\\/#article\",\"isPartOf\":{\"@id\":\"https:\\\/\\\/diariodepe.com.br\\\/cri\\\/2025\\\/05\\\/29\\\/investidas-das-filipinas-no-mar-do-sul-da-china-estao-fadadas-ao-fracasso\\\/\"},\"author\":{\"name\":\"Ismael Lucas S. Pereira\",\"@id\":\"https:\\\/\\\/diariodepe.com.br\\\/cri\\\/#\\\/schema\\\/person\\\/121bb28d84f1a5b1205ef4ce9c2e0c6b\"},\"headline\":\"Investidas das Filipinas no Mar do Sul da China est\u00e3o fadadas ao fracasso\",\"datePublished\":\"2025-05-29T12:37:35+00:00\",\"mainEntityOfPage\":{\"@id\":\"https:\\\/\\\/diariodepe.com.br\\\/cri\\\/2025\\\/05\\\/29\\\/investidas-das-filipinas-no-mar-do-sul-da-china-estao-fadadas-ao-fracasso\\\/\"},\"wordCount\":513,\"commentCount\":0,\"publisher\":{\"@id\":\"https:\\\/\\\/diariodepe.com.br\\\/cri\\\/#organization\"},\"image\":{\"@id\":\"https:\\\/\\\/diariodepe.com.br\\\/cri\\\/2025\\\/05\\\/29\\\/investidas-das-filipinas-no-mar-do-sul-da-china-estao-fadadas-ao-fracasso\\\/#primaryimage\"},\"thumbnailUrl\":\"https:\\\/\\\/38picres.cgtn.com\\\/photoAlbum\\\/page\\\/performance\\\/img\\\/2025\\\/5\\\/28\\\/1748402971401_779.png\",\"articleSection\":[\"Vis\u00e3o\"],\"inLanguage\":\"pt-BR\",\"potentialAction\":[{\"@type\":\"CommentAction\",\"name\":\"Comment\",\"target\":[\"https:\\\/\\\/diariodepe.com.br\\\/cri\\\/2025\\\/05\\\/29\\\/investidas-das-filipinas-no-mar-do-sul-da-china-estao-fadadas-ao-fracasso\\\/#respond\"]}]},{\"@type\":\"WebPage\",\"@id\":\"https:\\\/\\\/diariodepe.com.br\\\/cri\\\/2025\\\/05\\\/29\\\/investidas-das-filipinas-no-mar-do-sul-da-china-estao-fadadas-ao-fracasso\\\/\",\"url\":\"https:\\\/\\\/diariodepe.com.br\\\/cri\\\/2025\\\/05\\\/29\\\/investidas-das-filipinas-no-mar-do-sul-da-china-estao-fadadas-ao-fracasso\\\/\",\"name\":\"Investidas das Filipinas no Mar do Sul da China est\u00e3o fadadas ao fracasso - CRI e Diario de Pernambuco\",\"isPartOf\":{\"@id\":\"https:\\\/\\\/diariodepe.com.br\\\/cri\\\/#website\"},\"primaryImageOfPage\":{\"@id\":\"https:\\\/\\\/diariodepe.com.br\\\/cri\\\/2025\\\/05\\\/29\\\/investidas-das-filipinas-no-mar-do-sul-da-china-estao-fadadas-ao-fracasso\\\/#primaryimage\"},\"image\":{\"@id\":\"https:\\\/\\\/diariodepe.com.br\\\/cri\\\/2025\\\/05\\\/29\\\/investidas-das-filipinas-no-mar-do-sul-da-china-estao-fadadas-ao-fracasso\\\/#primaryimage\"},\"thumbnailUrl\":\"https:\\\/\\\/38picres.cgtn.com\\\/photoAlbum\\\/page\\\/performance\\\/img\\\/2025\\\/5\\\/28\\\/1748402971401_779.png\",\"datePublished\":\"2025-05-29T12:37:35+00:00\",\"breadcrumb\":{\"@id\":\"https:\\\/\\\/diariodepe.com.br\\\/cri\\\/2025\\\/05\\\/29\\\/investidas-das-filipinas-no-mar-do-sul-da-china-estao-fadadas-ao-fracasso\\\/#breadcrumb\"},\"inLanguage\":\"pt-BR\",\"potentialAction\":[{\"@type\":\"ReadAction\",\"target\":[\"https:\\\/\\\/diariodepe.com.br\\\/cri\\\/2025\\\/05\\\/29\\\/investidas-das-filipinas-no-mar-do-sul-da-china-estao-fadadas-ao-fracasso\\\/\"]}]},{\"@type\":\"ImageObject\",\"inLanguage\":\"pt-BR\",\"@id\":\"https:\\\/\\\/diariodepe.com.br\\\/cri\\\/2025\\\/05\\\/29\\\/investidas-das-filipinas-no-mar-do-sul-da-china-estao-fadadas-ao-fracasso\\\/#primaryimage\",\"url\":\"https:\\\/\\\/38picres.cgtn.com\\\/photoAlbum\\\/page\\\/performance\\\/img\\\/2025\\\/5\\\/28\\\/1748402971401_779.png\",\"contentUrl\":\"https:\\\/\\\/38picres.cgtn.com\\\/photoAlbum\\\/page\\\/performance\\\/img\\\/2025\\\/5\\\/28\\\/1748402971401_779.png\"},{\"@type\":\"BreadcrumbList\",\"@id\":\"https:\\\/\\\/diariodepe.com.br\\\/cri\\\/2025\\\/05\\\/29\\\/investidas-das-filipinas-no-mar-do-sul-da-china-estao-fadadas-ao-fracasso\\\/#breadcrumb\",\"itemListElement\":[{\"@type\":\"ListItem\",\"position\":1,\"name\":\"In\u00edcio\",\"item\":\"https:\\\/\\\/diariodepe.com.br\\\/cri\\\/\"},{\"@type\":\"ListItem\",\"position\":2,\"name\":\"Investidas das Filipinas no Mar do Sul da China est\u00e3o fadadas ao fracasso\"}]},{\"@type\":\"WebSite\",\"@id\":\"https:\\\/\\\/diariodepe.com.br\\\/cri\\\/#website\",\"url\":\"https:\\\/\\\/diariodepe.com.br\\\/cri\\\/\",\"name\":\"CRI e Diario de Pernambuco\",\"description\":\"R\u00e1dio Internacional da China\",\"publisher\":{\"@id\":\"https:\\\/\\\/diariodepe.com.br\\\/cri\\\/#organization\"},\"potentialAction\":[{\"@type\":\"SearchAction\",\"target\":{\"@type\":\"EntryPoint\",\"urlTemplate\":\"https:\\\/\\\/diariodepe.com.br\\\/cri\\\/?s={search_term_string}\"},\"query-input\":{\"@type\":\"PropertyValueSpecification\",\"valueRequired\":true,\"valueName\":\"search_term_string\"}}],\"inLanguage\":\"pt-BR\"},{\"@type\":\"Organization\",\"@id\":\"https:\\\/\\\/diariodepe.com.br\\\/cri\\\/#organization\",\"name\":\"CRI e Diario de Pernambuco\",\"url\":\"https:\\\/\\\/diariodepe.com.br\\\/cri\\\/\",\"logo\":{\"@type\":\"ImageObject\",\"inLanguage\":\"pt-BR\",\"@id\":\"https:\\\/\\\/diariodepe.com.br\\\/cri\\\/#\\\/schema\\\/logo\\\/image\\\/\",\"url\":\"https:\\\/\\\/diariodepe.com.br\\\/cri\\\/wp-content\\\/uploads\\\/sites\\\/2\\\/2022\\\/12\\\/cropped-Logo.jpg\",\"contentUrl\":\"https:\\\/\\\/diariodepe.com.br\\\/cri\\\/wp-content\\\/uploads\\\/sites\\\/2\\\/2022\\\/12\\\/cropped-Logo.jpg\",\"width\":700,\"height\":59,\"caption\":\"CRI e Diario de Pernambuco\"},\"image\":{\"@id\":\"https:\\\/\\\/diariodepe.com.br\\\/cri\\\/#\\\/schema\\\/logo\\\/image\\\/\"}},{\"@type\":\"Person\",\"@id\":\"https:\\\/\\\/diariodepe.com.br\\\/cri\\\/#\\\/schema\\\/person\\\/121bb28d84f1a5b1205ef4ce9c2e0c6b\",\"name\":\"Ismael Lucas S. Pereira\",\"image\":{\"@type\":\"ImageObject\",\"inLanguage\":\"pt-BR\",\"@id\":\"https:\\\/\\\/secure.gravatar.com\\\/avatar\\\/887a0f3b5a7ceea963a48499fb883ffce6b5037362def025c52c2505b15d63e4?s=96&d=mm&r=g\",\"url\":\"https:\\\/\\\/secure.gravatar.com\\\/avatar\\\/887a0f3b5a7ceea963a48499fb883ffce6b5037362def025c52c2505b15d63e4?s=96&d=mm&r=g\",\"contentUrl\":\"https:\\\/\\\/secure.gravatar.com\\\/avatar\\\/887a0f3b5a7ceea963a48499fb883ffce6b5037362def025c52c2505b15d63e4?s=96&d=mm&r=g\",\"caption\":\"Ismael Lucas S. Pereira\"},\"url\":\"https:\\\/\\\/diariodepe.com.br\\\/cri\\\/author\\\/ismael-lucas\\\/\"}]}<\/script>\n<!-- \/ Yoast SEO plugin. -->","yoast_head_json":{"title":"Investidas das Filipinas no Mar do Sul da China est\u00e3o fadadas ao fracasso - CRI e Diario de Pernambuco","robots":{"index":"index","follow":"follow","max-snippet":"max-snippet:-1","max-image-preview":"max-image-preview:large","max-video-preview":"max-video-preview:-1"},"canonical":"https:\/\/diariodepe.com.br\/cri\/2025\/05\/29\/investidas-das-filipinas-no-mar-do-sul-da-china-estao-fadadas-ao-fracasso\/","og_locale":"pt_BR","og_type":"article","og_title":"Investidas das Filipinas no Mar do Sul da China est\u00e3o fadadas ao fracasso - CRI e Diario de Pernambuco","og_description":"Durante a 46\u00aa C\u00fapula da ASEAN, autoridades diplom\u00e1ticas filipinas afirmaram estar dispostas a firmar mais acordos com a China,\u00a0visando manter a paz no Mar do Sul da China. No entanto, o governo filipino continua promovendo provoca\u00e7\u00f5es que contradizem seu discurso...","og_url":"https:\/\/diariodepe.com.br\/cri\/2025\/05\/29\/investidas-das-filipinas-no-mar-do-sul-da-china-estao-fadadas-ao-fracasso\/","og_site_name":"CRI e Diario de Pernambuco","article_published_time":"2025-05-29T12:37:35+00:00","og_image":[{"url":"https:\/\/38picres.cgtn.com\/photoAlbum\/page\/performance\/img\/2025\/5\/28\/1748402971401_779.png","type":"","width":"","height":""}],"author":"Ismael Lucas S. Pereira","twitter_card":"summary_large_image","twitter_misc":{"Escrito por":"Ismael Lucas S. Pereira","Est. tempo de leitura":"3 minutos"},"schema":{"@context":"https:\/\/schema.org","@graph":[{"@type":"Article","@id":"https:\/\/diariodepe.com.br\/cri\/2025\/05\/29\/investidas-das-filipinas-no-mar-do-sul-da-china-estao-fadadas-ao-fracasso\/#article","isPartOf":{"@id":"https:\/\/diariodepe.com.br\/cri\/2025\/05\/29\/investidas-das-filipinas-no-mar-do-sul-da-china-estao-fadadas-ao-fracasso\/"},"author":{"name":"Ismael Lucas S. Pereira","@id":"https:\/\/diariodepe.com.br\/cri\/#\/schema\/person\/121bb28d84f1a5b1205ef4ce9c2e0c6b"},"headline":"Investidas das Filipinas no Mar do Sul da China est\u00e3o fadadas ao fracasso","datePublished":"2025-05-29T12:37:35+00:00","mainEntityOfPage":{"@id":"https:\/\/diariodepe.com.br\/cri\/2025\/05\/29\/investidas-das-filipinas-no-mar-do-sul-da-china-estao-fadadas-ao-fracasso\/"},"wordCount":513,"commentCount":0,"publisher":{"@id":"https:\/\/diariodepe.com.br\/cri\/#organization"},"image":{"@id":"https:\/\/diariodepe.com.br\/cri\/2025\/05\/29\/investidas-das-filipinas-no-mar-do-sul-da-china-estao-fadadas-ao-fracasso\/#primaryimage"},"thumbnailUrl":"https:\/\/38picres.cgtn.com\/photoAlbum\/page\/performance\/img\/2025\/5\/28\/1748402971401_779.png","articleSection":["Vis\u00e3o"],"inLanguage":"pt-BR","potentialAction":[{"@type":"CommentAction","name":"Comment","target":["https:\/\/diariodepe.com.br\/cri\/2025\/05\/29\/investidas-das-filipinas-no-mar-do-sul-da-china-estao-fadadas-ao-fracasso\/#respond"]}]},{"@type":"WebPage","@id":"https:\/\/diariodepe.com.br\/cri\/2025\/05\/29\/investidas-das-filipinas-no-mar-do-sul-da-china-estao-fadadas-ao-fracasso\/","url":"https:\/\/diariodepe.com.br\/cri\/2025\/05\/29\/investidas-das-filipinas-no-mar-do-sul-da-china-estao-fadadas-ao-fracasso\/","name":"Investidas das Filipinas no Mar do Sul da China est\u00e3o fadadas ao fracasso - CRI e Diario de Pernambuco","isPartOf":{"@id":"https:\/\/diariodepe.com.br\/cri\/#website"},"primaryImageOfPage":{"@id":"https:\/\/diariodepe.com.br\/cri\/2025\/05\/29\/investidas-das-filipinas-no-mar-do-sul-da-china-estao-fadadas-ao-fracasso\/#primaryimage"},"image":{"@id":"https:\/\/diariodepe.com.br\/cri\/2025\/05\/29\/investidas-das-filipinas-no-mar-do-sul-da-china-estao-fadadas-ao-fracasso\/#primaryimage"},"thumbnailUrl":"https:\/\/38picres.cgtn.com\/photoAlbum\/page\/performance\/img\/2025\/5\/28\/1748402971401_779.png","datePublished":"2025-05-29T12:37:35+00:00","breadcrumb":{"@id":"https:\/\/diariodepe.com.br\/cri\/2025\/05\/29\/investidas-das-filipinas-no-mar-do-sul-da-china-estao-fadadas-ao-fracasso\/#breadcrumb"},"inLanguage":"pt-BR","potentialAction":[{"@type":"ReadAction","target":["https:\/\/diariodepe.com.br\/cri\/2025\/05\/29\/investidas-das-filipinas-no-mar-do-sul-da-china-estao-fadadas-ao-fracasso\/"]}]},{"@type":"ImageObject","inLanguage":"pt-BR","@id":"https:\/\/diariodepe.com.br\/cri\/2025\/05\/29\/investidas-das-filipinas-no-mar-do-sul-da-china-estao-fadadas-ao-fracasso\/#primaryimage","url":"https:\/\/38picres.cgtn.com\/photoAlbum\/page\/performance\/img\/2025\/5\/28\/1748402971401_779.png","contentUrl":"https:\/\/38picres.cgtn.com\/photoAlbum\/page\/performance\/img\/2025\/5\/28\/1748402971401_779.png"},{"@type":"BreadcrumbList","@id":"https:\/\/diariodepe.com.br\/cri\/2025\/05\/29\/investidas-das-filipinas-no-mar-do-sul-da-china-estao-fadadas-ao-fracasso\/#breadcrumb","itemListElement":[{"@type":"ListItem","position":1,"name":"In\u00edcio","item":"https:\/\/diariodepe.com.br\/cri\/"},{"@type":"ListItem","position":2,"name":"Investidas das Filipinas no Mar do Sul da China est\u00e3o fadadas ao fracasso"}]},{"@type":"WebSite","@id":"https:\/\/diariodepe.com.br\/cri\/#website","url":"https:\/\/diariodepe.com.br\/cri\/","name":"CRI e Diario de Pernambuco","description":"R\u00e1dio Internacional da China","publisher":{"@id":"https:\/\/diariodepe.com.br\/cri\/#organization"},"potentialAction":[{"@type":"SearchAction","target":{"@type":"EntryPoint","urlTemplate":"https:\/\/diariodepe.com.br\/cri\/?s={search_term_string}"},"query-input":{"@type":"PropertyValueSpecification","valueRequired":true,"valueName":"search_term_string"}}],"inLanguage":"pt-BR"},{"@type":"Organization","@id":"https:\/\/diariodepe.com.br\/cri\/#organization","name":"CRI e Diario de Pernambuco","url":"https:\/\/diariodepe.com.br\/cri\/","logo":{"@type":"ImageObject","inLanguage":"pt-BR","@id":"https:\/\/diariodepe.com.br\/cri\/#\/schema\/logo\/image\/","url":"https:\/\/diariodepe.com.br\/cri\/wp-content\/uploads\/sites\/2\/2022\/12\/cropped-Logo.jpg","contentUrl":"https:\/\/diariodepe.com.br\/cri\/wp-content\/uploads\/sites\/2\/2022\/12\/cropped-Logo.jpg","width":700,"height":59,"caption":"CRI e Diario de Pernambuco"},"image":{"@id":"https:\/\/diariodepe.com.br\/cri\/#\/schema\/logo\/image\/"}},{"@type":"Person","@id":"https:\/\/diariodepe.com.br\/cri\/#\/schema\/person\/121bb28d84f1a5b1205ef4ce9c2e0c6b","name":"Ismael Lucas S. Pereira","image":{"@type":"ImageObject","inLanguage":"pt-BR","@id":"https:\/\/secure.gravatar.com\/avatar\/887a0f3b5a7ceea963a48499fb883ffce6b5037362def025c52c2505b15d63e4?s=96&d=mm&r=g","url":"https:\/\/secure.gravatar.com\/avatar\/887a0f3b5a7ceea963a48499fb883ffce6b5037362def025c52c2505b15d63e4?s=96&d=mm&r=g","contentUrl":"https:\/\/secure.gravatar.com\/avatar\/887a0f3b5a7ceea963a48499fb883ffce6b5037362def025c52c2505b15d63e4?s=96&d=mm&r=g","caption":"Ismael Lucas S. Pereira"},"url":"https:\/\/diariodepe.com.br\/cri\/author\/ismael-lucas\/"}]}},"cc_featured_image_caption":{"caption_text":false,"source_text":false,"source_url":false},"amp_enabled":true,"_links":{"self":[{"href":"https:\/\/diariodepe.com.br\/cri\/wp-json\/wp\/v2\/posts\/8495","targetHints":{"allow":["GET"]}}],"collection":[{"href":"https:\/\/diariodepe.com.br\/cri\/wp-json\/wp\/v2\/posts"}],"about":[{"href":"https:\/\/diariodepe.com.br\/cri\/wp-json\/wp\/v2\/types\/post"}],"author":[{"embeddable":true,"href":"https:\/\/diariodepe.com.br\/cri\/wp-json\/wp\/v2\/users\/2"}],"replies":[{"embeddable":true,"href":"https:\/\/diariodepe.com.br\/cri\/wp-json\/wp\/v2\/comments?post=8495"}],"version-history":[{"count":1,"href":"https:\/\/diariodepe.com.br\/cri\/wp-json\/wp\/v2\/posts\/8495\/revisions"}],"predecessor-version":[{"id":8496,"href":"https:\/\/diariodepe.com.br\/cri\/wp-json\/wp\/v2\/posts\/8495\/revisions\/8496"}],"wp:attachment":[{"href":"https:\/\/diariodepe.com.br\/cri\/wp-json\/wp\/v2\/media?parent=8495"}],"wp:term":[{"taxonomy":"category","embeddable":true,"href":"https:\/\/diariodepe.com.br\/cri\/wp-json\/wp\/v2\/categories?post=8495"},{"taxonomy":"post_tag","embeddable":true,"href":"https:\/\/diariodepe.com.br\/cri\/wp-json\/wp\/v2\/tags?post=8495"}],"curies":[{"name":"wp","href":"https:\/\/api.w.org\/{rel}","templated":true}]}}