{"id":8489,"date":"2025-05-29T09:36:10","date_gmt":"2025-05-29T12:36:10","guid":{"rendered":"https:\/\/diariodepe.com.br\/cri\/?p=8489"},"modified":"2025-05-29T09:36:10","modified_gmt":"2025-05-29T12:36:10","slug":"pesquisa-da-cgtn-paises-insulares-do-pacifico-elogiam-governanca-da-china","status":"publish","type":"post","link":"https:\/\/diariodepe.com.br\/cri\/2025\/05\/29\/pesquisa-da-cgtn-paises-insulares-do-pacifico-elogiam-governanca-da-china\/","title":{"rendered":"Pesquisa da CGTN | Pa\u00edses insulares do Pac\u00edfico elogiam \u201cgovernan\u00e7a da China\u201d"},"content":{"rendered":"<p>Por ocasi\u00e3o da terceira Reuni\u00e3o de Ministros das Rela\u00e7\u00f5es Exteriores da China e dos Pa\u00edses Insulares do Pac\u00edfico, uma pesquisa conduzida\u00a0pela CGTN com 1.000 entrevistados de 10 dos principais pa\u00edses insulares da regi\u00e3o revelou uma avalia\u00e7\u00e3o positiva da filosofia de desenvolvimento da moderniza\u00e7\u00e3o chinesa e de suas\u00a0conquistas. Os participantes elogiaram os resultados\u00a0pr\u00e1ticos e frut\u00edferos da coopera\u00e7\u00e3o, que t\u00eam injetado\u00a0novo impulso \u00e0 constru\u00e7\u00e3o de uma comunidade com\u00a0futuro compartilhado\u00a0entre a China e os\u00a0pa\u00edses insulares do Pac\u00edfico.<\/p>\n<p>Tanto a China quanto os pa\u00edses insulares\u00a0do Pac\u00edfico s\u00e3o na\u00e7\u00f5es\u00a0em desenvolvimento, e o modelo chin\u00eas de moderniza\u00e7\u00e3o oferece percep\u00e7\u00f5es valiosas\u00a0para esses pa\u00edses. No que diz respeito \u00e0\u00a0capacidade\u00a0de governan\u00e7a do governo\u00a0chin\u00eas, cinco \u00e1reas de destaque foram reconhecidas:\u00a0melhoria da infraestrutura (96,4%), fortalecimento da seguran\u00e7a p\u00fablica (87,4%), amplia\u00e7\u00e3o das oportunidades de emprego (85%), melhoria da sa\u00fade p\u00fablica (82,9%) e aumento da renda da popula\u00e7\u00e3o (81%). Nesse contexto,\u00a096,2% dos entrevistados\u00a0consideram a China um pa\u00eds bem-sucedido.<\/p>\n<p>Nas \u00faltimas d\u00e9cadas, a China tem aprofundado de forma cont\u00ednua suas rela\u00e7\u00f5es econ\u00f4micas e comerciais com os pa\u00edses insulares\u00a0do Pac\u00edfico. De 1992 a 2021, o volume total de com\u00e9rcio entre a China e seus parceiros diplom\u00e1ticos na regi\u00e3o saltou\u00a0de US$ 153 milh\u00f5es para US$ 5,3 bilh\u00f5es &#8211; um aumento superior a 30 vezes. De acordo com\u00a0o levantamento, 93,6% dos entrevistados consideram\u00a0o vasto mercado\u00a0chin\u00eas\u00a0uma oportunidade para\u00a0o\u00a0desenvolvimento de seus pr\u00f3prios pa\u00edses, enquanto 92,2% afirmam\u00a0que seus pa\u00edses t\u00eam se\u00a0beneficiado\u00a0das trocas econ\u00f4micas e comerciais com a China.<\/p>\n<p>A parceria\u00a0entre a China e os pa\u00edses insulares do Pac\u00edfico tem alcan\u00e7ado resultados expressivos, consolidando-se como um modelo de coopera\u00e7\u00e3o Sul-Sul e de\u00a0benef\u00edcio m\u00fatuo. Nesse sentido, 94,3% dos entrevistados acreditam que o relacionamento atual entre a China e os pa\u00edses insulares do Pac\u00edfico est\u00e1 evoluindo de forma positiva;\u00a0e\u00a093,7%\u00a0avaliam\u00a0que a parceria estrat\u00e9gica abrangente bilateral tem impulsionado\u00a0a prosperidade regional e promovido o bem-estar de suas popula\u00e7\u00f5es.<\/p>\n","protected":false},"excerpt":{"rendered":"<p>Por ocasi\u00e3o da terceira Reuni\u00e3o de Ministros das Rela\u00e7\u00f5es Exteriores da China e dos Pa\u00edses Insulares do Pac\u00edfico, uma pesquisa conduzida\u00a0pela CGTN com 1.000 entrevistados de 10 dos principais pa\u00edses insulares da regi\u00e3o revelou uma avalia\u00e7\u00e3o positiva da filosofia de&#8230;<\/p>\n","protected":false},"author":2,"featured_media":0,"comment_status":"open","ping_status":"open","sticky":false,"template":"","format":"standard","meta":{"footnotes":""},"categories":[3],"tags":[],"class_list":["post-8489","post","type-post","status-publish","format-standard","hentry","category-china"],"yoast_head":"<!-- This site is optimized with the Yoast SEO plugin v27.4 - https:\/\/yoast.com\/product\/yoast-seo-wordpress\/ -->\n<title>Pesquisa da CGTN | Pa\u00edses insulares do Pac\u00edfico elogiam \u201cgovernan\u00e7a da China\u201d - CRI e Diario de Pernambuco<\/title>\n<meta name=\"robots\" content=\"index, follow, max-snippet:-1, max-image-preview:large, max-video-preview:-1\" \/>\n<link rel=\"canonical\" href=\"https:\/\/diariodepe.com.br\/cri\/2025\/05\/29\/pesquisa-da-cgtn-paises-insulares-do-pacifico-elogiam-governanca-da-china\/\" \/>\n<meta property=\"og:locale\" content=\"pt_BR\" \/>\n<meta property=\"og:type\" content=\"article\" \/>\n<meta property=\"og:title\" content=\"Pesquisa da CGTN | Pa\u00edses insulares do Pac\u00edfico elogiam \u201cgovernan\u00e7a da China\u201d - CRI e Diario de Pernambuco\" \/>\n<meta property=\"og:description\" content=\"Por ocasi\u00e3o da terceira Reuni\u00e3o de Ministros das Rela\u00e7\u00f5es Exteriores da China e dos Pa\u00edses Insulares do Pac\u00edfico, uma pesquisa conduzida\u00a0pela CGTN com 1.000 entrevistados de 10 dos principais pa\u00edses insulares da regi\u00e3o revelou uma avalia\u00e7\u00e3o positiva da filosofia de...\" \/>\n<meta property=\"og:url\" content=\"https:\/\/diariodepe.com.br\/cri\/2025\/05\/29\/pesquisa-da-cgtn-paises-insulares-do-pacifico-elogiam-governanca-da-china\/\" \/>\n<meta property=\"og:site_name\" content=\"CRI e Diario de Pernambuco\" \/>\n<meta property=\"article:published_time\" content=\"2025-05-29T12:36:10+00:00\" \/>\n<meta name=\"author\" content=\"Ismael Lucas S. Pereira\" \/>\n<meta name=\"twitter:card\" content=\"summary_large_image\" \/>\n<meta name=\"twitter:label1\" content=\"Escrito por\" \/>\n\t<meta name=\"twitter:data1\" content=\"Ismael Lucas S. Pereira\" \/>\n<script type=\"application\/ld+json\" class=\"yoast-schema-graph\">{\"@context\":\"https:\\\/\\\/schema.org\",\"@graph\":[{\"@type\":\"Article\",\"@id\":\"https:\\\/\\\/diariodepe.com.br\\\/cri\\\/2025\\\/05\\\/29\\\/pesquisa-da-cgtn-paises-insulares-do-pacifico-elogiam-governanca-da-china\\\/#article\",\"isPartOf\":{\"@id\":\"https:\\\/\\\/diariodepe.com.br\\\/cri\\\/2025\\\/05\\\/29\\\/pesquisa-da-cgtn-paises-insulares-do-pacifico-elogiam-governanca-da-china\\\/\"},\"author\":{\"name\":\"Ismael Lucas S. Pereira\",\"@id\":\"https:\\\/\\\/diariodepe.com.br\\\/cri\\\/#\\\/schema\\\/person\\\/121bb28d84f1a5b1205ef4ce9c2e0c6b\"},\"headline\":\"Pesquisa da CGTN | Pa\u00edses insulares do Pac\u00edfico elogiam \u201cgovernan\u00e7a da China\u201d\",\"datePublished\":\"2025-05-29T12:36:10+00:00\",\"mainEntityOfPage\":{\"@id\":\"https:\\\/\\\/diariodepe.com.br\\\/cri\\\/2025\\\/05\\\/29\\\/pesquisa-da-cgtn-paises-insulares-do-pacifico-elogiam-governanca-da-china\\\/\"},\"wordCount\":381,\"commentCount\":0,\"publisher\":{\"@id\":\"https:\\\/\\\/diariodepe.com.br\\\/cri\\\/#organization\"},\"articleSection\":[\"China\"],\"inLanguage\":\"pt-BR\",\"potentialAction\":[{\"@type\":\"CommentAction\",\"name\":\"Comment\",\"target\":[\"https:\\\/\\\/diariodepe.com.br\\\/cri\\\/2025\\\/05\\\/29\\\/pesquisa-da-cgtn-paises-insulares-do-pacifico-elogiam-governanca-da-china\\\/#respond\"]}]},{\"@type\":\"WebPage\",\"@id\":\"https:\\\/\\\/diariodepe.com.br\\\/cri\\\/2025\\\/05\\\/29\\\/pesquisa-da-cgtn-paises-insulares-do-pacifico-elogiam-governanca-da-china\\\/\",\"url\":\"https:\\\/\\\/diariodepe.com.br\\\/cri\\\/2025\\\/05\\\/29\\\/pesquisa-da-cgtn-paises-insulares-do-pacifico-elogiam-governanca-da-china\\\/\",\"name\":\"Pesquisa da CGTN | Pa\u00edses insulares do Pac\u00edfico elogiam \u201cgovernan\u00e7a da China\u201d - CRI e Diario de Pernambuco\",\"isPartOf\":{\"@id\":\"https:\\\/\\\/diariodepe.com.br\\\/cri\\\/#website\"},\"datePublished\":\"2025-05-29T12:36:10+00:00\",\"breadcrumb\":{\"@id\":\"https:\\\/\\\/diariodepe.com.br\\\/cri\\\/2025\\\/05\\\/29\\\/pesquisa-da-cgtn-paises-insulares-do-pacifico-elogiam-governanca-da-china\\\/#breadcrumb\"},\"inLanguage\":\"pt-BR\",\"potentialAction\":[{\"@type\":\"ReadAction\",\"target\":[\"https:\\\/\\\/diariodepe.com.br\\\/cri\\\/2025\\\/05\\\/29\\\/pesquisa-da-cgtn-paises-insulares-do-pacifico-elogiam-governanca-da-china\\\/\"]}]},{\"@type\":\"BreadcrumbList\",\"@id\":\"https:\\\/\\\/diariodepe.com.br\\\/cri\\\/2025\\\/05\\\/29\\\/pesquisa-da-cgtn-paises-insulares-do-pacifico-elogiam-governanca-da-china\\\/#breadcrumb\",\"itemListElement\":[{\"@type\":\"ListItem\",\"position\":1,\"name\":\"In\u00edcio\",\"item\":\"https:\\\/\\\/diariodepe.com.br\\\/cri\\\/\"},{\"@type\":\"ListItem\",\"position\":2,\"name\":\"Pesquisa da CGTN | Pa\u00edses insulares do Pac\u00edfico elogiam \u201cgovernan\u00e7a da China\u201d\"}]},{\"@type\":\"WebSite\",\"@id\":\"https:\\\/\\\/diariodepe.com.br\\\/cri\\\/#website\",\"url\":\"https:\\\/\\\/diariodepe.com.br\\\/cri\\\/\",\"name\":\"CRI e Diario de Pernambuco\",\"description\":\"R\u00e1dio Internacional da China\",\"publisher\":{\"@id\":\"https:\\\/\\\/diariodepe.com.br\\\/cri\\\/#organization\"},\"potentialAction\":[{\"@type\":\"SearchAction\",\"target\":{\"@type\":\"EntryPoint\",\"urlTemplate\":\"https:\\\/\\\/diariodepe.com.br\\\/cri\\\/?s={search_term_string}\"},\"query-input\":{\"@type\":\"PropertyValueSpecification\",\"valueRequired\":true,\"valueName\":\"search_term_string\"}}],\"inLanguage\":\"pt-BR\"},{\"@type\":\"Organization\",\"@id\":\"https:\\\/\\\/diariodepe.com.br\\\/cri\\\/#organization\",\"name\":\"CRI e Diario de Pernambuco\",\"url\":\"https:\\\/\\\/diariodepe.com.br\\\/cri\\\/\",\"logo\":{\"@type\":\"ImageObject\",\"inLanguage\":\"pt-BR\",\"@id\":\"https:\\\/\\\/diariodepe.com.br\\\/cri\\\/#\\\/schema\\\/logo\\\/image\\\/\",\"url\":\"https:\\\/\\\/diariodepe.com.br\\\/cri\\\/wp-content\\\/uploads\\\/sites\\\/2\\\/2022\\\/12\\\/cropped-Logo.jpg\",\"contentUrl\":\"https:\\\/\\\/diariodepe.com.br\\\/cri\\\/wp-content\\\/uploads\\\/sites\\\/2\\\/2022\\\/12\\\/cropped-Logo.jpg\",\"width\":700,\"height\":59,\"caption\":\"CRI e Diario de Pernambuco\"},\"image\":{\"@id\":\"https:\\\/\\\/diariodepe.com.br\\\/cri\\\/#\\\/schema\\\/logo\\\/image\\\/\"}},{\"@type\":\"Person\",\"@id\":\"https:\\\/\\\/diariodepe.com.br\\\/cri\\\/#\\\/schema\\\/person\\\/121bb28d84f1a5b1205ef4ce9c2e0c6b\",\"name\":\"Ismael Lucas S. Pereira\",\"image\":{\"@type\":\"ImageObject\",\"inLanguage\":\"pt-BR\",\"@id\":\"https:\\\/\\\/secure.gravatar.com\\\/avatar\\\/887a0f3b5a7ceea963a48499fb883ffce6b5037362def025c52c2505b15d63e4?s=96&d=mm&r=g\",\"url\":\"https:\\\/\\\/secure.gravatar.com\\\/avatar\\\/887a0f3b5a7ceea963a48499fb883ffce6b5037362def025c52c2505b15d63e4?s=96&d=mm&r=g\",\"contentUrl\":\"https:\\\/\\\/secure.gravatar.com\\\/avatar\\\/887a0f3b5a7ceea963a48499fb883ffce6b5037362def025c52c2505b15d63e4?s=96&d=mm&r=g\",\"caption\":\"Ismael Lucas S. Pereira\"},\"url\":\"https:\\\/\\\/diariodepe.com.br\\\/cri\\\/author\\\/ismael-lucas\\\/\"}]}<\/script>\n<!-- \/ Yoast SEO plugin. -->","yoast_head_json":{"title":"Pesquisa da CGTN | Pa\u00edses insulares do Pac\u00edfico elogiam \u201cgovernan\u00e7a da China\u201d - CRI e Diario de Pernambuco","robots":{"index":"index","follow":"follow","max-snippet":"max-snippet:-1","max-image-preview":"max-image-preview:large","max-video-preview":"max-video-preview:-1"},"canonical":"https:\/\/diariodepe.com.br\/cri\/2025\/05\/29\/pesquisa-da-cgtn-paises-insulares-do-pacifico-elogiam-governanca-da-china\/","og_locale":"pt_BR","og_type":"article","og_title":"Pesquisa da CGTN | Pa\u00edses insulares do Pac\u00edfico elogiam \u201cgovernan\u00e7a da China\u201d - CRI e Diario de Pernambuco","og_description":"Por ocasi\u00e3o da terceira Reuni\u00e3o de Ministros das Rela\u00e7\u00f5es Exteriores da China e dos Pa\u00edses Insulares do Pac\u00edfico, uma pesquisa conduzida\u00a0pela CGTN com 1.000 entrevistados de 10 dos principais pa\u00edses insulares da regi\u00e3o revelou uma avalia\u00e7\u00e3o positiva da filosofia de...","og_url":"https:\/\/diariodepe.com.br\/cri\/2025\/05\/29\/pesquisa-da-cgtn-paises-insulares-do-pacifico-elogiam-governanca-da-china\/","og_site_name":"CRI e Diario de Pernambuco","article_published_time":"2025-05-29T12:36:10+00:00","author":"Ismael Lucas S. Pereira","twitter_card":"summary_large_image","twitter_misc":{"Escrito por":"Ismael Lucas S. Pereira"},"schema":{"@context":"https:\/\/schema.org","@graph":[{"@type":"Article","@id":"https:\/\/diariodepe.com.br\/cri\/2025\/05\/29\/pesquisa-da-cgtn-paises-insulares-do-pacifico-elogiam-governanca-da-china\/#article","isPartOf":{"@id":"https:\/\/diariodepe.com.br\/cri\/2025\/05\/29\/pesquisa-da-cgtn-paises-insulares-do-pacifico-elogiam-governanca-da-china\/"},"author":{"name":"Ismael Lucas S. Pereira","@id":"https:\/\/diariodepe.com.br\/cri\/#\/schema\/person\/121bb28d84f1a5b1205ef4ce9c2e0c6b"},"headline":"Pesquisa da CGTN | Pa\u00edses insulares do Pac\u00edfico elogiam \u201cgovernan\u00e7a da China\u201d","datePublished":"2025-05-29T12:36:10+00:00","mainEntityOfPage":{"@id":"https:\/\/diariodepe.com.br\/cri\/2025\/05\/29\/pesquisa-da-cgtn-paises-insulares-do-pacifico-elogiam-governanca-da-china\/"},"wordCount":381,"commentCount":0,"publisher":{"@id":"https:\/\/diariodepe.com.br\/cri\/#organization"},"articleSection":["China"],"inLanguage":"pt-BR","potentialAction":[{"@type":"CommentAction","name":"Comment","target":["https:\/\/diariodepe.com.br\/cri\/2025\/05\/29\/pesquisa-da-cgtn-paises-insulares-do-pacifico-elogiam-governanca-da-china\/#respond"]}]},{"@type":"WebPage","@id":"https:\/\/diariodepe.com.br\/cri\/2025\/05\/29\/pesquisa-da-cgtn-paises-insulares-do-pacifico-elogiam-governanca-da-china\/","url":"https:\/\/diariodepe.com.br\/cri\/2025\/05\/29\/pesquisa-da-cgtn-paises-insulares-do-pacifico-elogiam-governanca-da-china\/","name":"Pesquisa da CGTN | Pa\u00edses insulares do Pac\u00edfico elogiam \u201cgovernan\u00e7a da China\u201d - CRI e Diario de Pernambuco","isPartOf":{"@id":"https:\/\/diariodepe.com.br\/cri\/#website"},"datePublished":"2025-05-29T12:36:10+00:00","breadcrumb":{"@id":"https:\/\/diariodepe.com.br\/cri\/2025\/05\/29\/pesquisa-da-cgtn-paises-insulares-do-pacifico-elogiam-governanca-da-china\/#breadcrumb"},"inLanguage":"pt-BR","potentialAction":[{"@type":"ReadAction","target":["https:\/\/diariodepe.com.br\/cri\/2025\/05\/29\/pesquisa-da-cgtn-paises-insulares-do-pacifico-elogiam-governanca-da-china\/"]}]},{"@type":"BreadcrumbList","@id":"https:\/\/diariodepe.com.br\/cri\/2025\/05\/29\/pesquisa-da-cgtn-paises-insulares-do-pacifico-elogiam-governanca-da-china\/#breadcrumb","itemListElement":[{"@type":"ListItem","position":1,"name":"In\u00edcio","item":"https:\/\/diariodepe.com.br\/cri\/"},{"@type":"ListItem","position":2,"name":"Pesquisa da CGTN | Pa\u00edses insulares do Pac\u00edfico elogiam \u201cgovernan\u00e7a da China\u201d"}]},{"@type":"WebSite","@id":"https:\/\/diariodepe.com.br\/cri\/#website","url":"https:\/\/diariodepe.com.br\/cri\/","name":"CRI e Diario de Pernambuco","description":"R\u00e1dio Internacional da China","publisher":{"@id":"https:\/\/diariodepe.com.br\/cri\/#organization"},"potentialAction":[{"@type":"SearchAction","target":{"@type":"EntryPoint","urlTemplate":"https:\/\/diariodepe.com.br\/cri\/?s={search_term_string}"},"query-input":{"@type":"PropertyValueSpecification","valueRequired":true,"valueName":"search_term_string"}}],"inLanguage":"pt-BR"},{"@type":"Organization","@id":"https:\/\/diariodepe.com.br\/cri\/#organization","name":"CRI e Diario de Pernambuco","url":"https:\/\/diariodepe.com.br\/cri\/","logo":{"@type":"ImageObject","inLanguage":"pt-BR","@id":"https:\/\/diariodepe.com.br\/cri\/#\/schema\/logo\/image\/","url":"https:\/\/diariodepe.com.br\/cri\/wp-content\/uploads\/sites\/2\/2022\/12\/cropped-Logo.jpg","contentUrl":"https:\/\/diariodepe.com.br\/cri\/wp-content\/uploads\/sites\/2\/2022\/12\/cropped-Logo.jpg","width":700,"height":59,"caption":"CRI e Diario de Pernambuco"},"image":{"@id":"https:\/\/diariodepe.com.br\/cri\/#\/schema\/logo\/image\/"}},{"@type":"Person","@id":"https:\/\/diariodepe.com.br\/cri\/#\/schema\/person\/121bb28d84f1a5b1205ef4ce9c2e0c6b","name":"Ismael Lucas S. Pereira","image":{"@type":"ImageObject","inLanguage":"pt-BR","@id":"https:\/\/secure.gravatar.com\/avatar\/887a0f3b5a7ceea963a48499fb883ffce6b5037362def025c52c2505b15d63e4?s=96&d=mm&r=g","url":"https:\/\/secure.gravatar.com\/avatar\/887a0f3b5a7ceea963a48499fb883ffce6b5037362def025c52c2505b15d63e4?s=96&d=mm&r=g","contentUrl":"https:\/\/secure.gravatar.com\/avatar\/887a0f3b5a7ceea963a48499fb883ffce6b5037362def025c52c2505b15d63e4?s=96&d=mm&r=g","caption":"Ismael Lucas S. Pereira"},"url":"https:\/\/diariodepe.com.br\/cri\/author\/ismael-lucas\/"}]}},"cc_featured_image_caption":{"caption_text":false,"source_text":false,"source_url":false},"amp_enabled":true,"_links":{"self":[{"href":"https:\/\/diariodepe.com.br\/cri\/wp-json\/wp\/v2\/posts\/8489","targetHints":{"allow":["GET"]}}],"collection":[{"href":"https:\/\/diariodepe.com.br\/cri\/wp-json\/wp\/v2\/posts"}],"about":[{"href":"https:\/\/diariodepe.com.br\/cri\/wp-json\/wp\/v2\/types\/post"}],"author":[{"embeddable":true,"href":"https:\/\/diariodepe.com.br\/cri\/wp-json\/wp\/v2\/users\/2"}],"replies":[{"embeddable":true,"href":"https:\/\/diariodepe.com.br\/cri\/wp-json\/wp\/v2\/comments?post=8489"}],"version-history":[{"count":1,"href":"https:\/\/diariodepe.com.br\/cri\/wp-json\/wp\/v2\/posts\/8489\/revisions"}],"predecessor-version":[{"id":8490,"href":"https:\/\/diariodepe.com.br\/cri\/wp-json\/wp\/v2\/posts\/8489\/revisions\/8490"}],"wp:attachment":[{"href":"https:\/\/diariodepe.com.br\/cri\/wp-json\/wp\/v2\/media?parent=8489"}],"wp:term":[{"taxonomy":"category","embeddable":true,"href":"https:\/\/diariodepe.com.br\/cri\/wp-json\/wp\/v2\/categories?post=8489"},{"taxonomy":"post_tag","embeddable":true,"href":"https:\/\/diariodepe.com.br\/cri\/wp-json\/wp\/v2\/tags?post=8489"}],"curies":[{"name":"wp","href":"https:\/\/api.w.org\/{rel}","templated":true}]}}