{"id":8487,"date":"2025-05-29T09:35:45","date_gmt":"2025-05-29T12:35:45","guid":{"rendered":"https:\/\/diariodepe.com.br\/cri\/?p=8487"},"modified":"2025-05-29T09:35:45","modified_gmt":"2025-05-29T12:35:45","slug":"xi-jinping-envia-carta-de-felicitacoes-a-20a-feira-internacional-do-oeste-da-china","status":"publish","type":"post","link":"https:\/\/diariodepe.com.br\/cri\/2025\/05\/29\/xi-jinping-envia-carta-de-felicitacoes-a-20a-feira-internacional-do-oeste-da-china\/","title":{"rendered":"Xi Jinping envia carta de felicita\u00e7\u00f5es \u00e0 20\u00aa Feira Internacional do Oeste da China"},"content":{"rendered":"<p>O presidente chin\u00eas, Xi Jinping, enviou neste domingo uma carta de felicita\u00e7\u00f5es \u00e0 20\u00aa Feira Internacional do Oeste da China, realizada em Chengdu, na Prov\u00edncia de Sichuan, sudoeste do pa\u00eds.<\/p>\n<p>Xi destacou que a edi\u00e7\u00e3o deste ano da feira tem como foco a amplia\u00e7\u00e3o da abertura em alto n\u00edvel, o aprofundamento dos interc\u00e2mbios e da coopera\u00e7\u00e3o regionais, bem como o fortalecimento da constru\u00e7\u00e3o de um sistema industrial moderno.<\/p>\n<p>A feira promove a forma\u00e7\u00e3o de um novo paradigma de desenvolvimento e a constru\u00e7\u00e3o conjunta e de alta qualidade da Iniciativa Cintur\u00e3o e Rota, oferecendo uma plataforma eficaz para que pa\u00edses de todo o mundo compartilhem as oportunidades de desenvolvimento da regi\u00e3o oeste da China, disse Xi.<\/p>\n<p>Ao enfatizar que a unidade promove o sucesso coletivo e que a coopera\u00e7\u00e3o impulsiona o progresso comum, Xi afirmou que a China est\u00e1 disposta a aproveitar a feira como uma oportunidade para aprofundar o entendimento m\u00fatuo, fortalecer a amizade e ampliar a coopera\u00e7\u00e3o com parceiros de todos os pa\u00edses.<\/p>\n<p>A China defender\u00e1 o sistema multilateral de com\u00e9rcio e garantir\u00e1 o fluxo est\u00e1vel e suave das cadeias industriais e de suprimentos globais junto ao mundo, injetando novo impulso na prosperidade e no desenvolvimento da economia mundial, observou Xi.<\/p>\n<p>A feira foi inaugurada em Chengdu neste domingo com o tema &#8220;Aprofundar a Reforma para Mais Dinamismo, Expandir a Abertura para Maior Crescimento&#8221;. A feira foi organizada pelo governo popular da Prov\u00edncia de Sichuan.<\/p>\n","protected":false},"excerpt":{"rendered":"<p>O presidente chin\u00eas, Xi Jinping, enviou neste domingo uma carta de felicita\u00e7\u00f5es \u00e0 20\u00aa Feira Internacional do Oeste da China, realizada em Chengdu, na Prov\u00edncia de Sichuan, sudoeste do pa\u00eds. Xi destacou que a edi\u00e7\u00e3o deste ano da feira tem&#8230;<\/p>\n","protected":false},"author":2,"featured_media":0,"comment_status":"open","ping_status":"open","sticky":false,"template":"","format":"standard","meta":{"footnotes":""},"categories":[3],"tags":[],"class_list":["post-8487","post","type-post","status-publish","format-standard","hentry","category-china"],"yoast_head":"<!-- This site is optimized with the Yoast SEO plugin v27.4 - https:\/\/yoast.com\/product\/yoast-seo-wordpress\/ -->\n<title>Xi Jinping envia carta de felicita\u00e7\u00f5es \u00e0 20\u00aa Feira Internacional do Oeste da China - CRI e Diario de Pernambuco<\/title>\n<meta name=\"robots\" content=\"index, follow, max-snippet:-1, max-image-preview:large, max-video-preview:-1\" \/>\n<link rel=\"canonical\" href=\"https:\/\/diariodepe.com.br\/cri\/2025\/05\/29\/xi-jinping-envia-carta-de-felicitacoes-a-20a-feira-internacional-do-oeste-da-china\/\" \/>\n<meta property=\"og:locale\" content=\"pt_BR\" \/>\n<meta property=\"og:type\" content=\"article\" \/>\n<meta property=\"og:title\" content=\"Xi Jinping envia carta de felicita\u00e7\u00f5es \u00e0 20\u00aa Feira Internacional do Oeste da China - CRI e Diario de Pernambuco\" \/>\n<meta property=\"og:description\" content=\"O presidente chin\u00eas, Xi Jinping, enviou neste domingo uma carta de felicita\u00e7\u00f5es \u00e0 20\u00aa Feira Internacional do Oeste da China, realizada em Chengdu, na Prov\u00edncia de Sichuan, sudoeste do pa\u00eds. Xi destacou que a edi\u00e7\u00e3o deste ano da feira tem...\" \/>\n<meta property=\"og:url\" content=\"https:\/\/diariodepe.com.br\/cri\/2025\/05\/29\/xi-jinping-envia-carta-de-felicitacoes-a-20a-feira-internacional-do-oeste-da-china\/\" \/>\n<meta property=\"og:site_name\" content=\"CRI e Diario de Pernambuco\" \/>\n<meta property=\"article:published_time\" content=\"2025-05-29T12:35:45+00:00\" \/>\n<meta name=\"author\" content=\"Ismael Lucas S. Pereira\" \/>\n<meta name=\"twitter:card\" content=\"summary_large_image\" \/>\n<meta name=\"twitter:label1\" content=\"Escrito por\" \/>\n\t<meta name=\"twitter:data1\" content=\"Ismael Lucas S. Pereira\" \/>\n<script type=\"application\/ld+json\" class=\"yoast-schema-graph\">{\"@context\":\"https:\\\/\\\/schema.org\",\"@graph\":[{\"@type\":\"Article\",\"@id\":\"https:\\\/\\\/diariodepe.com.br\\\/cri\\\/2025\\\/05\\\/29\\\/xi-jinping-envia-carta-de-felicitacoes-a-20a-feira-internacional-do-oeste-da-china\\\/#article\",\"isPartOf\":{\"@id\":\"https:\\\/\\\/diariodepe.com.br\\\/cri\\\/2025\\\/05\\\/29\\\/xi-jinping-envia-carta-de-felicitacoes-a-20a-feira-internacional-do-oeste-da-china\\\/\"},\"author\":{\"name\":\"Ismael Lucas S. Pereira\",\"@id\":\"https:\\\/\\\/diariodepe.com.br\\\/cri\\\/#\\\/schema\\\/person\\\/121bb28d84f1a5b1205ef4ce9c2e0c6b\"},\"headline\":\"Xi Jinping envia carta de felicita\u00e7\u00f5es \u00e0 20\u00aa Feira Internacional do Oeste da China\",\"datePublished\":\"2025-05-29T12:35:45+00:00\",\"mainEntityOfPage\":{\"@id\":\"https:\\\/\\\/diariodepe.com.br\\\/cri\\\/2025\\\/05\\\/29\\\/xi-jinping-envia-carta-de-felicitacoes-a-20a-feira-internacional-do-oeste-da-china\\\/\"},\"wordCount\":269,\"commentCount\":0,\"publisher\":{\"@id\":\"https:\\\/\\\/diariodepe.com.br\\\/cri\\\/#organization\"},\"articleSection\":[\"China\"],\"inLanguage\":\"pt-BR\",\"potentialAction\":[{\"@type\":\"CommentAction\",\"name\":\"Comment\",\"target\":[\"https:\\\/\\\/diariodepe.com.br\\\/cri\\\/2025\\\/05\\\/29\\\/xi-jinping-envia-carta-de-felicitacoes-a-20a-feira-internacional-do-oeste-da-china\\\/#respond\"]}]},{\"@type\":\"WebPage\",\"@id\":\"https:\\\/\\\/diariodepe.com.br\\\/cri\\\/2025\\\/05\\\/29\\\/xi-jinping-envia-carta-de-felicitacoes-a-20a-feira-internacional-do-oeste-da-china\\\/\",\"url\":\"https:\\\/\\\/diariodepe.com.br\\\/cri\\\/2025\\\/05\\\/29\\\/xi-jinping-envia-carta-de-felicitacoes-a-20a-feira-internacional-do-oeste-da-china\\\/\",\"name\":\"Xi Jinping envia carta de felicita\u00e7\u00f5es \u00e0 20\u00aa Feira Internacional do Oeste da China - CRI e Diario de Pernambuco\",\"isPartOf\":{\"@id\":\"https:\\\/\\\/diariodepe.com.br\\\/cri\\\/#website\"},\"datePublished\":\"2025-05-29T12:35:45+00:00\",\"breadcrumb\":{\"@id\":\"https:\\\/\\\/diariodepe.com.br\\\/cri\\\/2025\\\/05\\\/29\\\/xi-jinping-envia-carta-de-felicitacoes-a-20a-feira-internacional-do-oeste-da-china\\\/#breadcrumb\"},\"inLanguage\":\"pt-BR\",\"potentialAction\":[{\"@type\":\"ReadAction\",\"target\":[\"https:\\\/\\\/diariodepe.com.br\\\/cri\\\/2025\\\/05\\\/29\\\/xi-jinping-envia-carta-de-felicitacoes-a-20a-feira-internacional-do-oeste-da-china\\\/\"]}]},{\"@type\":\"BreadcrumbList\",\"@id\":\"https:\\\/\\\/diariodepe.com.br\\\/cri\\\/2025\\\/05\\\/29\\\/xi-jinping-envia-carta-de-felicitacoes-a-20a-feira-internacional-do-oeste-da-china\\\/#breadcrumb\",\"itemListElement\":[{\"@type\":\"ListItem\",\"position\":1,\"name\":\"In\u00edcio\",\"item\":\"https:\\\/\\\/diariodepe.com.br\\\/cri\\\/\"},{\"@type\":\"ListItem\",\"position\":2,\"name\":\"Xi Jinping envia carta de felicita\u00e7\u00f5es \u00e0 20\u00aa Feira Internacional do Oeste da China\"}]},{\"@type\":\"WebSite\",\"@id\":\"https:\\\/\\\/diariodepe.com.br\\\/cri\\\/#website\",\"url\":\"https:\\\/\\\/diariodepe.com.br\\\/cri\\\/\",\"name\":\"CRI e Diario de Pernambuco\",\"description\":\"R\u00e1dio Internacional da China\",\"publisher\":{\"@id\":\"https:\\\/\\\/diariodepe.com.br\\\/cri\\\/#organization\"},\"potentialAction\":[{\"@type\":\"SearchAction\",\"target\":{\"@type\":\"EntryPoint\",\"urlTemplate\":\"https:\\\/\\\/diariodepe.com.br\\\/cri\\\/?s={search_term_string}\"},\"query-input\":{\"@type\":\"PropertyValueSpecification\",\"valueRequired\":true,\"valueName\":\"search_term_string\"}}],\"inLanguage\":\"pt-BR\"},{\"@type\":\"Organization\",\"@id\":\"https:\\\/\\\/diariodepe.com.br\\\/cri\\\/#organization\",\"name\":\"CRI e Diario de Pernambuco\",\"url\":\"https:\\\/\\\/diariodepe.com.br\\\/cri\\\/\",\"logo\":{\"@type\":\"ImageObject\",\"inLanguage\":\"pt-BR\",\"@id\":\"https:\\\/\\\/diariodepe.com.br\\\/cri\\\/#\\\/schema\\\/logo\\\/image\\\/\",\"url\":\"https:\\\/\\\/diariodepe.com.br\\\/cri\\\/wp-content\\\/uploads\\\/sites\\\/2\\\/2022\\\/12\\\/cropped-Logo.jpg\",\"contentUrl\":\"https:\\\/\\\/diariodepe.com.br\\\/cri\\\/wp-content\\\/uploads\\\/sites\\\/2\\\/2022\\\/12\\\/cropped-Logo.jpg\",\"width\":700,\"height\":59,\"caption\":\"CRI e Diario de Pernambuco\"},\"image\":{\"@id\":\"https:\\\/\\\/diariodepe.com.br\\\/cri\\\/#\\\/schema\\\/logo\\\/image\\\/\"}},{\"@type\":\"Person\",\"@id\":\"https:\\\/\\\/diariodepe.com.br\\\/cri\\\/#\\\/schema\\\/person\\\/121bb28d84f1a5b1205ef4ce9c2e0c6b\",\"name\":\"Ismael Lucas S. Pereira\",\"image\":{\"@type\":\"ImageObject\",\"inLanguage\":\"pt-BR\",\"@id\":\"https:\\\/\\\/secure.gravatar.com\\\/avatar\\\/887a0f3b5a7ceea963a48499fb883ffce6b5037362def025c52c2505b15d63e4?s=96&d=mm&r=g\",\"url\":\"https:\\\/\\\/secure.gravatar.com\\\/avatar\\\/887a0f3b5a7ceea963a48499fb883ffce6b5037362def025c52c2505b15d63e4?s=96&d=mm&r=g\",\"contentUrl\":\"https:\\\/\\\/secure.gravatar.com\\\/avatar\\\/887a0f3b5a7ceea963a48499fb883ffce6b5037362def025c52c2505b15d63e4?s=96&d=mm&r=g\",\"caption\":\"Ismael Lucas S. Pereira\"},\"url\":\"https:\\\/\\\/diariodepe.com.br\\\/cri\\\/author\\\/ismael-lucas\\\/\"}]}<\/script>\n<!-- \/ Yoast SEO plugin. -->","yoast_head_json":{"title":"Xi Jinping envia carta de felicita\u00e7\u00f5es \u00e0 20\u00aa Feira Internacional do Oeste da China - CRI e Diario de Pernambuco","robots":{"index":"index","follow":"follow","max-snippet":"max-snippet:-1","max-image-preview":"max-image-preview:large","max-video-preview":"max-video-preview:-1"},"canonical":"https:\/\/diariodepe.com.br\/cri\/2025\/05\/29\/xi-jinping-envia-carta-de-felicitacoes-a-20a-feira-internacional-do-oeste-da-china\/","og_locale":"pt_BR","og_type":"article","og_title":"Xi Jinping envia carta de felicita\u00e7\u00f5es \u00e0 20\u00aa Feira Internacional do Oeste da China - CRI e Diario de Pernambuco","og_description":"O presidente chin\u00eas, Xi Jinping, enviou neste domingo uma carta de felicita\u00e7\u00f5es \u00e0 20\u00aa Feira Internacional do Oeste da China, realizada em Chengdu, na Prov\u00edncia de Sichuan, sudoeste do pa\u00eds. Xi destacou que a edi\u00e7\u00e3o deste ano da feira tem...","og_url":"https:\/\/diariodepe.com.br\/cri\/2025\/05\/29\/xi-jinping-envia-carta-de-felicitacoes-a-20a-feira-internacional-do-oeste-da-china\/","og_site_name":"CRI e Diario de Pernambuco","article_published_time":"2025-05-29T12:35:45+00:00","author":"Ismael Lucas S. Pereira","twitter_card":"summary_large_image","twitter_misc":{"Escrito por":"Ismael Lucas S. Pereira"},"schema":{"@context":"https:\/\/schema.org","@graph":[{"@type":"Article","@id":"https:\/\/diariodepe.com.br\/cri\/2025\/05\/29\/xi-jinping-envia-carta-de-felicitacoes-a-20a-feira-internacional-do-oeste-da-china\/#article","isPartOf":{"@id":"https:\/\/diariodepe.com.br\/cri\/2025\/05\/29\/xi-jinping-envia-carta-de-felicitacoes-a-20a-feira-internacional-do-oeste-da-china\/"},"author":{"name":"Ismael Lucas S. Pereira","@id":"https:\/\/diariodepe.com.br\/cri\/#\/schema\/person\/121bb28d84f1a5b1205ef4ce9c2e0c6b"},"headline":"Xi Jinping envia carta de felicita\u00e7\u00f5es \u00e0 20\u00aa Feira Internacional do Oeste da China","datePublished":"2025-05-29T12:35:45+00:00","mainEntityOfPage":{"@id":"https:\/\/diariodepe.com.br\/cri\/2025\/05\/29\/xi-jinping-envia-carta-de-felicitacoes-a-20a-feira-internacional-do-oeste-da-china\/"},"wordCount":269,"commentCount":0,"publisher":{"@id":"https:\/\/diariodepe.com.br\/cri\/#organization"},"articleSection":["China"],"inLanguage":"pt-BR","potentialAction":[{"@type":"CommentAction","name":"Comment","target":["https:\/\/diariodepe.com.br\/cri\/2025\/05\/29\/xi-jinping-envia-carta-de-felicitacoes-a-20a-feira-internacional-do-oeste-da-china\/#respond"]}]},{"@type":"WebPage","@id":"https:\/\/diariodepe.com.br\/cri\/2025\/05\/29\/xi-jinping-envia-carta-de-felicitacoes-a-20a-feira-internacional-do-oeste-da-china\/","url":"https:\/\/diariodepe.com.br\/cri\/2025\/05\/29\/xi-jinping-envia-carta-de-felicitacoes-a-20a-feira-internacional-do-oeste-da-china\/","name":"Xi Jinping envia carta de felicita\u00e7\u00f5es \u00e0 20\u00aa Feira Internacional do Oeste da China - CRI e Diario de Pernambuco","isPartOf":{"@id":"https:\/\/diariodepe.com.br\/cri\/#website"},"datePublished":"2025-05-29T12:35:45+00:00","breadcrumb":{"@id":"https:\/\/diariodepe.com.br\/cri\/2025\/05\/29\/xi-jinping-envia-carta-de-felicitacoes-a-20a-feira-internacional-do-oeste-da-china\/#breadcrumb"},"inLanguage":"pt-BR","potentialAction":[{"@type":"ReadAction","target":["https:\/\/diariodepe.com.br\/cri\/2025\/05\/29\/xi-jinping-envia-carta-de-felicitacoes-a-20a-feira-internacional-do-oeste-da-china\/"]}]},{"@type":"BreadcrumbList","@id":"https:\/\/diariodepe.com.br\/cri\/2025\/05\/29\/xi-jinping-envia-carta-de-felicitacoes-a-20a-feira-internacional-do-oeste-da-china\/#breadcrumb","itemListElement":[{"@type":"ListItem","position":1,"name":"In\u00edcio","item":"https:\/\/diariodepe.com.br\/cri\/"},{"@type":"ListItem","position":2,"name":"Xi Jinping envia carta de felicita\u00e7\u00f5es \u00e0 20\u00aa Feira Internacional do Oeste da China"}]},{"@type":"WebSite","@id":"https:\/\/diariodepe.com.br\/cri\/#website","url":"https:\/\/diariodepe.com.br\/cri\/","name":"CRI e Diario de Pernambuco","description":"R\u00e1dio Internacional da China","publisher":{"@id":"https:\/\/diariodepe.com.br\/cri\/#organization"},"potentialAction":[{"@type":"SearchAction","target":{"@type":"EntryPoint","urlTemplate":"https:\/\/diariodepe.com.br\/cri\/?s={search_term_string}"},"query-input":{"@type":"PropertyValueSpecification","valueRequired":true,"valueName":"search_term_string"}}],"inLanguage":"pt-BR"},{"@type":"Organization","@id":"https:\/\/diariodepe.com.br\/cri\/#organization","name":"CRI e Diario de Pernambuco","url":"https:\/\/diariodepe.com.br\/cri\/","logo":{"@type":"ImageObject","inLanguage":"pt-BR","@id":"https:\/\/diariodepe.com.br\/cri\/#\/schema\/logo\/image\/","url":"https:\/\/diariodepe.com.br\/cri\/wp-content\/uploads\/sites\/2\/2022\/12\/cropped-Logo.jpg","contentUrl":"https:\/\/diariodepe.com.br\/cri\/wp-content\/uploads\/sites\/2\/2022\/12\/cropped-Logo.jpg","width":700,"height":59,"caption":"CRI e Diario de Pernambuco"},"image":{"@id":"https:\/\/diariodepe.com.br\/cri\/#\/schema\/logo\/image\/"}},{"@type":"Person","@id":"https:\/\/diariodepe.com.br\/cri\/#\/schema\/person\/121bb28d84f1a5b1205ef4ce9c2e0c6b","name":"Ismael Lucas S. Pereira","image":{"@type":"ImageObject","inLanguage":"pt-BR","@id":"https:\/\/secure.gravatar.com\/avatar\/887a0f3b5a7ceea963a48499fb883ffce6b5037362def025c52c2505b15d63e4?s=96&d=mm&r=g","url":"https:\/\/secure.gravatar.com\/avatar\/887a0f3b5a7ceea963a48499fb883ffce6b5037362def025c52c2505b15d63e4?s=96&d=mm&r=g","contentUrl":"https:\/\/secure.gravatar.com\/avatar\/887a0f3b5a7ceea963a48499fb883ffce6b5037362def025c52c2505b15d63e4?s=96&d=mm&r=g","caption":"Ismael Lucas S. Pereira"},"url":"https:\/\/diariodepe.com.br\/cri\/author\/ismael-lucas\/"}]}},"cc_featured_image_caption":{"caption_text":false,"source_text":false,"source_url":false},"amp_enabled":true,"_links":{"self":[{"href":"https:\/\/diariodepe.com.br\/cri\/wp-json\/wp\/v2\/posts\/8487","targetHints":{"allow":["GET"]}}],"collection":[{"href":"https:\/\/diariodepe.com.br\/cri\/wp-json\/wp\/v2\/posts"}],"about":[{"href":"https:\/\/diariodepe.com.br\/cri\/wp-json\/wp\/v2\/types\/post"}],"author":[{"embeddable":true,"href":"https:\/\/diariodepe.com.br\/cri\/wp-json\/wp\/v2\/users\/2"}],"replies":[{"embeddable":true,"href":"https:\/\/diariodepe.com.br\/cri\/wp-json\/wp\/v2\/comments?post=8487"}],"version-history":[{"count":1,"href":"https:\/\/diariodepe.com.br\/cri\/wp-json\/wp\/v2\/posts\/8487\/revisions"}],"predecessor-version":[{"id":8488,"href":"https:\/\/diariodepe.com.br\/cri\/wp-json\/wp\/v2\/posts\/8487\/revisions\/8488"}],"wp:attachment":[{"href":"https:\/\/diariodepe.com.br\/cri\/wp-json\/wp\/v2\/media?parent=8487"}],"wp:term":[{"taxonomy":"category","embeddable":true,"href":"https:\/\/diariodepe.com.br\/cri\/wp-json\/wp\/v2\/categories?post=8487"},{"taxonomy":"post_tag","embeddable":true,"href":"https:\/\/diariodepe.com.br\/cri\/wp-json\/wp\/v2\/tags?post=8487"}],"curies":[{"name":"wp","href":"https:\/\/api.w.org\/{rel}","templated":true}]}}