{"id":8481,"date":"2025-05-29T09:34:10","date_gmt":"2025-05-29T12:34:10","guid":{"rendered":"https:\/\/diariodepe.com.br\/cri\/?p=8481"},"modified":"2025-05-29T09:34:10","modified_gmt":"2025-05-29T12:34:10","slug":"xi-jinping-conversa-por-telefone-com-o-chanceler-alemao","status":"publish","type":"post","link":"https:\/\/diariodepe.com.br\/cri\/2025\/05\/29\/xi-jinping-conversa-por-telefone-com-o-chanceler-alemao\/","title":{"rendered":"Xi Jinping conversa por telefone com o chanceler alem\u00e3o"},"content":{"rendered":"<p><img decoding=\"async\" src=\"https:\/\/38picres.cgtn.com\/photoAlbum\/page\/performance\/img\/2025\/5\/23\/1747998677057_505.jpeg\" width=\"100%\" height=\"auto\" \/><\/p>\n<p>O presidente da China, Xi Jinping, conversou por telefone com o chanceler da Alemanha, Friedrich Merz, nesta sexta-feira (23).<\/p>\n<p>Xi parabenizou mais uma vez Merz por \u00a0assumir o cargo de chanceler. Ele ressaltou que, diante de mudan\u00e7as e turbul\u00eancia na situa\u00e7\u00e3o internacional, h\u00e1 a necessidade de se refor\u00e7ar ainda mais a import\u00e2ncia estrat\u00e9gica das rela\u00e7\u00f5es da China com a Alemanha, bem como com toda a Europa. Segundo ele, o desenvolvimento est\u00e1vel e saud\u00e1vel das rela\u00e7\u00f5es bilaterais corresponde aos interesses dos dois pa\u00edses e atendem \u00e0s expectativas de todos os setores.<\/p>\n<p>O l\u00edder chin\u00eas disse que seu pa\u00eds est\u00e1 disposto a trabalhar junto com a Alemanha para abrir um novo cap\u00edtulo da parceria estrat\u00e9gica em todas as frentes e liderar novos avan\u00e7os das rela\u00e7\u00f5es, dando novas contribui\u00e7\u00f5es para o crescimento est\u00e1vel da economia mundial. Tamb\u00e9m enfatizou as necessidades de consolidar a confian\u00e7a pol\u00edtica m\u00fatua, refor\u00e7ar a resili\u00eancia das rela\u00e7\u00f5es bilaterais e injetar novas for\u00e7as motrizes \u00e0 coopera\u00e7\u00e3o.<\/p>\n<p>Xi Jinping lembrou que 2025 marca os 50 anos do estabelecimento das rela\u00e7\u00f5es exteriores entre a China e a Uni\u00e3o Europeia. Segundo ele, os dois lados devem resumir conjuntamente experi\u00eancias bem-sucedidas do desenvolvimento das rela\u00e7\u00f5es, bem como emitir sinais positivos para defender o multilateralismo, \u00a0o livre com\u00e9rcio, como tamb\u00e9m aprofundar a coopera\u00e7\u00e3o aberta e mutuamente ben\u00e9fica.<\/p>\n<p>Por sua vez, Merz\u00a0disse que a China \u00e9 um dos pa\u00edses mais importantes do mundo. Segundo ele, as rela\u00e7\u00f5es \u00a0t\u00eam mantido um bom desenvolvimento, com uma coopera\u00e7\u00e3o aprofundada\u00a0e frut\u00edfera. Por envolver duas das\u00a0maiores economias do mundo, a parceria sino-alem\u00e3 \u00e9 particularmente\u00a0importante.<\/p>\n<p>Merz apontou que o\u00a0novo governo alem\u00e3o adere \u00e0 pol\u00edtica de Uma S\u00f3 China e est\u00e1 disposto a promover um maior desenvolvimento da coopera\u00e7\u00e3o\u00a0estrat\u00e9gica entre os dois pa\u00edses,\u00a0de forma\u00a0construtiva\u00a0e pragm\u00e1tica. \u201cO desenvolvimento saud\u00e1vel e est\u00e1vel das rela\u00e7\u00f5es China-Europa\u00a0\u00e9 dos\u00a0interesses\u00a0de ambas as partes e a Alemanha est\u00e1 disposta a desempenhar um papel positivo\u00a0nesse sentido\u201d, disse.<\/p>\n<p>Os dois lados tamb\u00e9m trocaram opini\u00f5es sobre a crise na Ucr\u00e2nia.<\/p>\n","protected":false},"excerpt":{"rendered":"<p>O presidente da China, Xi Jinping, conversou por telefone com o chanceler da Alemanha, Friedrich Merz, nesta sexta-feira (23). Xi parabenizou mais uma vez Merz por \u00a0assumir o cargo de chanceler. Ele ressaltou que, diante de mudan\u00e7as e turbul\u00eancia na&#8230;<\/p>\n","protected":false},"author":2,"featured_media":0,"comment_status":"open","ping_status":"open","sticky":false,"template":"","format":"standard","meta":{"footnotes":""},"categories":[3],"tags":[],"class_list":["post-8481","post","type-post","status-publish","format-standard","hentry","category-china"],"yoast_head":"<!-- This site is optimized with the Yoast SEO plugin v27.4 - https:\/\/yoast.com\/product\/yoast-seo-wordpress\/ -->\n<title>Xi Jinping conversa por telefone com o chanceler alem\u00e3o - CRI e Diario de Pernambuco<\/title>\n<meta name=\"robots\" content=\"index, follow, max-snippet:-1, max-image-preview:large, max-video-preview:-1\" \/>\n<link rel=\"canonical\" href=\"https:\/\/diariodepe.com.br\/cri\/2025\/05\/29\/xi-jinping-conversa-por-telefone-com-o-chanceler-alemao\/\" \/>\n<meta property=\"og:locale\" content=\"pt_BR\" \/>\n<meta property=\"og:type\" content=\"article\" \/>\n<meta property=\"og:title\" content=\"Xi Jinping conversa por telefone com o chanceler alem\u00e3o - CRI e Diario de Pernambuco\" \/>\n<meta property=\"og:description\" content=\"O presidente da China, Xi Jinping, conversou por telefone com o chanceler da Alemanha, Friedrich Merz, nesta sexta-feira (23). Xi parabenizou mais uma vez Merz por \u00a0assumir o cargo de chanceler. Ele ressaltou que, diante de mudan\u00e7as e turbul\u00eancia na...\" \/>\n<meta property=\"og:url\" content=\"https:\/\/diariodepe.com.br\/cri\/2025\/05\/29\/xi-jinping-conversa-por-telefone-com-o-chanceler-alemao\/\" \/>\n<meta property=\"og:site_name\" content=\"CRI e Diario de Pernambuco\" \/>\n<meta property=\"article:published_time\" content=\"2025-05-29T12:34:10+00:00\" \/>\n<meta property=\"og:image\" content=\"https:\/\/38picres.cgtn.com\/photoAlbum\/page\/performance\/img\/2025\/5\/23\/1747998677057_505.jpeg\" \/>\n<meta name=\"author\" content=\"Ismael Lucas S. Pereira\" \/>\n<meta name=\"twitter:card\" content=\"summary_large_image\" \/>\n<meta name=\"twitter:label1\" content=\"Escrito por\" \/>\n\t<meta name=\"twitter:data1\" content=\"Ismael Lucas S. Pereira\" \/>\n<script type=\"application\/ld+json\" class=\"yoast-schema-graph\">{\"@context\":\"https:\\\/\\\/schema.org\",\"@graph\":[{\"@type\":\"Article\",\"@id\":\"https:\\\/\\\/diariodepe.com.br\\\/cri\\\/2025\\\/05\\\/29\\\/xi-jinping-conversa-por-telefone-com-o-chanceler-alemao\\\/#article\",\"isPartOf\":{\"@id\":\"https:\\\/\\\/diariodepe.com.br\\\/cri\\\/2025\\\/05\\\/29\\\/xi-jinping-conversa-por-telefone-com-o-chanceler-alemao\\\/\"},\"author\":{\"name\":\"Ismael Lucas S. Pereira\",\"@id\":\"https:\\\/\\\/diariodepe.com.br\\\/cri\\\/#\\\/schema\\\/person\\\/121bb28d84f1a5b1205ef4ce9c2e0c6b\"},\"headline\":\"Xi Jinping conversa por telefone com o chanceler alem\u00e3o\",\"datePublished\":\"2025-05-29T12:34:10+00:00\",\"mainEntityOfPage\":{\"@id\":\"https:\\\/\\\/diariodepe.com.br\\\/cri\\\/2025\\\/05\\\/29\\\/xi-jinping-conversa-por-telefone-com-o-chanceler-alemao\\\/\"},\"wordCount\":386,\"commentCount\":0,\"publisher\":{\"@id\":\"https:\\\/\\\/diariodepe.com.br\\\/cri\\\/#organization\"},\"image\":{\"@id\":\"https:\\\/\\\/diariodepe.com.br\\\/cri\\\/2025\\\/05\\\/29\\\/xi-jinping-conversa-por-telefone-com-o-chanceler-alemao\\\/#primaryimage\"},\"thumbnailUrl\":\"https:\\\/\\\/38picres.cgtn.com\\\/photoAlbum\\\/page\\\/performance\\\/img\\\/2025\\\/5\\\/23\\\/1747998677057_505.jpeg\",\"articleSection\":[\"China\"],\"inLanguage\":\"pt-BR\",\"potentialAction\":[{\"@type\":\"CommentAction\",\"name\":\"Comment\",\"target\":[\"https:\\\/\\\/diariodepe.com.br\\\/cri\\\/2025\\\/05\\\/29\\\/xi-jinping-conversa-por-telefone-com-o-chanceler-alemao\\\/#respond\"]}]},{\"@type\":\"WebPage\",\"@id\":\"https:\\\/\\\/diariodepe.com.br\\\/cri\\\/2025\\\/05\\\/29\\\/xi-jinping-conversa-por-telefone-com-o-chanceler-alemao\\\/\",\"url\":\"https:\\\/\\\/diariodepe.com.br\\\/cri\\\/2025\\\/05\\\/29\\\/xi-jinping-conversa-por-telefone-com-o-chanceler-alemao\\\/\",\"name\":\"Xi Jinping conversa por telefone com o chanceler alem\u00e3o - CRI e Diario de Pernambuco\",\"isPartOf\":{\"@id\":\"https:\\\/\\\/diariodepe.com.br\\\/cri\\\/#website\"},\"primaryImageOfPage\":{\"@id\":\"https:\\\/\\\/diariodepe.com.br\\\/cri\\\/2025\\\/05\\\/29\\\/xi-jinping-conversa-por-telefone-com-o-chanceler-alemao\\\/#primaryimage\"},\"image\":{\"@id\":\"https:\\\/\\\/diariodepe.com.br\\\/cri\\\/2025\\\/05\\\/29\\\/xi-jinping-conversa-por-telefone-com-o-chanceler-alemao\\\/#primaryimage\"},\"thumbnailUrl\":\"https:\\\/\\\/38picres.cgtn.com\\\/photoAlbum\\\/page\\\/performance\\\/img\\\/2025\\\/5\\\/23\\\/1747998677057_505.jpeg\",\"datePublished\":\"2025-05-29T12:34:10+00:00\",\"breadcrumb\":{\"@id\":\"https:\\\/\\\/diariodepe.com.br\\\/cri\\\/2025\\\/05\\\/29\\\/xi-jinping-conversa-por-telefone-com-o-chanceler-alemao\\\/#breadcrumb\"},\"inLanguage\":\"pt-BR\",\"potentialAction\":[{\"@type\":\"ReadAction\",\"target\":[\"https:\\\/\\\/diariodepe.com.br\\\/cri\\\/2025\\\/05\\\/29\\\/xi-jinping-conversa-por-telefone-com-o-chanceler-alemao\\\/\"]}]},{\"@type\":\"ImageObject\",\"inLanguage\":\"pt-BR\",\"@id\":\"https:\\\/\\\/diariodepe.com.br\\\/cri\\\/2025\\\/05\\\/29\\\/xi-jinping-conversa-por-telefone-com-o-chanceler-alemao\\\/#primaryimage\",\"url\":\"https:\\\/\\\/38picres.cgtn.com\\\/photoAlbum\\\/page\\\/performance\\\/img\\\/2025\\\/5\\\/23\\\/1747998677057_505.jpeg\",\"contentUrl\":\"https:\\\/\\\/38picres.cgtn.com\\\/photoAlbum\\\/page\\\/performance\\\/img\\\/2025\\\/5\\\/23\\\/1747998677057_505.jpeg\"},{\"@type\":\"BreadcrumbList\",\"@id\":\"https:\\\/\\\/diariodepe.com.br\\\/cri\\\/2025\\\/05\\\/29\\\/xi-jinping-conversa-por-telefone-com-o-chanceler-alemao\\\/#breadcrumb\",\"itemListElement\":[{\"@type\":\"ListItem\",\"position\":1,\"name\":\"In\u00edcio\",\"item\":\"https:\\\/\\\/diariodepe.com.br\\\/cri\\\/\"},{\"@type\":\"ListItem\",\"position\":2,\"name\":\"Xi Jinping conversa por telefone com o chanceler alem\u00e3o\"}]},{\"@type\":\"WebSite\",\"@id\":\"https:\\\/\\\/diariodepe.com.br\\\/cri\\\/#website\",\"url\":\"https:\\\/\\\/diariodepe.com.br\\\/cri\\\/\",\"name\":\"CRI e Diario de Pernambuco\",\"description\":\"R\u00e1dio Internacional da China\",\"publisher\":{\"@id\":\"https:\\\/\\\/diariodepe.com.br\\\/cri\\\/#organization\"},\"potentialAction\":[{\"@type\":\"SearchAction\",\"target\":{\"@type\":\"EntryPoint\",\"urlTemplate\":\"https:\\\/\\\/diariodepe.com.br\\\/cri\\\/?s={search_term_string}\"},\"query-input\":{\"@type\":\"PropertyValueSpecification\",\"valueRequired\":true,\"valueName\":\"search_term_string\"}}],\"inLanguage\":\"pt-BR\"},{\"@type\":\"Organization\",\"@id\":\"https:\\\/\\\/diariodepe.com.br\\\/cri\\\/#organization\",\"name\":\"CRI e Diario de Pernambuco\",\"url\":\"https:\\\/\\\/diariodepe.com.br\\\/cri\\\/\",\"logo\":{\"@type\":\"ImageObject\",\"inLanguage\":\"pt-BR\",\"@id\":\"https:\\\/\\\/diariodepe.com.br\\\/cri\\\/#\\\/schema\\\/logo\\\/image\\\/\",\"url\":\"https:\\\/\\\/diariodepe.com.br\\\/cri\\\/wp-content\\\/uploads\\\/sites\\\/2\\\/2022\\\/12\\\/cropped-Logo.jpg\",\"contentUrl\":\"https:\\\/\\\/diariodepe.com.br\\\/cri\\\/wp-content\\\/uploads\\\/sites\\\/2\\\/2022\\\/12\\\/cropped-Logo.jpg\",\"width\":700,\"height\":59,\"caption\":\"CRI e Diario de Pernambuco\"},\"image\":{\"@id\":\"https:\\\/\\\/diariodepe.com.br\\\/cri\\\/#\\\/schema\\\/logo\\\/image\\\/\"}},{\"@type\":\"Person\",\"@id\":\"https:\\\/\\\/diariodepe.com.br\\\/cri\\\/#\\\/schema\\\/person\\\/121bb28d84f1a5b1205ef4ce9c2e0c6b\",\"name\":\"Ismael Lucas S. Pereira\",\"image\":{\"@type\":\"ImageObject\",\"inLanguage\":\"pt-BR\",\"@id\":\"https:\\\/\\\/secure.gravatar.com\\\/avatar\\\/887a0f3b5a7ceea963a48499fb883ffce6b5037362def025c52c2505b15d63e4?s=96&d=mm&r=g\",\"url\":\"https:\\\/\\\/secure.gravatar.com\\\/avatar\\\/887a0f3b5a7ceea963a48499fb883ffce6b5037362def025c52c2505b15d63e4?s=96&d=mm&r=g\",\"contentUrl\":\"https:\\\/\\\/secure.gravatar.com\\\/avatar\\\/887a0f3b5a7ceea963a48499fb883ffce6b5037362def025c52c2505b15d63e4?s=96&d=mm&r=g\",\"caption\":\"Ismael Lucas S. Pereira\"},\"url\":\"https:\\\/\\\/diariodepe.com.br\\\/cri\\\/author\\\/ismael-lucas\\\/\"}]}<\/script>\n<!-- \/ Yoast SEO plugin. -->","yoast_head_json":{"title":"Xi Jinping conversa por telefone com o chanceler alem\u00e3o - CRI e Diario de Pernambuco","robots":{"index":"index","follow":"follow","max-snippet":"max-snippet:-1","max-image-preview":"max-image-preview:large","max-video-preview":"max-video-preview:-1"},"canonical":"https:\/\/diariodepe.com.br\/cri\/2025\/05\/29\/xi-jinping-conversa-por-telefone-com-o-chanceler-alemao\/","og_locale":"pt_BR","og_type":"article","og_title":"Xi Jinping conversa por telefone com o chanceler alem\u00e3o - CRI e Diario de Pernambuco","og_description":"O presidente da China, Xi Jinping, conversou por telefone com o chanceler da Alemanha, Friedrich Merz, nesta sexta-feira (23). Xi parabenizou mais uma vez Merz por \u00a0assumir o cargo de chanceler. Ele ressaltou que, diante de mudan\u00e7as e turbul\u00eancia na...","og_url":"https:\/\/diariodepe.com.br\/cri\/2025\/05\/29\/xi-jinping-conversa-por-telefone-com-o-chanceler-alemao\/","og_site_name":"CRI e Diario de Pernambuco","article_published_time":"2025-05-29T12:34:10+00:00","og_image":[{"url":"https:\/\/38picres.cgtn.com\/photoAlbum\/page\/performance\/img\/2025\/5\/23\/1747998677057_505.jpeg","type":"","width":"","height":""}],"author":"Ismael Lucas S. Pereira","twitter_card":"summary_large_image","twitter_misc":{"Escrito por":"Ismael Lucas S. Pereira"},"schema":{"@context":"https:\/\/schema.org","@graph":[{"@type":"Article","@id":"https:\/\/diariodepe.com.br\/cri\/2025\/05\/29\/xi-jinping-conversa-por-telefone-com-o-chanceler-alemao\/#article","isPartOf":{"@id":"https:\/\/diariodepe.com.br\/cri\/2025\/05\/29\/xi-jinping-conversa-por-telefone-com-o-chanceler-alemao\/"},"author":{"name":"Ismael Lucas S. Pereira","@id":"https:\/\/diariodepe.com.br\/cri\/#\/schema\/person\/121bb28d84f1a5b1205ef4ce9c2e0c6b"},"headline":"Xi Jinping conversa por telefone com o chanceler alem\u00e3o","datePublished":"2025-05-29T12:34:10+00:00","mainEntityOfPage":{"@id":"https:\/\/diariodepe.com.br\/cri\/2025\/05\/29\/xi-jinping-conversa-por-telefone-com-o-chanceler-alemao\/"},"wordCount":386,"commentCount":0,"publisher":{"@id":"https:\/\/diariodepe.com.br\/cri\/#organization"},"image":{"@id":"https:\/\/diariodepe.com.br\/cri\/2025\/05\/29\/xi-jinping-conversa-por-telefone-com-o-chanceler-alemao\/#primaryimage"},"thumbnailUrl":"https:\/\/38picres.cgtn.com\/photoAlbum\/page\/performance\/img\/2025\/5\/23\/1747998677057_505.jpeg","articleSection":["China"],"inLanguage":"pt-BR","potentialAction":[{"@type":"CommentAction","name":"Comment","target":["https:\/\/diariodepe.com.br\/cri\/2025\/05\/29\/xi-jinping-conversa-por-telefone-com-o-chanceler-alemao\/#respond"]}]},{"@type":"WebPage","@id":"https:\/\/diariodepe.com.br\/cri\/2025\/05\/29\/xi-jinping-conversa-por-telefone-com-o-chanceler-alemao\/","url":"https:\/\/diariodepe.com.br\/cri\/2025\/05\/29\/xi-jinping-conversa-por-telefone-com-o-chanceler-alemao\/","name":"Xi Jinping conversa por telefone com o chanceler alem\u00e3o - CRI e Diario de Pernambuco","isPartOf":{"@id":"https:\/\/diariodepe.com.br\/cri\/#website"},"primaryImageOfPage":{"@id":"https:\/\/diariodepe.com.br\/cri\/2025\/05\/29\/xi-jinping-conversa-por-telefone-com-o-chanceler-alemao\/#primaryimage"},"image":{"@id":"https:\/\/diariodepe.com.br\/cri\/2025\/05\/29\/xi-jinping-conversa-por-telefone-com-o-chanceler-alemao\/#primaryimage"},"thumbnailUrl":"https:\/\/38picres.cgtn.com\/photoAlbum\/page\/performance\/img\/2025\/5\/23\/1747998677057_505.jpeg","datePublished":"2025-05-29T12:34:10+00:00","breadcrumb":{"@id":"https:\/\/diariodepe.com.br\/cri\/2025\/05\/29\/xi-jinping-conversa-por-telefone-com-o-chanceler-alemao\/#breadcrumb"},"inLanguage":"pt-BR","potentialAction":[{"@type":"ReadAction","target":["https:\/\/diariodepe.com.br\/cri\/2025\/05\/29\/xi-jinping-conversa-por-telefone-com-o-chanceler-alemao\/"]}]},{"@type":"ImageObject","inLanguage":"pt-BR","@id":"https:\/\/diariodepe.com.br\/cri\/2025\/05\/29\/xi-jinping-conversa-por-telefone-com-o-chanceler-alemao\/#primaryimage","url":"https:\/\/38picres.cgtn.com\/photoAlbum\/page\/performance\/img\/2025\/5\/23\/1747998677057_505.jpeg","contentUrl":"https:\/\/38picres.cgtn.com\/photoAlbum\/page\/performance\/img\/2025\/5\/23\/1747998677057_505.jpeg"},{"@type":"BreadcrumbList","@id":"https:\/\/diariodepe.com.br\/cri\/2025\/05\/29\/xi-jinping-conversa-por-telefone-com-o-chanceler-alemao\/#breadcrumb","itemListElement":[{"@type":"ListItem","position":1,"name":"In\u00edcio","item":"https:\/\/diariodepe.com.br\/cri\/"},{"@type":"ListItem","position":2,"name":"Xi Jinping conversa por telefone com o chanceler alem\u00e3o"}]},{"@type":"WebSite","@id":"https:\/\/diariodepe.com.br\/cri\/#website","url":"https:\/\/diariodepe.com.br\/cri\/","name":"CRI e Diario de Pernambuco","description":"R\u00e1dio Internacional da China","publisher":{"@id":"https:\/\/diariodepe.com.br\/cri\/#organization"},"potentialAction":[{"@type":"SearchAction","target":{"@type":"EntryPoint","urlTemplate":"https:\/\/diariodepe.com.br\/cri\/?s={search_term_string}"},"query-input":{"@type":"PropertyValueSpecification","valueRequired":true,"valueName":"search_term_string"}}],"inLanguage":"pt-BR"},{"@type":"Organization","@id":"https:\/\/diariodepe.com.br\/cri\/#organization","name":"CRI e Diario de Pernambuco","url":"https:\/\/diariodepe.com.br\/cri\/","logo":{"@type":"ImageObject","inLanguage":"pt-BR","@id":"https:\/\/diariodepe.com.br\/cri\/#\/schema\/logo\/image\/","url":"https:\/\/diariodepe.com.br\/cri\/wp-content\/uploads\/sites\/2\/2022\/12\/cropped-Logo.jpg","contentUrl":"https:\/\/diariodepe.com.br\/cri\/wp-content\/uploads\/sites\/2\/2022\/12\/cropped-Logo.jpg","width":700,"height":59,"caption":"CRI e Diario de Pernambuco"},"image":{"@id":"https:\/\/diariodepe.com.br\/cri\/#\/schema\/logo\/image\/"}},{"@type":"Person","@id":"https:\/\/diariodepe.com.br\/cri\/#\/schema\/person\/121bb28d84f1a5b1205ef4ce9c2e0c6b","name":"Ismael Lucas S. Pereira","image":{"@type":"ImageObject","inLanguage":"pt-BR","@id":"https:\/\/secure.gravatar.com\/avatar\/887a0f3b5a7ceea963a48499fb883ffce6b5037362def025c52c2505b15d63e4?s=96&d=mm&r=g","url":"https:\/\/secure.gravatar.com\/avatar\/887a0f3b5a7ceea963a48499fb883ffce6b5037362def025c52c2505b15d63e4?s=96&d=mm&r=g","contentUrl":"https:\/\/secure.gravatar.com\/avatar\/887a0f3b5a7ceea963a48499fb883ffce6b5037362def025c52c2505b15d63e4?s=96&d=mm&r=g","caption":"Ismael Lucas S. Pereira"},"url":"https:\/\/diariodepe.com.br\/cri\/author\/ismael-lucas\/"}]}},"cc_featured_image_caption":{"caption_text":false,"source_text":false,"source_url":false},"amp_enabled":true,"_links":{"self":[{"href":"https:\/\/diariodepe.com.br\/cri\/wp-json\/wp\/v2\/posts\/8481","targetHints":{"allow":["GET"]}}],"collection":[{"href":"https:\/\/diariodepe.com.br\/cri\/wp-json\/wp\/v2\/posts"}],"about":[{"href":"https:\/\/diariodepe.com.br\/cri\/wp-json\/wp\/v2\/types\/post"}],"author":[{"embeddable":true,"href":"https:\/\/diariodepe.com.br\/cri\/wp-json\/wp\/v2\/users\/2"}],"replies":[{"embeddable":true,"href":"https:\/\/diariodepe.com.br\/cri\/wp-json\/wp\/v2\/comments?post=8481"}],"version-history":[{"count":1,"href":"https:\/\/diariodepe.com.br\/cri\/wp-json\/wp\/v2\/posts\/8481\/revisions"}],"predecessor-version":[{"id":8482,"href":"https:\/\/diariodepe.com.br\/cri\/wp-json\/wp\/v2\/posts\/8481\/revisions\/8482"}],"wp:attachment":[{"href":"https:\/\/diariodepe.com.br\/cri\/wp-json\/wp\/v2\/media?parent=8481"}],"wp:term":[{"taxonomy":"category","embeddable":true,"href":"https:\/\/diariodepe.com.br\/cri\/wp-json\/wp\/v2\/categories?post=8481"},{"taxonomy":"post_tag","embeddable":true,"href":"https:\/\/diariodepe.com.br\/cri\/wp-json\/wp\/v2\/tags?post=8481"}],"curies":[{"name":"wp","href":"https:\/\/api.w.org\/{rel}","templated":true}]}}