{"id":8477,"date":"2025-05-29T09:33:15","date_gmt":"2025-05-29T12:33:15","guid":{"rendered":"https:\/\/diariodepe.com.br\/cri\/?p=8477"},"modified":"2025-05-29T09:33:15","modified_gmt":"2025-05-29T12:33:15","slug":"presidentes-da-china-e-da-franca-conversam-por-telefone-2","status":"publish","type":"post","link":"https:\/\/diariodepe.com.br\/cri\/2025\/05\/29\/presidentes-da-china-e-da-franca-conversam-por-telefone-2\/","title":{"rendered":"Presidentes da China e da Fran\u00e7a conversam por telefone"},"content":{"rendered":"<p>O presidente chin\u00eas, Xi Jinping, e seu hom\u00f3logo franc\u00eas, Emmanuel Macron, conversaram nesta quinta-feira (22) por telefone.<\/p>\n<p>Xi Jinping assinalou que os dois pa\u00edses devem refor\u00e7ar contatos estrat\u00e9gicos e acumular consensos, al\u00e9m de aproveitar as oportunidades para aprofundar a coopera\u00e7\u00e3o bilateral em \u00e1reas tradicionais como investimento, setor a\u00e9reo e espacial e energia nuclear, expandindo, ainda, a colabora\u00e7\u00e3o em segmentos emergentes como o digital, verde e de biomedicina e \u201ceconomia de cabelos grisalhos\u201d. Tamb\u00e9m devem impulsionar interc\u00e2mbios culturais e interpessoais e promover a amizade entre os dois povos.<\/p>\n<p>Xi Jinping enfatizou que este ano marca o 80\u00ba anivers\u00e1rio da vit\u00f3ria da Guerra Mundial Antifascista e da funda\u00e7\u00e3o das Na\u00e7\u00f5es Unidas. Sendo ambos membros permanentes do Conselho de Seguran\u00e7a da ONU e grandes pa\u00edses independentes, China e Fran\u00e7a s\u00e3o criadoras e construtoras da ordem internacional p\u00f3s-guerra. As duas na\u00e7\u00f5es devem fortalecer a uni\u00e3o e a coopera\u00e7\u00e3o, salvaguardar conjuntamente a autoridade e a posi\u00e7\u00e3o da ONU, defender as regras do com\u00e9rcio internacional e a ordem econ\u00f4mica mundial e praticar o verdadeiro multilateralismo.<\/p>\n<p>O l\u00edder chin\u00eas destacou que a China sempre considera a Europa como um polo independente do mundo multipolar e apoia a Uni\u00e3o Europeia no fortalecimento de sua autonomia estrat\u00e9gica e no desempenho de um papel mais importante nos assuntos internacionais. A China est\u00e1 disposta a trabalhar com o bloco para enfrentar os desafios globais e alcan\u00e7ar mais resultados que beneficiar\u00e3o ambos os lados e o mundo.<\/p>\n<p>Macron, por sua vez, pontuou que as rela\u00e7\u00f5es sino-francesas e sino-europeias s\u00e3o de vital import\u00e2ncia e de significado global. Independentemente de eventuais mudan\u00e7as na conjuntura internacional, a posi\u00e7\u00e3o francesa de atribuir grande import\u00e2ncia \u00e0s rela\u00e7\u00f5es com a China e aderir firmemente ao princ\u00edpio de Uma S\u00f3 China n\u00e3o se alterar\u00e1 de nenhuma maneira. A Fran\u00e7a est\u00e1 disposta a fortalecer a coopera\u00e7\u00e3o pr\u00e1tica nas \u00e1reas econ\u00f4mica, comercial, de investimento e de outros campos, assim como promover uma maior evolu\u00e7\u00e3o das rela\u00e7\u00f5es bilaterais.<\/p>\n<p>Os dois chefes de Estado tamb\u00e9m tiveram uma profunda troca de opini\u00f5es sobre quest\u00f5es internacionais e regionais de interesse comum, tais como a crise da Ucr\u00e2nia, o conflito palestino-israelense e a quest\u00e3o nuclear iraniana.<\/p>\n","protected":false},"excerpt":{"rendered":"<p>O presidente chin\u00eas, Xi Jinping, e seu hom\u00f3logo franc\u00eas, Emmanuel Macron, conversaram nesta quinta-feira (22) por telefone. Xi Jinping assinalou que os dois pa\u00edses devem refor\u00e7ar contatos estrat\u00e9gicos e acumular consensos, al\u00e9m de aproveitar as oportunidades para aprofundar a coopera\u00e7\u00e3o&#8230;<\/p>\n","protected":false},"author":2,"featured_media":0,"comment_status":"open","ping_status":"open","sticky":false,"template":"","format":"standard","meta":{"footnotes":""},"categories":[3],"tags":[],"class_list":["post-8477","post","type-post","status-publish","format-standard","hentry","category-china"],"yoast_head":"<!-- This site is optimized with the Yoast SEO plugin v27.4 - https:\/\/yoast.com\/product\/yoast-seo-wordpress\/ -->\n<title>Presidentes da China e da Fran\u00e7a conversam por telefone - CRI e Diario de Pernambuco<\/title>\n<meta name=\"robots\" content=\"index, follow, max-snippet:-1, max-image-preview:large, max-video-preview:-1\" \/>\n<link rel=\"canonical\" href=\"https:\/\/diariodepe.com.br\/cri\/2025\/05\/29\/presidentes-da-china-e-da-franca-conversam-por-telefone-2\/\" \/>\n<meta property=\"og:locale\" content=\"pt_BR\" \/>\n<meta property=\"og:type\" content=\"article\" \/>\n<meta property=\"og:title\" content=\"Presidentes da China e da Fran\u00e7a conversam por telefone - CRI e Diario de Pernambuco\" \/>\n<meta property=\"og:description\" content=\"O presidente chin\u00eas, Xi Jinping, e seu hom\u00f3logo franc\u00eas, Emmanuel Macron, conversaram nesta quinta-feira (22) por telefone. Xi Jinping assinalou que os dois pa\u00edses devem refor\u00e7ar contatos estrat\u00e9gicos e acumular consensos, al\u00e9m de aproveitar as oportunidades para aprofundar a coopera\u00e7\u00e3o...\" \/>\n<meta property=\"og:url\" content=\"https:\/\/diariodepe.com.br\/cri\/2025\/05\/29\/presidentes-da-china-e-da-franca-conversam-por-telefone-2\/\" \/>\n<meta property=\"og:site_name\" content=\"CRI e Diario de Pernambuco\" \/>\n<meta property=\"article:published_time\" content=\"2025-05-29T12:33:15+00:00\" \/>\n<meta name=\"author\" content=\"Ismael Lucas S. Pereira\" \/>\n<meta name=\"twitter:card\" content=\"summary_large_image\" \/>\n<meta name=\"twitter:label1\" content=\"Escrito por\" \/>\n\t<meta name=\"twitter:data1\" content=\"Ismael Lucas S. Pereira\" \/>\n<script type=\"application\/ld+json\" class=\"yoast-schema-graph\">{\"@context\":\"https:\\\/\\\/schema.org\",\"@graph\":[{\"@type\":\"Article\",\"@id\":\"https:\\\/\\\/diariodepe.com.br\\\/cri\\\/2025\\\/05\\\/29\\\/presidentes-da-china-e-da-franca-conversam-por-telefone-2\\\/#article\",\"isPartOf\":{\"@id\":\"https:\\\/\\\/diariodepe.com.br\\\/cri\\\/2025\\\/05\\\/29\\\/presidentes-da-china-e-da-franca-conversam-por-telefone-2\\\/\"},\"author\":{\"name\":\"Ismael Lucas S. Pereira\",\"@id\":\"https:\\\/\\\/diariodepe.com.br\\\/cri\\\/#\\\/schema\\\/person\\\/121bb28d84f1a5b1205ef4ce9c2e0c6b\"},\"headline\":\"Presidentes da China e da Fran\u00e7a conversam por telefone\",\"datePublished\":\"2025-05-29T12:33:15+00:00\",\"mainEntityOfPage\":{\"@id\":\"https:\\\/\\\/diariodepe.com.br\\\/cri\\\/2025\\\/05\\\/29\\\/presidentes-da-china-e-da-franca-conversam-por-telefone-2\\\/\"},\"wordCount\":411,\"commentCount\":0,\"publisher\":{\"@id\":\"https:\\\/\\\/diariodepe.com.br\\\/cri\\\/#organization\"},\"articleSection\":[\"China\"],\"inLanguage\":\"pt-BR\",\"potentialAction\":[{\"@type\":\"CommentAction\",\"name\":\"Comment\",\"target\":[\"https:\\\/\\\/diariodepe.com.br\\\/cri\\\/2025\\\/05\\\/29\\\/presidentes-da-china-e-da-franca-conversam-por-telefone-2\\\/#respond\"]}]},{\"@type\":\"WebPage\",\"@id\":\"https:\\\/\\\/diariodepe.com.br\\\/cri\\\/2025\\\/05\\\/29\\\/presidentes-da-china-e-da-franca-conversam-por-telefone-2\\\/\",\"url\":\"https:\\\/\\\/diariodepe.com.br\\\/cri\\\/2025\\\/05\\\/29\\\/presidentes-da-china-e-da-franca-conversam-por-telefone-2\\\/\",\"name\":\"Presidentes da China e da Fran\u00e7a conversam por telefone - CRI e Diario de Pernambuco\",\"isPartOf\":{\"@id\":\"https:\\\/\\\/diariodepe.com.br\\\/cri\\\/#website\"},\"datePublished\":\"2025-05-29T12:33:15+00:00\",\"breadcrumb\":{\"@id\":\"https:\\\/\\\/diariodepe.com.br\\\/cri\\\/2025\\\/05\\\/29\\\/presidentes-da-china-e-da-franca-conversam-por-telefone-2\\\/#breadcrumb\"},\"inLanguage\":\"pt-BR\",\"potentialAction\":[{\"@type\":\"ReadAction\",\"target\":[\"https:\\\/\\\/diariodepe.com.br\\\/cri\\\/2025\\\/05\\\/29\\\/presidentes-da-china-e-da-franca-conversam-por-telefone-2\\\/\"]}]},{\"@type\":\"BreadcrumbList\",\"@id\":\"https:\\\/\\\/diariodepe.com.br\\\/cri\\\/2025\\\/05\\\/29\\\/presidentes-da-china-e-da-franca-conversam-por-telefone-2\\\/#breadcrumb\",\"itemListElement\":[{\"@type\":\"ListItem\",\"position\":1,\"name\":\"In\u00edcio\",\"item\":\"https:\\\/\\\/diariodepe.com.br\\\/cri\\\/\"},{\"@type\":\"ListItem\",\"position\":2,\"name\":\"Presidentes da China e da Fran\u00e7a conversam por telefone\"}]},{\"@type\":\"WebSite\",\"@id\":\"https:\\\/\\\/diariodepe.com.br\\\/cri\\\/#website\",\"url\":\"https:\\\/\\\/diariodepe.com.br\\\/cri\\\/\",\"name\":\"CRI e Diario de Pernambuco\",\"description\":\"R\u00e1dio Internacional da China\",\"publisher\":{\"@id\":\"https:\\\/\\\/diariodepe.com.br\\\/cri\\\/#organization\"},\"potentialAction\":[{\"@type\":\"SearchAction\",\"target\":{\"@type\":\"EntryPoint\",\"urlTemplate\":\"https:\\\/\\\/diariodepe.com.br\\\/cri\\\/?s={search_term_string}\"},\"query-input\":{\"@type\":\"PropertyValueSpecification\",\"valueRequired\":true,\"valueName\":\"search_term_string\"}}],\"inLanguage\":\"pt-BR\"},{\"@type\":\"Organization\",\"@id\":\"https:\\\/\\\/diariodepe.com.br\\\/cri\\\/#organization\",\"name\":\"CRI e Diario de Pernambuco\",\"url\":\"https:\\\/\\\/diariodepe.com.br\\\/cri\\\/\",\"logo\":{\"@type\":\"ImageObject\",\"inLanguage\":\"pt-BR\",\"@id\":\"https:\\\/\\\/diariodepe.com.br\\\/cri\\\/#\\\/schema\\\/logo\\\/image\\\/\",\"url\":\"https:\\\/\\\/diariodepe.com.br\\\/cri\\\/wp-content\\\/uploads\\\/sites\\\/2\\\/2022\\\/12\\\/cropped-Logo.jpg\",\"contentUrl\":\"https:\\\/\\\/diariodepe.com.br\\\/cri\\\/wp-content\\\/uploads\\\/sites\\\/2\\\/2022\\\/12\\\/cropped-Logo.jpg\",\"width\":700,\"height\":59,\"caption\":\"CRI e Diario de Pernambuco\"},\"image\":{\"@id\":\"https:\\\/\\\/diariodepe.com.br\\\/cri\\\/#\\\/schema\\\/logo\\\/image\\\/\"}},{\"@type\":\"Person\",\"@id\":\"https:\\\/\\\/diariodepe.com.br\\\/cri\\\/#\\\/schema\\\/person\\\/121bb28d84f1a5b1205ef4ce9c2e0c6b\",\"name\":\"Ismael Lucas S. Pereira\",\"image\":{\"@type\":\"ImageObject\",\"inLanguage\":\"pt-BR\",\"@id\":\"https:\\\/\\\/secure.gravatar.com\\\/avatar\\\/887a0f3b5a7ceea963a48499fb883ffce6b5037362def025c52c2505b15d63e4?s=96&d=mm&r=g\",\"url\":\"https:\\\/\\\/secure.gravatar.com\\\/avatar\\\/887a0f3b5a7ceea963a48499fb883ffce6b5037362def025c52c2505b15d63e4?s=96&d=mm&r=g\",\"contentUrl\":\"https:\\\/\\\/secure.gravatar.com\\\/avatar\\\/887a0f3b5a7ceea963a48499fb883ffce6b5037362def025c52c2505b15d63e4?s=96&d=mm&r=g\",\"caption\":\"Ismael Lucas S. Pereira\"},\"url\":\"https:\\\/\\\/diariodepe.com.br\\\/cri\\\/author\\\/ismael-lucas\\\/\"}]}<\/script>\n<!-- \/ Yoast SEO plugin. -->","yoast_head_json":{"title":"Presidentes da China e da Fran\u00e7a conversam por telefone - CRI e Diario de Pernambuco","robots":{"index":"index","follow":"follow","max-snippet":"max-snippet:-1","max-image-preview":"max-image-preview:large","max-video-preview":"max-video-preview:-1"},"canonical":"https:\/\/diariodepe.com.br\/cri\/2025\/05\/29\/presidentes-da-china-e-da-franca-conversam-por-telefone-2\/","og_locale":"pt_BR","og_type":"article","og_title":"Presidentes da China e da Fran\u00e7a conversam por telefone - CRI e Diario de Pernambuco","og_description":"O presidente chin\u00eas, Xi Jinping, e seu hom\u00f3logo franc\u00eas, Emmanuel Macron, conversaram nesta quinta-feira (22) por telefone. Xi Jinping assinalou que os dois pa\u00edses devem refor\u00e7ar contatos estrat\u00e9gicos e acumular consensos, al\u00e9m de aproveitar as oportunidades para aprofundar a coopera\u00e7\u00e3o...","og_url":"https:\/\/diariodepe.com.br\/cri\/2025\/05\/29\/presidentes-da-china-e-da-franca-conversam-por-telefone-2\/","og_site_name":"CRI e Diario de Pernambuco","article_published_time":"2025-05-29T12:33:15+00:00","author":"Ismael Lucas S. Pereira","twitter_card":"summary_large_image","twitter_misc":{"Escrito por":"Ismael Lucas S. Pereira"},"schema":{"@context":"https:\/\/schema.org","@graph":[{"@type":"Article","@id":"https:\/\/diariodepe.com.br\/cri\/2025\/05\/29\/presidentes-da-china-e-da-franca-conversam-por-telefone-2\/#article","isPartOf":{"@id":"https:\/\/diariodepe.com.br\/cri\/2025\/05\/29\/presidentes-da-china-e-da-franca-conversam-por-telefone-2\/"},"author":{"name":"Ismael Lucas S. Pereira","@id":"https:\/\/diariodepe.com.br\/cri\/#\/schema\/person\/121bb28d84f1a5b1205ef4ce9c2e0c6b"},"headline":"Presidentes da China e da Fran\u00e7a conversam por telefone","datePublished":"2025-05-29T12:33:15+00:00","mainEntityOfPage":{"@id":"https:\/\/diariodepe.com.br\/cri\/2025\/05\/29\/presidentes-da-china-e-da-franca-conversam-por-telefone-2\/"},"wordCount":411,"commentCount":0,"publisher":{"@id":"https:\/\/diariodepe.com.br\/cri\/#organization"},"articleSection":["China"],"inLanguage":"pt-BR","potentialAction":[{"@type":"CommentAction","name":"Comment","target":["https:\/\/diariodepe.com.br\/cri\/2025\/05\/29\/presidentes-da-china-e-da-franca-conversam-por-telefone-2\/#respond"]}]},{"@type":"WebPage","@id":"https:\/\/diariodepe.com.br\/cri\/2025\/05\/29\/presidentes-da-china-e-da-franca-conversam-por-telefone-2\/","url":"https:\/\/diariodepe.com.br\/cri\/2025\/05\/29\/presidentes-da-china-e-da-franca-conversam-por-telefone-2\/","name":"Presidentes da China e da Fran\u00e7a conversam por telefone - CRI e Diario de Pernambuco","isPartOf":{"@id":"https:\/\/diariodepe.com.br\/cri\/#website"},"datePublished":"2025-05-29T12:33:15+00:00","breadcrumb":{"@id":"https:\/\/diariodepe.com.br\/cri\/2025\/05\/29\/presidentes-da-china-e-da-franca-conversam-por-telefone-2\/#breadcrumb"},"inLanguage":"pt-BR","potentialAction":[{"@type":"ReadAction","target":["https:\/\/diariodepe.com.br\/cri\/2025\/05\/29\/presidentes-da-china-e-da-franca-conversam-por-telefone-2\/"]}]},{"@type":"BreadcrumbList","@id":"https:\/\/diariodepe.com.br\/cri\/2025\/05\/29\/presidentes-da-china-e-da-franca-conversam-por-telefone-2\/#breadcrumb","itemListElement":[{"@type":"ListItem","position":1,"name":"In\u00edcio","item":"https:\/\/diariodepe.com.br\/cri\/"},{"@type":"ListItem","position":2,"name":"Presidentes da China e da Fran\u00e7a conversam por telefone"}]},{"@type":"WebSite","@id":"https:\/\/diariodepe.com.br\/cri\/#website","url":"https:\/\/diariodepe.com.br\/cri\/","name":"CRI e Diario de Pernambuco","description":"R\u00e1dio Internacional da China","publisher":{"@id":"https:\/\/diariodepe.com.br\/cri\/#organization"},"potentialAction":[{"@type":"SearchAction","target":{"@type":"EntryPoint","urlTemplate":"https:\/\/diariodepe.com.br\/cri\/?s={search_term_string}"},"query-input":{"@type":"PropertyValueSpecification","valueRequired":true,"valueName":"search_term_string"}}],"inLanguage":"pt-BR"},{"@type":"Organization","@id":"https:\/\/diariodepe.com.br\/cri\/#organization","name":"CRI e Diario de Pernambuco","url":"https:\/\/diariodepe.com.br\/cri\/","logo":{"@type":"ImageObject","inLanguage":"pt-BR","@id":"https:\/\/diariodepe.com.br\/cri\/#\/schema\/logo\/image\/","url":"https:\/\/diariodepe.com.br\/cri\/wp-content\/uploads\/sites\/2\/2022\/12\/cropped-Logo.jpg","contentUrl":"https:\/\/diariodepe.com.br\/cri\/wp-content\/uploads\/sites\/2\/2022\/12\/cropped-Logo.jpg","width":700,"height":59,"caption":"CRI e Diario de Pernambuco"},"image":{"@id":"https:\/\/diariodepe.com.br\/cri\/#\/schema\/logo\/image\/"}},{"@type":"Person","@id":"https:\/\/diariodepe.com.br\/cri\/#\/schema\/person\/121bb28d84f1a5b1205ef4ce9c2e0c6b","name":"Ismael Lucas S. Pereira","image":{"@type":"ImageObject","inLanguage":"pt-BR","@id":"https:\/\/secure.gravatar.com\/avatar\/887a0f3b5a7ceea963a48499fb883ffce6b5037362def025c52c2505b15d63e4?s=96&d=mm&r=g","url":"https:\/\/secure.gravatar.com\/avatar\/887a0f3b5a7ceea963a48499fb883ffce6b5037362def025c52c2505b15d63e4?s=96&d=mm&r=g","contentUrl":"https:\/\/secure.gravatar.com\/avatar\/887a0f3b5a7ceea963a48499fb883ffce6b5037362def025c52c2505b15d63e4?s=96&d=mm&r=g","caption":"Ismael Lucas S. Pereira"},"url":"https:\/\/diariodepe.com.br\/cri\/author\/ismael-lucas\/"}]}},"cc_featured_image_caption":{"caption_text":false,"source_text":false,"source_url":false},"amp_enabled":true,"_links":{"self":[{"href":"https:\/\/diariodepe.com.br\/cri\/wp-json\/wp\/v2\/posts\/8477","targetHints":{"allow":["GET"]}}],"collection":[{"href":"https:\/\/diariodepe.com.br\/cri\/wp-json\/wp\/v2\/posts"}],"about":[{"href":"https:\/\/diariodepe.com.br\/cri\/wp-json\/wp\/v2\/types\/post"}],"author":[{"embeddable":true,"href":"https:\/\/diariodepe.com.br\/cri\/wp-json\/wp\/v2\/users\/2"}],"replies":[{"embeddable":true,"href":"https:\/\/diariodepe.com.br\/cri\/wp-json\/wp\/v2\/comments?post=8477"}],"version-history":[{"count":1,"href":"https:\/\/diariodepe.com.br\/cri\/wp-json\/wp\/v2\/posts\/8477\/revisions"}],"predecessor-version":[{"id":8478,"href":"https:\/\/diariodepe.com.br\/cri\/wp-json\/wp\/v2\/posts\/8477\/revisions\/8478"}],"wp:attachment":[{"href":"https:\/\/diariodepe.com.br\/cri\/wp-json\/wp\/v2\/media?parent=8477"}],"wp:term":[{"taxonomy":"category","embeddable":true,"href":"https:\/\/diariodepe.com.br\/cri\/wp-json\/wp\/v2\/categories?post=8477"},{"taxonomy":"post_tag","embeddable":true,"href":"https:\/\/diariodepe.com.br\/cri\/wp-json\/wp\/v2\/tags?post=8477"}],"curies":[{"name":"wp","href":"https:\/\/api.w.org\/{rel}","templated":true}]}}