{"id":8460,"date":"2025-05-26T06:21:23","date_gmt":"2025-05-26T09:21:23","guid":{"rendered":"https:\/\/diariodepe.com.br\/cri\/?p=8460"},"modified":"2025-05-26T06:21:23","modified_gmt":"2025-05-26T09:21:23","slug":"china-esta-pronta-para-se-juntar-a-indonesia-no-aumento-da-confianca-e-coordenacao-estrategica-diz-premie-li","status":"publish","type":"post","link":"https:\/\/diariodepe.com.br\/cri\/2025\/05\/26\/china-esta-pronta-para-se-juntar-a-indonesia-no-aumento-da-confianca-e-coordenacao-estrategica-diz-premie-li\/","title":{"rendered":"China est\u00e1 pronta para se juntar \u00e0 Indon\u00e9sia no aumento da confian\u00e7a e coordena\u00e7\u00e3o estrat\u00e9gica, diz premi\u00ea Li"},"content":{"rendered":"<p>O primeiro-ministro chin\u00eas, Li Qiang, disse no domingo que a China est\u00e1 pronta para trabalhar com a Indon\u00e9sia para elevar a confian\u00e7a pol\u00edtica m\u00fatua e a coordena\u00e7\u00e3o estrat\u00e9gica entre os dois pa\u00edses a um n\u00edvel mais alto.<\/p>\n<p>Li fez as observa\u00e7\u00f5es durante uma reuni\u00e3o com o presidente indon\u00e9sio, Prabowo Subianto, durante sua visita oficial ao pa\u00eds do sudeste asi\u00e1tico.<\/p>\n<p>O primeiro-ministro primeiramente transmitiu sauda\u00e7\u00f5es cordiais do presidente chin\u00eas Xi Jinping a Prabowo, observando que a China e a Indon\u00e9sia s\u00e3o bons vizinhos e bons parceiros.<\/p>\n<p>Desde o estabelecimento de rela\u00e7\u00f5es diplom\u00e1ticas h\u00e1 75 anos, os dois lados se apoiaram mutuamente e apoiaram um ao outro, e sua amizade tradicional permaneceu firme e sempre relevante, acrescentou Li.<\/p>\n<p>Durante a visita de Prabowo \u00e0 China em novembro do ano passado, os presidentes dos dois pa\u00edses chegaram a um consenso importante sobre a constru\u00e7\u00e3o de uma comunidade China-Indon\u00e9sia com um futuro compartilhado que tenha influ\u00eancia regional e global, o que levou os la\u00e7os bilaterais a um novo patamar hist\u00f3rico e abriu amplas perspectivas de coopera\u00e7\u00e3o, disse Li.<\/p>\n<p>A China, disse Li, est\u00e1 disposta a trabalhar com a Indon\u00e9sia para aderir \u00e0 aspira\u00e7\u00e3o original de estabelecer rela\u00e7\u00f5es diplom\u00e1ticas, levar adiante a tradi\u00e7\u00e3o de amizade e aumentar a unidade e a coopera\u00e7\u00e3o.<\/p>\n<p>Ele acrescentou que o lado chin\u00eas tamb\u00e9m est\u00e1 pronto para consolidar a coopera\u00e7\u00e3o nos &#8220;cinco pilares&#8221; de pol\u00edtica, economia, interc\u00e2mbio cultural e interpessoal, assuntos mar\u00edtimos e seguran\u00e7a, abordar conjuntamente riscos e desafios e promover melhor o desenvolvimento comum.<\/p>\n<p>Li destacou que a China est\u00e1 disposta a trabalhar com a Indon\u00e9sia para melhorar o alinhamento das estrat\u00e9gias de desenvolvimento e aprofundar a coopera\u00e7\u00e3o de alta qualidade do Cintur\u00e3o e Rota, especialmente otimizando e fortalecendo projetos de refer\u00eancia.<\/p>\n<p>Ele pediu aos dois lados que aprimorem ainda mais a &#8220;marca de ouro&#8221; da Ferrovia de Alta Velocidade Jacarta-Bandung e promovam a constru\u00e7\u00e3o do Corredor Econ\u00f4mico Regional Abrangente e do projeto &#8220;Dois Pa\u00edses, Parques G\u00eameos&#8221;.<\/p>\n<p>Li disse que ambos os lados devem melhorar a conectividade do mercado e a colabora\u00e7\u00e3o industrial, melhorar o n\u00edvel de facilita\u00e7\u00e3o do com\u00e9rcio e do investimento e expandir a coopera\u00e7\u00e3o em \u00e1reas como finan\u00e7as, novas energias, economia digital, intelig\u00eancia artificial (IA), aeroespa\u00e7o e oceano.<\/p>\n<p>A China est\u00e1 disposta a expandir os interc\u00e2mbios culturais e interpessoais com a Indon\u00e9sia, facilitar o interc\u00e2mbio de pessoal, aprofundar a coopera\u00e7\u00e3o em \u00e1reas relacionadas \u00e0 subsist\u00eancia das pessoas, como alimenta\u00e7\u00e3o e agricultura, redu\u00e7\u00e3o da pobreza e sa\u00fade, e trazer mais benef\u00edcios para os dois povos, disse o primeiro-ministro.<\/p>\n<p>Atualmente, o aumento do unilateralismo e do protecionismo perturbou severamente a ordem econ\u00f4mica e comercial internacional, observou Li, acrescentando que, ao enfrentar esses riscos e desafios, a solidariedade e a coopera\u00e7\u00e3o continuam sendo o \u00fanico caminho vi\u00e1vel a seguir.<\/p>\n<p>Li disse que a China est\u00e1 pronta para trabalhar com a Indon\u00e9sia e outros pa\u00edses em desenvolvimento para defender conjuntamente os Cinco Princ\u00edpios da Coexist\u00eancia Pac\u00edfica e o Esp\u00edrito de Bandung, e implementar as tr\u00eas principais iniciativas globais.<\/p>\n<p>Ele pediu a defesa firme do multilateralismo e do livre com\u00e9rcio, promovendo um mundo multipolar igualit\u00e1rio e ordenado e uma globaliza\u00e7\u00e3o econ\u00f4mica universalmente ben\u00e9fica e inclusiva, salvaguardando resolutamente os interesses comuns e promovendo conjuntamente a paz, a estabilidade e o desenvolvimento na regi\u00e3o e no mundo em geral.<\/p>\n<p>Por sua vez, Prabowo pediu ao primeiro-ministro chin\u00eas que transmitisse suas sinceras sauda\u00e7\u00f5es ao presidente Xi e disse que a Indon\u00e9sia e a China compartilham uma longa hist\u00f3ria de interc\u00e2mbios amistosos e amizade entre pessoas profundamente enraizada.<\/p>\n<p>Observando que este ano marca o 75\u00ba anivers\u00e1rio das rela\u00e7\u00f5es diplom\u00e1ticas entre os dois pa\u00edses, bem como o 70\u00ba anivers\u00e1rio da Confer\u00eancia de Bandung, Prabowo disse que a Indon\u00e9sia est\u00e1 pronta para aproveitar esta oportunidade para aprofundar a parceria estrat\u00e9gica abrangente com a China, avan\u00e7ar na constru\u00e7\u00e3o de uma comunidade Indon\u00e9sia-China com um futuro compartilhado e promover conjuntamente a paz e o desenvolvimento na \u00c1sia e no resto do mundo.<\/p>\n<p>Prabowo elogiou o progresso frut\u00edfero na coopera\u00e7\u00e3o bilateral e expressou a disposi\u00e7\u00e3o da Indon\u00e9sia de aprender com as experi\u00eancias bem-sucedidas da China na redu\u00e7\u00e3o da pobreza e no desenvolvimento rural.<\/p>\n<p>Ele disse que a Indon\u00e9sia est\u00e1 pronta para expandir a coopera\u00e7\u00e3o com a China em agricultura, finan\u00e7as, infraestrutura, economia verde, IA e educa\u00e7\u00e3o, e atualizar a colabora\u00e7\u00e3o industrial. Ele tamb\u00e9m expressou a esperan\u00e7a de que mais empresas chinesas invistam e fa\u00e7am neg\u00f3cios na Indon\u00e9sia.<\/p>\n<p>A Indon\u00e9sia est\u00e1 empenhada em implementar o consenso sobre o desenvolvimento mar\u00edtimo conjunto com a China, acelerar as consultas sobre o C\u00f3digo de Conduta no Mar do Sul da China e salvaguardar conjuntamente a paz e a estabilidade na regi\u00e3o, disse ele.<\/p>\n<p>A Indon\u00e9sia espera coordenar estreitamente com a China em plataformas multilaterais como a Associa\u00e7\u00e3o das Na\u00e7\u00f5es do Sudeste Asi\u00e1tico e o BRICS, apoia firmemente o multilateralismo, se op\u00f5e ao protecionismo e est\u00e1 pronta para trabalhar com a China para defender os interesses comuns dos pa\u00edses em desenvolvimento e enfrentar desafios globais, disse ele.<\/p>\n<p>Ap\u00f3s as conversas, os dois l\u00edderes testemunharam a assinatura de documentos de coopera\u00e7\u00e3o nas \u00e1reas relacionadas a pol\u00edticas de desenvolvimento econ\u00f4mico, cadeia industrial e de suprimentos, bem como finan\u00e7as.<\/p>\n<p>Antes de suas conversas, Prabowo realizou uma cerim\u00f4nia de boas-vindas para Li no Pal\u00e1cio Merdeka.<\/p>\n","protected":false},"excerpt":{"rendered":"<p>O primeiro-ministro chin\u00eas, Li Qiang, disse no domingo que a China est\u00e1 pronta para trabalhar com a Indon\u00e9sia para elevar a confian\u00e7a pol\u00edtica m\u00fatua e a coordena\u00e7\u00e3o estrat\u00e9gica entre os dois pa\u00edses a um n\u00edvel mais alto. Li fez as&#8230;<\/p>\n","protected":false},"author":2,"featured_media":0,"comment_status":"open","ping_status":"open","sticky":false,"template":"","format":"standard","meta":{"footnotes":""},"categories":[8],"tags":[],"class_list":["post-8460","post","type-post","status-publish","format-standard","hentry","category-internacional"],"yoast_head":"<!-- This site is optimized with the Yoast SEO plugin v27.4 - https:\/\/yoast.com\/product\/yoast-seo-wordpress\/ -->\n<title>China est\u00e1 pronta para se juntar \u00e0 Indon\u00e9sia no aumento da confian\u00e7a e coordena\u00e7\u00e3o estrat\u00e9gica, diz premi\u00ea Li - CRI e Diario de Pernambuco<\/title>\n<meta name=\"robots\" content=\"index, follow, max-snippet:-1, max-image-preview:large, max-video-preview:-1\" \/>\n<link rel=\"canonical\" href=\"https:\/\/diariodepe.com.br\/cri\/2025\/05\/26\/china-esta-pronta-para-se-juntar-a-indonesia-no-aumento-da-confianca-e-coordenacao-estrategica-diz-premie-li\/\" \/>\n<meta property=\"og:locale\" content=\"pt_BR\" \/>\n<meta property=\"og:type\" content=\"article\" \/>\n<meta property=\"og:title\" content=\"China est\u00e1 pronta para se juntar \u00e0 Indon\u00e9sia no aumento da confian\u00e7a e coordena\u00e7\u00e3o estrat\u00e9gica, diz premi\u00ea Li - CRI e Diario de Pernambuco\" \/>\n<meta property=\"og:description\" content=\"O primeiro-ministro chin\u00eas, Li Qiang, disse no domingo que a China est\u00e1 pronta para trabalhar com a Indon\u00e9sia para elevar a confian\u00e7a pol\u00edtica m\u00fatua e a coordena\u00e7\u00e3o estrat\u00e9gica entre os dois pa\u00edses a um n\u00edvel mais alto. Li fez as...\" \/>\n<meta property=\"og:url\" content=\"https:\/\/diariodepe.com.br\/cri\/2025\/05\/26\/china-esta-pronta-para-se-juntar-a-indonesia-no-aumento-da-confianca-e-coordenacao-estrategica-diz-premie-li\/\" \/>\n<meta property=\"og:site_name\" content=\"CRI e Diario de Pernambuco\" \/>\n<meta property=\"article:published_time\" content=\"2025-05-26T09:21:23+00:00\" \/>\n<meta name=\"author\" content=\"Ismael Lucas S. Pereira\" \/>\n<meta name=\"twitter:card\" content=\"summary_large_image\" \/>\n<meta name=\"twitter:label1\" content=\"Escrito por\" \/>\n\t<meta name=\"twitter:data1\" content=\"Ismael Lucas S. Pereira\" \/>\n\t<meta name=\"twitter:label2\" content=\"Est. tempo de leitura\" \/>\n\t<meta name=\"twitter:data2\" content=\"5 minutos\" \/>\n<script type=\"application\/ld+json\" class=\"yoast-schema-graph\">{\"@context\":\"https:\\\/\\\/schema.org\",\"@graph\":[{\"@type\":\"Article\",\"@id\":\"https:\\\/\\\/diariodepe.com.br\\\/cri\\\/2025\\\/05\\\/26\\\/china-esta-pronta-para-se-juntar-a-indonesia-no-aumento-da-confianca-e-coordenacao-estrategica-diz-premie-li\\\/#article\",\"isPartOf\":{\"@id\":\"https:\\\/\\\/diariodepe.com.br\\\/cri\\\/2025\\\/05\\\/26\\\/china-esta-pronta-para-se-juntar-a-indonesia-no-aumento-da-confianca-e-coordenacao-estrategica-diz-premie-li\\\/\"},\"author\":{\"name\":\"Ismael Lucas S. Pereira\",\"@id\":\"https:\\\/\\\/diariodepe.com.br\\\/cri\\\/#\\\/schema\\\/person\\\/121bb28d84f1a5b1205ef4ce9c2e0c6b\"},\"headline\":\"China est\u00e1 pronta para se juntar \u00e0 Indon\u00e9sia no aumento da confian\u00e7a e coordena\u00e7\u00e3o estrat\u00e9gica, diz premi\u00ea Li\",\"datePublished\":\"2025-05-26T09:21:23+00:00\",\"mainEntityOfPage\":{\"@id\":\"https:\\\/\\\/diariodepe.com.br\\\/cri\\\/2025\\\/05\\\/26\\\/china-esta-pronta-para-se-juntar-a-indonesia-no-aumento-da-confianca-e-coordenacao-estrategica-diz-premie-li\\\/\"},\"wordCount\":1003,\"commentCount\":0,\"publisher\":{\"@id\":\"https:\\\/\\\/diariodepe.com.br\\\/cri\\\/#organization\"},\"articleSection\":[\"Internacional\"],\"inLanguage\":\"pt-BR\",\"potentialAction\":[{\"@type\":\"CommentAction\",\"name\":\"Comment\",\"target\":[\"https:\\\/\\\/diariodepe.com.br\\\/cri\\\/2025\\\/05\\\/26\\\/china-esta-pronta-para-se-juntar-a-indonesia-no-aumento-da-confianca-e-coordenacao-estrategica-diz-premie-li\\\/#respond\"]}]},{\"@type\":\"WebPage\",\"@id\":\"https:\\\/\\\/diariodepe.com.br\\\/cri\\\/2025\\\/05\\\/26\\\/china-esta-pronta-para-se-juntar-a-indonesia-no-aumento-da-confianca-e-coordenacao-estrategica-diz-premie-li\\\/\",\"url\":\"https:\\\/\\\/diariodepe.com.br\\\/cri\\\/2025\\\/05\\\/26\\\/china-esta-pronta-para-se-juntar-a-indonesia-no-aumento-da-confianca-e-coordenacao-estrategica-diz-premie-li\\\/\",\"name\":\"China est\u00e1 pronta para se juntar \u00e0 Indon\u00e9sia no aumento da confian\u00e7a e coordena\u00e7\u00e3o estrat\u00e9gica, diz premi\u00ea Li - CRI e Diario de Pernambuco\",\"isPartOf\":{\"@id\":\"https:\\\/\\\/diariodepe.com.br\\\/cri\\\/#website\"},\"datePublished\":\"2025-05-26T09:21:23+00:00\",\"breadcrumb\":{\"@id\":\"https:\\\/\\\/diariodepe.com.br\\\/cri\\\/2025\\\/05\\\/26\\\/china-esta-pronta-para-se-juntar-a-indonesia-no-aumento-da-confianca-e-coordenacao-estrategica-diz-premie-li\\\/#breadcrumb\"},\"inLanguage\":\"pt-BR\",\"potentialAction\":[{\"@type\":\"ReadAction\",\"target\":[\"https:\\\/\\\/diariodepe.com.br\\\/cri\\\/2025\\\/05\\\/26\\\/china-esta-pronta-para-se-juntar-a-indonesia-no-aumento-da-confianca-e-coordenacao-estrategica-diz-premie-li\\\/\"]}]},{\"@type\":\"BreadcrumbList\",\"@id\":\"https:\\\/\\\/diariodepe.com.br\\\/cri\\\/2025\\\/05\\\/26\\\/china-esta-pronta-para-se-juntar-a-indonesia-no-aumento-da-confianca-e-coordenacao-estrategica-diz-premie-li\\\/#breadcrumb\",\"itemListElement\":[{\"@type\":\"ListItem\",\"position\":1,\"name\":\"In\u00edcio\",\"item\":\"https:\\\/\\\/diariodepe.com.br\\\/cri\\\/\"},{\"@type\":\"ListItem\",\"position\":2,\"name\":\"China est\u00e1 pronta para se juntar \u00e0 Indon\u00e9sia no aumento da confian\u00e7a e coordena\u00e7\u00e3o estrat\u00e9gica, diz premi\u00ea Li\"}]},{\"@type\":\"WebSite\",\"@id\":\"https:\\\/\\\/diariodepe.com.br\\\/cri\\\/#website\",\"url\":\"https:\\\/\\\/diariodepe.com.br\\\/cri\\\/\",\"name\":\"CRI e Diario de Pernambuco\",\"description\":\"R\u00e1dio Internacional da China\",\"publisher\":{\"@id\":\"https:\\\/\\\/diariodepe.com.br\\\/cri\\\/#organization\"},\"potentialAction\":[{\"@type\":\"SearchAction\",\"target\":{\"@type\":\"EntryPoint\",\"urlTemplate\":\"https:\\\/\\\/diariodepe.com.br\\\/cri\\\/?s={search_term_string}\"},\"query-input\":{\"@type\":\"PropertyValueSpecification\",\"valueRequired\":true,\"valueName\":\"search_term_string\"}}],\"inLanguage\":\"pt-BR\"},{\"@type\":\"Organization\",\"@id\":\"https:\\\/\\\/diariodepe.com.br\\\/cri\\\/#organization\",\"name\":\"CRI e Diario de Pernambuco\",\"url\":\"https:\\\/\\\/diariodepe.com.br\\\/cri\\\/\",\"logo\":{\"@type\":\"ImageObject\",\"inLanguage\":\"pt-BR\",\"@id\":\"https:\\\/\\\/diariodepe.com.br\\\/cri\\\/#\\\/schema\\\/logo\\\/image\\\/\",\"url\":\"https:\\\/\\\/diariodepe.com.br\\\/cri\\\/wp-content\\\/uploads\\\/sites\\\/2\\\/2022\\\/12\\\/cropped-Logo.jpg\",\"contentUrl\":\"https:\\\/\\\/diariodepe.com.br\\\/cri\\\/wp-content\\\/uploads\\\/sites\\\/2\\\/2022\\\/12\\\/cropped-Logo.jpg\",\"width\":700,\"height\":59,\"caption\":\"CRI e Diario de Pernambuco\"},\"image\":{\"@id\":\"https:\\\/\\\/diariodepe.com.br\\\/cri\\\/#\\\/schema\\\/logo\\\/image\\\/\"}},{\"@type\":\"Person\",\"@id\":\"https:\\\/\\\/diariodepe.com.br\\\/cri\\\/#\\\/schema\\\/person\\\/121bb28d84f1a5b1205ef4ce9c2e0c6b\",\"name\":\"Ismael Lucas S. Pereira\",\"image\":{\"@type\":\"ImageObject\",\"inLanguage\":\"pt-BR\",\"@id\":\"https:\\\/\\\/secure.gravatar.com\\\/avatar\\\/887a0f3b5a7ceea963a48499fb883ffce6b5037362def025c52c2505b15d63e4?s=96&d=mm&r=g\",\"url\":\"https:\\\/\\\/secure.gravatar.com\\\/avatar\\\/887a0f3b5a7ceea963a48499fb883ffce6b5037362def025c52c2505b15d63e4?s=96&d=mm&r=g\",\"contentUrl\":\"https:\\\/\\\/secure.gravatar.com\\\/avatar\\\/887a0f3b5a7ceea963a48499fb883ffce6b5037362def025c52c2505b15d63e4?s=96&d=mm&r=g\",\"caption\":\"Ismael Lucas S. Pereira\"},\"url\":\"https:\\\/\\\/diariodepe.com.br\\\/cri\\\/author\\\/ismael-lucas\\\/\"}]}<\/script>\n<!-- \/ Yoast SEO plugin. -->","yoast_head_json":{"title":"China est\u00e1 pronta para se juntar \u00e0 Indon\u00e9sia no aumento da confian\u00e7a e coordena\u00e7\u00e3o estrat\u00e9gica, diz premi\u00ea Li - CRI e Diario de Pernambuco","robots":{"index":"index","follow":"follow","max-snippet":"max-snippet:-1","max-image-preview":"max-image-preview:large","max-video-preview":"max-video-preview:-1"},"canonical":"https:\/\/diariodepe.com.br\/cri\/2025\/05\/26\/china-esta-pronta-para-se-juntar-a-indonesia-no-aumento-da-confianca-e-coordenacao-estrategica-diz-premie-li\/","og_locale":"pt_BR","og_type":"article","og_title":"China est\u00e1 pronta para se juntar \u00e0 Indon\u00e9sia no aumento da confian\u00e7a e coordena\u00e7\u00e3o estrat\u00e9gica, diz premi\u00ea Li - CRI e Diario de Pernambuco","og_description":"O primeiro-ministro chin\u00eas, Li Qiang, disse no domingo que a China est\u00e1 pronta para trabalhar com a Indon\u00e9sia para elevar a confian\u00e7a pol\u00edtica m\u00fatua e a coordena\u00e7\u00e3o estrat\u00e9gica entre os dois pa\u00edses a um n\u00edvel mais alto. Li fez as...","og_url":"https:\/\/diariodepe.com.br\/cri\/2025\/05\/26\/china-esta-pronta-para-se-juntar-a-indonesia-no-aumento-da-confianca-e-coordenacao-estrategica-diz-premie-li\/","og_site_name":"CRI e Diario de Pernambuco","article_published_time":"2025-05-26T09:21:23+00:00","author":"Ismael Lucas S. Pereira","twitter_card":"summary_large_image","twitter_misc":{"Escrito por":"Ismael Lucas S. Pereira","Est. tempo de leitura":"5 minutos"},"schema":{"@context":"https:\/\/schema.org","@graph":[{"@type":"Article","@id":"https:\/\/diariodepe.com.br\/cri\/2025\/05\/26\/china-esta-pronta-para-se-juntar-a-indonesia-no-aumento-da-confianca-e-coordenacao-estrategica-diz-premie-li\/#article","isPartOf":{"@id":"https:\/\/diariodepe.com.br\/cri\/2025\/05\/26\/china-esta-pronta-para-se-juntar-a-indonesia-no-aumento-da-confianca-e-coordenacao-estrategica-diz-premie-li\/"},"author":{"name":"Ismael Lucas S. Pereira","@id":"https:\/\/diariodepe.com.br\/cri\/#\/schema\/person\/121bb28d84f1a5b1205ef4ce9c2e0c6b"},"headline":"China est\u00e1 pronta para se juntar \u00e0 Indon\u00e9sia no aumento da confian\u00e7a e coordena\u00e7\u00e3o estrat\u00e9gica, diz premi\u00ea Li","datePublished":"2025-05-26T09:21:23+00:00","mainEntityOfPage":{"@id":"https:\/\/diariodepe.com.br\/cri\/2025\/05\/26\/china-esta-pronta-para-se-juntar-a-indonesia-no-aumento-da-confianca-e-coordenacao-estrategica-diz-premie-li\/"},"wordCount":1003,"commentCount":0,"publisher":{"@id":"https:\/\/diariodepe.com.br\/cri\/#organization"},"articleSection":["Internacional"],"inLanguage":"pt-BR","potentialAction":[{"@type":"CommentAction","name":"Comment","target":["https:\/\/diariodepe.com.br\/cri\/2025\/05\/26\/china-esta-pronta-para-se-juntar-a-indonesia-no-aumento-da-confianca-e-coordenacao-estrategica-diz-premie-li\/#respond"]}]},{"@type":"WebPage","@id":"https:\/\/diariodepe.com.br\/cri\/2025\/05\/26\/china-esta-pronta-para-se-juntar-a-indonesia-no-aumento-da-confianca-e-coordenacao-estrategica-diz-premie-li\/","url":"https:\/\/diariodepe.com.br\/cri\/2025\/05\/26\/china-esta-pronta-para-se-juntar-a-indonesia-no-aumento-da-confianca-e-coordenacao-estrategica-diz-premie-li\/","name":"China est\u00e1 pronta para se juntar \u00e0 Indon\u00e9sia no aumento da confian\u00e7a e coordena\u00e7\u00e3o estrat\u00e9gica, diz premi\u00ea Li - CRI e Diario de Pernambuco","isPartOf":{"@id":"https:\/\/diariodepe.com.br\/cri\/#website"},"datePublished":"2025-05-26T09:21:23+00:00","breadcrumb":{"@id":"https:\/\/diariodepe.com.br\/cri\/2025\/05\/26\/china-esta-pronta-para-se-juntar-a-indonesia-no-aumento-da-confianca-e-coordenacao-estrategica-diz-premie-li\/#breadcrumb"},"inLanguage":"pt-BR","potentialAction":[{"@type":"ReadAction","target":["https:\/\/diariodepe.com.br\/cri\/2025\/05\/26\/china-esta-pronta-para-se-juntar-a-indonesia-no-aumento-da-confianca-e-coordenacao-estrategica-diz-premie-li\/"]}]},{"@type":"BreadcrumbList","@id":"https:\/\/diariodepe.com.br\/cri\/2025\/05\/26\/china-esta-pronta-para-se-juntar-a-indonesia-no-aumento-da-confianca-e-coordenacao-estrategica-diz-premie-li\/#breadcrumb","itemListElement":[{"@type":"ListItem","position":1,"name":"In\u00edcio","item":"https:\/\/diariodepe.com.br\/cri\/"},{"@type":"ListItem","position":2,"name":"China est\u00e1 pronta para se juntar \u00e0 Indon\u00e9sia no aumento da confian\u00e7a e coordena\u00e7\u00e3o estrat\u00e9gica, diz premi\u00ea Li"}]},{"@type":"WebSite","@id":"https:\/\/diariodepe.com.br\/cri\/#website","url":"https:\/\/diariodepe.com.br\/cri\/","name":"CRI e Diario de Pernambuco","description":"R\u00e1dio Internacional da China","publisher":{"@id":"https:\/\/diariodepe.com.br\/cri\/#organization"},"potentialAction":[{"@type":"SearchAction","target":{"@type":"EntryPoint","urlTemplate":"https:\/\/diariodepe.com.br\/cri\/?s={search_term_string}"},"query-input":{"@type":"PropertyValueSpecification","valueRequired":true,"valueName":"search_term_string"}}],"inLanguage":"pt-BR"},{"@type":"Organization","@id":"https:\/\/diariodepe.com.br\/cri\/#organization","name":"CRI e Diario de Pernambuco","url":"https:\/\/diariodepe.com.br\/cri\/","logo":{"@type":"ImageObject","inLanguage":"pt-BR","@id":"https:\/\/diariodepe.com.br\/cri\/#\/schema\/logo\/image\/","url":"https:\/\/diariodepe.com.br\/cri\/wp-content\/uploads\/sites\/2\/2022\/12\/cropped-Logo.jpg","contentUrl":"https:\/\/diariodepe.com.br\/cri\/wp-content\/uploads\/sites\/2\/2022\/12\/cropped-Logo.jpg","width":700,"height":59,"caption":"CRI e Diario de Pernambuco"},"image":{"@id":"https:\/\/diariodepe.com.br\/cri\/#\/schema\/logo\/image\/"}},{"@type":"Person","@id":"https:\/\/diariodepe.com.br\/cri\/#\/schema\/person\/121bb28d84f1a5b1205ef4ce9c2e0c6b","name":"Ismael Lucas S. Pereira","image":{"@type":"ImageObject","inLanguage":"pt-BR","@id":"https:\/\/secure.gravatar.com\/avatar\/887a0f3b5a7ceea963a48499fb883ffce6b5037362def025c52c2505b15d63e4?s=96&d=mm&r=g","url":"https:\/\/secure.gravatar.com\/avatar\/887a0f3b5a7ceea963a48499fb883ffce6b5037362def025c52c2505b15d63e4?s=96&d=mm&r=g","contentUrl":"https:\/\/secure.gravatar.com\/avatar\/887a0f3b5a7ceea963a48499fb883ffce6b5037362def025c52c2505b15d63e4?s=96&d=mm&r=g","caption":"Ismael Lucas S. Pereira"},"url":"https:\/\/diariodepe.com.br\/cri\/author\/ismael-lucas\/"}]}},"cc_featured_image_caption":{"caption_text":false,"source_text":false,"source_url":false},"amp_enabled":true,"_links":{"self":[{"href":"https:\/\/diariodepe.com.br\/cri\/wp-json\/wp\/v2\/posts\/8460","targetHints":{"allow":["GET"]}}],"collection":[{"href":"https:\/\/diariodepe.com.br\/cri\/wp-json\/wp\/v2\/posts"}],"about":[{"href":"https:\/\/diariodepe.com.br\/cri\/wp-json\/wp\/v2\/types\/post"}],"author":[{"embeddable":true,"href":"https:\/\/diariodepe.com.br\/cri\/wp-json\/wp\/v2\/users\/2"}],"replies":[{"embeddable":true,"href":"https:\/\/diariodepe.com.br\/cri\/wp-json\/wp\/v2\/comments?post=8460"}],"version-history":[{"count":1,"href":"https:\/\/diariodepe.com.br\/cri\/wp-json\/wp\/v2\/posts\/8460\/revisions"}],"predecessor-version":[{"id":8461,"href":"https:\/\/diariodepe.com.br\/cri\/wp-json\/wp\/v2\/posts\/8460\/revisions\/8461"}],"wp:attachment":[{"href":"https:\/\/diariodepe.com.br\/cri\/wp-json\/wp\/v2\/media?parent=8460"}],"wp:term":[{"taxonomy":"category","embeddable":true,"href":"https:\/\/diariodepe.com.br\/cri\/wp-json\/wp\/v2\/categories?post=8460"},{"taxonomy":"post_tag","embeddable":true,"href":"https:\/\/diariodepe.com.br\/cri\/wp-json\/wp\/v2\/tags?post=8460"}],"curies":[{"name":"wp","href":"https:\/\/api.w.org\/{rel}","templated":true}]}}