{"id":8458,"date":"2025-05-26T06:20:48","date_gmt":"2025-05-26T09:20:48","guid":{"rendered":"https:\/\/diariodepe.com.br\/cri\/?p=8458"},"modified":"2025-05-26T06:20:48","modified_gmt":"2025-05-26T09:20:48","slug":"premie-li-pede-que-china-e-indonesia-ampliem-cooperacao-e-protejam-livre-comercio","status":"publish","type":"post","link":"https:\/\/diariodepe.com.br\/cri\/2025\/05\/26\/premie-li-pede-que-china-e-indonesia-ampliem-cooperacao-e-protejam-livre-comercio\/","title":{"rendered":"Premi\u00ea Li pede que China e Indon\u00e9sia ampliem coopera\u00e7\u00e3o e protejam livre com\u00e9rcio"},"content":{"rendered":"<p><img decoding=\"async\" src=\"https:\/\/38picres.cgtn.com\/photoAlbum\/page\/performance\/img\/2025\/5\/26\/1748244610694_631.jpeg\" width=\"100%\" height=\"auto\" \/><\/p>\n<p>O primeiro-ministro chin\u00eas, Li Qiang, pediu no s\u00e1bado que a China e a Indon\u00e9sia ampliem a coopera\u00e7\u00e3o, fortale\u00e7am a integra\u00e7\u00e3o industrial e protejam o livre com\u00e9rcio.<\/p>\n<p>Li fez essas observa\u00e7\u00f5es ao fazer discurso na Recep\u00e7\u00e3o de Neg\u00f3cios Indon\u00e9sia-China 2025.<\/p>\n<p>Observando que este ano marca o 75\u00ba anivers\u00e1rio do estabelecimento de la\u00e7os diplom\u00e1ticos entre a China e a Indon\u00e9sia e o 70\u00ba anivers\u00e1rio da Confer\u00eancia de Bandung, Li disse que, h\u00e1 mais de sete d\u00e9cadas, o mundo se encontrava em uma encruzilhada hist\u00f3rica.<\/p>\n<p>Em meio \u00e0 disc\u00f3rdia e confronta\u00e7\u00e3o global, a China e a Indon\u00e9sia, juntamente com outros pa\u00edses asi\u00e1ticos e africanos, reuniram-se em Bandung e forjaram o Esp\u00edrito de Bandung de solidariedade, amizade e coopera\u00e7\u00e3o, que desempenhou um papel fundamental na promo\u00e7\u00e3o da coopera\u00e7\u00e3o Sul-Sul e na condu\u00e7\u00e3o do mundo em dire\u00e7\u00e3o ao desenvolvimento positivo, assinalou Li.<\/p>\n<p>Hoje, mais de sete d\u00e9cadas depois, o mundo est\u00e1 mais uma vez em uma encruzilhada cr\u00edtica, disse Li, acrescentando que, em meio \u00e0 evolu\u00e7\u00e3o da situa\u00e7\u00e3o internacional entrela\u00e7ada com a turbul\u00eancia, o unilateralismo e o protecionismo est\u00e3o em ascens\u00e3o e os atos de intimida\u00e7\u00e3o est\u00e3o aumentando.<\/p>\n<p>Diante desse cen\u00e1rio, o valor contempor\u00e2neo do Esp\u00edrito de Bandung tornou-se mais proeminente, disse Li.<\/p>\n<p>Ele instou os dois lados a seguirem a tend\u00eancia geral do progresso hist\u00f3rico, aderirem \u00e0 busca de pontos em comum deixando de lado as diverg\u00eancias e \u00e0 coexist\u00eancia pac\u00edfica, resolverem as diverg\u00eancias por meio de consultas, promoverem resultados de benef\u00edcio m\u00fatuo por meio da coopera\u00e7\u00e3o e realizarem o desenvolvimento e a prosperidade por meio da constru\u00e7\u00e3o conjunta e dos ganhos rec\u00edprocos.<\/p>\n<p>Observando que a China e a Indon\u00e9sia t\u00eam consistentemente defendido o Esp\u00edrito de Bandung na promo\u00e7\u00e3o da coopera\u00e7\u00e3o pr\u00e1tica em todas as \u00e1reas, Li disse que, sob a orienta\u00e7\u00e3o estrat\u00e9gica dos chefes de Estado dos dois pa\u00edses nos \u00faltimos anos, a coopera\u00e7\u00e3o China-Indon\u00e9sia tem continuamente alcan\u00e7ado novos patamares.<\/p>\n<p>Com o com\u00e9rcio bilateral expandindo em escala e melhorando em qualidade, o investimento bilateral crescendo rapidamente e os principais projetos produzindo resultados not\u00e1veis, a coopera\u00e7\u00e3o econ\u00f4mica e comercial entre os dois pa\u00edses continuou a fortalecer seus la\u00e7os, proporcionando benef\u00edcios tang\u00edveis para empresas e pessoas dos dois pa\u00edses, e injetando maior certeza na economia mundial, acrescentou o premi\u00ea chin\u00eas.<\/p>\n<p>Li enfatizou que, neste ano, a economia da China alcan\u00e7ou um r\u00e1pido crescimento em meio aos crescentes desafios externos, demonstrando fortes \u00edmpetos internos e um enorme potencial de crescimento.<\/p>\n<p>Li observou o espa\u00e7o incremental para a libera\u00e7\u00e3o das demandas, dizendo que a China est\u00e1 implementando uma estrat\u00e9gia para expandir as demandas dom\u00e9sticas e est\u00e1 lan\u00e7ando iniciativas espec\u00edficas para impulsionar o consumo, o que desbloquear\u00e1 continuamente o potencial de seu mercado gigantesco.<\/p>\n<p>H\u00e1 tamb\u00e9m um vasto potencial na capacita\u00e7\u00e3o tecnol\u00f3gica, disse Li, observando que a China continua a fazer avan\u00e7os na inova\u00e7\u00e3o tecnol\u00f3gica, com os setores de intelig\u00eancia artificial, rob\u00f3tica, e biofarmac\u00eautica entre os outros acelerando sua integra\u00e7\u00e3o entre setores, o que criar\u00e1 mais oportunidades de coopera\u00e7\u00e3o em inova\u00e7\u00e3o e investimentos para empresas em todo o mundo.<\/p>\n<p>Li tamb\u00e9m destacou o potencial de moderniza\u00e7\u00e3o industrial, dizendo que a China est\u00e1 avan\u00e7ando vigorosamente na transforma\u00e7\u00e3o inteligente e ecol\u00f3gica de seu setor de manufatura, ao mesmo tempo que expande o investimento no exterior de maneira ordenada, e aumentar\u00e1 a efici\u00eancia e a resili\u00eancia das cadeias industriais e de suprimentos globais em colabora\u00e7\u00e3o com outros pa\u00edses.<\/p>\n<p>A China est\u00e1 pronta para compartilhar o espa\u00e7o de crescimento incremental e as oportunidades de desenvolvimento com todos os pa\u00edses, incluindo a Indon\u00e9sia, e permanece firme na abertura mais ampla para o mundo, afirmou Li, acrescentando que a China criar\u00e1 um ambiente mais favor\u00e1vel para que as empresas estrangeiras invistam e operem na China.<\/p>\n<p>Li expressou a esperan\u00e7a de que as comunidades empresariais da China e da Indon\u00e9sia intensifiquem o acoplamento e tomem medidas ativas para promover uma coopera\u00e7\u00e3o mais frut\u00edfera em v\u00e1rios campos entre os dois pa\u00edses.<\/p>\n<p>Prabowo, por sua vez, disse que a rela\u00e7\u00e3o entre a Indon\u00e9sia e a China \u00e9 uma das rela\u00e7\u00f5es bilaterais mais estrat\u00e9gicas e promissoras do s\u00e9culo XXI.<\/p>\n<p>A Indon\u00e9sia est\u00e1 disposta a fortalecer a coopera\u00e7\u00e3o com a China nas \u00e1reas de economia e com\u00e9rcio, ind\u00fastria, economia verde, assim como ci\u00eancia e educa\u00e7\u00e3o, promover os interc\u00e2mbios culturais e interpessoais, de modo a obter resultados mutuamente ben\u00e9ficos e vantajosos para todos, disse ele, acrescentando que as empresas chinesas s\u00e3o bem-vindas para continuar a investir e fazer neg\u00f3cios na Indon\u00e9sia e ampliar o escopo da coopera\u00e7\u00e3o.<\/p>\n<p>A Indon\u00e9sia aprecia muito o importante papel da China nos assuntos internacionais e est\u00e1 pronta para trabalhar com a China para levar adiante o Esp\u00edrito de Bandung, manter a paz, a estabilidade e a prosperidade na \u00c1sia, salvaguardar os interesses comuns dos pa\u00edses em desenvolvimento e defender a equidade e a justi\u00e7a internacionais, disse ele.<\/p>\n<p>Antes do jantar, os l\u00edderes dos dois pa\u00edses visitaram em conjunto uma exposi\u00e7\u00e3o em comemora\u00e7\u00e3o ao 70\u00ba anivers\u00e1rio da Confer\u00eancia de Bandung e uma exposi\u00e7\u00e3o sobre as realiza\u00e7\u00f5es da coopera\u00e7\u00e3o econ\u00f4mica e comercial entre a China e a Indon\u00e9sia.<\/p>\n","protected":false},"excerpt":{"rendered":"<p>O primeiro-ministro chin\u00eas, Li Qiang, pediu no s\u00e1bado que a China e a Indon\u00e9sia ampliem a coopera\u00e7\u00e3o, fortale\u00e7am a integra\u00e7\u00e3o industrial e protejam o livre com\u00e9rcio. Li fez essas observa\u00e7\u00f5es ao fazer discurso na Recep\u00e7\u00e3o de Neg\u00f3cios Indon\u00e9sia-China 2025. Observando&#8230;<\/p>\n","protected":false},"author":2,"featured_media":0,"comment_status":"open","ping_status":"open","sticky":false,"template":"","format":"standard","meta":{"footnotes":""},"categories":[8],"tags":[],"class_list":["post-8458","post","type-post","status-publish","format-standard","hentry","category-internacional"],"yoast_head":"<!-- This site is optimized with the Yoast SEO plugin v27.4 - https:\/\/yoast.com\/product\/yoast-seo-wordpress\/ -->\n<title>Premi\u00ea Li pede que China e Indon\u00e9sia ampliem coopera\u00e7\u00e3o e protejam livre com\u00e9rcio - CRI e Diario de Pernambuco<\/title>\n<meta name=\"robots\" content=\"index, follow, max-snippet:-1, max-image-preview:large, max-video-preview:-1\" \/>\n<link rel=\"canonical\" href=\"https:\/\/diariodepe.com.br\/cri\/2025\/05\/26\/premie-li-pede-que-china-e-indonesia-ampliem-cooperacao-e-protejam-livre-comercio\/\" \/>\n<meta property=\"og:locale\" content=\"pt_BR\" \/>\n<meta property=\"og:type\" content=\"article\" \/>\n<meta property=\"og:title\" content=\"Premi\u00ea Li pede que China e Indon\u00e9sia ampliem coopera\u00e7\u00e3o e protejam livre com\u00e9rcio - CRI e Diario de Pernambuco\" \/>\n<meta property=\"og:description\" content=\"O primeiro-ministro chin\u00eas, Li Qiang, pediu no s\u00e1bado que a China e a Indon\u00e9sia ampliem a coopera\u00e7\u00e3o, fortale\u00e7am a integra\u00e7\u00e3o industrial e protejam o livre com\u00e9rcio. Li fez essas observa\u00e7\u00f5es ao fazer discurso na Recep\u00e7\u00e3o de Neg\u00f3cios Indon\u00e9sia-China 2025. Observando...\" \/>\n<meta property=\"og:url\" content=\"https:\/\/diariodepe.com.br\/cri\/2025\/05\/26\/premie-li-pede-que-china-e-indonesia-ampliem-cooperacao-e-protejam-livre-comercio\/\" \/>\n<meta property=\"og:site_name\" content=\"CRI e Diario de Pernambuco\" \/>\n<meta property=\"article:published_time\" content=\"2025-05-26T09:20:48+00:00\" \/>\n<meta property=\"og:image\" content=\"https:\/\/38picres.cgtn.com\/photoAlbum\/page\/performance\/img\/2025\/5\/26\/1748244610694_631.jpeg\" \/>\n<meta name=\"author\" content=\"Ismael Lucas S. Pereira\" \/>\n<meta name=\"twitter:card\" content=\"summary_large_image\" \/>\n<meta name=\"twitter:label1\" content=\"Escrito por\" \/>\n\t<meta name=\"twitter:data1\" content=\"Ismael Lucas S. Pereira\" \/>\n\t<meta name=\"twitter:label2\" content=\"Est. tempo de leitura\" \/>\n\t<meta name=\"twitter:data2\" content=\"5 minutos\" \/>\n<script type=\"application\/ld+json\" class=\"yoast-schema-graph\">{\"@context\":\"https:\\\/\\\/schema.org\",\"@graph\":[{\"@type\":\"Article\",\"@id\":\"https:\\\/\\\/diariodepe.com.br\\\/cri\\\/2025\\\/05\\\/26\\\/premie-li-pede-que-china-e-indonesia-ampliem-cooperacao-e-protejam-livre-comercio\\\/#article\",\"isPartOf\":{\"@id\":\"https:\\\/\\\/diariodepe.com.br\\\/cri\\\/2025\\\/05\\\/26\\\/premie-li-pede-que-china-e-indonesia-ampliem-cooperacao-e-protejam-livre-comercio\\\/\"},\"author\":{\"name\":\"Ismael Lucas S. Pereira\",\"@id\":\"https:\\\/\\\/diariodepe.com.br\\\/cri\\\/#\\\/schema\\\/person\\\/121bb28d84f1a5b1205ef4ce9c2e0c6b\"},\"headline\":\"Premi\u00ea Li pede que China e Indon\u00e9sia ampliem coopera\u00e7\u00e3o e protejam livre com\u00e9rcio\",\"datePublished\":\"2025-05-26T09:20:48+00:00\",\"mainEntityOfPage\":{\"@id\":\"https:\\\/\\\/diariodepe.com.br\\\/cri\\\/2025\\\/05\\\/26\\\/premie-li-pede-que-china-e-indonesia-ampliem-cooperacao-e-protejam-livre-comercio\\\/\"},\"wordCount\":975,\"commentCount\":0,\"publisher\":{\"@id\":\"https:\\\/\\\/diariodepe.com.br\\\/cri\\\/#organization\"},\"image\":{\"@id\":\"https:\\\/\\\/diariodepe.com.br\\\/cri\\\/2025\\\/05\\\/26\\\/premie-li-pede-que-china-e-indonesia-ampliem-cooperacao-e-protejam-livre-comercio\\\/#primaryimage\"},\"thumbnailUrl\":\"https:\\\/\\\/38picres.cgtn.com\\\/photoAlbum\\\/page\\\/performance\\\/img\\\/2025\\\/5\\\/26\\\/1748244610694_631.jpeg\",\"articleSection\":[\"Internacional\"],\"inLanguage\":\"pt-BR\",\"potentialAction\":[{\"@type\":\"CommentAction\",\"name\":\"Comment\",\"target\":[\"https:\\\/\\\/diariodepe.com.br\\\/cri\\\/2025\\\/05\\\/26\\\/premie-li-pede-que-china-e-indonesia-ampliem-cooperacao-e-protejam-livre-comercio\\\/#respond\"]}]},{\"@type\":\"WebPage\",\"@id\":\"https:\\\/\\\/diariodepe.com.br\\\/cri\\\/2025\\\/05\\\/26\\\/premie-li-pede-que-china-e-indonesia-ampliem-cooperacao-e-protejam-livre-comercio\\\/\",\"url\":\"https:\\\/\\\/diariodepe.com.br\\\/cri\\\/2025\\\/05\\\/26\\\/premie-li-pede-que-china-e-indonesia-ampliem-cooperacao-e-protejam-livre-comercio\\\/\",\"name\":\"Premi\u00ea Li pede que China e Indon\u00e9sia ampliem coopera\u00e7\u00e3o e protejam livre com\u00e9rcio - CRI e Diario de Pernambuco\",\"isPartOf\":{\"@id\":\"https:\\\/\\\/diariodepe.com.br\\\/cri\\\/#website\"},\"primaryImageOfPage\":{\"@id\":\"https:\\\/\\\/diariodepe.com.br\\\/cri\\\/2025\\\/05\\\/26\\\/premie-li-pede-que-china-e-indonesia-ampliem-cooperacao-e-protejam-livre-comercio\\\/#primaryimage\"},\"image\":{\"@id\":\"https:\\\/\\\/diariodepe.com.br\\\/cri\\\/2025\\\/05\\\/26\\\/premie-li-pede-que-china-e-indonesia-ampliem-cooperacao-e-protejam-livre-comercio\\\/#primaryimage\"},\"thumbnailUrl\":\"https:\\\/\\\/38picres.cgtn.com\\\/photoAlbum\\\/page\\\/performance\\\/img\\\/2025\\\/5\\\/26\\\/1748244610694_631.jpeg\",\"datePublished\":\"2025-05-26T09:20:48+00:00\",\"breadcrumb\":{\"@id\":\"https:\\\/\\\/diariodepe.com.br\\\/cri\\\/2025\\\/05\\\/26\\\/premie-li-pede-que-china-e-indonesia-ampliem-cooperacao-e-protejam-livre-comercio\\\/#breadcrumb\"},\"inLanguage\":\"pt-BR\",\"potentialAction\":[{\"@type\":\"ReadAction\",\"target\":[\"https:\\\/\\\/diariodepe.com.br\\\/cri\\\/2025\\\/05\\\/26\\\/premie-li-pede-que-china-e-indonesia-ampliem-cooperacao-e-protejam-livre-comercio\\\/\"]}]},{\"@type\":\"ImageObject\",\"inLanguage\":\"pt-BR\",\"@id\":\"https:\\\/\\\/diariodepe.com.br\\\/cri\\\/2025\\\/05\\\/26\\\/premie-li-pede-que-china-e-indonesia-ampliem-cooperacao-e-protejam-livre-comercio\\\/#primaryimage\",\"url\":\"https:\\\/\\\/38picres.cgtn.com\\\/photoAlbum\\\/page\\\/performance\\\/img\\\/2025\\\/5\\\/26\\\/1748244610694_631.jpeg\",\"contentUrl\":\"https:\\\/\\\/38picres.cgtn.com\\\/photoAlbum\\\/page\\\/performance\\\/img\\\/2025\\\/5\\\/26\\\/1748244610694_631.jpeg\"},{\"@type\":\"BreadcrumbList\",\"@id\":\"https:\\\/\\\/diariodepe.com.br\\\/cri\\\/2025\\\/05\\\/26\\\/premie-li-pede-que-china-e-indonesia-ampliem-cooperacao-e-protejam-livre-comercio\\\/#breadcrumb\",\"itemListElement\":[{\"@type\":\"ListItem\",\"position\":1,\"name\":\"In\u00edcio\",\"item\":\"https:\\\/\\\/diariodepe.com.br\\\/cri\\\/\"},{\"@type\":\"ListItem\",\"position\":2,\"name\":\"Premi\u00ea Li pede que China e Indon\u00e9sia ampliem coopera\u00e7\u00e3o e protejam livre com\u00e9rcio\"}]},{\"@type\":\"WebSite\",\"@id\":\"https:\\\/\\\/diariodepe.com.br\\\/cri\\\/#website\",\"url\":\"https:\\\/\\\/diariodepe.com.br\\\/cri\\\/\",\"name\":\"CRI e Diario de Pernambuco\",\"description\":\"R\u00e1dio Internacional da China\",\"publisher\":{\"@id\":\"https:\\\/\\\/diariodepe.com.br\\\/cri\\\/#organization\"},\"potentialAction\":[{\"@type\":\"SearchAction\",\"target\":{\"@type\":\"EntryPoint\",\"urlTemplate\":\"https:\\\/\\\/diariodepe.com.br\\\/cri\\\/?s={search_term_string}\"},\"query-input\":{\"@type\":\"PropertyValueSpecification\",\"valueRequired\":true,\"valueName\":\"search_term_string\"}}],\"inLanguage\":\"pt-BR\"},{\"@type\":\"Organization\",\"@id\":\"https:\\\/\\\/diariodepe.com.br\\\/cri\\\/#organization\",\"name\":\"CRI e Diario de Pernambuco\",\"url\":\"https:\\\/\\\/diariodepe.com.br\\\/cri\\\/\",\"logo\":{\"@type\":\"ImageObject\",\"inLanguage\":\"pt-BR\",\"@id\":\"https:\\\/\\\/diariodepe.com.br\\\/cri\\\/#\\\/schema\\\/logo\\\/image\\\/\",\"url\":\"https:\\\/\\\/diariodepe.com.br\\\/cri\\\/wp-content\\\/uploads\\\/sites\\\/2\\\/2022\\\/12\\\/cropped-Logo.jpg\",\"contentUrl\":\"https:\\\/\\\/diariodepe.com.br\\\/cri\\\/wp-content\\\/uploads\\\/sites\\\/2\\\/2022\\\/12\\\/cropped-Logo.jpg\",\"width\":700,\"height\":59,\"caption\":\"CRI e Diario de Pernambuco\"},\"image\":{\"@id\":\"https:\\\/\\\/diariodepe.com.br\\\/cri\\\/#\\\/schema\\\/logo\\\/image\\\/\"}},{\"@type\":\"Person\",\"@id\":\"https:\\\/\\\/diariodepe.com.br\\\/cri\\\/#\\\/schema\\\/person\\\/121bb28d84f1a5b1205ef4ce9c2e0c6b\",\"name\":\"Ismael Lucas S. Pereira\",\"image\":{\"@type\":\"ImageObject\",\"inLanguage\":\"pt-BR\",\"@id\":\"https:\\\/\\\/secure.gravatar.com\\\/avatar\\\/887a0f3b5a7ceea963a48499fb883ffce6b5037362def025c52c2505b15d63e4?s=96&d=mm&r=g\",\"url\":\"https:\\\/\\\/secure.gravatar.com\\\/avatar\\\/887a0f3b5a7ceea963a48499fb883ffce6b5037362def025c52c2505b15d63e4?s=96&d=mm&r=g\",\"contentUrl\":\"https:\\\/\\\/secure.gravatar.com\\\/avatar\\\/887a0f3b5a7ceea963a48499fb883ffce6b5037362def025c52c2505b15d63e4?s=96&d=mm&r=g\",\"caption\":\"Ismael Lucas S. Pereira\"},\"url\":\"https:\\\/\\\/diariodepe.com.br\\\/cri\\\/author\\\/ismael-lucas\\\/\"}]}<\/script>\n<!-- \/ Yoast SEO plugin. -->","yoast_head_json":{"title":"Premi\u00ea Li pede que China e Indon\u00e9sia ampliem coopera\u00e7\u00e3o e protejam livre com\u00e9rcio - CRI e Diario de Pernambuco","robots":{"index":"index","follow":"follow","max-snippet":"max-snippet:-1","max-image-preview":"max-image-preview:large","max-video-preview":"max-video-preview:-1"},"canonical":"https:\/\/diariodepe.com.br\/cri\/2025\/05\/26\/premie-li-pede-que-china-e-indonesia-ampliem-cooperacao-e-protejam-livre-comercio\/","og_locale":"pt_BR","og_type":"article","og_title":"Premi\u00ea Li pede que China e Indon\u00e9sia ampliem coopera\u00e7\u00e3o e protejam livre com\u00e9rcio - CRI e Diario de Pernambuco","og_description":"O primeiro-ministro chin\u00eas, Li Qiang, pediu no s\u00e1bado que a China e a Indon\u00e9sia ampliem a coopera\u00e7\u00e3o, fortale\u00e7am a integra\u00e7\u00e3o industrial e protejam o livre com\u00e9rcio. Li fez essas observa\u00e7\u00f5es ao fazer discurso na Recep\u00e7\u00e3o de Neg\u00f3cios Indon\u00e9sia-China 2025. Observando...","og_url":"https:\/\/diariodepe.com.br\/cri\/2025\/05\/26\/premie-li-pede-que-china-e-indonesia-ampliem-cooperacao-e-protejam-livre-comercio\/","og_site_name":"CRI e Diario de Pernambuco","article_published_time":"2025-05-26T09:20:48+00:00","og_image":[{"url":"https:\/\/38picres.cgtn.com\/photoAlbum\/page\/performance\/img\/2025\/5\/26\/1748244610694_631.jpeg","type":"","width":"","height":""}],"author":"Ismael Lucas S. Pereira","twitter_card":"summary_large_image","twitter_misc":{"Escrito por":"Ismael Lucas S. Pereira","Est. tempo de leitura":"5 minutos"},"schema":{"@context":"https:\/\/schema.org","@graph":[{"@type":"Article","@id":"https:\/\/diariodepe.com.br\/cri\/2025\/05\/26\/premie-li-pede-que-china-e-indonesia-ampliem-cooperacao-e-protejam-livre-comercio\/#article","isPartOf":{"@id":"https:\/\/diariodepe.com.br\/cri\/2025\/05\/26\/premie-li-pede-que-china-e-indonesia-ampliem-cooperacao-e-protejam-livre-comercio\/"},"author":{"name":"Ismael Lucas S. Pereira","@id":"https:\/\/diariodepe.com.br\/cri\/#\/schema\/person\/121bb28d84f1a5b1205ef4ce9c2e0c6b"},"headline":"Premi\u00ea Li pede que China e Indon\u00e9sia ampliem coopera\u00e7\u00e3o e protejam livre com\u00e9rcio","datePublished":"2025-05-26T09:20:48+00:00","mainEntityOfPage":{"@id":"https:\/\/diariodepe.com.br\/cri\/2025\/05\/26\/premie-li-pede-que-china-e-indonesia-ampliem-cooperacao-e-protejam-livre-comercio\/"},"wordCount":975,"commentCount":0,"publisher":{"@id":"https:\/\/diariodepe.com.br\/cri\/#organization"},"image":{"@id":"https:\/\/diariodepe.com.br\/cri\/2025\/05\/26\/premie-li-pede-que-china-e-indonesia-ampliem-cooperacao-e-protejam-livre-comercio\/#primaryimage"},"thumbnailUrl":"https:\/\/38picres.cgtn.com\/photoAlbum\/page\/performance\/img\/2025\/5\/26\/1748244610694_631.jpeg","articleSection":["Internacional"],"inLanguage":"pt-BR","potentialAction":[{"@type":"CommentAction","name":"Comment","target":["https:\/\/diariodepe.com.br\/cri\/2025\/05\/26\/premie-li-pede-que-china-e-indonesia-ampliem-cooperacao-e-protejam-livre-comercio\/#respond"]}]},{"@type":"WebPage","@id":"https:\/\/diariodepe.com.br\/cri\/2025\/05\/26\/premie-li-pede-que-china-e-indonesia-ampliem-cooperacao-e-protejam-livre-comercio\/","url":"https:\/\/diariodepe.com.br\/cri\/2025\/05\/26\/premie-li-pede-que-china-e-indonesia-ampliem-cooperacao-e-protejam-livre-comercio\/","name":"Premi\u00ea Li pede que China e Indon\u00e9sia ampliem coopera\u00e7\u00e3o e protejam livre com\u00e9rcio - CRI e Diario de Pernambuco","isPartOf":{"@id":"https:\/\/diariodepe.com.br\/cri\/#website"},"primaryImageOfPage":{"@id":"https:\/\/diariodepe.com.br\/cri\/2025\/05\/26\/premie-li-pede-que-china-e-indonesia-ampliem-cooperacao-e-protejam-livre-comercio\/#primaryimage"},"image":{"@id":"https:\/\/diariodepe.com.br\/cri\/2025\/05\/26\/premie-li-pede-que-china-e-indonesia-ampliem-cooperacao-e-protejam-livre-comercio\/#primaryimage"},"thumbnailUrl":"https:\/\/38picres.cgtn.com\/photoAlbum\/page\/performance\/img\/2025\/5\/26\/1748244610694_631.jpeg","datePublished":"2025-05-26T09:20:48+00:00","breadcrumb":{"@id":"https:\/\/diariodepe.com.br\/cri\/2025\/05\/26\/premie-li-pede-que-china-e-indonesia-ampliem-cooperacao-e-protejam-livre-comercio\/#breadcrumb"},"inLanguage":"pt-BR","potentialAction":[{"@type":"ReadAction","target":["https:\/\/diariodepe.com.br\/cri\/2025\/05\/26\/premie-li-pede-que-china-e-indonesia-ampliem-cooperacao-e-protejam-livre-comercio\/"]}]},{"@type":"ImageObject","inLanguage":"pt-BR","@id":"https:\/\/diariodepe.com.br\/cri\/2025\/05\/26\/premie-li-pede-que-china-e-indonesia-ampliem-cooperacao-e-protejam-livre-comercio\/#primaryimage","url":"https:\/\/38picres.cgtn.com\/photoAlbum\/page\/performance\/img\/2025\/5\/26\/1748244610694_631.jpeg","contentUrl":"https:\/\/38picres.cgtn.com\/photoAlbum\/page\/performance\/img\/2025\/5\/26\/1748244610694_631.jpeg"},{"@type":"BreadcrumbList","@id":"https:\/\/diariodepe.com.br\/cri\/2025\/05\/26\/premie-li-pede-que-china-e-indonesia-ampliem-cooperacao-e-protejam-livre-comercio\/#breadcrumb","itemListElement":[{"@type":"ListItem","position":1,"name":"In\u00edcio","item":"https:\/\/diariodepe.com.br\/cri\/"},{"@type":"ListItem","position":2,"name":"Premi\u00ea Li pede que China e Indon\u00e9sia ampliem coopera\u00e7\u00e3o e protejam livre com\u00e9rcio"}]},{"@type":"WebSite","@id":"https:\/\/diariodepe.com.br\/cri\/#website","url":"https:\/\/diariodepe.com.br\/cri\/","name":"CRI e Diario de Pernambuco","description":"R\u00e1dio Internacional da China","publisher":{"@id":"https:\/\/diariodepe.com.br\/cri\/#organization"},"potentialAction":[{"@type":"SearchAction","target":{"@type":"EntryPoint","urlTemplate":"https:\/\/diariodepe.com.br\/cri\/?s={search_term_string}"},"query-input":{"@type":"PropertyValueSpecification","valueRequired":true,"valueName":"search_term_string"}}],"inLanguage":"pt-BR"},{"@type":"Organization","@id":"https:\/\/diariodepe.com.br\/cri\/#organization","name":"CRI e Diario de Pernambuco","url":"https:\/\/diariodepe.com.br\/cri\/","logo":{"@type":"ImageObject","inLanguage":"pt-BR","@id":"https:\/\/diariodepe.com.br\/cri\/#\/schema\/logo\/image\/","url":"https:\/\/diariodepe.com.br\/cri\/wp-content\/uploads\/sites\/2\/2022\/12\/cropped-Logo.jpg","contentUrl":"https:\/\/diariodepe.com.br\/cri\/wp-content\/uploads\/sites\/2\/2022\/12\/cropped-Logo.jpg","width":700,"height":59,"caption":"CRI e Diario de Pernambuco"},"image":{"@id":"https:\/\/diariodepe.com.br\/cri\/#\/schema\/logo\/image\/"}},{"@type":"Person","@id":"https:\/\/diariodepe.com.br\/cri\/#\/schema\/person\/121bb28d84f1a5b1205ef4ce9c2e0c6b","name":"Ismael Lucas S. Pereira","image":{"@type":"ImageObject","inLanguage":"pt-BR","@id":"https:\/\/secure.gravatar.com\/avatar\/887a0f3b5a7ceea963a48499fb883ffce6b5037362def025c52c2505b15d63e4?s=96&d=mm&r=g","url":"https:\/\/secure.gravatar.com\/avatar\/887a0f3b5a7ceea963a48499fb883ffce6b5037362def025c52c2505b15d63e4?s=96&d=mm&r=g","contentUrl":"https:\/\/secure.gravatar.com\/avatar\/887a0f3b5a7ceea963a48499fb883ffce6b5037362def025c52c2505b15d63e4?s=96&d=mm&r=g","caption":"Ismael Lucas S. Pereira"},"url":"https:\/\/diariodepe.com.br\/cri\/author\/ismael-lucas\/"}]}},"cc_featured_image_caption":{"caption_text":false,"source_text":false,"source_url":false},"amp_enabled":true,"_links":{"self":[{"href":"https:\/\/diariodepe.com.br\/cri\/wp-json\/wp\/v2\/posts\/8458","targetHints":{"allow":["GET"]}}],"collection":[{"href":"https:\/\/diariodepe.com.br\/cri\/wp-json\/wp\/v2\/posts"}],"about":[{"href":"https:\/\/diariodepe.com.br\/cri\/wp-json\/wp\/v2\/types\/post"}],"author":[{"embeddable":true,"href":"https:\/\/diariodepe.com.br\/cri\/wp-json\/wp\/v2\/users\/2"}],"replies":[{"embeddable":true,"href":"https:\/\/diariodepe.com.br\/cri\/wp-json\/wp\/v2\/comments?post=8458"}],"version-history":[{"count":1,"href":"https:\/\/diariodepe.com.br\/cri\/wp-json\/wp\/v2\/posts\/8458\/revisions"}],"predecessor-version":[{"id":8459,"href":"https:\/\/diariodepe.com.br\/cri\/wp-json\/wp\/v2\/posts\/8458\/revisions\/8459"}],"wp:attachment":[{"href":"https:\/\/diariodepe.com.br\/cri\/wp-json\/wp\/v2\/media?parent=8458"}],"wp:term":[{"taxonomy":"category","embeddable":true,"href":"https:\/\/diariodepe.com.br\/cri\/wp-json\/wp\/v2\/categories?post=8458"},{"taxonomy":"post_tag","embeddable":true,"href":"https:\/\/diariodepe.com.br\/cri\/wp-json\/wp\/v2\/tags?post=8458"}],"curies":[{"name":"wp","href":"https:\/\/api.w.org\/{rel}","templated":true}]}}