{"id":8438,"date":"2025-05-22T05:01:14","date_gmt":"2025-05-22T08:01:14","guid":{"rendered":"https:\/\/diariodepe.com.br\/cri\/?p=8438"},"modified":"2025-05-22T05:01:14","modified_gmt":"2025-05-22T08:01:14","slug":"dados-economicos-de-abril-mostram-a-forte-resiliencia-da-economia-chinesa","status":"publish","type":"post","link":"https:\/\/diariodepe.com.br\/cri\/2025\/05\/22\/dados-economicos-de-abril-mostram-a-forte-resiliencia-da-economia-chinesa\/","title":{"rendered":"Dados econ\u00f4micos de abril mostram a forte resili\u00eancia da economia chinesa"},"content":{"rendered":"<p>Uma autoridade chinesa divulgou nesta segunda-feira (19) as estat\u00edsticas sobre a economia do pa\u00eds em abril, segundo as quais o valor agregado de ind\u00fastrias acima da dimens\u00e3o designada aumentou 6,1% em compara\u00e7\u00e3o com o mesmo per\u00edodo do ano passado.<\/p>\n<p>Ao mesmo tempo, o \u00edndice de produ\u00e7\u00e3o da ind\u00fastria de servi\u00e7os contou com um crescimento hom\u00f3logo de 6% e o valor total das vendas no varejo de bens de consumo do pa\u00eds ultrapassou 3,7 trilh\u00f5es de yuans, aumentando 5,1% em rela\u00e7\u00e3o ao de abril de 2024.<\/p>\n<p>Al\u00e9m disso, de janeiro a abril, as exporta\u00e7\u00f5es de mercadorias da China aumentaram 7,5% em rela\u00e7\u00e3o \u00e0 mesma \u00e9poca do ano anterior. E pela primeira vez, tanto a produ\u00e7\u00e3o como as vendas de autom\u00f3veis da China ultrapassaram a cifra de 10 milh\u00f5es de unidades, das quais as exporta\u00e7\u00f5es da BYD aumentaram 110% em compara\u00e7\u00e3o com o ano passado.<\/p>\n<p><img decoding=\"async\" src=\"https:\/\/38picres.cgtn.com\/photoAlbum\/page\/performance\/img\/2025\/5\/20\/1747716026877_990.png\" width=\"100%\" height=\"auto\" \/><\/p>\n<p>Estes resultados positivos foram alcan\u00e7ados sob o contexto da guerra tarif\u00e1ria desencadeada pelos Estados Unidos, por isso, s\u00e3o muito valiosos. Os ve\u00edculos de imprensa internacionais tamb\u00e9m n\u00e3o pouparam seus elogios sobre a resili\u00eancia e a estabilidade da economia chinesa.<\/p>\n<p>Afetado pela guerra tarif\u00e1ria e outros fatores, a Organiza\u00e7\u00e3o das Na\u00e7\u00f5es Unidas divulgou recentemente um relat\u00f3rio apontando que o crescimento econ\u00f4mico global deve desacelerar para 2,4% em 2025, 0,4 ponto percentual abaixo da previs\u00e3o de janeiro. Em contraste, institui\u00e7\u00f5es internacionais como Goldman Sachs, ING Group e UBS aumentaram suas previs\u00f5es para o crescimento econ\u00f4mico da China em 2025. Muitos respons\u00e1veis de empresas multinacionais acreditam que a China se tornou sin\u00f4nimo de &#8220;certeza&#8221;.<\/p>\n<p>Primeiro, a China possui um enorme mercado. Sob o impulso de uma s\u00e9rie de pol\u00edticas, o valor total do varejo de bens de consumo do pa\u00eds aumentou homologamente 4,7% nos primeiros quatro meses.<\/p>\n<p>Segundo, a inova\u00e7\u00e3o traz mais for\u00e7as motrizes para o desenvolvimento econ\u00f4mico. Em abril, os valores agregados da ind\u00fastria de fabrica\u00e7\u00e3o de equipamentos e da ind\u00fastria de manufatura de alta tecnologia da China foram respectivamente 3,7 e 3,9 pontos percentuais mais r\u00e1pido do que o de todas as ind\u00fastrias acima do tamanho designado, refletindo o crescimento da nova produtividade de qualidade da China. Atualmente, a China possui mais pessoas em pesquisa e desenvolvimento no mundo e \u00e9 o segundo maior investidor do planeta em P&amp;D.<\/p>\n<p>Terceiro, a China amplia continuamente sua abertura, criando um destino de investimento ideal, seguro e promissor para as empresas estrangeiras.<\/p>\n<p>Enfim, como disse o presidente chin\u00eas Xi Jinping: \u201cAcreditar na China \u00e9 acreditar no amanh\u00e3 e investir na China \u00e9 investir no futuro\u201d.<\/p>\n","protected":false},"excerpt":{"rendered":"<p>Uma autoridade chinesa divulgou nesta segunda-feira (19) as estat\u00edsticas sobre a economia do pa\u00eds em abril, segundo as quais o valor agregado de ind\u00fastrias acima da dimens\u00e3o designada aumentou 6,1% em compara\u00e7\u00e3o com o mesmo per\u00edodo do ano passado. Ao&#8230;<\/p>\n","protected":false},"author":2,"featured_media":0,"comment_status":"open","ping_status":"open","sticky":false,"template":"","format":"standard","meta":{"footnotes":""},"categories":[7],"tags":[],"class_list":["post-8438","post","type-post","status-publish","format-standard","hentry","category-visao"],"yoast_head":"<!-- This site is optimized with the Yoast SEO plugin v27.4 - https:\/\/yoast.com\/product\/yoast-seo-wordpress\/ -->\n<title>Dados econ\u00f4micos de abril mostram a forte resili\u00eancia da economia chinesa - CRI e Diario de Pernambuco<\/title>\n<meta name=\"robots\" content=\"index, follow, max-snippet:-1, max-image-preview:large, max-video-preview:-1\" \/>\n<link rel=\"canonical\" href=\"https:\/\/diariodepe.com.br\/cri\/2025\/05\/22\/dados-economicos-de-abril-mostram-a-forte-resiliencia-da-economia-chinesa\/\" \/>\n<meta property=\"og:locale\" content=\"pt_BR\" \/>\n<meta property=\"og:type\" content=\"article\" \/>\n<meta property=\"og:title\" content=\"Dados econ\u00f4micos de abril mostram a forte resili\u00eancia da economia chinesa - CRI e Diario de Pernambuco\" \/>\n<meta property=\"og:description\" content=\"Uma autoridade chinesa divulgou nesta segunda-feira (19) as estat\u00edsticas sobre a economia do pa\u00eds em abril, segundo as quais o valor agregado de ind\u00fastrias acima da dimens\u00e3o designada aumentou 6,1% em compara\u00e7\u00e3o com o mesmo per\u00edodo do ano passado. Ao...\" \/>\n<meta property=\"og:url\" content=\"https:\/\/diariodepe.com.br\/cri\/2025\/05\/22\/dados-economicos-de-abril-mostram-a-forte-resiliencia-da-economia-chinesa\/\" \/>\n<meta property=\"og:site_name\" content=\"CRI e Diario de Pernambuco\" \/>\n<meta property=\"article:published_time\" content=\"2025-05-22T08:01:14+00:00\" \/>\n<meta property=\"og:image\" content=\"https:\/\/38picres.cgtn.com\/photoAlbum\/page\/performance\/img\/2025\/5\/20\/1747716026877_990.png\" \/>\n<meta name=\"author\" content=\"Ismael Lucas S. Pereira\" \/>\n<meta name=\"twitter:card\" content=\"summary_large_image\" \/>\n<meta name=\"twitter:label1\" content=\"Escrito por\" \/>\n\t<meta name=\"twitter:data1\" content=\"Ismael Lucas S. Pereira\" \/>\n\t<meta name=\"twitter:label2\" content=\"Est. tempo de leitura\" \/>\n\t<meta name=\"twitter:data2\" content=\"3 minutos\" \/>\n<script type=\"application\/ld+json\" class=\"yoast-schema-graph\">{\"@context\":\"https:\\\/\\\/schema.org\",\"@graph\":[{\"@type\":\"Article\",\"@id\":\"https:\\\/\\\/diariodepe.com.br\\\/cri\\\/2025\\\/05\\\/22\\\/dados-economicos-de-abril-mostram-a-forte-resiliencia-da-economia-chinesa\\\/#article\",\"isPartOf\":{\"@id\":\"https:\\\/\\\/diariodepe.com.br\\\/cri\\\/2025\\\/05\\\/22\\\/dados-economicos-de-abril-mostram-a-forte-resiliencia-da-economia-chinesa\\\/\"},\"author\":{\"name\":\"Ismael Lucas S. Pereira\",\"@id\":\"https:\\\/\\\/diariodepe.com.br\\\/cri\\\/#\\\/schema\\\/person\\\/121bb28d84f1a5b1205ef4ce9c2e0c6b\"},\"headline\":\"Dados econ\u00f4micos de abril mostram a forte resili\u00eancia da economia chinesa\",\"datePublished\":\"2025-05-22T08:01:14+00:00\",\"mainEntityOfPage\":{\"@id\":\"https:\\\/\\\/diariodepe.com.br\\\/cri\\\/2025\\\/05\\\/22\\\/dados-economicos-de-abril-mostram-a-forte-resiliencia-da-economia-chinesa\\\/\"},\"wordCount\":460,\"commentCount\":0,\"publisher\":{\"@id\":\"https:\\\/\\\/diariodepe.com.br\\\/cri\\\/#organization\"},\"image\":{\"@id\":\"https:\\\/\\\/diariodepe.com.br\\\/cri\\\/2025\\\/05\\\/22\\\/dados-economicos-de-abril-mostram-a-forte-resiliencia-da-economia-chinesa\\\/#primaryimage\"},\"thumbnailUrl\":\"https:\\\/\\\/38picres.cgtn.com\\\/photoAlbum\\\/page\\\/performance\\\/img\\\/2025\\\/5\\\/20\\\/1747716026877_990.png\",\"articleSection\":[\"Vis\u00e3o\"],\"inLanguage\":\"pt-BR\",\"potentialAction\":[{\"@type\":\"CommentAction\",\"name\":\"Comment\",\"target\":[\"https:\\\/\\\/diariodepe.com.br\\\/cri\\\/2025\\\/05\\\/22\\\/dados-economicos-de-abril-mostram-a-forte-resiliencia-da-economia-chinesa\\\/#respond\"]}]},{\"@type\":\"WebPage\",\"@id\":\"https:\\\/\\\/diariodepe.com.br\\\/cri\\\/2025\\\/05\\\/22\\\/dados-economicos-de-abril-mostram-a-forte-resiliencia-da-economia-chinesa\\\/\",\"url\":\"https:\\\/\\\/diariodepe.com.br\\\/cri\\\/2025\\\/05\\\/22\\\/dados-economicos-de-abril-mostram-a-forte-resiliencia-da-economia-chinesa\\\/\",\"name\":\"Dados econ\u00f4micos de abril mostram a forte resili\u00eancia da economia chinesa - CRI e Diario de Pernambuco\",\"isPartOf\":{\"@id\":\"https:\\\/\\\/diariodepe.com.br\\\/cri\\\/#website\"},\"primaryImageOfPage\":{\"@id\":\"https:\\\/\\\/diariodepe.com.br\\\/cri\\\/2025\\\/05\\\/22\\\/dados-economicos-de-abril-mostram-a-forte-resiliencia-da-economia-chinesa\\\/#primaryimage\"},\"image\":{\"@id\":\"https:\\\/\\\/diariodepe.com.br\\\/cri\\\/2025\\\/05\\\/22\\\/dados-economicos-de-abril-mostram-a-forte-resiliencia-da-economia-chinesa\\\/#primaryimage\"},\"thumbnailUrl\":\"https:\\\/\\\/38picres.cgtn.com\\\/photoAlbum\\\/page\\\/performance\\\/img\\\/2025\\\/5\\\/20\\\/1747716026877_990.png\",\"datePublished\":\"2025-05-22T08:01:14+00:00\",\"breadcrumb\":{\"@id\":\"https:\\\/\\\/diariodepe.com.br\\\/cri\\\/2025\\\/05\\\/22\\\/dados-economicos-de-abril-mostram-a-forte-resiliencia-da-economia-chinesa\\\/#breadcrumb\"},\"inLanguage\":\"pt-BR\",\"potentialAction\":[{\"@type\":\"ReadAction\",\"target\":[\"https:\\\/\\\/diariodepe.com.br\\\/cri\\\/2025\\\/05\\\/22\\\/dados-economicos-de-abril-mostram-a-forte-resiliencia-da-economia-chinesa\\\/\"]}]},{\"@type\":\"ImageObject\",\"inLanguage\":\"pt-BR\",\"@id\":\"https:\\\/\\\/diariodepe.com.br\\\/cri\\\/2025\\\/05\\\/22\\\/dados-economicos-de-abril-mostram-a-forte-resiliencia-da-economia-chinesa\\\/#primaryimage\",\"url\":\"https:\\\/\\\/38picres.cgtn.com\\\/photoAlbum\\\/page\\\/performance\\\/img\\\/2025\\\/5\\\/20\\\/1747716026877_990.png\",\"contentUrl\":\"https:\\\/\\\/38picres.cgtn.com\\\/photoAlbum\\\/page\\\/performance\\\/img\\\/2025\\\/5\\\/20\\\/1747716026877_990.png\"},{\"@type\":\"BreadcrumbList\",\"@id\":\"https:\\\/\\\/diariodepe.com.br\\\/cri\\\/2025\\\/05\\\/22\\\/dados-economicos-de-abril-mostram-a-forte-resiliencia-da-economia-chinesa\\\/#breadcrumb\",\"itemListElement\":[{\"@type\":\"ListItem\",\"position\":1,\"name\":\"In\u00edcio\",\"item\":\"https:\\\/\\\/diariodepe.com.br\\\/cri\\\/\"},{\"@type\":\"ListItem\",\"position\":2,\"name\":\"Dados econ\u00f4micos de abril mostram a forte resili\u00eancia da economia chinesa\"}]},{\"@type\":\"WebSite\",\"@id\":\"https:\\\/\\\/diariodepe.com.br\\\/cri\\\/#website\",\"url\":\"https:\\\/\\\/diariodepe.com.br\\\/cri\\\/\",\"name\":\"CRI e Diario de Pernambuco\",\"description\":\"R\u00e1dio Internacional da China\",\"publisher\":{\"@id\":\"https:\\\/\\\/diariodepe.com.br\\\/cri\\\/#organization\"},\"potentialAction\":[{\"@type\":\"SearchAction\",\"target\":{\"@type\":\"EntryPoint\",\"urlTemplate\":\"https:\\\/\\\/diariodepe.com.br\\\/cri\\\/?s={search_term_string}\"},\"query-input\":{\"@type\":\"PropertyValueSpecification\",\"valueRequired\":true,\"valueName\":\"search_term_string\"}}],\"inLanguage\":\"pt-BR\"},{\"@type\":\"Organization\",\"@id\":\"https:\\\/\\\/diariodepe.com.br\\\/cri\\\/#organization\",\"name\":\"CRI e Diario de Pernambuco\",\"url\":\"https:\\\/\\\/diariodepe.com.br\\\/cri\\\/\",\"logo\":{\"@type\":\"ImageObject\",\"inLanguage\":\"pt-BR\",\"@id\":\"https:\\\/\\\/diariodepe.com.br\\\/cri\\\/#\\\/schema\\\/logo\\\/image\\\/\",\"url\":\"https:\\\/\\\/diariodepe.com.br\\\/cri\\\/wp-content\\\/uploads\\\/sites\\\/2\\\/2022\\\/12\\\/cropped-Logo.jpg\",\"contentUrl\":\"https:\\\/\\\/diariodepe.com.br\\\/cri\\\/wp-content\\\/uploads\\\/sites\\\/2\\\/2022\\\/12\\\/cropped-Logo.jpg\",\"width\":700,\"height\":59,\"caption\":\"CRI e Diario de Pernambuco\"},\"image\":{\"@id\":\"https:\\\/\\\/diariodepe.com.br\\\/cri\\\/#\\\/schema\\\/logo\\\/image\\\/\"}},{\"@type\":\"Person\",\"@id\":\"https:\\\/\\\/diariodepe.com.br\\\/cri\\\/#\\\/schema\\\/person\\\/121bb28d84f1a5b1205ef4ce9c2e0c6b\",\"name\":\"Ismael Lucas S. Pereira\",\"image\":{\"@type\":\"ImageObject\",\"inLanguage\":\"pt-BR\",\"@id\":\"https:\\\/\\\/secure.gravatar.com\\\/avatar\\\/887a0f3b5a7ceea963a48499fb883ffce6b5037362def025c52c2505b15d63e4?s=96&d=mm&r=g\",\"url\":\"https:\\\/\\\/secure.gravatar.com\\\/avatar\\\/887a0f3b5a7ceea963a48499fb883ffce6b5037362def025c52c2505b15d63e4?s=96&d=mm&r=g\",\"contentUrl\":\"https:\\\/\\\/secure.gravatar.com\\\/avatar\\\/887a0f3b5a7ceea963a48499fb883ffce6b5037362def025c52c2505b15d63e4?s=96&d=mm&r=g\",\"caption\":\"Ismael Lucas S. Pereira\"},\"url\":\"https:\\\/\\\/diariodepe.com.br\\\/cri\\\/author\\\/ismael-lucas\\\/\"}]}<\/script>\n<!-- \/ Yoast SEO plugin. -->","yoast_head_json":{"title":"Dados econ\u00f4micos de abril mostram a forte resili\u00eancia da economia chinesa - CRI e Diario de Pernambuco","robots":{"index":"index","follow":"follow","max-snippet":"max-snippet:-1","max-image-preview":"max-image-preview:large","max-video-preview":"max-video-preview:-1"},"canonical":"https:\/\/diariodepe.com.br\/cri\/2025\/05\/22\/dados-economicos-de-abril-mostram-a-forte-resiliencia-da-economia-chinesa\/","og_locale":"pt_BR","og_type":"article","og_title":"Dados econ\u00f4micos de abril mostram a forte resili\u00eancia da economia chinesa - CRI e Diario de Pernambuco","og_description":"Uma autoridade chinesa divulgou nesta segunda-feira (19) as estat\u00edsticas sobre a economia do pa\u00eds em abril, segundo as quais o valor agregado de ind\u00fastrias acima da dimens\u00e3o designada aumentou 6,1% em compara\u00e7\u00e3o com o mesmo per\u00edodo do ano passado. Ao...","og_url":"https:\/\/diariodepe.com.br\/cri\/2025\/05\/22\/dados-economicos-de-abril-mostram-a-forte-resiliencia-da-economia-chinesa\/","og_site_name":"CRI e Diario de Pernambuco","article_published_time":"2025-05-22T08:01:14+00:00","og_image":[{"url":"https:\/\/38picres.cgtn.com\/photoAlbum\/page\/performance\/img\/2025\/5\/20\/1747716026877_990.png","type":"","width":"","height":""}],"author":"Ismael Lucas S. Pereira","twitter_card":"summary_large_image","twitter_misc":{"Escrito por":"Ismael Lucas S. Pereira","Est. tempo de leitura":"3 minutos"},"schema":{"@context":"https:\/\/schema.org","@graph":[{"@type":"Article","@id":"https:\/\/diariodepe.com.br\/cri\/2025\/05\/22\/dados-economicos-de-abril-mostram-a-forte-resiliencia-da-economia-chinesa\/#article","isPartOf":{"@id":"https:\/\/diariodepe.com.br\/cri\/2025\/05\/22\/dados-economicos-de-abril-mostram-a-forte-resiliencia-da-economia-chinesa\/"},"author":{"name":"Ismael Lucas S. Pereira","@id":"https:\/\/diariodepe.com.br\/cri\/#\/schema\/person\/121bb28d84f1a5b1205ef4ce9c2e0c6b"},"headline":"Dados econ\u00f4micos de abril mostram a forte resili\u00eancia da economia chinesa","datePublished":"2025-05-22T08:01:14+00:00","mainEntityOfPage":{"@id":"https:\/\/diariodepe.com.br\/cri\/2025\/05\/22\/dados-economicos-de-abril-mostram-a-forte-resiliencia-da-economia-chinesa\/"},"wordCount":460,"commentCount":0,"publisher":{"@id":"https:\/\/diariodepe.com.br\/cri\/#organization"},"image":{"@id":"https:\/\/diariodepe.com.br\/cri\/2025\/05\/22\/dados-economicos-de-abril-mostram-a-forte-resiliencia-da-economia-chinesa\/#primaryimage"},"thumbnailUrl":"https:\/\/38picres.cgtn.com\/photoAlbum\/page\/performance\/img\/2025\/5\/20\/1747716026877_990.png","articleSection":["Vis\u00e3o"],"inLanguage":"pt-BR","potentialAction":[{"@type":"CommentAction","name":"Comment","target":["https:\/\/diariodepe.com.br\/cri\/2025\/05\/22\/dados-economicos-de-abril-mostram-a-forte-resiliencia-da-economia-chinesa\/#respond"]}]},{"@type":"WebPage","@id":"https:\/\/diariodepe.com.br\/cri\/2025\/05\/22\/dados-economicos-de-abril-mostram-a-forte-resiliencia-da-economia-chinesa\/","url":"https:\/\/diariodepe.com.br\/cri\/2025\/05\/22\/dados-economicos-de-abril-mostram-a-forte-resiliencia-da-economia-chinesa\/","name":"Dados econ\u00f4micos de abril mostram a forte resili\u00eancia da economia chinesa - CRI e Diario de Pernambuco","isPartOf":{"@id":"https:\/\/diariodepe.com.br\/cri\/#website"},"primaryImageOfPage":{"@id":"https:\/\/diariodepe.com.br\/cri\/2025\/05\/22\/dados-economicos-de-abril-mostram-a-forte-resiliencia-da-economia-chinesa\/#primaryimage"},"image":{"@id":"https:\/\/diariodepe.com.br\/cri\/2025\/05\/22\/dados-economicos-de-abril-mostram-a-forte-resiliencia-da-economia-chinesa\/#primaryimage"},"thumbnailUrl":"https:\/\/38picres.cgtn.com\/photoAlbum\/page\/performance\/img\/2025\/5\/20\/1747716026877_990.png","datePublished":"2025-05-22T08:01:14+00:00","breadcrumb":{"@id":"https:\/\/diariodepe.com.br\/cri\/2025\/05\/22\/dados-economicos-de-abril-mostram-a-forte-resiliencia-da-economia-chinesa\/#breadcrumb"},"inLanguage":"pt-BR","potentialAction":[{"@type":"ReadAction","target":["https:\/\/diariodepe.com.br\/cri\/2025\/05\/22\/dados-economicos-de-abril-mostram-a-forte-resiliencia-da-economia-chinesa\/"]}]},{"@type":"ImageObject","inLanguage":"pt-BR","@id":"https:\/\/diariodepe.com.br\/cri\/2025\/05\/22\/dados-economicos-de-abril-mostram-a-forte-resiliencia-da-economia-chinesa\/#primaryimage","url":"https:\/\/38picres.cgtn.com\/photoAlbum\/page\/performance\/img\/2025\/5\/20\/1747716026877_990.png","contentUrl":"https:\/\/38picres.cgtn.com\/photoAlbum\/page\/performance\/img\/2025\/5\/20\/1747716026877_990.png"},{"@type":"BreadcrumbList","@id":"https:\/\/diariodepe.com.br\/cri\/2025\/05\/22\/dados-economicos-de-abril-mostram-a-forte-resiliencia-da-economia-chinesa\/#breadcrumb","itemListElement":[{"@type":"ListItem","position":1,"name":"In\u00edcio","item":"https:\/\/diariodepe.com.br\/cri\/"},{"@type":"ListItem","position":2,"name":"Dados econ\u00f4micos de abril mostram a forte resili\u00eancia da economia chinesa"}]},{"@type":"WebSite","@id":"https:\/\/diariodepe.com.br\/cri\/#website","url":"https:\/\/diariodepe.com.br\/cri\/","name":"CRI e Diario de Pernambuco","description":"R\u00e1dio Internacional da China","publisher":{"@id":"https:\/\/diariodepe.com.br\/cri\/#organization"},"potentialAction":[{"@type":"SearchAction","target":{"@type":"EntryPoint","urlTemplate":"https:\/\/diariodepe.com.br\/cri\/?s={search_term_string}"},"query-input":{"@type":"PropertyValueSpecification","valueRequired":true,"valueName":"search_term_string"}}],"inLanguage":"pt-BR"},{"@type":"Organization","@id":"https:\/\/diariodepe.com.br\/cri\/#organization","name":"CRI e Diario de Pernambuco","url":"https:\/\/diariodepe.com.br\/cri\/","logo":{"@type":"ImageObject","inLanguage":"pt-BR","@id":"https:\/\/diariodepe.com.br\/cri\/#\/schema\/logo\/image\/","url":"https:\/\/diariodepe.com.br\/cri\/wp-content\/uploads\/sites\/2\/2022\/12\/cropped-Logo.jpg","contentUrl":"https:\/\/diariodepe.com.br\/cri\/wp-content\/uploads\/sites\/2\/2022\/12\/cropped-Logo.jpg","width":700,"height":59,"caption":"CRI e Diario de Pernambuco"},"image":{"@id":"https:\/\/diariodepe.com.br\/cri\/#\/schema\/logo\/image\/"}},{"@type":"Person","@id":"https:\/\/diariodepe.com.br\/cri\/#\/schema\/person\/121bb28d84f1a5b1205ef4ce9c2e0c6b","name":"Ismael Lucas S. Pereira","image":{"@type":"ImageObject","inLanguage":"pt-BR","@id":"https:\/\/secure.gravatar.com\/avatar\/887a0f3b5a7ceea963a48499fb883ffce6b5037362def025c52c2505b15d63e4?s=96&d=mm&r=g","url":"https:\/\/secure.gravatar.com\/avatar\/887a0f3b5a7ceea963a48499fb883ffce6b5037362def025c52c2505b15d63e4?s=96&d=mm&r=g","contentUrl":"https:\/\/secure.gravatar.com\/avatar\/887a0f3b5a7ceea963a48499fb883ffce6b5037362def025c52c2505b15d63e4?s=96&d=mm&r=g","caption":"Ismael Lucas S. Pereira"},"url":"https:\/\/diariodepe.com.br\/cri\/author\/ismael-lucas\/"}]}},"cc_featured_image_caption":{"caption_text":false,"source_text":false,"source_url":false},"amp_enabled":true,"_links":{"self":[{"href":"https:\/\/diariodepe.com.br\/cri\/wp-json\/wp\/v2\/posts\/8438","targetHints":{"allow":["GET"]}}],"collection":[{"href":"https:\/\/diariodepe.com.br\/cri\/wp-json\/wp\/v2\/posts"}],"about":[{"href":"https:\/\/diariodepe.com.br\/cri\/wp-json\/wp\/v2\/types\/post"}],"author":[{"embeddable":true,"href":"https:\/\/diariodepe.com.br\/cri\/wp-json\/wp\/v2\/users\/2"}],"replies":[{"embeddable":true,"href":"https:\/\/diariodepe.com.br\/cri\/wp-json\/wp\/v2\/comments?post=8438"}],"version-history":[{"count":1,"href":"https:\/\/diariodepe.com.br\/cri\/wp-json\/wp\/v2\/posts\/8438\/revisions"}],"predecessor-version":[{"id":8439,"href":"https:\/\/diariodepe.com.br\/cri\/wp-json\/wp\/v2\/posts\/8438\/revisions\/8439"}],"wp:attachment":[{"href":"https:\/\/diariodepe.com.br\/cri\/wp-json\/wp\/v2\/media?parent=8438"}],"wp:term":[{"taxonomy":"category","embeddable":true,"href":"https:\/\/diariodepe.com.br\/cri\/wp-json\/wp\/v2\/categories?post=8438"},{"taxonomy":"post_tag","embeddable":true,"href":"https:\/\/diariodepe.com.br\/cri\/wp-json\/wp\/v2\/tags?post=8438"}],"curies":[{"name":"wp","href":"https:\/\/api.w.org\/{rel}","templated":true}]}}