{"id":8435,"date":"2025-05-21T04:12:32","date_gmt":"2025-05-21T07:12:32","guid":{"rendered":"https:\/\/diariodepe.com.br\/cri\/?p=8435"},"modified":"2025-05-21T04:12:32","modified_gmt":"2025-05-21T07:12:32","slug":"presidente-colombiano-aponta-beneficio-mutuo-como-base-fundamental-da-iniciativa-cinturao-e-rota","status":"publish","type":"post","link":"https:\/\/diariodepe.com.br\/cri\/2025\/05\/21\/presidente-colombiano-aponta-beneficio-mutuo-como-base-fundamental-da-iniciativa-cinturao-e-rota\/","title":{"rendered":"Presidente colombiano aponta benef\u00edcio m\u00fatuo como base fundamental da Iniciativa Cintur\u00e3o e Rota"},"content":{"rendered":"<p><img decoding=\"async\" src=\"https:\/\/38picres.cgtn.com\/photoAlbum\/page\/performance\/img\/2025\/5\/17\/1747478734193_551.jpeg\" width=\"100%\" height=\"auto\" \/><\/p>\n<p>\u201cQuem visitar a China perceber\u00e1 o enorme desenvolvimento das for\u00e7as produtivas do pa\u00eds, o que trouxe um salto de progressos\u201d, afirmou o presidente da Col\u00f4mbia, Gustavo Petro, em uma entrevista concedida recentemente ao Grupo de M\u00eddia da China (CMG, na sigla em ingl\u00eas).<\/p>\n<p>O l\u00edder, que estava fazendo uma visita de Estado \u00e0 na\u00e7\u00e3o asi\u00e1tica, acredita que as pr\u00e1ticas chinesas constroem um novo paradigma para a evolu\u00e7\u00e3o da sociedade humana.<\/p>\n<p>Petro salientou os sucessos not\u00e1veis obtidos pela China no desenvolvimento econ\u00f4mico e no combate \u00e0 pobreza. \u201cCentenas de milh\u00f5es de chineses sa\u00edram da pobreza, o que contribuiu para o enorme progresso da causa mundial do al\u00edvio da pobreza\u201d, pontuou. O chefe de Estado afirmou, ainda, que a China est\u00e1 na vanguarda do desenvolvimento cient\u00edfico e tecnol\u00f3gico do mundo. O pa\u00eds oriental consegue combinar a intelig\u00eancia artificial, a economia digital e as energias limpas, que ser\u00e3o o n\u00facleo da economia futura.<\/p>\n<p>Durante sua estadia, Petro testemunhou, junto com o presidente chin\u00eas, a assinatura de um plano de coopera\u00e7\u00e3o que incorporou oficialmente a Col\u00f4mbia \u00e0 coopera\u00e7\u00e3o de alta qualidade sob o quadro da Iniciativa Cintur\u00e3o e Rota.<\/p>\n<p><img decoding=\"async\" src=\"https:\/\/38picres.cgtn.com\/photoAlbum\/page\/performance\/img\/2025\/5\/17\/1747478748946_128.jpeg\" width=\"100%\" height=\"auto\" \/><\/p>\n<p>Na opini\u00e3o do l\u00edder colombiano, o princ\u00edpio fundamental da iniciativa reside no benef\u00edcio rec\u00edproco e na rela\u00e7\u00e3o ganha-ganha, sendo completamente diferente do que o modelo de coopera\u00e7\u00e3o entre os pa\u00edses latino-americanos e os EUA, que depende excessivamente da exporta\u00e7\u00e3o de mat\u00e9rias-primas. Segundo Petro, a Col\u00f4mbia, tal como outros pa\u00edses, deve encontrar um ponto de equil\u00edbrio. \u201cTemos o direito de escolher de maneira aut\u00f4noma nossos parceiros, sem nos submetermos a nenhuma vontade externa\u201d, concluiu.<\/p>\n<p>Petro disse que as rela\u00e7\u00f5es sino-colombianas est\u00e3o se aprofundando e que seu pa\u00eds manter\u00e1 firmemente seu relacionamento diplom\u00e1tico com a China. Com os la\u00e7os bilaterais elevados para uma parceria estrat\u00e9gica, as duas na\u00e7\u00f5es est\u00e3o intensificando sua coopera\u00e7\u00e3o e promovendo a\u00e7\u00f5es concretas por meio de memorandos de entendimento. Segundo o presidente, a atual coopera\u00e7\u00e3o precisa focar em \u201co que produzir\u201d, em vez de somente em \u201co que transportar\u201d. \u201c\u00c9 importante que todos participem na produ\u00e7\u00e3o, uma produ\u00e7\u00e3o que vai al\u00e9m de produtos materiais\u201d, finalizou.<\/p>\n","protected":false},"excerpt":{"rendered":"<p>\u201cQuem visitar a China perceber\u00e1 o enorme desenvolvimento das for\u00e7as produtivas do pa\u00eds, o que trouxe um salto de progressos\u201d, afirmou o presidente da Col\u00f4mbia, Gustavo Petro, em uma entrevista concedida recentemente ao Grupo de M\u00eddia da China (CMG, na&#8230;<\/p>\n","protected":false},"author":2,"featured_media":0,"comment_status":"open","ping_status":"open","sticky":false,"template":"","format":"standard","meta":{"footnotes":""},"categories":[3],"tags":[],"class_list":["post-8435","post","type-post","status-publish","format-standard","hentry","category-china"],"yoast_head":"<!-- This site is optimized with the Yoast SEO plugin v27.4 - https:\/\/yoast.com\/product\/yoast-seo-wordpress\/ -->\n<title>Presidente colombiano aponta benef\u00edcio m\u00fatuo como base fundamental da Iniciativa Cintur\u00e3o e Rota - CRI e Diario de Pernambuco<\/title>\n<meta name=\"robots\" content=\"index, follow, max-snippet:-1, max-image-preview:large, max-video-preview:-1\" \/>\n<link rel=\"canonical\" href=\"https:\/\/diariodepe.com.br\/cri\/2025\/05\/21\/presidente-colombiano-aponta-beneficio-mutuo-como-base-fundamental-da-iniciativa-cinturao-e-rota\/\" \/>\n<meta property=\"og:locale\" content=\"pt_BR\" \/>\n<meta property=\"og:type\" content=\"article\" \/>\n<meta property=\"og:title\" content=\"Presidente colombiano aponta benef\u00edcio m\u00fatuo como base fundamental da Iniciativa Cintur\u00e3o e Rota - CRI e Diario de Pernambuco\" \/>\n<meta property=\"og:description\" content=\"\u201cQuem visitar a China perceber\u00e1 o enorme desenvolvimento das for\u00e7as produtivas do pa\u00eds, o que trouxe um salto de progressos\u201d, afirmou o presidente da Col\u00f4mbia, Gustavo Petro, em uma entrevista concedida recentemente ao Grupo de M\u00eddia da China (CMG, na...\" \/>\n<meta property=\"og:url\" content=\"https:\/\/diariodepe.com.br\/cri\/2025\/05\/21\/presidente-colombiano-aponta-beneficio-mutuo-como-base-fundamental-da-iniciativa-cinturao-e-rota\/\" \/>\n<meta property=\"og:site_name\" content=\"CRI e Diario de Pernambuco\" \/>\n<meta property=\"article:published_time\" content=\"2025-05-21T07:12:32+00:00\" \/>\n<meta property=\"og:image\" content=\"https:\/\/38picres.cgtn.com\/photoAlbum\/page\/performance\/img\/2025\/5\/17\/1747478734193_551.jpeg\" \/>\n<meta name=\"author\" content=\"Ismael Lucas S. Pereira\" \/>\n<meta name=\"twitter:card\" content=\"summary_large_image\" \/>\n<meta name=\"twitter:label1\" content=\"Escrito por\" \/>\n\t<meta name=\"twitter:data1\" content=\"Ismael Lucas S. Pereira\" \/>\n\t<meta name=\"twitter:label2\" content=\"Est. tempo de leitura\" \/>\n\t<meta name=\"twitter:data2\" content=\"3 minutos\" \/>\n<script type=\"application\/ld+json\" class=\"yoast-schema-graph\">{\"@context\":\"https:\\\/\\\/schema.org\",\"@graph\":[{\"@type\":\"Article\",\"@id\":\"https:\\\/\\\/diariodepe.com.br\\\/cri\\\/2025\\\/05\\\/21\\\/presidente-colombiano-aponta-beneficio-mutuo-como-base-fundamental-da-iniciativa-cinturao-e-rota\\\/#article\",\"isPartOf\":{\"@id\":\"https:\\\/\\\/diariodepe.com.br\\\/cri\\\/2025\\\/05\\\/21\\\/presidente-colombiano-aponta-beneficio-mutuo-como-base-fundamental-da-iniciativa-cinturao-e-rota\\\/\"},\"author\":{\"name\":\"Ismael Lucas S. Pereira\",\"@id\":\"https:\\\/\\\/diariodepe.com.br\\\/cri\\\/#\\\/schema\\\/person\\\/121bb28d84f1a5b1205ef4ce9c2e0c6b\"},\"headline\":\"Presidente colombiano aponta benef\u00edcio m\u00fatuo como base fundamental da Iniciativa Cintur\u00e3o e Rota\",\"datePublished\":\"2025-05-21T07:12:32+00:00\",\"mainEntityOfPage\":{\"@id\":\"https:\\\/\\\/diariodepe.com.br\\\/cri\\\/2025\\\/05\\\/21\\\/presidente-colombiano-aponta-beneficio-mutuo-como-base-fundamental-da-iniciativa-cinturao-e-rota\\\/\"},\"wordCount\":407,\"commentCount\":0,\"publisher\":{\"@id\":\"https:\\\/\\\/diariodepe.com.br\\\/cri\\\/#organization\"},\"image\":{\"@id\":\"https:\\\/\\\/diariodepe.com.br\\\/cri\\\/2025\\\/05\\\/21\\\/presidente-colombiano-aponta-beneficio-mutuo-como-base-fundamental-da-iniciativa-cinturao-e-rota\\\/#primaryimage\"},\"thumbnailUrl\":\"https:\\\/\\\/38picres.cgtn.com\\\/photoAlbum\\\/page\\\/performance\\\/img\\\/2025\\\/5\\\/17\\\/1747478734193_551.jpeg\",\"articleSection\":[\"China\"],\"inLanguage\":\"pt-BR\",\"potentialAction\":[{\"@type\":\"CommentAction\",\"name\":\"Comment\",\"target\":[\"https:\\\/\\\/diariodepe.com.br\\\/cri\\\/2025\\\/05\\\/21\\\/presidente-colombiano-aponta-beneficio-mutuo-como-base-fundamental-da-iniciativa-cinturao-e-rota\\\/#respond\"]}]},{\"@type\":\"WebPage\",\"@id\":\"https:\\\/\\\/diariodepe.com.br\\\/cri\\\/2025\\\/05\\\/21\\\/presidente-colombiano-aponta-beneficio-mutuo-como-base-fundamental-da-iniciativa-cinturao-e-rota\\\/\",\"url\":\"https:\\\/\\\/diariodepe.com.br\\\/cri\\\/2025\\\/05\\\/21\\\/presidente-colombiano-aponta-beneficio-mutuo-como-base-fundamental-da-iniciativa-cinturao-e-rota\\\/\",\"name\":\"Presidente colombiano aponta benef\u00edcio m\u00fatuo como base fundamental da Iniciativa Cintur\u00e3o e Rota - CRI e Diario de Pernambuco\",\"isPartOf\":{\"@id\":\"https:\\\/\\\/diariodepe.com.br\\\/cri\\\/#website\"},\"primaryImageOfPage\":{\"@id\":\"https:\\\/\\\/diariodepe.com.br\\\/cri\\\/2025\\\/05\\\/21\\\/presidente-colombiano-aponta-beneficio-mutuo-como-base-fundamental-da-iniciativa-cinturao-e-rota\\\/#primaryimage\"},\"image\":{\"@id\":\"https:\\\/\\\/diariodepe.com.br\\\/cri\\\/2025\\\/05\\\/21\\\/presidente-colombiano-aponta-beneficio-mutuo-como-base-fundamental-da-iniciativa-cinturao-e-rota\\\/#primaryimage\"},\"thumbnailUrl\":\"https:\\\/\\\/38picres.cgtn.com\\\/photoAlbum\\\/page\\\/performance\\\/img\\\/2025\\\/5\\\/17\\\/1747478734193_551.jpeg\",\"datePublished\":\"2025-05-21T07:12:32+00:00\",\"breadcrumb\":{\"@id\":\"https:\\\/\\\/diariodepe.com.br\\\/cri\\\/2025\\\/05\\\/21\\\/presidente-colombiano-aponta-beneficio-mutuo-como-base-fundamental-da-iniciativa-cinturao-e-rota\\\/#breadcrumb\"},\"inLanguage\":\"pt-BR\",\"potentialAction\":[{\"@type\":\"ReadAction\",\"target\":[\"https:\\\/\\\/diariodepe.com.br\\\/cri\\\/2025\\\/05\\\/21\\\/presidente-colombiano-aponta-beneficio-mutuo-como-base-fundamental-da-iniciativa-cinturao-e-rota\\\/\"]}]},{\"@type\":\"ImageObject\",\"inLanguage\":\"pt-BR\",\"@id\":\"https:\\\/\\\/diariodepe.com.br\\\/cri\\\/2025\\\/05\\\/21\\\/presidente-colombiano-aponta-beneficio-mutuo-como-base-fundamental-da-iniciativa-cinturao-e-rota\\\/#primaryimage\",\"url\":\"https:\\\/\\\/38picres.cgtn.com\\\/photoAlbum\\\/page\\\/performance\\\/img\\\/2025\\\/5\\\/17\\\/1747478734193_551.jpeg\",\"contentUrl\":\"https:\\\/\\\/38picres.cgtn.com\\\/photoAlbum\\\/page\\\/performance\\\/img\\\/2025\\\/5\\\/17\\\/1747478734193_551.jpeg\"},{\"@type\":\"BreadcrumbList\",\"@id\":\"https:\\\/\\\/diariodepe.com.br\\\/cri\\\/2025\\\/05\\\/21\\\/presidente-colombiano-aponta-beneficio-mutuo-como-base-fundamental-da-iniciativa-cinturao-e-rota\\\/#breadcrumb\",\"itemListElement\":[{\"@type\":\"ListItem\",\"position\":1,\"name\":\"In\u00edcio\",\"item\":\"https:\\\/\\\/diariodepe.com.br\\\/cri\\\/\"},{\"@type\":\"ListItem\",\"position\":2,\"name\":\"Presidente colombiano aponta benef\u00edcio m\u00fatuo como base fundamental da Iniciativa Cintur\u00e3o e Rota\"}]},{\"@type\":\"WebSite\",\"@id\":\"https:\\\/\\\/diariodepe.com.br\\\/cri\\\/#website\",\"url\":\"https:\\\/\\\/diariodepe.com.br\\\/cri\\\/\",\"name\":\"CRI e Diario de Pernambuco\",\"description\":\"R\u00e1dio Internacional da China\",\"publisher\":{\"@id\":\"https:\\\/\\\/diariodepe.com.br\\\/cri\\\/#organization\"},\"potentialAction\":[{\"@type\":\"SearchAction\",\"target\":{\"@type\":\"EntryPoint\",\"urlTemplate\":\"https:\\\/\\\/diariodepe.com.br\\\/cri\\\/?s={search_term_string}\"},\"query-input\":{\"@type\":\"PropertyValueSpecification\",\"valueRequired\":true,\"valueName\":\"search_term_string\"}}],\"inLanguage\":\"pt-BR\"},{\"@type\":\"Organization\",\"@id\":\"https:\\\/\\\/diariodepe.com.br\\\/cri\\\/#organization\",\"name\":\"CRI e Diario de Pernambuco\",\"url\":\"https:\\\/\\\/diariodepe.com.br\\\/cri\\\/\",\"logo\":{\"@type\":\"ImageObject\",\"inLanguage\":\"pt-BR\",\"@id\":\"https:\\\/\\\/diariodepe.com.br\\\/cri\\\/#\\\/schema\\\/logo\\\/image\\\/\",\"url\":\"https:\\\/\\\/diariodepe.com.br\\\/cri\\\/wp-content\\\/uploads\\\/sites\\\/2\\\/2022\\\/12\\\/cropped-Logo.jpg\",\"contentUrl\":\"https:\\\/\\\/diariodepe.com.br\\\/cri\\\/wp-content\\\/uploads\\\/sites\\\/2\\\/2022\\\/12\\\/cropped-Logo.jpg\",\"width\":700,\"height\":59,\"caption\":\"CRI e Diario de Pernambuco\"},\"image\":{\"@id\":\"https:\\\/\\\/diariodepe.com.br\\\/cri\\\/#\\\/schema\\\/logo\\\/image\\\/\"}},{\"@type\":\"Person\",\"@id\":\"https:\\\/\\\/diariodepe.com.br\\\/cri\\\/#\\\/schema\\\/person\\\/121bb28d84f1a5b1205ef4ce9c2e0c6b\",\"name\":\"Ismael Lucas S. Pereira\",\"image\":{\"@type\":\"ImageObject\",\"inLanguage\":\"pt-BR\",\"@id\":\"https:\\\/\\\/secure.gravatar.com\\\/avatar\\\/887a0f3b5a7ceea963a48499fb883ffce6b5037362def025c52c2505b15d63e4?s=96&d=mm&r=g\",\"url\":\"https:\\\/\\\/secure.gravatar.com\\\/avatar\\\/887a0f3b5a7ceea963a48499fb883ffce6b5037362def025c52c2505b15d63e4?s=96&d=mm&r=g\",\"contentUrl\":\"https:\\\/\\\/secure.gravatar.com\\\/avatar\\\/887a0f3b5a7ceea963a48499fb883ffce6b5037362def025c52c2505b15d63e4?s=96&d=mm&r=g\",\"caption\":\"Ismael Lucas S. Pereira\"},\"url\":\"https:\\\/\\\/diariodepe.com.br\\\/cri\\\/author\\\/ismael-lucas\\\/\"}]}<\/script>\n<!-- \/ Yoast SEO plugin. -->","yoast_head_json":{"title":"Presidente colombiano aponta benef\u00edcio m\u00fatuo como base fundamental da Iniciativa Cintur\u00e3o e Rota - CRI e Diario de Pernambuco","robots":{"index":"index","follow":"follow","max-snippet":"max-snippet:-1","max-image-preview":"max-image-preview:large","max-video-preview":"max-video-preview:-1"},"canonical":"https:\/\/diariodepe.com.br\/cri\/2025\/05\/21\/presidente-colombiano-aponta-beneficio-mutuo-como-base-fundamental-da-iniciativa-cinturao-e-rota\/","og_locale":"pt_BR","og_type":"article","og_title":"Presidente colombiano aponta benef\u00edcio m\u00fatuo como base fundamental da Iniciativa Cintur\u00e3o e Rota - CRI e Diario de Pernambuco","og_description":"\u201cQuem visitar a China perceber\u00e1 o enorme desenvolvimento das for\u00e7as produtivas do pa\u00eds, o que trouxe um salto de progressos\u201d, afirmou o presidente da Col\u00f4mbia, Gustavo Petro, em uma entrevista concedida recentemente ao Grupo de M\u00eddia da China (CMG, na...","og_url":"https:\/\/diariodepe.com.br\/cri\/2025\/05\/21\/presidente-colombiano-aponta-beneficio-mutuo-como-base-fundamental-da-iniciativa-cinturao-e-rota\/","og_site_name":"CRI e Diario de Pernambuco","article_published_time":"2025-05-21T07:12:32+00:00","og_image":[{"url":"https:\/\/38picres.cgtn.com\/photoAlbum\/page\/performance\/img\/2025\/5\/17\/1747478734193_551.jpeg","type":"","width":"","height":""}],"author":"Ismael Lucas S. Pereira","twitter_card":"summary_large_image","twitter_misc":{"Escrito por":"Ismael Lucas S. Pereira","Est. tempo de leitura":"3 minutos"},"schema":{"@context":"https:\/\/schema.org","@graph":[{"@type":"Article","@id":"https:\/\/diariodepe.com.br\/cri\/2025\/05\/21\/presidente-colombiano-aponta-beneficio-mutuo-como-base-fundamental-da-iniciativa-cinturao-e-rota\/#article","isPartOf":{"@id":"https:\/\/diariodepe.com.br\/cri\/2025\/05\/21\/presidente-colombiano-aponta-beneficio-mutuo-como-base-fundamental-da-iniciativa-cinturao-e-rota\/"},"author":{"name":"Ismael Lucas S. Pereira","@id":"https:\/\/diariodepe.com.br\/cri\/#\/schema\/person\/121bb28d84f1a5b1205ef4ce9c2e0c6b"},"headline":"Presidente colombiano aponta benef\u00edcio m\u00fatuo como base fundamental da Iniciativa Cintur\u00e3o e Rota","datePublished":"2025-05-21T07:12:32+00:00","mainEntityOfPage":{"@id":"https:\/\/diariodepe.com.br\/cri\/2025\/05\/21\/presidente-colombiano-aponta-beneficio-mutuo-como-base-fundamental-da-iniciativa-cinturao-e-rota\/"},"wordCount":407,"commentCount":0,"publisher":{"@id":"https:\/\/diariodepe.com.br\/cri\/#organization"},"image":{"@id":"https:\/\/diariodepe.com.br\/cri\/2025\/05\/21\/presidente-colombiano-aponta-beneficio-mutuo-como-base-fundamental-da-iniciativa-cinturao-e-rota\/#primaryimage"},"thumbnailUrl":"https:\/\/38picres.cgtn.com\/photoAlbum\/page\/performance\/img\/2025\/5\/17\/1747478734193_551.jpeg","articleSection":["China"],"inLanguage":"pt-BR","potentialAction":[{"@type":"CommentAction","name":"Comment","target":["https:\/\/diariodepe.com.br\/cri\/2025\/05\/21\/presidente-colombiano-aponta-beneficio-mutuo-como-base-fundamental-da-iniciativa-cinturao-e-rota\/#respond"]}]},{"@type":"WebPage","@id":"https:\/\/diariodepe.com.br\/cri\/2025\/05\/21\/presidente-colombiano-aponta-beneficio-mutuo-como-base-fundamental-da-iniciativa-cinturao-e-rota\/","url":"https:\/\/diariodepe.com.br\/cri\/2025\/05\/21\/presidente-colombiano-aponta-beneficio-mutuo-como-base-fundamental-da-iniciativa-cinturao-e-rota\/","name":"Presidente colombiano aponta benef\u00edcio m\u00fatuo como base fundamental da Iniciativa Cintur\u00e3o e Rota - CRI e Diario de Pernambuco","isPartOf":{"@id":"https:\/\/diariodepe.com.br\/cri\/#website"},"primaryImageOfPage":{"@id":"https:\/\/diariodepe.com.br\/cri\/2025\/05\/21\/presidente-colombiano-aponta-beneficio-mutuo-como-base-fundamental-da-iniciativa-cinturao-e-rota\/#primaryimage"},"image":{"@id":"https:\/\/diariodepe.com.br\/cri\/2025\/05\/21\/presidente-colombiano-aponta-beneficio-mutuo-como-base-fundamental-da-iniciativa-cinturao-e-rota\/#primaryimage"},"thumbnailUrl":"https:\/\/38picres.cgtn.com\/photoAlbum\/page\/performance\/img\/2025\/5\/17\/1747478734193_551.jpeg","datePublished":"2025-05-21T07:12:32+00:00","breadcrumb":{"@id":"https:\/\/diariodepe.com.br\/cri\/2025\/05\/21\/presidente-colombiano-aponta-beneficio-mutuo-como-base-fundamental-da-iniciativa-cinturao-e-rota\/#breadcrumb"},"inLanguage":"pt-BR","potentialAction":[{"@type":"ReadAction","target":["https:\/\/diariodepe.com.br\/cri\/2025\/05\/21\/presidente-colombiano-aponta-beneficio-mutuo-como-base-fundamental-da-iniciativa-cinturao-e-rota\/"]}]},{"@type":"ImageObject","inLanguage":"pt-BR","@id":"https:\/\/diariodepe.com.br\/cri\/2025\/05\/21\/presidente-colombiano-aponta-beneficio-mutuo-como-base-fundamental-da-iniciativa-cinturao-e-rota\/#primaryimage","url":"https:\/\/38picres.cgtn.com\/photoAlbum\/page\/performance\/img\/2025\/5\/17\/1747478734193_551.jpeg","contentUrl":"https:\/\/38picres.cgtn.com\/photoAlbum\/page\/performance\/img\/2025\/5\/17\/1747478734193_551.jpeg"},{"@type":"BreadcrumbList","@id":"https:\/\/diariodepe.com.br\/cri\/2025\/05\/21\/presidente-colombiano-aponta-beneficio-mutuo-como-base-fundamental-da-iniciativa-cinturao-e-rota\/#breadcrumb","itemListElement":[{"@type":"ListItem","position":1,"name":"In\u00edcio","item":"https:\/\/diariodepe.com.br\/cri\/"},{"@type":"ListItem","position":2,"name":"Presidente colombiano aponta benef\u00edcio m\u00fatuo como base fundamental da Iniciativa Cintur\u00e3o e Rota"}]},{"@type":"WebSite","@id":"https:\/\/diariodepe.com.br\/cri\/#website","url":"https:\/\/diariodepe.com.br\/cri\/","name":"CRI e Diario de Pernambuco","description":"R\u00e1dio Internacional da China","publisher":{"@id":"https:\/\/diariodepe.com.br\/cri\/#organization"},"potentialAction":[{"@type":"SearchAction","target":{"@type":"EntryPoint","urlTemplate":"https:\/\/diariodepe.com.br\/cri\/?s={search_term_string}"},"query-input":{"@type":"PropertyValueSpecification","valueRequired":true,"valueName":"search_term_string"}}],"inLanguage":"pt-BR"},{"@type":"Organization","@id":"https:\/\/diariodepe.com.br\/cri\/#organization","name":"CRI e Diario de Pernambuco","url":"https:\/\/diariodepe.com.br\/cri\/","logo":{"@type":"ImageObject","inLanguage":"pt-BR","@id":"https:\/\/diariodepe.com.br\/cri\/#\/schema\/logo\/image\/","url":"https:\/\/diariodepe.com.br\/cri\/wp-content\/uploads\/sites\/2\/2022\/12\/cropped-Logo.jpg","contentUrl":"https:\/\/diariodepe.com.br\/cri\/wp-content\/uploads\/sites\/2\/2022\/12\/cropped-Logo.jpg","width":700,"height":59,"caption":"CRI e Diario de Pernambuco"},"image":{"@id":"https:\/\/diariodepe.com.br\/cri\/#\/schema\/logo\/image\/"}},{"@type":"Person","@id":"https:\/\/diariodepe.com.br\/cri\/#\/schema\/person\/121bb28d84f1a5b1205ef4ce9c2e0c6b","name":"Ismael Lucas S. Pereira","image":{"@type":"ImageObject","inLanguage":"pt-BR","@id":"https:\/\/secure.gravatar.com\/avatar\/887a0f3b5a7ceea963a48499fb883ffce6b5037362def025c52c2505b15d63e4?s=96&d=mm&r=g","url":"https:\/\/secure.gravatar.com\/avatar\/887a0f3b5a7ceea963a48499fb883ffce6b5037362def025c52c2505b15d63e4?s=96&d=mm&r=g","contentUrl":"https:\/\/secure.gravatar.com\/avatar\/887a0f3b5a7ceea963a48499fb883ffce6b5037362def025c52c2505b15d63e4?s=96&d=mm&r=g","caption":"Ismael Lucas S. Pereira"},"url":"https:\/\/diariodepe.com.br\/cri\/author\/ismael-lucas\/"}]}},"cc_featured_image_caption":{"caption_text":false,"source_text":false,"source_url":false},"amp_enabled":true,"_links":{"self":[{"href":"https:\/\/diariodepe.com.br\/cri\/wp-json\/wp\/v2\/posts\/8435","targetHints":{"allow":["GET"]}}],"collection":[{"href":"https:\/\/diariodepe.com.br\/cri\/wp-json\/wp\/v2\/posts"}],"about":[{"href":"https:\/\/diariodepe.com.br\/cri\/wp-json\/wp\/v2\/types\/post"}],"author":[{"embeddable":true,"href":"https:\/\/diariodepe.com.br\/cri\/wp-json\/wp\/v2\/users\/2"}],"replies":[{"embeddable":true,"href":"https:\/\/diariodepe.com.br\/cri\/wp-json\/wp\/v2\/comments?post=8435"}],"version-history":[{"count":1,"href":"https:\/\/diariodepe.com.br\/cri\/wp-json\/wp\/v2\/posts\/8435\/revisions"}],"predecessor-version":[{"id":8436,"href":"https:\/\/diariodepe.com.br\/cri\/wp-json\/wp\/v2\/posts\/8435\/revisions\/8436"}],"wp:attachment":[{"href":"https:\/\/diariodepe.com.br\/cri\/wp-json\/wp\/v2\/media?parent=8435"}],"wp:term":[{"taxonomy":"category","embeddable":true,"href":"https:\/\/diariodepe.com.br\/cri\/wp-json\/wp\/v2\/categories?post=8435"},{"taxonomy":"post_tag","embeddable":true,"href":"https:\/\/diariodepe.com.br\/cri\/wp-json\/wp\/v2\/tags?post=8435"}],"curies":[{"name":"wp","href":"https:\/\/api.w.org\/{rel}","templated":true}]}}