{"id":8431,"date":"2025-05-21T04:11:40","date_gmt":"2025-05-21T07:11:40","guid":{"rendered":"https:\/\/diariodepe.com.br\/cri\/?p=8431"},"modified":"2025-05-21T04:11:40","modified_gmt":"2025-05-21T07:11:40","slug":"china-testa-politica-de-isencao-de-visto-para-brasil-e-outros-quatro-paises-sul-americanos","status":"publish","type":"post","link":"https:\/\/diariodepe.com.br\/cri\/2025\/05\/21\/china-testa-politica-de-isencao-de-visto-para-brasil-e-outros-quatro-paises-sul-americanos\/","title":{"rendered":"China testa pol\u00edtica de isen\u00e7\u00e3o de visto para Brasil e outros quatro pa\u00edses sul-americanos"},"content":{"rendered":"<p>A fim de facilitar entrada e sa\u00edda de chineses e estrangeiros, a China decidiu incluir mais pa\u00edses na lista de isen\u00e7\u00e3o de visto. A afirma\u00e7\u00e3o foi feita hoje (15), pelo porta-voz da Chancelaria chinesa,\u00a0Lin Jian, durante uma coletiva de imprensa.<\/p>\n<p>Segundo ele, a partir de 1\u00ba\u00a0de junho de 2025 at\u00e9 31 de maio de 2026, a China come\u00e7ar\u00e1 uma fase experimental da pol\u00edtica de isen\u00e7\u00e3o de visto para os portadores de passaporte comum destes pa\u00edses:\u00a0Brasil, Argentina, Chile, Peru e Uruguai. Os\u00a0cidad\u00e3os desses pa\u00edses\u00a0poder\u00e3o permanecer por 30 dias na China para fazer neg\u00f3cios, viajar, visitar parentes e amigos, fazer interc\u00e2mbios e visitas ou simplesmente\u00a0transitar dentro do pa\u00eds.<\/p>\n<p>A China insiste na abertura ao exterior de alto n\u00edvel e na implementa\u00e7\u00e3o\u00a0de mais pol\u00edticas para elevar o n\u00edvel de conveni\u00eancia de viagens dos\u00a0chineses e estrangeiros. A China est\u00e1 de bra\u00e7os abertos para receber mais amigos estrangeiros, para que eles possam experimentar uma China maravilhosa e din\u00e2mica,\u00a0aproveitando as novas pol\u00edticas.<\/p>\n","protected":false},"excerpt":{"rendered":"<p>A fim de facilitar entrada e sa\u00edda de chineses e estrangeiros, a China decidiu incluir mais pa\u00edses na lista de isen\u00e7\u00e3o de visto. A afirma\u00e7\u00e3o foi feita hoje (15), pelo porta-voz da Chancelaria chinesa,\u00a0Lin Jian, durante uma coletiva de imprensa&#8230;.<\/p>\n","protected":false},"author":2,"featured_media":0,"comment_status":"open","ping_status":"open","sticky":false,"template":"","format":"standard","meta":{"footnotes":""},"categories":[3],"tags":[],"class_list":["post-8431","post","type-post","status-publish","format-standard","hentry","category-china"],"yoast_head":"<!-- This site is optimized with the Yoast SEO plugin v27.4 - https:\/\/yoast.com\/product\/yoast-seo-wordpress\/ -->\n<title>China testa pol\u00edtica de isen\u00e7\u00e3o de visto para Brasil e outros quatro pa\u00edses sul-americanos - CRI e Diario de Pernambuco<\/title>\n<meta name=\"robots\" content=\"index, follow, max-snippet:-1, max-image-preview:large, max-video-preview:-1\" \/>\n<link rel=\"canonical\" href=\"https:\/\/diariodepe.com.br\/cri\/2025\/05\/21\/china-testa-politica-de-isencao-de-visto-para-brasil-e-outros-quatro-paises-sul-americanos\/\" \/>\n<meta property=\"og:locale\" content=\"pt_BR\" \/>\n<meta property=\"og:type\" content=\"article\" \/>\n<meta property=\"og:title\" content=\"China testa pol\u00edtica de isen\u00e7\u00e3o de visto para Brasil e outros quatro pa\u00edses sul-americanos - CRI e Diario de Pernambuco\" \/>\n<meta property=\"og:description\" content=\"A fim de facilitar entrada e sa\u00edda de chineses e estrangeiros, a China decidiu incluir mais pa\u00edses na lista de isen\u00e7\u00e3o de visto. A afirma\u00e7\u00e3o foi feita hoje (15), pelo porta-voz da Chancelaria chinesa,\u00a0Lin Jian, durante uma coletiva de imprensa....\" \/>\n<meta property=\"og:url\" content=\"https:\/\/diariodepe.com.br\/cri\/2025\/05\/21\/china-testa-politica-de-isencao-de-visto-para-brasil-e-outros-quatro-paises-sul-americanos\/\" \/>\n<meta property=\"og:site_name\" content=\"CRI e Diario de Pernambuco\" \/>\n<meta property=\"article:published_time\" content=\"2025-05-21T07:11:40+00:00\" \/>\n<meta name=\"author\" content=\"Ismael Lucas S. Pereira\" \/>\n<meta name=\"twitter:card\" content=\"summary_large_image\" \/>\n<meta name=\"twitter:label1\" content=\"Escrito por\" \/>\n\t<meta name=\"twitter:data1\" content=\"Ismael Lucas S. Pereira\" \/>\n<script type=\"application\/ld+json\" class=\"yoast-schema-graph\">{\"@context\":\"https:\\\/\\\/schema.org\",\"@graph\":[{\"@type\":\"Article\",\"@id\":\"https:\\\/\\\/diariodepe.com.br\\\/cri\\\/2025\\\/05\\\/21\\\/china-testa-politica-de-isencao-de-visto-para-brasil-e-outros-quatro-paises-sul-americanos\\\/#article\",\"isPartOf\":{\"@id\":\"https:\\\/\\\/diariodepe.com.br\\\/cri\\\/2025\\\/05\\\/21\\\/china-testa-politica-de-isencao-de-visto-para-brasil-e-outros-quatro-paises-sul-americanos\\\/\"},\"author\":{\"name\":\"Ismael Lucas S. Pereira\",\"@id\":\"https:\\\/\\\/diariodepe.com.br\\\/cri\\\/#\\\/schema\\\/person\\\/121bb28d84f1a5b1205ef4ce9c2e0c6b\"},\"headline\":\"China testa pol\u00edtica de isen\u00e7\u00e3o de visto para Brasil e outros quatro pa\u00edses sul-americanos\",\"datePublished\":\"2025-05-21T07:11:40+00:00\",\"mainEntityOfPage\":{\"@id\":\"https:\\\/\\\/diariodepe.com.br\\\/cri\\\/2025\\\/05\\\/21\\\/china-testa-politica-de-isencao-de-visto-para-brasil-e-outros-quatro-paises-sul-americanos\\\/\"},\"wordCount\":198,\"commentCount\":0,\"publisher\":{\"@id\":\"https:\\\/\\\/diariodepe.com.br\\\/cri\\\/#organization\"},\"articleSection\":[\"China\"],\"inLanguage\":\"pt-BR\",\"potentialAction\":[{\"@type\":\"CommentAction\",\"name\":\"Comment\",\"target\":[\"https:\\\/\\\/diariodepe.com.br\\\/cri\\\/2025\\\/05\\\/21\\\/china-testa-politica-de-isencao-de-visto-para-brasil-e-outros-quatro-paises-sul-americanos\\\/#respond\"]}]},{\"@type\":\"WebPage\",\"@id\":\"https:\\\/\\\/diariodepe.com.br\\\/cri\\\/2025\\\/05\\\/21\\\/china-testa-politica-de-isencao-de-visto-para-brasil-e-outros-quatro-paises-sul-americanos\\\/\",\"url\":\"https:\\\/\\\/diariodepe.com.br\\\/cri\\\/2025\\\/05\\\/21\\\/china-testa-politica-de-isencao-de-visto-para-brasil-e-outros-quatro-paises-sul-americanos\\\/\",\"name\":\"China testa pol\u00edtica de isen\u00e7\u00e3o de visto para Brasil e outros quatro pa\u00edses sul-americanos - CRI e Diario de Pernambuco\",\"isPartOf\":{\"@id\":\"https:\\\/\\\/diariodepe.com.br\\\/cri\\\/#website\"},\"datePublished\":\"2025-05-21T07:11:40+00:00\",\"breadcrumb\":{\"@id\":\"https:\\\/\\\/diariodepe.com.br\\\/cri\\\/2025\\\/05\\\/21\\\/china-testa-politica-de-isencao-de-visto-para-brasil-e-outros-quatro-paises-sul-americanos\\\/#breadcrumb\"},\"inLanguage\":\"pt-BR\",\"potentialAction\":[{\"@type\":\"ReadAction\",\"target\":[\"https:\\\/\\\/diariodepe.com.br\\\/cri\\\/2025\\\/05\\\/21\\\/china-testa-politica-de-isencao-de-visto-para-brasil-e-outros-quatro-paises-sul-americanos\\\/\"]}]},{\"@type\":\"BreadcrumbList\",\"@id\":\"https:\\\/\\\/diariodepe.com.br\\\/cri\\\/2025\\\/05\\\/21\\\/china-testa-politica-de-isencao-de-visto-para-brasil-e-outros-quatro-paises-sul-americanos\\\/#breadcrumb\",\"itemListElement\":[{\"@type\":\"ListItem\",\"position\":1,\"name\":\"In\u00edcio\",\"item\":\"https:\\\/\\\/diariodepe.com.br\\\/cri\\\/\"},{\"@type\":\"ListItem\",\"position\":2,\"name\":\"China testa pol\u00edtica de isen\u00e7\u00e3o de visto para Brasil e outros quatro pa\u00edses sul-americanos\"}]},{\"@type\":\"WebSite\",\"@id\":\"https:\\\/\\\/diariodepe.com.br\\\/cri\\\/#website\",\"url\":\"https:\\\/\\\/diariodepe.com.br\\\/cri\\\/\",\"name\":\"CRI e Diario de Pernambuco\",\"description\":\"R\u00e1dio Internacional da China\",\"publisher\":{\"@id\":\"https:\\\/\\\/diariodepe.com.br\\\/cri\\\/#organization\"},\"potentialAction\":[{\"@type\":\"SearchAction\",\"target\":{\"@type\":\"EntryPoint\",\"urlTemplate\":\"https:\\\/\\\/diariodepe.com.br\\\/cri\\\/?s={search_term_string}\"},\"query-input\":{\"@type\":\"PropertyValueSpecification\",\"valueRequired\":true,\"valueName\":\"search_term_string\"}}],\"inLanguage\":\"pt-BR\"},{\"@type\":\"Organization\",\"@id\":\"https:\\\/\\\/diariodepe.com.br\\\/cri\\\/#organization\",\"name\":\"CRI e Diario de Pernambuco\",\"url\":\"https:\\\/\\\/diariodepe.com.br\\\/cri\\\/\",\"logo\":{\"@type\":\"ImageObject\",\"inLanguage\":\"pt-BR\",\"@id\":\"https:\\\/\\\/diariodepe.com.br\\\/cri\\\/#\\\/schema\\\/logo\\\/image\\\/\",\"url\":\"https:\\\/\\\/diariodepe.com.br\\\/cri\\\/wp-content\\\/uploads\\\/sites\\\/2\\\/2022\\\/12\\\/cropped-Logo.jpg\",\"contentUrl\":\"https:\\\/\\\/diariodepe.com.br\\\/cri\\\/wp-content\\\/uploads\\\/sites\\\/2\\\/2022\\\/12\\\/cropped-Logo.jpg\",\"width\":700,\"height\":59,\"caption\":\"CRI e Diario de Pernambuco\"},\"image\":{\"@id\":\"https:\\\/\\\/diariodepe.com.br\\\/cri\\\/#\\\/schema\\\/logo\\\/image\\\/\"}},{\"@type\":\"Person\",\"@id\":\"https:\\\/\\\/diariodepe.com.br\\\/cri\\\/#\\\/schema\\\/person\\\/121bb28d84f1a5b1205ef4ce9c2e0c6b\",\"name\":\"Ismael Lucas S. Pereira\",\"image\":{\"@type\":\"ImageObject\",\"inLanguage\":\"pt-BR\",\"@id\":\"https:\\\/\\\/secure.gravatar.com\\\/avatar\\\/887a0f3b5a7ceea963a48499fb883ffce6b5037362def025c52c2505b15d63e4?s=96&d=mm&r=g\",\"url\":\"https:\\\/\\\/secure.gravatar.com\\\/avatar\\\/887a0f3b5a7ceea963a48499fb883ffce6b5037362def025c52c2505b15d63e4?s=96&d=mm&r=g\",\"contentUrl\":\"https:\\\/\\\/secure.gravatar.com\\\/avatar\\\/887a0f3b5a7ceea963a48499fb883ffce6b5037362def025c52c2505b15d63e4?s=96&d=mm&r=g\",\"caption\":\"Ismael Lucas S. Pereira\"},\"url\":\"https:\\\/\\\/diariodepe.com.br\\\/cri\\\/author\\\/ismael-lucas\\\/\"}]}<\/script>\n<!-- \/ Yoast SEO plugin. -->","yoast_head_json":{"title":"China testa pol\u00edtica de isen\u00e7\u00e3o de visto para Brasil e outros quatro pa\u00edses sul-americanos - CRI e Diario de Pernambuco","robots":{"index":"index","follow":"follow","max-snippet":"max-snippet:-1","max-image-preview":"max-image-preview:large","max-video-preview":"max-video-preview:-1"},"canonical":"https:\/\/diariodepe.com.br\/cri\/2025\/05\/21\/china-testa-politica-de-isencao-de-visto-para-brasil-e-outros-quatro-paises-sul-americanos\/","og_locale":"pt_BR","og_type":"article","og_title":"China testa pol\u00edtica de isen\u00e7\u00e3o de visto para Brasil e outros quatro pa\u00edses sul-americanos - CRI e Diario de Pernambuco","og_description":"A fim de facilitar entrada e sa\u00edda de chineses e estrangeiros, a China decidiu incluir mais pa\u00edses na lista de isen\u00e7\u00e3o de visto. A afirma\u00e7\u00e3o foi feita hoje (15), pelo porta-voz da Chancelaria chinesa,\u00a0Lin Jian, durante uma coletiva de imprensa....","og_url":"https:\/\/diariodepe.com.br\/cri\/2025\/05\/21\/china-testa-politica-de-isencao-de-visto-para-brasil-e-outros-quatro-paises-sul-americanos\/","og_site_name":"CRI e Diario de Pernambuco","article_published_time":"2025-05-21T07:11:40+00:00","author":"Ismael Lucas S. Pereira","twitter_card":"summary_large_image","twitter_misc":{"Escrito por":"Ismael Lucas S. Pereira"},"schema":{"@context":"https:\/\/schema.org","@graph":[{"@type":"Article","@id":"https:\/\/diariodepe.com.br\/cri\/2025\/05\/21\/china-testa-politica-de-isencao-de-visto-para-brasil-e-outros-quatro-paises-sul-americanos\/#article","isPartOf":{"@id":"https:\/\/diariodepe.com.br\/cri\/2025\/05\/21\/china-testa-politica-de-isencao-de-visto-para-brasil-e-outros-quatro-paises-sul-americanos\/"},"author":{"name":"Ismael Lucas S. Pereira","@id":"https:\/\/diariodepe.com.br\/cri\/#\/schema\/person\/121bb28d84f1a5b1205ef4ce9c2e0c6b"},"headline":"China testa pol\u00edtica de isen\u00e7\u00e3o de visto para Brasil e outros quatro pa\u00edses sul-americanos","datePublished":"2025-05-21T07:11:40+00:00","mainEntityOfPage":{"@id":"https:\/\/diariodepe.com.br\/cri\/2025\/05\/21\/china-testa-politica-de-isencao-de-visto-para-brasil-e-outros-quatro-paises-sul-americanos\/"},"wordCount":198,"commentCount":0,"publisher":{"@id":"https:\/\/diariodepe.com.br\/cri\/#organization"},"articleSection":["China"],"inLanguage":"pt-BR","potentialAction":[{"@type":"CommentAction","name":"Comment","target":["https:\/\/diariodepe.com.br\/cri\/2025\/05\/21\/china-testa-politica-de-isencao-de-visto-para-brasil-e-outros-quatro-paises-sul-americanos\/#respond"]}]},{"@type":"WebPage","@id":"https:\/\/diariodepe.com.br\/cri\/2025\/05\/21\/china-testa-politica-de-isencao-de-visto-para-brasil-e-outros-quatro-paises-sul-americanos\/","url":"https:\/\/diariodepe.com.br\/cri\/2025\/05\/21\/china-testa-politica-de-isencao-de-visto-para-brasil-e-outros-quatro-paises-sul-americanos\/","name":"China testa pol\u00edtica de isen\u00e7\u00e3o de visto para Brasil e outros quatro pa\u00edses sul-americanos - CRI e Diario de Pernambuco","isPartOf":{"@id":"https:\/\/diariodepe.com.br\/cri\/#website"},"datePublished":"2025-05-21T07:11:40+00:00","breadcrumb":{"@id":"https:\/\/diariodepe.com.br\/cri\/2025\/05\/21\/china-testa-politica-de-isencao-de-visto-para-brasil-e-outros-quatro-paises-sul-americanos\/#breadcrumb"},"inLanguage":"pt-BR","potentialAction":[{"@type":"ReadAction","target":["https:\/\/diariodepe.com.br\/cri\/2025\/05\/21\/china-testa-politica-de-isencao-de-visto-para-brasil-e-outros-quatro-paises-sul-americanos\/"]}]},{"@type":"BreadcrumbList","@id":"https:\/\/diariodepe.com.br\/cri\/2025\/05\/21\/china-testa-politica-de-isencao-de-visto-para-brasil-e-outros-quatro-paises-sul-americanos\/#breadcrumb","itemListElement":[{"@type":"ListItem","position":1,"name":"In\u00edcio","item":"https:\/\/diariodepe.com.br\/cri\/"},{"@type":"ListItem","position":2,"name":"China testa pol\u00edtica de isen\u00e7\u00e3o de visto para Brasil e outros quatro pa\u00edses sul-americanos"}]},{"@type":"WebSite","@id":"https:\/\/diariodepe.com.br\/cri\/#website","url":"https:\/\/diariodepe.com.br\/cri\/","name":"CRI e Diario de Pernambuco","description":"R\u00e1dio Internacional da China","publisher":{"@id":"https:\/\/diariodepe.com.br\/cri\/#organization"},"potentialAction":[{"@type":"SearchAction","target":{"@type":"EntryPoint","urlTemplate":"https:\/\/diariodepe.com.br\/cri\/?s={search_term_string}"},"query-input":{"@type":"PropertyValueSpecification","valueRequired":true,"valueName":"search_term_string"}}],"inLanguage":"pt-BR"},{"@type":"Organization","@id":"https:\/\/diariodepe.com.br\/cri\/#organization","name":"CRI e Diario de Pernambuco","url":"https:\/\/diariodepe.com.br\/cri\/","logo":{"@type":"ImageObject","inLanguage":"pt-BR","@id":"https:\/\/diariodepe.com.br\/cri\/#\/schema\/logo\/image\/","url":"https:\/\/diariodepe.com.br\/cri\/wp-content\/uploads\/sites\/2\/2022\/12\/cropped-Logo.jpg","contentUrl":"https:\/\/diariodepe.com.br\/cri\/wp-content\/uploads\/sites\/2\/2022\/12\/cropped-Logo.jpg","width":700,"height":59,"caption":"CRI e Diario de Pernambuco"},"image":{"@id":"https:\/\/diariodepe.com.br\/cri\/#\/schema\/logo\/image\/"}},{"@type":"Person","@id":"https:\/\/diariodepe.com.br\/cri\/#\/schema\/person\/121bb28d84f1a5b1205ef4ce9c2e0c6b","name":"Ismael Lucas S. Pereira","image":{"@type":"ImageObject","inLanguage":"pt-BR","@id":"https:\/\/secure.gravatar.com\/avatar\/887a0f3b5a7ceea963a48499fb883ffce6b5037362def025c52c2505b15d63e4?s=96&d=mm&r=g","url":"https:\/\/secure.gravatar.com\/avatar\/887a0f3b5a7ceea963a48499fb883ffce6b5037362def025c52c2505b15d63e4?s=96&d=mm&r=g","contentUrl":"https:\/\/secure.gravatar.com\/avatar\/887a0f3b5a7ceea963a48499fb883ffce6b5037362def025c52c2505b15d63e4?s=96&d=mm&r=g","caption":"Ismael Lucas S. Pereira"},"url":"https:\/\/diariodepe.com.br\/cri\/author\/ismael-lucas\/"}]}},"cc_featured_image_caption":{"caption_text":false,"source_text":false,"source_url":false},"amp_enabled":true,"_links":{"self":[{"href":"https:\/\/diariodepe.com.br\/cri\/wp-json\/wp\/v2\/posts\/8431","targetHints":{"allow":["GET"]}}],"collection":[{"href":"https:\/\/diariodepe.com.br\/cri\/wp-json\/wp\/v2\/posts"}],"about":[{"href":"https:\/\/diariodepe.com.br\/cri\/wp-json\/wp\/v2\/types\/post"}],"author":[{"embeddable":true,"href":"https:\/\/diariodepe.com.br\/cri\/wp-json\/wp\/v2\/users\/2"}],"replies":[{"embeddable":true,"href":"https:\/\/diariodepe.com.br\/cri\/wp-json\/wp\/v2\/comments?post=8431"}],"version-history":[{"count":1,"href":"https:\/\/diariodepe.com.br\/cri\/wp-json\/wp\/v2\/posts\/8431\/revisions"}],"predecessor-version":[{"id":8432,"href":"https:\/\/diariodepe.com.br\/cri\/wp-json\/wp\/v2\/posts\/8431\/revisions\/8432"}],"wp:attachment":[{"href":"https:\/\/diariodepe.com.br\/cri\/wp-json\/wp\/v2\/media?parent=8431"}],"wp:term":[{"taxonomy":"category","embeddable":true,"href":"https:\/\/diariodepe.com.br\/cri\/wp-json\/wp\/v2\/categories?post=8431"},{"taxonomy":"post_tag","embeddable":true,"href":"https:\/\/diariodepe.com.br\/cri\/wp-json\/wp\/v2\/tags?post=8431"}],"curies":[{"name":"wp","href":"https:\/\/api.w.org\/{rel}","templated":true}]}}