{"id":8423,"date":"2025-05-21T04:09:40","date_gmt":"2025-05-21T07:09:40","guid":{"rendered":"https:\/\/diariodepe.com.br\/cri\/?p=8423"},"modified":"2025-05-21T04:09:40","modified_gmt":"2025-05-21T07:09:40","slug":"cinco-programas-permitem-que-comunidade-com-futuro-compartilhado-china-alc-obtenha-progressos-profundos-e-solidos","status":"publish","type":"post","link":"https:\/\/diariodepe.com.br\/cri\/2025\/05\/21\/cinco-programas-permitem-que-comunidade-com-futuro-compartilhado-china-alc-obtenha-progressos-profundos-e-solidos\/","title":{"rendered":"Cinco programas permitem que comunidade com futuro compartilhado China-ALC obtenha progressos profundos e s\u00f3lidos"},"content":{"rendered":"<p>A participa\u00e7\u00e3o do presidente chin\u00eas, Xi Jinping, na cerim\u00f4nia de abertura da 4\u00aa Reuni\u00e3o Ministerial do F\u00f3rum China-CELAC (Comunidade de Estados Latino-Americanos e Caribenhos), realizada nesta segunda-feira (13), e seu discurso feito na ocasi\u00e3o despertaram internacionalmente muita aten\u00e7\u00e3o. Xi Jinping formalizou a disposi\u00e7\u00e3o chinesa de lan\u00e7ar cinco projetos junto com os pa\u00edses latino-americanos e caribenhos, visando ao desenvolvimento e \u00e0 revitaliza\u00e7\u00e3o, e de construir uma comunidade com futuro compartilhado entre a China e a Am\u00e9rica Latina e Caribe (ALC).<\/p>\n<p><img decoding=\"async\" src=\"https:\/\/38picres.cgtn.com\/photoAlbum\/page\/performance\/img\/2025\/5\/15\/1747272881584_478.png\" width=\"100%\" height=\"auto\" \/><\/p>\n<p>Na reuni\u00e3o, foram aprovados a Declara\u00e7\u00e3o de Beijing e um plano de a\u00e7\u00e3o conjunta, emitindo a \u201cvoz da China-ALC\u201d no sentido de unir-se para colabora\u00e7\u00e3o e enfrentamento conjunto de desafios. O fundador do Brasil 247, um dos maiores portais brasileiros de not\u00edcias, Leonardo Attuch, pontuou que a Declara\u00e7\u00e3o de Beijing ficar\u00e1 marcada na hist\u00f3ria, e que a Am\u00e9rica Latina criar\u00e1 um novo cap\u00edtulo de refunda\u00e7\u00e3o e protagonismo de seu pr\u00f3prio destino.<\/p>\n<p>Este ano marca o dec\u00eanio do F\u00f3rum China-CELAC desde o in\u00edcio de sua opera\u00e7\u00e3o oficial. Nos \u00faltimos 10 anos, o presidente chin\u00eas Xi Jinping realizou sucessivamente seis visitas \u00e0 regi\u00e3o da Am\u00e9rica Latina e do Caribe, havendo elaborado pessoalmente o plano de desenvolvimento do relacionamento chin\u00eas com a regi\u00e3o. Os dois lados implementaram mais de 200 projetos de constru\u00e7\u00e3o de infraestruturas por meio da coopera\u00e7\u00e3o de alta qualidade sob o quadro da Iniciativa Cintur\u00e3o e Rota, criando milh\u00f5es de postos de emprego. Tamb\u00e9m lan\u00e7aram o Programa de Forma\u00e7\u00e3o de L\u00edderes Juvenis China-ALC, Programa de Parceria Cient\u00edfico-Tecnol\u00f3gica China-ALC e realizaram o Ano de Interc\u00e2mbio Cultural China-ALC. Tudo isso traduz, nas palavras do l\u00edder chin\u00eas, que \u201cO F\u00f3rum China-CELAC j\u00e1 cresceu de uma muda tenra a uma \u00e1rvore robusta.\u201d<\/p>\n<p>Olhando para o futuro, como essa \u00e1rvore pode dar mais frutos? E como a comunidade com futuro compartilhado entre a China e a ALC pode se aprofundar cada vez mais? A parte chinesa manifestou sua disposi\u00e7\u00e3o de lan\u00e7ar os programas de Solidariedade, Desenvolvimento, Civiliza\u00e7\u00e3o, Paz e Conectividade.<\/p>\n<p>Por que o Programa de Solidariedade est\u00e1 em primeiro lugar? Isso se deve n\u00e3o apenas \u00e0s experi\u00eancias bem-sucedidas na constru\u00e7\u00e3o de uma comunidade com futuro compartilhado em que a China e a ALC trabalham de m\u00e3o dadas para um avan\u00e7o, como tamb\u00e9m ao fato de que, diante do avan\u00e7o de uma \u201chegemonia unilateral\u201d, transig\u00eancia e apaziguamento n\u00e3o s\u00e3o sa\u00edda, e s\u00f3 a unidade pode conquistar respeito. A parte chinesa ressaltou que est\u00e1 a disposta a continuar trabalhando juntamente com os pa\u00edses da ALC para apoiarem-se mutuamente em quest\u00f5es relativas aos interesses essenciais e \u00e0s principais preocupa\u00e7\u00f5es, e a salvaguardar firmemente o sistema internacional que tem a Organiza\u00e7\u00e3o das Na\u00e7\u00f5es Unidas como n\u00facleo e a ordem mundial baseada no Direito Internacional.<\/p>\n<p>Os programas de Desenvolvimento, de Civiliza\u00e7\u00e3o e de Paz correspondem respectivamente \u00e0 Iniciativa de Desenvolvimento Global, \u00e0 Iniciativa de Civiliza\u00e7\u00e3o Global e \u00e0 Iniciativa de Seguran\u00e7a Global propostas pela China. O Programa de Desenvolvimento desperta muita aten\u00e7\u00e3o. Em 2024, o volume de com\u00e9rcio entre a China e a ALC alcan\u00e7ou US$ 518,4 bilh\u00f5es, o dobro de uma d\u00e9cada atr\u00e1s. No futuro, os dois lados refor\u00e7ar\u00e3o a conectividade das estrat\u00e9gias de desenvolvimento, impulsionar\u00e3o profundamente a coopera\u00e7\u00e3o de alta qualidade sob o quadro da Iniciativa Cintur\u00e3o e Seda, bem como aprofundar\u00e3o a colabora\u00e7\u00e3o nas \u00e1reas tradicionais como as de infraestrutura, agricultura e cereais, energia e minerais. Al\u00e9m disso, ampliar\u00e3o a coopera\u00e7\u00e3o nos setores emergentes, incluindo energia limpa, comunica\u00e7\u00e3o em 5G, economia digital e intelig\u00eancia artificial. A \u201cpreciosidade\u201d das rela\u00e7\u00f5es entre a China e a ALC est\u00e1 aumentando constantemente.<\/p>\n","protected":false},"excerpt":{"rendered":"<p>A participa\u00e7\u00e3o do presidente chin\u00eas, Xi Jinping, na cerim\u00f4nia de abertura da 4\u00aa Reuni\u00e3o Ministerial do F\u00f3rum China-CELAC (Comunidade de Estados Latino-Americanos e Caribenhos), realizada nesta segunda-feira (13), e seu discurso feito na ocasi\u00e3o despertaram internacionalmente muita aten\u00e7\u00e3o. Xi Jinping&#8230;<\/p>\n","protected":false},"author":2,"featured_media":0,"comment_status":"open","ping_status":"open","sticky":false,"template":"","format":"standard","meta":{"footnotes":""},"categories":[7],"tags":[],"class_list":["post-8423","post","type-post","status-publish","format-standard","hentry","category-visao"],"yoast_head":"<!-- This site is optimized with the Yoast SEO plugin v27.4 - https:\/\/yoast.com\/product\/yoast-seo-wordpress\/ -->\n<title>Cinco programas permitem que comunidade com futuro compartilhado China-ALC obtenha progressos profundos e s\u00f3lidos - CRI e Diario de Pernambuco<\/title>\n<meta name=\"robots\" content=\"index, follow, max-snippet:-1, max-image-preview:large, max-video-preview:-1\" \/>\n<link rel=\"canonical\" href=\"https:\/\/diariodepe.com.br\/cri\/2025\/05\/21\/cinco-programas-permitem-que-comunidade-com-futuro-compartilhado-china-alc-obtenha-progressos-profundos-e-solidos\/\" \/>\n<meta property=\"og:locale\" content=\"pt_BR\" \/>\n<meta property=\"og:type\" content=\"article\" \/>\n<meta property=\"og:title\" content=\"Cinco programas permitem que comunidade com futuro compartilhado China-ALC obtenha progressos profundos e s\u00f3lidos - CRI e Diario de Pernambuco\" \/>\n<meta property=\"og:description\" content=\"A participa\u00e7\u00e3o do presidente chin\u00eas, Xi Jinping, na cerim\u00f4nia de abertura da 4\u00aa Reuni\u00e3o Ministerial do F\u00f3rum China-CELAC (Comunidade de Estados Latino-Americanos e Caribenhos), realizada nesta segunda-feira (13), e seu discurso feito na ocasi\u00e3o despertaram internacionalmente muita aten\u00e7\u00e3o. Xi Jinping...\" \/>\n<meta property=\"og:url\" content=\"https:\/\/diariodepe.com.br\/cri\/2025\/05\/21\/cinco-programas-permitem-que-comunidade-com-futuro-compartilhado-china-alc-obtenha-progressos-profundos-e-solidos\/\" \/>\n<meta property=\"og:site_name\" content=\"CRI e Diario de Pernambuco\" \/>\n<meta property=\"article:published_time\" content=\"2025-05-21T07:09:40+00:00\" \/>\n<meta property=\"og:image\" content=\"https:\/\/38picres.cgtn.com\/photoAlbum\/page\/performance\/img\/2025\/5\/15\/1747272881584_478.png\" \/>\n<meta name=\"author\" content=\"Ismael Lucas S. Pereira\" \/>\n<meta name=\"twitter:card\" content=\"summary_large_image\" \/>\n<meta name=\"twitter:label1\" content=\"Escrito por\" \/>\n\t<meta name=\"twitter:data1\" content=\"Ismael Lucas S. Pereira\" \/>\n\t<meta name=\"twitter:label2\" content=\"Est. tempo de leitura\" \/>\n\t<meta name=\"twitter:data2\" content=\"4 minutos\" \/>\n<script type=\"application\/ld+json\" class=\"yoast-schema-graph\">{\"@context\":\"https:\\\/\\\/schema.org\",\"@graph\":[{\"@type\":\"Article\",\"@id\":\"https:\\\/\\\/diariodepe.com.br\\\/cri\\\/2025\\\/05\\\/21\\\/cinco-programas-permitem-que-comunidade-com-futuro-compartilhado-china-alc-obtenha-progressos-profundos-e-solidos\\\/#article\",\"isPartOf\":{\"@id\":\"https:\\\/\\\/diariodepe.com.br\\\/cri\\\/2025\\\/05\\\/21\\\/cinco-programas-permitem-que-comunidade-com-futuro-compartilhado-china-alc-obtenha-progressos-profundos-e-solidos\\\/\"},\"author\":{\"name\":\"Ismael Lucas S. Pereira\",\"@id\":\"https:\\\/\\\/diariodepe.com.br\\\/cri\\\/#\\\/schema\\\/person\\\/121bb28d84f1a5b1205ef4ce9c2e0c6b\"},\"headline\":\"Cinco programas permitem que comunidade com futuro compartilhado China-ALC obtenha progressos profundos e s\u00f3lidos\",\"datePublished\":\"2025-05-21T07:09:40+00:00\",\"mainEntityOfPage\":{\"@id\":\"https:\\\/\\\/diariodepe.com.br\\\/cri\\\/2025\\\/05\\\/21\\\/cinco-programas-permitem-que-comunidade-com-futuro-compartilhado-china-alc-obtenha-progressos-profundos-e-solidos\\\/\"},\"wordCount\":672,\"commentCount\":0,\"publisher\":{\"@id\":\"https:\\\/\\\/diariodepe.com.br\\\/cri\\\/#organization\"},\"image\":{\"@id\":\"https:\\\/\\\/diariodepe.com.br\\\/cri\\\/2025\\\/05\\\/21\\\/cinco-programas-permitem-que-comunidade-com-futuro-compartilhado-china-alc-obtenha-progressos-profundos-e-solidos\\\/#primaryimage\"},\"thumbnailUrl\":\"https:\\\/\\\/38picres.cgtn.com\\\/photoAlbum\\\/page\\\/performance\\\/img\\\/2025\\\/5\\\/15\\\/1747272881584_478.png\",\"articleSection\":[\"Vis\u00e3o\"],\"inLanguage\":\"pt-BR\",\"potentialAction\":[{\"@type\":\"CommentAction\",\"name\":\"Comment\",\"target\":[\"https:\\\/\\\/diariodepe.com.br\\\/cri\\\/2025\\\/05\\\/21\\\/cinco-programas-permitem-que-comunidade-com-futuro-compartilhado-china-alc-obtenha-progressos-profundos-e-solidos\\\/#respond\"]}]},{\"@type\":\"WebPage\",\"@id\":\"https:\\\/\\\/diariodepe.com.br\\\/cri\\\/2025\\\/05\\\/21\\\/cinco-programas-permitem-que-comunidade-com-futuro-compartilhado-china-alc-obtenha-progressos-profundos-e-solidos\\\/\",\"url\":\"https:\\\/\\\/diariodepe.com.br\\\/cri\\\/2025\\\/05\\\/21\\\/cinco-programas-permitem-que-comunidade-com-futuro-compartilhado-china-alc-obtenha-progressos-profundos-e-solidos\\\/\",\"name\":\"Cinco programas permitem que comunidade com futuro compartilhado China-ALC obtenha progressos profundos e s\u00f3lidos - CRI e Diario de Pernambuco\",\"isPartOf\":{\"@id\":\"https:\\\/\\\/diariodepe.com.br\\\/cri\\\/#website\"},\"primaryImageOfPage\":{\"@id\":\"https:\\\/\\\/diariodepe.com.br\\\/cri\\\/2025\\\/05\\\/21\\\/cinco-programas-permitem-que-comunidade-com-futuro-compartilhado-china-alc-obtenha-progressos-profundos-e-solidos\\\/#primaryimage\"},\"image\":{\"@id\":\"https:\\\/\\\/diariodepe.com.br\\\/cri\\\/2025\\\/05\\\/21\\\/cinco-programas-permitem-que-comunidade-com-futuro-compartilhado-china-alc-obtenha-progressos-profundos-e-solidos\\\/#primaryimage\"},\"thumbnailUrl\":\"https:\\\/\\\/38picres.cgtn.com\\\/photoAlbum\\\/page\\\/performance\\\/img\\\/2025\\\/5\\\/15\\\/1747272881584_478.png\",\"datePublished\":\"2025-05-21T07:09:40+00:00\",\"breadcrumb\":{\"@id\":\"https:\\\/\\\/diariodepe.com.br\\\/cri\\\/2025\\\/05\\\/21\\\/cinco-programas-permitem-que-comunidade-com-futuro-compartilhado-china-alc-obtenha-progressos-profundos-e-solidos\\\/#breadcrumb\"},\"inLanguage\":\"pt-BR\",\"potentialAction\":[{\"@type\":\"ReadAction\",\"target\":[\"https:\\\/\\\/diariodepe.com.br\\\/cri\\\/2025\\\/05\\\/21\\\/cinco-programas-permitem-que-comunidade-com-futuro-compartilhado-china-alc-obtenha-progressos-profundos-e-solidos\\\/\"]}]},{\"@type\":\"ImageObject\",\"inLanguage\":\"pt-BR\",\"@id\":\"https:\\\/\\\/diariodepe.com.br\\\/cri\\\/2025\\\/05\\\/21\\\/cinco-programas-permitem-que-comunidade-com-futuro-compartilhado-china-alc-obtenha-progressos-profundos-e-solidos\\\/#primaryimage\",\"url\":\"https:\\\/\\\/38picres.cgtn.com\\\/photoAlbum\\\/page\\\/performance\\\/img\\\/2025\\\/5\\\/15\\\/1747272881584_478.png\",\"contentUrl\":\"https:\\\/\\\/38picres.cgtn.com\\\/photoAlbum\\\/page\\\/performance\\\/img\\\/2025\\\/5\\\/15\\\/1747272881584_478.png\"},{\"@type\":\"BreadcrumbList\",\"@id\":\"https:\\\/\\\/diariodepe.com.br\\\/cri\\\/2025\\\/05\\\/21\\\/cinco-programas-permitem-que-comunidade-com-futuro-compartilhado-china-alc-obtenha-progressos-profundos-e-solidos\\\/#breadcrumb\",\"itemListElement\":[{\"@type\":\"ListItem\",\"position\":1,\"name\":\"In\u00edcio\",\"item\":\"https:\\\/\\\/diariodepe.com.br\\\/cri\\\/\"},{\"@type\":\"ListItem\",\"position\":2,\"name\":\"Cinco programas permitem que comunidade com futuro compartilhado China-ALC obtenha progressos profundos e s\u00f3lidos\"}]},{\"@type\":\"WebSite\",\"@id\":\"https:\\\/\\\/diariodepe.com.br\\\/cri\\\/#website\",\"url\":\"https:\\\/\\\/diariodepe.com.br\\\/cri\\\/\",\"name\":\"CRI e Diario de Pernambuco\",\"description\":\"R\u00e1dio Internacional da China\",\"publisher\":{\"@id\":\"https:\\\/\\\/diariodepe.com.br\\\/cri\\\/#organization\"},\"potentialAction\":[{\"@type\":\"SearchAction\",\"target\":{\"@type\":\"EntryPoint\",\"urlTemplate\":\"https:\\\/\\\/diariodepe.com.br\\\/cri\\\/?s={search_term_string}\"},\"query-input\":{\"@type\":\"PropertyValueSpecification\",\"valueRequired\":true,\"valueName\":\"search_term_string\"}}],\"inLanguage\":\"pt-BR\"},{\"@type\":\"Organization\",\"@id\":\"https:\\\/\\\/diariodepe.com.br\\\/cri\\\/#organization\",\"name\":\"CRI e Diario de Pernambuco\",\"url\":\"https:\\\/\\\/diariodepe.com.br\\\/cri\\\/\",\"logo\":{\"@type\":\"ImageObject\",\"inLanguage\":\"pt-BR\",\"@id\":\"https:\\\/\\\/diariodepe.com.br\\\/cri\\\/#\\\/schema\\\/logo\\\/image\\\/\",\"url\":\"https:\\\/\\\/diariodepe.com.br\\\/cri\\\/wp-content\\\/uploads\\\/sites\\\/2\\\/2022\\\/12\\\/cropped-Logo.jpg\",\"contentUrl\":\"https:\\\/\\\/diariodepe.com.br\\\/cri\\\/wp-content\\\/uploads\\\/sites\\\/2\\\/2022\\\/12\\\/cropped-Logo.jpg\",\"width\":700,\"height\":59,\"caption\":\"CRI e Diario de Pernambuco\"},\"image\":{\"@id\":\"https:\\\/\\\/diariodepe.com.br\\\/cri\\\/#\\\/schema\\\/logo\\\/image\\\/\"}},{\"@type\":\"Person\",\"@id\":\"https:\\\/\\\/diariodepe.com.br\\\/cri\\\/#\\\/schema\\\/person\\\/121bb28d84f1a5b1205ef4ce9c2e0c6b\",\"name\":\"Ismael Lucas S. Pereira\",\"image\":{\"@type\":\"ImageObject\",\"inLanguage\":\"pt-BR\",\"@id\":\"https:\\\/\\\/secure.gravatar.com\\\/avatar\\\/887a0f3b5a7ceea963a48499fb883ffce6b5037362def025c52c2505b15d63e4?s=96&d=mm&r=g\",\"url\":\"https:\\\/\\\/secure.gravatar.com\\\/avatar\\\/887a0f3b5a7ceea963a48499fb883ffce6b5037362def025c52c2505b15d63e4?s=96&d=mm&r=g\",\"contentUrl\":\"https:\\\/\\\/secure.gravatar.com\\\/avatar\\\/887a0f3b5a7ceea963a48499fb883ffce6b5037362def025c52c2505b15d63e4?s=96&d=mm&r=g\",\"caption\":\"Ismael Lucas S. Pereira\"},\"url\":\"https:\\\/\\\/diariodepe.com.br\\\/cri\\\/author\\\/ismael-lucas\\\/\"}]}<\/script>\n<!-- \/ Yoast SEO plugin. -->","yoast_head_json":{"title":"Cinco programas permitem que comunidade com futuro compartilhado China-ALC obtenha progressos profundos e s\u00f3lidos - CRI e Diario de Pernambuco","robots":{"index":"index","follow":"follow","max-snippet":"max-snippet:-1","max-image-preview":"max-image-preview:large","max-video-preview":"max-video-preview:-1"},"canonical":"https:\/\/diariodepe.com.br\/cri\/2025\/05\/21\/cinco-programas-permitem-que-comunidade-com-futuro-compartilhado-china-alc-obtenha-progressos-profundos-e-solidos\/","og_locale":"pt_BR","og_type":"article","og_title":"Cinco programas permitem que comunidade com futuro compartilhado China-ALC obtenha progressos profundos e s\u00f3lidos - CRI e Diario de Pernambuco","og_description":"A participa\u00e7\u00e3o do presidente chin\u00eas, Xi Jinping, na cerim\u00f4nia de abertura da 4\u00aa Reuni\u00e3o Ministerial do F\u00f3rum China-CELAC (Comunidade de Estados Latino-Americanos e Caribenhos), realizada nesta segunda-feira (13), e seu discurso feito na ocasi\u00e3o despertaram internacionalmente muita aten\u00e7\u00e3o. Xi Jinping...","og_url":"https:\/\/diariodepe.com.br\/cri\/2025\/05\/21\/cinco-programas-permitem-que-comunidade-com-futuro-compartilhado-china-alc-obtenha-progressos-profundos-e-solidos\/","og_site_name":"CRI e Diario de Pernambuco","article_published_time":"2025-05-21T07:09:40+00:00","og_image":[{"url":"https:\/\/38picres.cgtn.com\/photoAlbum\/page\/performance\/img\/2025\/5\/15\/1747272881584_478.png","type":"","width":"","height":""}],"author":"Ismael Lucas S. Pereira","twitter_card":"summary_large_image","twitter_misc":{"Escrito por":"Ismael Lucas S. Pereira","Est. tempo de leitura":"4 minutos"},"schema":{"@context":"https:\/\/schema.org","@graph":[{"@type":"Article","@id":"https:\/\/diariodepe.com.br\/cri\/2025\/05\/21\/cinco-programas-permitem-que-comunidade-com-futuro-compartilhado-china-alc-obtenha-progressos-profundos-e-solidos\/#article","isPartOf":{"@id":"https:\/\/diariodepe.com.br\/cri\/2025\/05\/21\/cinco-programas-permitem-que-comunidade-com-futuro-compartilhado-china-alc-obtenha-progressos-profundos-e-solidos\/"},"author":{"name":"Ismael Lucas S. Pereira","@id":"https:\/\/diariodepe.com.br\/cri\/#\/schema\/person\/121bb28d84f1a5b1205ef4ce9c2e0c6b"},"headline":"Cinco programas permitem que comunidade com futuro compartilhado China-ALC obtenha progressos profundos e s\u00f3lidos","datePublished":"2025-05-21T07:09:40+00:00","mainEntityOfPage":{"@id":"https:\/\/diariodepe.com.br\/cri\/2025\/05\/21\/cinco-programas-permitem-que-comunidade-com-futuro-compartilhado-china-alc-obtenha-progressos-profundos-e-solidos\/"},"wordCount":672,"commentCount":0,"publisher":{"@id":"https:\/\/diariodepe.com.br\/cri\/#organization"},"image":{"@id":"https:\/\/diariodepe.com.br\/cri\/2025\/05\/21\/cinco-programas-permitem-que-comunidade-com-futuro-compartilhado-china-alc-obtenha-progressos-profundos-e-solidos\/#primaryimage"},"thumbnailUrl":"https:\/\/38picres.cgtn.com\/photoAlbum\/page\/performance\/img\/2025\/5\/15\/1747272881584_478.png","articleSection":["Vis\u00e3o"],"inLanguage":"pt-BR","potentialAction":[{"@type":"CommentAction","name":"Comment","target":["https:\/\/diariodepe.com.br\/cri\/2025\/05\/21\/cinco-programas-permitem-que-comunidade-com-futuro-compartilhado-china-alc-obtenha-progressos-profundos-e-solidos\/#respond"]}]},{"@type":"WebPage","@id":"https:\/\/diariodepe.com.br\/cri\/2025\/05\/21\/cinco-programas-permitem-que-comunidade-com-futuro-compartilhado-china-alc-obtenha-progressos-profundos-e-solidos\/","url":"https:\/\/diariodepe.com.br\/cri\/2025\/05\/21\/cinco-programas-permitem-que-comunidade-com-futuro-compartilhado-china-alc-obtenha-progressos-profundos-e-solidos\/","name":"Cinco programas permitem que comunidade com futuro compartilhado China-ALC obtenha progressos profundos e s\u00f3lidos - CRI e Diario de Pernambuco","isPartOf":{"@id":"https:\/\/diariodepe.com.br\/cri\/#website"},"primaryImageOfPage":{"@id":"https:\/\/diariodepe.com.br\/cri\/2025\/05\/21\/cinco-programas-permitem-que-comunidade-com-futuro-compartilhado-china-alc-obtenha-progressos-profundos-e-solidos\/#primaryimage"},"image":{"@id":"https:\/\/diariodepe.com.br\/cri\/2025\/05\/21\/cinco-programas-permitem-que-comunidade-com-futuro-compartilhado-china-alc-obtenha-progressos-profundos-e-solidos\/#primaryimage"},"thumbnailUrl":"https:\/\/38picres.cgtn.com\/photoAlbum\/page\/performance\/img\/2025\/5\/15\/1747272881584_478.png","datePublished":"2025-05-21T07:09:40+00:00","breadcrumb":{"@id":"https:\/\/diariodepe.com.br\/cri\/2025\/05\/21\/cinco-programas-permitem-que-comunidade-com-futuro-compartilhado-china-alc-obtenha-progressos-profundos-e-solidos\/#breadcrumb"},"inLanguage":"pt-BR","potentialAction":[{"@type":"ReadAction","target":["https:\/\/diariodepe.com.br\/cri\/2025\/05\/21\/cinco-programas-permitem-que-comunidade-com-futuro-compartilhado-china-alc-obtenha-progressos-profundos-e-solidos\/"]}]},{"@type":"ImageObject","inLanguage":"pt-BR","@id":"https:\/\/diariodepe.com.br\/cri\/2025\/05\/21\/cinco-programas-permitem-que-comunidade-com-futuro-compartilhado-china-alc-obtenha-progressos-profundos-e-solidos\/#primaryimage","url":"https:\/\/38picres.cgtn.com\/photoAlbum\/page\/performance\/img\/2025\/5\/15\/1747272881584_478.png","contentUrl":"https:\/\/38picres.cgtn.com\/photoAlbum\/page\/performance\/img\/2025\/5\/15\/1747272881584_478.png"},{"@type":"BreadcrumbList","@id":"https:\/\/diariodepe.com.br\/cri\/2025\/05\/21\/cinco-programas-permitem-que-comunidade-com-futuro-compartilhado-china-alc-obtenha-progressos-profundos-e-solidos\/#breadcrumb","itemListElement":[{"@type":"ListItem","position":1,"name":"In\u00edcio","item":"https:\/\/diariodepe.com.br\/cri\/"},{"@type":"ListItem","position":2,"name":"Cinco programas permitem que comunidade com futuro compartilhado China-ALC obtenha progressos profundos e s\u00f3lidos"}]},{"@type":"WebSite","@id":"https:\/\/diariodepe.com.br\/cri\/#website","url":"https:\/\/diariodepe.com.br\/cri\/","name":"CRI e Diario de Pernambuco","description":"R\u00e1dio Internacional da China","publisher":{"@id":"https:\/\/diariodepe.com.br\/cri\/#organization"},"potentialAction":[{"@type":"SearchAction","target":{"@type":"EntryPoint","urlTemplate":"https:\/\/diariodepe.com.br\/cri\/?s={search_term_string}"},"query-input":{"@type":"PropertyValueSpecification","valueRequired":true,"valueName":"search_term_string"}}],"inLanguage":"pt-BR"},{"@type":"Organization","@id":"https:\/\/diariodepe.com.br\/cri\/#organization","name":"CRI e Diario de Pernambuco","url":"https:\/\/diariodepe.com.br\/cri\/","logo":{"@type":"ImageObject","inLanguage":"pt-BR","@id":"https:\/\/diariodepe.com.br\/cri\/#\/schema\/logo\/image\/","url":"https:\/\/diariodepe.com.br\/cri\/wp-content\/uploads\/sites\/2\/2022\/12\/cropped-Logo.jpg","contentUrl":"https:\/\/diariodepe.com.br\/cri\/wp-content\/uploads\/sites\/2\/2022\/12\/cropped-Logo.jpg","width":700,"height":59,"caption":"CRI e Diario de Pernambuco"},"image":{"@id":"https:\/\/diariodepe.com.br\/cri\/#\/schema\/logo\/image\/"}},{"@type":"Person","@id":"https:\/\/diariodepe.com.br\/cri\/#\/schema\/person\/121bb28d84f1a5b1205ef4ce9c2e0c6b","name":"Ismael Lucas S. Pereira","image":{"@type":"ImageObject","inLanguage":"pt-BR","@id":"https:\/\/secure.gravatar.com\/avatar\/887a0f3b5a7ceea963a48499fb883ffce6b5037362def025c52c2505b15d63e4?s=96&d=mm&r=g","url":"https:\/\/secure.gravatar.com\/avatar\/887a0f3b5a7ceea963a48499fb883ffce6b5037362def025c52c2505b15d63e4?s=96&d=mm&r=g","contentUrl":"https:\/\/secure.gravatar.com\/avatar\/887a0f3b5a7ceea963a48499fb883ffce6b5037362def025c52c2505b15d63e4?s=96&d=mm&r=g","caption":"Ismael Lucas S. Pereira"},"url":"https:\/\/diariodepe.com.br\/cri\/author\/ismael-lucas\/"}]}},"cc_featured_image_caption":{"caption_text":false,"source_text":false,"source_url":false},"amp_enabled":true,"_links":{"self":[{"href":"https:\/\/diariodepe.com.br\/cri\/wp-json\/wp\/v2\/posts\/8423","targetHints":{"allow":["GET"]}}],"collection":[{"href":"https:\/\/diariodepe.com.br\/cri\/wp-json\/wp\/v2\/posts"}],"about":[{"href":"https:\/\/diariodepe.com.br\/cri\/wp-json\/wp\/v2\/types\/post"}],"author":[{"embeddable":true,"href":"https:\/\/diariodepe.com.br\/cri\/wp-json\/wp\/v2\/users\/2"}],"replies":[{"embeddable":true,"href":"https:\/\/diariodepe.com.br\/cri\/wp-json\/wp\/v2\/comments?post=8423"}],"version-history":[{"count":1,"href":"https:\/\/diariodepe.com.br\/cri\/wp-json\/wp\/v2\/posts\/8423\/revisions"}],"predecessor-version":[{"id":8424,"href":"https:\/\/diariodepe.com.br\/cri\/wp-json\/wp\/v2\/posts\/8423\/revisions\/8424"}],"wp:attachment":[{"href":"https:\/\/diariodepe.com.br\/cri\/wp-json\/wp\/v2\/media?parent=8423"}],"wp:term":[{"taxonomy":"category","embeddable":true,"href":"https:\/\/diariodepe.com.br\/cri\/wp-json\/wp\/v2\/categories?post=8423"},{"taxonomy":"post_tag","embeddable":true,"href":"https:\/\/diariodepe.com.br\/cri\/wp-json\/wp\/v2\/tags?post=8423"}],"curies":[{"name":"wp","href":"https:\/\/api.w.org\/{rel}","templated":true}]}}