{"id":8415,"date":"2025-05-21T04:06:11","date_gmt":"2025-05-21T07:06:11","guid":{"rendered":"https:\/\/diariodepe.com.br\/cri\/?p=8415"},"modified":"2025-05-21T04:06:11","modified_gmt":"2025-05-21T07:06:11","slug":"defender-os-frutos-da-vitoria-da-segunda-guerra-mundial-licoes-da-historia-nao-podem-ser-esquecidas","status":"publish","type":"post","link":"https:\/\/diariodepe.com.br\/cri\/2025\/05\/21\/defender-os-frutos-da-vitoria-da-segunda-guerra-mundial-licoes-da-historia-nao-podem-ser-esquecidas\/","title":{"rendered":"Defender os frutos da vit\u00f3ria da Segunda Guerra Mundial: li\u00e7\u00f5es da hist\u00f3ria n\u00e3o podem ser esquecidas"},"content":{"rendered":"<p>No dia 9, uma grandiosa cerim\u00f4nia foi realizada na Pra\u00e7a Vermelha, em Moscou, para comemorar o 80\u00ba anivers\u00e1rio da vit\u00f3ria da Grande Guerra Patri\u00f3tica da Uni\u00e3o Sovi\u00e9tica. O presidente chin\u00eas, Xi Jinping, participou do evento ao lado de l\u00edderes de mais de 20 pa\u00edses e organiza\u00e7\u00f5es internacionais.<\/p>\n<p>O ano de 2025 tem um significado especial para o mundo. Este ano marca os 80 anos da vit\u00f3ria da Guerra de Resist\u00eancia do Povo Chin\u00eas contra a Agress\u00e3o Japonesa, da Grande Guerra Patri\u00f3tica da Uni\u00e3o Sovi\u00e9tica e da Guerra Mundial Antifascista, bem como o 80\u00ba anivers\u00e1rio da funda\u00e7\u00e3o da Organiza\u00e7\u00e3o das Na\u00e7\u00f5es Unidas (ONU). Diante desses tr\u00eas marcos hist\u00f3ricos, \u00e9 necess\u00e1rio refletir sobre o passado, compreender o presente e inspirar o futuro.<\/p>\n<p><img decoding=\"async\" src=\"https:\/\/38picres.cgtn.com\/photoAlbum\/page\/performance\/img\/2025\/5\/10\/1746886574947_432.jpg\" width=\"100%\" height=\"auto\" \/><\/p>\n<p>Com base na mem\u00f3ria hist\u00f3rica comum, nos profundos la\u00e7os de solidariedade forjados na guerra e na responsabilidade de manter a paz mundial, a China e a R\u00fassia apoiam mutuamente as comemora\u00e7\u00f5es da vit\u00f3ria na Segunda Guerra Mundial, demonstrando um elevado n\u00edvel de confian\u00e7a pol\u00edtica e as responsabilidades de grandes pa\u00edses. A visita de Estado do presidente Xi Jinping \u00e0 R\u00fassia e sua participa\u00e7\u00e3o nas atividades comemorativas transmitem uma mensagem clara ao mundo: a hist\u00f3ria n\u00e3o pode ser esquecida, a paz foi arduamente conquistada, e a China e a R\u00fassia devem defender em conjunto a justi\u00e7a e a equidade internacionais.<\/p>\n<p>Preconceito e discrimina\u00e7\u00e3o, \u00f3dio e guerra s\u00f3 trazem sofrimento e trag\u00e9dia. O caminho correto da humanidade reside no respeito m\u00fatuo, na conviv\u00eancia de igualdade, no desenvolvimento pac\u00edfico e na prosperidade compartilhada.<\/p>\n<p><img decoding=\"async\" src=\"https:\/\/38picres.cgtn.com\/photoAlbum\/page\/performance\/img\/2025\/5\/10\/1746886582767_185.jpg\" width=\"100%\" height=\"auto\" \/><\/p>\n<p>Durante as reuni\u00f5es entre os chefes de Estado da China e da R\u00fassia em Moscou, ambos os lados concordaram em promover uma vis\u00e3o correta da hist\u00f3ria da Segunda Guerra Mundial, defender a autoridade e o status da ONU e proteger a justi\u00e7a internacional. Essa posi\u00e7\u00e3o aponta a dire\u00e7\u00e3o para a comunidade internacional salvaguardar os frutos da vit\u00f3ria da Segunda Guerra Mundial e enfrentar os riscos e desafios atuais.<\/p>\n<p>Atualmente, as rela\u00e7\u00f5es entre a China e a R\u00fassia atingiram seu mais alto n\u00edvel hist\u00f3rico. Os dois pa\u00edses compartilham posi\u00e7\u00f5es semelhantes em muitas quest\u00f5es internacionais importantes e defendem a promo\u00e7\u00e3o de uma multipolariza\u00e7\u00e3o mundial igualit\u00e1ria e ordenada e a democratiza\u00e7\u00e3o das rela\u00e7\u00f5es internacionais. Os l\u00edderes chin\u00eas e russo concordaram em refor\u00e7ar a coordena\u00e7\u00e3o e a coopera\u00e7\u00e3o dentro de estruturas multilaterais como a ONU, a Organiza\u00e7\u00e3o de Coopera\u00e7\u00e3o de Shanghai e o BRICS, unindo o Sul Global, promovendo o verdadeiro multilateralismo, se opondo \u00e0 imposi\u00e7\u00e3o arbitr\u00e1ria de san\u00e7\u00f5es e \u00e0 confronta\u00e7\u00e3o entre blocos, e defendendo os interesses comuns da comunidade internacional.<\/p>\n","protected":false},"excerpt":{"rendered":"<p>No dia 9, uma grandiosa cerim\u00f4nia foi realizada na Pra\u00e7a Vermelha, em Moscou, para comemorar o 80\u00ba anivers\u00e1rio da vit\u00f3ria da Grande Guerra Patri\u00f3tica da Uni\u00e3o Sovi\u00e9tica. O presidente chin\u00eas, Xi Jinping, participou do evento ao lado de l\u00edderes de&#8230;<\/p>\n","protected":false},"author":2,"featured_media":0,"comment_status":"open","ping_status":"open","sticky":false,"template":"","format":"standard","meta":{"footnotes":""},"categories":[7],"tags":[],"class_list":["post-8415","post","type-post","status-publish","format-standard","hentry","category-visao"],"yoast_head":"<!-- This site is optimized with the Yoast SEO plugin v27.4 - https:\/\/yoast.com\/product\/yoast-seo-wordpress\/ -->\n<title>Defender os frutos da vit\u00f3ria da Segunda Guerra Mundial: li\u00e7\u00f5es da hist\u00f3ria n\u00e3o podem ser esquecidas - CRI e Diario de Pernambuco<\/title>\n<meta name=\"robots\" content=\"index, follow, max-snippet:-1, max-image-preview:large, max-video-preview:-1\" \/>\n<link rel=\"canonical\" href=\"https:\/\/diariodepe.com.br\/cri\/2025\/05\/21\/defender-os-frutos-da-vitoria-da-segunda-guerra-mundial-licoes-da-historia-nao-podem-ser-esquecidas\/\" \/>\n<meta property=\"og:locale\" content=\"pt_BR\" \/>\n<meta property=\"og:type\" content=\"article\" \/>\n<meta property=\"og:title\" content=\"Defender os frutos da vit\u00f3ria da Segunda Guerra Mundial: li\u00e7\u00f5es da hist\u00f3ria n\u00e3o podem ser esquecidas - CRI e Diario de Pernambuco\" \/>\n<meta property=\"og:description\" content=\"No dia 9, uma grandiosa cerim\u00f4nia foi realizada na Pra\u00e7a Vermelha, em Moscou, para comemorar o 80\u00ba anivers\u00e1rio da vit\u00f3ria da Grande Guerra Patri\u00f3tica da Uni\u00e3o Sovi\u00e9tica. O presidente chin\u00eas, Xi Jinping, participou do evento ao lado de l\u00edderes de...\" \/>\n<meta property=\"og:url\" content=\"https:\/\/diariodepe.com.br\/cri\/2025\/05\/21\/defender-os-frutos-da-vitoria-da-segunda-guerra-mundial-licoes-da-historia-nao-podem-ser-esquecidas\/\" \/>\n<meta property=\"og:site_name\" content=\"CRI e Diario de Pernambuco\" \/>\n<meta property=\"article:published_time\" content=\"2025-05-21T07:06:11+00:00\" \/>\n<meta property=\"og:image\" content=\"https:\/\/38picres.cgtn.com\/photoAlbum\/page\/performance\/img\/2025\/5\/10\/1746886574947_432.jpg\" \/>\n<meta name=\"author\" content=\"Ismael Lucas S. Pereira\" \/>\n<meta name=\"twitter:card\" content=\"summary_large_image\" \/>\n<meta name=\"twitter:label1\" content=\"Escrito por\" \/>\n\t<meta name=\"twitter:data1\" content=\"Ismael Lucas S. Pereira\" \/>\n<script type=\"application\/ld+json\" class=\"yoast-schema-graph\">{\"@context\":\"https:\\\/\\\/schema.org\",\"@graph\":[{\"@type\":\"Article\",\"@id\":\"https:\\\/\\\/diariodepe.com.br\\\/cri\\\/2025\\\/05\\\/21\\\/defender-os-frutos-da-vitoria-da-segunda-guerra-mundial-licoes-da-historia-nao-podem-ser-esquecidas\\\/#article\",\"isPartOf\":{\"@id\":\"https:\\\/\\\/diariodepe.com.br\\\/cri\\\/2025\\\/05\\\/21\\\/defender-os-frutos-da-vitoria-da-segunda-guerra-mundial-licoes-da-historia-nao-podem-ser-esquecidas\\\/\"},\"author\":{\"name\":\"Ismael Lucas S. Pereira\",\"@id\":\"https:\\\/\\\/diariodepe.com.br\\\/cri\\\/#\\\/schema\\\/person\\\/121bb28d84f1a5b1205ef4ce9c2e0c6b\"},\"headline\":\"Defender os frutos da vit\u00f3ria da Segunda Guerra Mundial: li\u00e7\u00f5es da hist\u00f3ria n\u00e3o podem ser esquecidas\",\"datePublished\":\"2025-05-21T07:06:11+00:00\",\"mainEntityOfPage\":{\"@id\":\"https:\\\/\\\/diariodepe.com.br\\\/cri\\\/2025\\\/05\\\/21\\\/defender-os-frutos-da-vitoria-da-segunda-guerra-mundial-licoes-da-historia-nao-podem-ser-esquecidas\\\/\"},\"wordCount\":505,\"commentCount\":0,\"publisher\":{\"@id\":\"https:\\\/\\\/diariodepe.com.br\\\/cri\\\/#organization\"},\"image\":{\"@id\":\"https:\\\/\\\/diariodepe.com.br\\\/cri\\\/2025\\\/05\\\/21\\\/defender-os-frutos-da-vitoria-da-segunda-guerra-mundial-licoes-da-historia-nao-podem-ser-esquecidas\\\/#primaryimage\"},\"thumbnailUrl\":\"https:\\\/\\\/38picres.cgtn.com\\\/photoAlbum\\\/page\\\/performance\\\/img\\\/2025\\\/5\\\/10\\\/1746886574947_432.jpg\",\"articleSection\":[\"Vis\u00e3o\"],\"inLanguage\":\"pt-BR\",\"potentialAction\":[{\"@type\":\"CommentAction\",\"name\":\"Comment\",\"target\":[\"https:\\\/\\\/diariodepe.com.br\\\/cri\\\/2025\\\/05\\\/21\\\/defender-os-frutos-da-vitoria-da-segunda-guerra-mundial-licoes-da-historia-nao-podem-ser-esquecidas\\\/#respond\"]}]},{\"@type\":\"WebPage\",\"@id\":\"https:\\\/\\\/diariodepe.com.br\\\/cri\\\/2025\\\/05\\\/21\\\/defender-os-frutos-da-vitoria-da-segunda-guerra-mundial-licoes-da-historia-nao-podem-ser-esquecidas\\\/\",\"url\":\"https:\\\/\\\/diariodepe.com.br\\\/cri\\\/2025\\\/05\\\/21\\\/defender-os-frutos-da-vitoria-da-segunda-guerra-mundial-licoes-da-historia-nao-podem-ser-esquecidas\\\/\",\"name\":\"Defender os frutos da vit\u00f3ria da Segunda Guerra Mundial: li\u00e7\u00f5es da hist\u00f3ria n\u00e3o podem ser esquecidas - CRI e Diario de Pernambuco\",\"isPartOf\":{\"@id\":\"https:\\\/\\\/diariodepe.com.br\\\/cri\\\/#website\"},\"primaryImageOfPage\":{\"@id\":\"https:\\\/\\\/diariodepe.com.br\\\/cri\\\/2025\\\/05\\\/21\\\/defender-os-frutos-da-vitoria-da-segunda-guerra-mundial-licoes-da-historia-nao-podem-ser-esquecidas\\\/#primaryimage\"},\"image\":{\"@id\":\"https:\\\/\\\/diariodepe.com.br\\\/cri\\\/2025\\\/05\\\/21\\\/defender-os-frutos-da-vitoria-da-segunda-guerra-mundial-licoes-da-historia-nao-podem-ser-esquecidas\\\/#primaryimage\"},\"thumbnailUrl\":\"https:\\\/\\\/38picres.cgtn.com\\\/photoAlbum\\\/page\\\/performance\\\/img\\\/2025\\\/5\\\/10\\\/1746886574947_432.jpg\",\"datePublished\":\"2025-05-21T07:06:11+00:00\",\"breadcrumb\":{\"@id\":\"https:\\\/\\\/diariodepe.com.br\\\/cri\\\/2025\\\/05\\\/21\\\/defender-os-frutos-da-vitoria-da-segunda-guerra-mundial-licoes-da-historia-nao-podem-ser-esquecidas\\\/#breadcrumb\"},\"inLanguage\":\"pt-BR\",\"potentialAction\":[{\"@type\":\"ReadAction\",\"target\":[\"https:\\\/\\\/diariodepe.com.br\\\/cri\\\/2025\\\/05\\\/21\\\/defender-os-frutos-da-vitoria-da-segunda-guerra-mundial-licoes-da-historia-nao-podem-ser-esquecidas\\\/\"]}]},{\"@type\":\"ImageObject\",\"inLanguage\":\"pt-BR\",\"@id\":\"https:\\\/\\\/diariodepe.com.br\\\/cri\\\/2025\\\/05\\\/21\\\/defender-os-frutos-da-vitoria-da-segunda-guerra-mundial-licoes-da-historia-nao-podem-ser-esquecidas\\\/#primaryimage\",\"url\":\"https:\\\/\\\/38picres.cgtn.com\\\/photoAlbum\\\/page\\\/performance\\\/img\\\/2025\\\/5\\\/10\\\/1746886574947_432.jpg\",\"contentUrl\":\"https:\\\/\\\/38picres.cgtn.com\\\/photoAlbum\\\/page\\\/performance\\\/img\\\/2025\\\/5\\\/10\\\/1746886574947_432.jpg\"},{\"@type\":\"BreadcrumbList\",\"@id\":\"https:\\\/\\\/diariodepe.com.br\\\/cri\\\/2025\\\/05\\\/21\\\/defender-os-frutos-da-vitoria-da-segunda-guerra-mundial-licoes-da-historia-nao-podem-ser-esquecidas\\\/#breadcrumb\",\"itemListElement\":[{\"@type\":\"ListItem\",\"position\":1,\"name\":\"In\u00edcio\",\"item\":\"https:\\\/\\\/diariodepe.com.br\\\/cri\\\/\"},{\"@type\":\"ListItem\",\"position\":2,\"name\":\"Defender os frutos da vit\u00f3ria da Segunda Guerra Mundial: li\u00e7\u00f5es da hist\u00f3ria n\u00e3o podem ser esquecidas\"}]},{\"@type\":\"WebSite\",\"@id\":\"https:\\\/\\\/diariodepe.com.br\\\/cri\\\/#website\",\"url\":\"https:\\\/\\\/diariodepe.com.br\\\/cri\\\/\",\"name\":\"CRI e Diario de Pernambuco\",\"description\":\"R\u00e1dio Internacional da China\",\"publisher\":{\"@id\":\"https:\\\/\\\/diariodepe.com.br\\\/cri\\\/#organization\"},\"potentialAction\":[{\"@type\":\"SearchAction\",\"target\":{\"@type\":\"EntryPoint\",\"urlTemplate\":\"https:\\\/\\\/diariodepe.com.br\\\/cri\\\/?s={search_term_string}\"},\"query-input\":{\"@type\":\"PropertyValueSpecification\",\"valueRequired\":true,\"valueName\":\"search_term_string\"}}],\"inLanguage\":\"pt-BR\"},{\"@type\":\"Organization\",\"@id\":\"https:\\\/\\\/diariodepe.com.br\\\/cri\\\/#organization\",\"name\":\"CRI e Diario de Pernambuco\",\"url\":\"https:\\\/\\\/diariodepe.com.br\\\/cri\\\/\",\"logo\":{\"@type\":\"ImageObject\",\"inLanguage\":\"pt-BR\",\"@id\":\"https:\\\/\\\/diariodepe.com.br\\\/cri\\\/#\\\/schema\\\/logo\\\/image\\\/\",\"url\":\"https:\\\/\\\/diariodepe.com.br\\\/cri\\\/wp-content\\\/uploads\\\/sites\\\/2\\\/2022\\\/12\\\/cropped-Logo.jpg\",\"contentUrl\":\"https:\\\/\\\/diariodepe.com.br\\\/cri\\\/wp-content\\\/uploads\\\/sites\\\/2\\\/2022\\\/12\\\/cropped-Logo.jpg\",\"width\":700,\"height\":59,\"caption\":\"CRI e Diario de Pernambuco\"},\"image\":{\"@id\":\"https:\\\/\\\/diariodepe.com.br\\\/cri\\\/#\\\/schema\\\/logo\\\/image\\\/\"}},{\"@type\":\"Person\",\"@id\":\"https:\\\/\\\/diariodepe.com.br\\\/cri\\\/#\\\/schema\\\/person\\\/121bb28d84f1a5b1205ef4ce9c2e0c6b\",\"name\":\"Ismael Lucas S. Pereira\",\"image\":{\"@type\":\"ImageObject\",\"inLanguage\":\"pt-BR\",\"@id\":\"https:\\\/\\\/secure.gravatar.com\\\/avatar\\\/887a0f3b5a7ceea963a48499fb883ffce6b5037362def025c52c2505b15d63e4?s=96&d=mm&r=g\",\"url\":\"https:\\\/\\\/secure.gravatar.com\\\/avatar\\\/887a0f3b5a7ceea963a48499fb883ffce6b5037362def025c52c2505b15d63e4?s=96&d=mm&r=g\",\"contentUrl\":\"https:\\\/\\\/secure.gravatar.com\\\/avatar\\\/887a0f3b5a7ceea963a48499fb883ffce6b5037362def025c52c2505b15d63e4?s=96&d=mm&r=g\",\"caption\":\"Ismael Lucas S. Pereira\"},\"url\":\"https:\\\/\\\/diariodepe.com.br\\\/cri\\\/author\\\/ismael-lucas\\\/\"}]}<\/script>\n<!-- \/ Yoast SEO plugin. -->","yoast_head_json":{"title":"Defender os frutos da vit\u00f3ria da Segunda Guerra Mundial: li\u00e7\u00f5es da hist\u00f3ria n\u00e3o podem ser esquecidas - CRI e Diario de Pernambuco","robots":{"index":"index","follow":"follow","max-snippet":"max-snippet:-1","max-image-preview":"max-image-preview:large","max-video-preview":"max-video-preview:-1"},"canonical":"https:\/\/diariodepe.com.br\/cri\/2025\/05\/21\/defender-os-frutos-da-vitoria-da-segunda-guerra-mundial-licoes-da-historia-nao-podem-ser-esquecidas\/","og_locale":"pt_BR","og_type":"article","og_title":"Defender os frutos da vit\u00f3ria da Segunda Guerra Mundial: li\u00e7\u00f5es da hist\u00f3ria n\u00e3o podem ser esquecidas - CRI e Diario de Pernambuco","og_description":"No dia 9, uma grandiosa cerim\u00f4nia foi realizada na Pra\u00e7a Vermelha, em Moscou, para comemorar o 80\u00ba anivers\u00e1rio da vit\u00f3ria da Grande Guerra Patri\u00f3tica da Uni\u00e3o Sovi\u00e9tica. O presidente chin\u00eas, Xi Jinping, participou do evento ao lado de l\u00edderes de...","og_url":"https:\/\/diariodepe.com.br\/cri\/2025\/05\/21\/defender-os-frutos-da-vitoria-da-segunda-guerra-mundial-licoes-da-historia-nao-podem-ser-esquecidas\/","og_site_name":"CRI e Diario de Pernambuco","article_published_time":"2025-05-21T07:06:11+00:00","og_image":[{"url":"https:\/\/38picres.cgtn.com\/photoAlbum\/page\/performance\/img\/2025\/5\/10\/1746886574947_432.jpg","type":"","width":"","height":""}],"author":"Ismael Lucas S. Pereira","twitter_card":"summary_large_image","twitter_misc":{"Escrito por":"Ismael Lucas S. Pereira"},"schema":{"@context":"https:\/\/schema.org","@graph":[{"@type":"Article","@id":"https:\/\/diariodepe.com.br\/cri\/2025\/05\/21\/defender-os-frutos-da-vitoria-da-segunda-guerra-mundial-licoes-da-historia-nao-podem-ser-esquecidas\/#article","isPartOf":{"@id":"https:\/\/diariodepe.com.br\/cri\/2025\/05\/21\/defender-os-frutos-da-vitoria-da-segunda-guerra-mundial-licoes-da-historia-nao-podem-ser-esquecidas\/"},"author":{"name":"Ismael Lucas S. Pereira","@id":"https:\/\/diariodepe.com.br\/cri\/#\/schema\/person\/121bb28d84f1a5b1205ef4ce9c2e0c6b"},"headline":"Defender os frutos da vit\u00f3ria da Segunda Guerra Mundial: li\u00e7\u00f5es da hist\u00f3ria n\u00e3o podem ser esquecidas","datePublished":"2025-05-21T07:06:11+00:00","mainEntityOfPage":{"@id":"https:\/\/diariodepe.com.br\/cri\/2025\/05\/21\/defender-os-frutos-da-vitoria-da-segunda-guerra-mundial-licoes-da-historia-nao-podem-ser-esquecidas\/"},"wordCount":505,"commentCount":0,"publisher":{"@id":"https:\/\/diariodepe.com.br\/cri\/#organization"},"image":{"@id":"https:\/\/diariodepe.com.br\/cri\/2025\/05\/21\/defender-os-frutos-da-vitoria-da-segunda-guerra-mundial-licoes-da-historia-nao-podem-ser-esquecidas\/#primaryimage"},"thumbnailUrl":"https:\/\/38picres.cgtn.com\/photoAlbum\/page\/performance\/img\/2025\/5\/10\/1746886574947_432.jpg","articleSection":["Vis\u00e3o"],"inLanguage":"pt-BR","potentialAction":[{"@type":"CommentAction","name":"Comment","target":["https:\/\/diariodepe.com.br\/cri\/2025\/05\/21\/defender-os-frutos-da-vitoria-da-segunda-guerra-mundial-licoes-da-historia-nao-podem-ser-esquecidas\/#respond"]}]},{"@type":"WebPage","@id":"https:\/\/diariodepe.com.br\/cri\/2025\/05\/21\/defender-os-frutos-da-vitoria-da-segunda-guerra-mundial-licoes-da-historia-nao-podem-ser-esquecidas\/","url":"https:\/\/diariodepe.com.br\/cri\/2025\/05\/21\/defender-os-frutos-da-vitoria-da-segunda-guerra-mundial-licoes-da-historia-nao-podem-ser-esquecidas\/","name":"Defender os frutos da vit\u00f3ria da Segunda Guerra Mundial: li\u00e7\u00f5es da hist\u00f3ria n\u00e3o podem ser esquecidas - CRI e Diario de Pernambuco","isPartOf":{"@id":"https:\/\/diariodepe.com.br\/cri\/#website"},"primaryImageOfPage":{"@id":"https:\/\/diariodepe.com.br\/cri\/2025\/05\/21\/defender-os-frutos-da-vitoria-da-segunda-guerra-mundial-licoes-da-historia-nao-podem-ser-esquecidas\/#primaryimage"},"image":{"@id":"https:\/\/diariodepe.com.br\/cri\/2025\/05\/21\/defender-os-frutos-da-vitoria-da-segunda-guerra-mundial-licoes-da-historia-nao-podem-ser-esquecidas\/#primaryimage"},"thumbnailUrl":"https:\/\/38picres.cgtn.com\/photoAlbum\/page\/performance\/img\/2025\/5\/10\/1746886574947_432.jpg","datePublished":"2025-05-21T07:06:11+00:00","breadcrumb":{"@id":"https:\/\/diariodepe.com.br\/cri\/2025\/05\/21\/defender-os-frutos-da-vitoria-da-segunda-guerra-mundial-licoes-da-historia-nao-podem-ser-esquecidas\/#breadcrumb"},"inLanguage":"pt-BR","potentialAction":[{"@type":"ReadAction","target":["https:\/\/diariodepe.com.br\/cri\/2025\/05\/21\/defender-os-frutos-da-vitoria-da-segunda-guerra-mundial-licoes-da-historia-nao-podem-ser-esquecidas\/"]}]},{"@type":"ImageObject","inLanguage":"pt-BR","@id":"https:\/\/diariodepe.com.br\/cri\/2025\/05\/21\/defender-os-frutos-da-vitoria-da-segunda-guerra-mundial-licoes-da-historia-nao-podem-ser-esquecidas\/#primaryimage","url":"https:\/\/38picres.cgtn.com\/photoAlbum\/page\/performance\/img\/2025\/5\/10\/1746886574947_432.jpg","contentUrl":"https:\/\/38picres.cgtn.com\/photoAlbum\/page\/performance\/img\/2025\/5\/10\/1746886574947_432.jpg"},{"@type":"BreadcrumbList","@id":"https:\/\/diariodepe.com.br\/cri\/2025\/05\/21\/defender-os-frutos-da-vitoria-da-segunda-guerra-mundial-licoes-da-historia-nao-podem-ser-esquecidas\/#breadcrumb","itemListElement":[{"@type":"ListItem","position":1,"name":"In\u00edcio","item":"https:\/\/diariodepe.com.br\/cri\/"},{"@type":"ListItem","position":2,"name":"Defender os frutos da vit\u00f3ria da Segunda Guerra Mundial: li\u00e7\u00f5es da hist\u00f3ria n\u00e3o podem ser esquecidas"}]},{"@type":"WebSite","@id":"https:\/\/diariodepe.com.br\/cri\/#website","url":"https:\/\/diariodepe.com.br\/cri\/","name":"CRI e Diario de Pernambuco","description":"R\u00e1dio Internacional da China","publisher":{"@id":"https:\/\/diariodepe.com.br\/cri\/#organization"},"potentialAction":[{"@type":"SearchAction","target":{"@type":"EntryPoint","urlTemplate":"https:\/\/diariodepe.com.br\/cri\/?s={search_term_string}"},"query-input":{"@type":"PropertyValueSpecification","valueRequired":true,"valueName":"search_term_string"}}],"inLanguage":"pt-BR"},{"@type":"Organization","@id":"https:\/\/diariodepe.com.br\/cri\/#organization","name":"CRI e Diario de Pernambuco","url":"https:\/\/diariodepe.com.br\/cri\/","logo":{"@type":"ImageObject","inLanguage":"pt-BR","@id":"https:\/\/diariodepe.com.br\/cri\/#\/schema\/logo\/image\/","url":"https:\/\/diariodepe.com.br\/cri\/wp-content\/uploads\/sites\/2\/2022\/12\/cropped-Logo.jpg","contentUrl":"https:\/\/diariodepe.com.br\/cri\/wp-content\/uploads\/sites\/2\/2022\/12\/cropped-Logo.jpg","width":700,"height":59,"caption":"CRI e Diario de Pernambuco"},"image":{"@id":"https:\/\/diariodepe.com.br\/cri\/#\/schema\/logo\/image\/"}},{"@type":"Person","@id":"https:\/\/diariodepe.com.br\/cri\/#\/schema\/person\/121bb28d84f1a5b1205ef4ce9c2e0c6b","name":"Ismael Lucas S. Pereira","image":{"@type":"ImageObject","inLanguage":"pt-BR","@id":"https:\/\/secure.gravatar.com\/avatar\/887a0f3b5a7ceea963a48499fb883ffce6b5037362def025c52c2505b15d63e4?s=96&d=mm&r=g","url":"https:\/\/secure.gravatar.com\/avatar\/887a0f3b5a7ceea963a48499fb883ffce6b5037362def025c52c2505b15d63e4?s=96&d=mm&r=g","contentUrl":"https:\/\/secure.gravatar.com\/avatar\/887a0f3b5a7ceea963a48499fb883ffce6b5037362def025c52c2505b15d63e4?s=96&d=mm&r=g","caption":"Ismael Lucas S. Pereira"},"url":"https:\/\/diariodepe.com.br\/cri\/author\/ismael-lucas\/"}]}},"cc_featured_image_caption":{"caption_text":false,"source_text":false,"source_url":false},"amp_enabled":true,"_links":{"self":[{"href":"https:\/\/diariodepe.com.br\/cri\/wp-json\/wp\/v2\/posts\/8415","targetHints":{"allow":["GET"]}}],"collection":[{"href":"https:\/\/diariodepe.com.br\/cri\/wp-json\/wp\/v2\/posts"}],"about":[{"href":"https:\/\/diariodepe.com.br\/cri\/wp-json\/wp\/v2\/types\/post"}],"author":[{"embeddable":true,"href":"https:\/\/diariodepe.com.br\/cri\/wp-json\/wp\/v2\/users\/2"}],"replies":[{"embeddable":true,"href":"https:\/\/diariodepe.com.br\/cri\/wp-json\/wp\/v2\/comments?post=8415"}],"version-history":[{"count":1,"href":"https:\/\/diariodepe.com.br\/cri\/wp-json\/wp\/v2\/posts\/8415\/revisions"}],"predecessor-version":[{"id":8416,"href":"https:\/\/diariodepe.com.br\/cri\/wp-json\/wp\/v2\/posts\/8415\/revisions\/8416"}],"wp:attachment":[{"href":"https:\/\/diariodepe.com.br\/cri\/wp-json\/wp\/v2\/media?parent=8415"}],"wp:term":[{"taxonomy":"category","embeddable":true,"href":"https:\/\/diariodepe.com.br\/cri\/wp-json\/wp\/v2\/categories?post=8415"},{"taxonomy":"post_tag","embeddable":true,"href":"https:\/\/diariodepe.com.br\/cri\/wp-json\/wp\/v2\/tags?post=8415"}],"curies":[{"name":"wp","href":"https:\/\/api.w.org\/{rel}","templated":true}]}}