{"id":8413,"date":"2025-05-21T04:05:45","date_gmt":"2025-05-21T07:05:45","guid":{"rendered":"https:\/\/diariodepe.com.br\/cri\/?p=8413"},"modified":"2025-05-21T04:05:45","modified_gmt":"2025-05-21T07:05:45","slug":"china-e-russia-assumem-juntamente-responsabilidades-especiais-para-com-o-mundo","status":"publish","type":"post","link":"https:\/\/diariodepe.com.br\/cri\/2025\/05\/21\/china-e-russia-assumem-juntamente-responsabilidades-especiais-para-com-o-mundo\/","title":{"rendered":"China e R\u00fassia assumem juntamente responsabilidades especiais para com o mundo"},"content":{"rendered":"<p>Quanto \u00e0 visita de Estado \u00e0 R\u00fassia de Xi Jinping e a sua participa\u00e7\u00e3o da cerim\u00f4nia de comemora\u00e7\u00e3o dos 80 anos da vit\u00f3ria da Grande Guerra Patri\u00f3tica, a comunidade internacional presta bastante aten\u00e7\u00e3o. Segundo o diretor do Instituto da China e \u00c1sia Moderna da Academia Russa de Ci\u00eancias, Kirill Babaev, a R\u00fassia e a China indicam claramente que sua amizade e parceria de coordena\u00e7\u00e3o estrat\u00e9gica abrangente s\u00e3o mais s\u00f3lidas do que nunca, tornando-se uma for\u00e7a imporante para estabilizar o modelo internacional.<\/p>\n<p><img decoding=\"async\" src=\"https:\/\/38picres.cgtn.com\/photoAlbum\/page\/performance\/img\/2025\/5\/10\/1746873437437_737.jpeg\" width=\"100%\" height=\"auto\" \/><\/p>\n<p>Este ano marca o 80\u00ba anivers\u00e1rio das vit\u00f3rias da Guerra de Resist\u00eancia do Povo Chin\u00eas contra a Agress\u00e3o Japonesa, da Grande Guerra Patri\u00f3tica da Uni\u00e3o Sovi\u00e9tica e da Guerra Antifascista Mundial. Nesta momento hist\u00f3rico especial, Xi Jinping realizou sua 11\u00aa visita \u00e0 R\u00fassia depois de assumir o cargo de presidente, demonstrando o alto n\u00edvel das rela\u00e7\u00f5es China-R\u00fassia e, especialmente, as vantagens pol\u00edticas da orienta\u00e7\u00e3o estrat\u00e9gica dos l\u00edderes de Estado. Durante a visita, os dois l\u00edderes mantiveram conversas e concordaram unanimemente em aprofundar a coopera\u00e7\u00e3o estrat\u00e9gica de forma inabal\u00e1vel e promover um desenvolvimento do relacionamento est\u00e1vel, saud\u00e1vel e de alto n\u00edvel. As duas partes tamb\u00e9m ressaltaram que \u00e9 preciso desenvolver a vis\u00e3o hist\u00f3rica correta da Segunda Guerra Mundial e salvaguardar a autoridade e a posi\u00e7\u00e3o das Na\u00e7\u00f5es Unidas, bem como defender a justi\u00e7a e equidade internacionais. Os dois lados assinaram e emitiram v\u00e1rias declara\u00e7\u00f5es conjuntas, reconhecendo que as atuais rela\u00e7\u00f5es China-R\u00fassia atingiram o n\u00edvel mais alto e s\u00e3o exemplo para a configura\u00e7\u00e3o de um novo modelo de rela\u00e7\u00f5es internacionais.<\/p>\n<p>Para Zhang Hong, pesquisador do Instituto de Estudos da R\u00fassia, Europa Oriental e \u00c1sia Central da Academia Chinesa de Ci\u00eancias Sociais, a China e a R\u00fassia apreciaram muito o atual n\u00edvel das rela\u00e7\u00f5es bilaterais, mostrando que as duas partes mant\u00eam tanto um alto n\u00edvel de confian\u00e7a m\u00fatua estrat\u00e9gica e de seguran\u00e7a quanto uma colabora\u00e7\u00e3o muito grande e profunda. \u00c9 esse respeito m\u00fatuo e a coopera\u00e7\u00e3o ganha-ganha que estabelece um exemplo para o tratamento das rela\u00e7\u00f5es entre as grandes pot\u00eancias.<\/p>\n<p><img decoding=\"async\" src=\"https:\/\/38picres.cgtn.com\/photoAlbum\/page\/performance\/img\/2025\/5\/10\/1746873454225_461.jpeg\" width=\"100%\" height=\"auto\" \/><\/p>\n<p>A hist\u00f3ria reflete a realidade. As responsabilidades especiais da China e da R\u00fassia representam, em primeiro lugar, sua determina\u00e7\u00e3o de serem \u201cguardi\u00e3s da mem\u00f3ria hist\u00f3rica\u201d. A Segunda Guerra Mundial, a qual aconteceu 80 anos atr\u00e1s, \u00e9 uma cat\u00e1strofe sem precedentes na hist\u00f3ria da humanidade. Na Segunda Guerra, a China e a Uni\u00e3o Sovi\u00e9tica, como principais campos de batalha na \u00c1sia e na Europa, deram respectivamente contribui\u00e7\u00f5es decisivas para a vit\u00f3ria da Guerra Antifascista Mundial. No entanto, essa mem\u00f3ria hist\u00f3rica tem sido distorcida e falsificada por alguns pa\u00edses. Eles tentam criar uma falsa narrativa hist\u00f3rica que sirva sua geopol\u00edtica, enfraquecer o direito de discurso da China e da R\u00fassia no palco internacional e proteger seus pr\u00f3prios interesses hegem\u00f3nicos. Quanto ao fato, a China e a R\u00fassia reagiram com firmeza. Sua declara\u00e7\u00e3o conjunta ressalta que os dois pa\u00edses defender\u00e3o firmemente os frutos da vit\u00f3ria da Segunda Guerra Mundial, empenhar-se-\u00e3o em impedir o ressurgimento do nazismo anti-humano e da ideologia da supremacia racial. Ambos os lados apelam \u00e0 comunidade internacional que respeite e defenda os princ\u00edpios b\u00e1sicos estabelecidos pelo Tribunal Militar Internacional em Nuremberga e pelo Tribunal Militar Internacional para o Extremo Oriente. Analistas disseram que isso demonstra a firme determina\u00e7\u00e3o das duas partes em defender conjuntamente a verdade hist\u00f3rica e salvaguardar a ordem internacional do p\u00f3s-guerra.<\/p>\n","protected":false},"excerpt":{"rendered":"<p>Quanto \u00e0 visita de Estado \u00e0 R\u00fassia de Xi Jinping e a sua participa\u00e7\u00e3o da cerim\u00f4nia de comemora\u00e7\u00e3o dos 80 anos da vit\u00f3ria da Grande Guerra Patri\u00f3tica, a comunidade internacional presta bastante aten\u00e7\u00e3o. Segundo o diretor do Instituto da China&#8230;<\/p>\n","protected":false},"author":2,"featured_media":0,"comment_status":"open","ping_status":"open","sticky":false,"template":"","format":"standard","meta":{"footnotes":""},"categories":[7],"tags":[],"class_list":["post-8413","post","type-post","status-publish","format-standard","hentry","category-visao"],"yoast_head":"<!-- This site is optimized with the Yoast SEO plugin v27.4 - https:\/\/yoast.com\/product\/yoast-seo-wordpress\/ -->\n<title>China e R\u00fassia assumem juntamente responsabilidades especiais para com o mundo - CRI e Diario de Pernambuco<\/title>\n<meta name=\"robots\" content=\"index, follow, max-snippet:-1, max-image-preview:large, max-video-preview:-1\" \/>\n<link rel=\"canonical\" href=\"https:\/\/diariodepe.com.br\/cri\/2025\/05\/21\/china-e-russia-assumem-juntamente-responsabilidades-especiais-para-com-o-mundo\/\" \/>\n<meta property=\"og:locale\" content=\"pt_BR\" \/>\n<meta property=\"og:type\" content=\"article\" \/>\n<meta property=\"og:title\" content=\"China e R\u00fassia assumem juntamente responsabilidades especiais para com o mundo - CRI e Diario de Pernambuco\" \/>\n<meta property=\"og:description\" content=\"Quanto \u00e0 visita de Estado \u00e0 R\u00fassia de Xi Jinping e a sua participa\u00e7\u00e3o da cerim\u00f4nia de comemora\u00e7\u00e3o dos 80 anos da vit\u00f3ria da Grande Guerra Patri\u00f3tica, a comunidade internacional presta bastante aten\u00e7\u00e3o. Segundo o diretor do Instituto da China...\" \/>\n<meta property=\"og:url\" content=\"https:\/\/diariodepe.com.br\/cri\/2025\/05\/21\/china-e-russia-assumem-juntamente-responsabilidades-especiais-para-com-o-mundo\/\" \/>\n<meta property=\"og:site_name\" content=\"CRI e Diario de Pernambuco\" \/>\n<meta property=\"article:published_time\" content=\"2025-05-21T07:05:45+00:00\" \/>\n<meta property=\"og:image\" content=\"https:\/\/38picres.cgtn.com\/photoAlbum\/page\/performance\/img\/2025\/5\/10\/1746873437437_737.jpeg\" \/>\n<meta name=\"author\" content=\"Ismael Lucas S. Pereira\" \/>\n<meta name=\"twitter:card\" content=\"summary_large_image\" \/>\n<meta name=\"twitter:label1\" content=\"Escrito por\" \/>\n\t<meta name=\"twitter:data1\" content=\"Ismael Lucas S. Pereira\" \/>\n<script type=\"application\/ld+json\" class=\"yoast-schema-graph\">{\"@context\":\"https:\\\/\\\/schema.org\",\"@graph\":[{\"@type\":\"Article\",\"@id\":\"https:\\\/\\\/diariodepe.com.br\\\/cri\\\/2025\\\/05\\\/21\\\/china-e-russia-assumem-juntamente-responsabilidades-especiais-para-com-o-mundo\\\/#article\",\"isPartOf\":{\"@id\":\"https:\\\/\\\/diariodepe.com.br\\\/cri\\\/2025\\\/05\\\/21\\\/china-e-russia-assumem-juntamente-responsabilidades-especiais-para-com-o-mundo\\\/\"},\"author\":{\"name\":\"Ismael Lucas S. Pereira\",\"@id\":\"https:\\\/\\\/diariodepe.com.br\\\/cri\\\/#\\\/schema\\\/person\\\/121bb28d84f1a5b1205ef4ce9c2e0c6b\"},\"headline\":\"China e R\u00fassia assumem juntamente responsabilidades especiais para com o mundo\",\"datePublished\":\"2025-05-21T07:05:45+00:00\",\"mainEntityOfPage\":{\"@id\":\"https:\\\/\\\/diariodepe.com.br\\\/cri\\\/2025\\\/05\\\/21\\\/china-e-russia-assumem-juntamente-responsabilidades-especiais-para-com-o-mundo\\\/\"},\"wordCount\":643,\"commentCount\":0,\"publisher\":{\"@id\":\"https:\\\/\\\/diariodepe.com.br\\\/cri\\\/#organization\"},\"image\":{\"@id\":\"https:\\\/\\\/diariodepe.com.br\\\/cri\\\/2025\\\/05\\\/21\\\/china-e-russia-assumem-juntamente-responsabilidades-especiais-para-com-o-mundo\\\/#primaryimage\"},\"thumbnailUrl\":\"https:\\\/\\\/38picres.cgtn.com\\\/photoAlbum\\\/page\\\/performance\\\/img\\\/2025\\\/5\\\/10\\\/1746873437437_737.jpeg\",\"articleSection\":[\"Vis\u00e3o\"],\"inLanguage\":\"pt-BR\",\"potentialAction\":[{\"@type\":\"CommentAction\",\"name\":\"Comment\",\"target\":[\"https:\\\/\\\/diariodepe.com.br\\\/cri\\\/2025\\\/05\\\/21\\\/china-e-russia-assumem-juntamente-responsabilidades-especiais-para-com-o-mundo\\\/#respond\"]}]},{\"@type\":\"WebPage\",\"@id\":\"https:\\\/\\\/diariodepe.com.br\\\/cri\\\/2025\\\/05\\\/21\\\/china-e-russia-assumem-juntamente-responsabilidades-especiais-para-com-o-mundo\\\/\",\"url\":\"https:\\\/\\\/diariodepe.com.br\\\/cri\\\/2025\\\/05\\\/21\\\/china-e-russia-assumem-juntamente-responsabilidades-especiais-para-com-o-mundo\\\/\",\"name\":\"China e R\u00fassia assumem juntamente responsabilidades especiais para com o mundo - CRI e Diario de Pernambuco\",\"isPartOf\":{\"@id\":\"https:\\\/\\\/diariodepe.com.br\\\/cri\\\/#website\"},\"primaryImageOfPage\":{\"@id\":\"https:\\\/\\\/diariodepe.com.br\\\/cri\\\/2025\\\/05\\\/21\\\/china-e-russia-assumem-juntamente-responsabilidades-especiais-para-com-o-mundo\\\/#primaryimage\"},\"image\":{\"@id\":\"https:\\\/\\\/diariodepe.com.br\\\/cri\\\/2025\\\/05\\\/21\\\/china-e-russia-assumem-juntamente-responsabilidades-especiais-para-com-o-mundo\\\/#primaryimage\"},\"thumbnailUrl\":\"https:\\\/\\\/38picres.cgtn.com\\\/photoAlbum\\\/page\\\/performance\\\/img\\\/2025\\\/5\\\/10\\\/1746873437437_737.jpeg\",\"datePublished\":\"2025-05-21T07:05:45+00:00\",\"breadcrumb\":{\"@id\":\"https:\\\/\\\/diariodepe.com.br\\\/cri\\\/2025\\\/05\\\/21\\\/china-e-russia-assumem-juntamente-responsabilidades-especiais-para-com-o-mundo\\\/#breadcrumb\"},\"inLanguage\":\"pt-BR\",\"potentialAction\":[{\"@type\":\"ReadAction\",\"target\":[\"https:\\\/\\\/diariodepe.com.br\\\/cri\\\/2025\\\/05\\\/21\\\/china-e-russia-assumem-juntamente-responsabilidades-especiais-para-com-o-mundo\\\/\"]}]},{\"@type\":\"ImageObject\",\"inLanguage\":\"pt-BR\",\"@id\":\"https:\\\/\\\/diariodepe.com.br\\\/cri\\\/2025\\\/05\\\/21\\\/china-e-russia-assumem-juntamente-responsabilidades-especiais-para-com-o-mundo\\\/#primaryimage\",\"url\":\"https:\\\/\\\/38picres.cgtn.com\\\/photoAlbum\\\/page\\\/performance\\\/img\\\/2025\\\/5\\\/10\\\/1746873437437_737.jpeg\",\"contentUrl\":\"https:\\\/\\\/38picres.cgtn.com\\\/photoAlbum\\\/page\\\/performance\\\/img\\\/2025\\\/5\\\/10\\\/1746873437437_737.jpeg\"},{\"@type\":\"BreadcrumbList\",\"@id\":\"https:\\\/\\\/diariodepe.com.br\\\/cri\\\/2025\\\/05\\\/21\\\/china-e-russia-assumem-juntamente-responsabilidades-especiais-para-com-o-mundo\\\/#breadcrumb\",\"itemListElement\":[{\"@type\":\"ListItem\",\"position\":1,\"name\":\"In\u00edcio\",\"item\":\"https:\\\/\\\/diariodepe.com.br\\\/cri\\\/\"},{\"@type\":\"ListItem\",\"position\":2,\"name\":\"China e R\u00fassia assumem juntamente responsabilidades especiais para com o mundo\"}]},{\"@type\":\"WebSite\",\"@id\":\"https:\\\/\\\/diariodepe.com.br\\\/cri\\\/#website\",\"url\":\"https:\\\/\\\/diariodepe.com.br\\\/cri\\\/\",\"name\":\"CRI e Diario de Pernambuco\",\"description\":\"R\u00e1dio Internacional da China\",\"publisher\":{\"@id\":\"https:\\\/\\\/diariodepe.com.br\\\/cri\\\/#organization\"},\"potentialAction\":[{\"@type\":\"SearchAction\",\"target\":{\"@type\":\"EntryPoint\",\"urlTemplate\":\"https:\\\/\\\/diariodepe.com.br\\\/cri\\\/?s={search_term_string}\"},\"query-input\":{\"@type\":\"PropertyValueSpecification\",\"valueRequired\":true,\"valueName\":\"search_term_string\"}}],\"inLanguage\":\"pt-BR\"},{\"@type\":\"Organization\",\"@id\":\"https:\\\/\\\/diariodepe.com.br\\\/cri\\\/#organization\",\"name\":\"CRI e Diario de Pernambuco\",\"url\":\"https:\\\/\\\/diariodepe.com.br\\\/cri\\\/\",\"logo\":{\"@type\":\"ImageObject\",\"inLanguage\":\"pt-BR\",\"@id\":\"https:\\\/\\\/diariodepe.com.br\\\/cri\\\/#\\\/schema\\\/logo\\\/image\\\/\",\"url\":\"https:\\\/\\\/diariodepe.com.br\\\/cri\\\/wp-content\\\/uploads\\\/sites\\\/2\\\/2022\\\/12\\\/cropped-Logo.jpg\",\"contentUrl\":\"https:\\\/\\\/diariodepe.com.br\\\/cri\\\/wp-content\\\/uploads\\\/sites\\\/2\\\/2022\\\/12\\\/cropped-Logo.jpg\",\"width\":700,\"height\":59,\"caption\":\"CRI e Diario de Pernambuco\"},\"image\":{\"@id\":\"https:\\\/\\\/diariodepe.com.br\\\/cri\\\/#\\\/schema\\\/logo\\\/image\\\/\"}},{\"@type\":\"Person\",\"@id\":\"https:\\\/\\\/diariodepe.com.br\\\/cri\\\/#\\\/schema\\\/person\\\/121bb28d84f1a5b1205ef4ce9c2e0c6b\",\"name\":\"Ismael Lucas S. Pereira\",\"image\":{\"@type\":\"ImageObject\",\"inLanguage\":\"pt-BR\",\"@id\":\"https:\\\/\\\/secure.gravatar.com\\\/avatar\\\/887a0f3b5a7ceea963a48499fb883ffce6b5037362def025c52c2505b15d63e4?s=96&d=mm&r=g\",\"url\":\"https:\\\/\\\/secure.gravatar.com\\\/avatar\\\/887a0f3b5a7ceea963a48499fb883ffce6b5037362def025c52c2505b15d63e4?s=96&d=mm&r=g\",\"contentUrl\":\"https:\\\/\\\/secure.gravatar.com\\\/avatar\\\/887a0f3b5a7ceea963a48499fb883ffce6b5037362def025c52c2505b15d63e4?s=96&d=mm&r=g\",\"caption\":\"Ismael Lucas S. Pereira\"},\"url\":\"https:\\\/\\\/diariodepe.com.br\\\/cri\\\/author\\\/ismael-lucas\\\/\"}]}<\/script>\n<!-- \/ Yoast SEO plugin. -->","yoast_head_json":{"title":"China e R\u00fassia assumem juntamente responsabilidades especiais para com o mundo - CRI e Diario de Pernambuco","robots":{"index":"index","follow":"follow","max-snippet":"max-snippet:-1","max-image-preview":"max-image-preview:large","max-video-preview":"max-video-preview:-1"},"canonical":"https:\/\/diariodepe.com.br\/cri\/2025\/05\/21\/china-e-russia-assumem-juntamente-responsabilidades-especiais-para-com-o-mundo\/","og_locale":"pt_BR","og_type":"article","og_title":"China e R\u00fassia assumem juntamente responsabilidades especiais para com o mundo - CRI e Diario de Pernambuco","og_description":"Quanto \u00e0 visita de Estado \u00e0 R\u00fassia de Xi Jinping e a sua participa\u00e7\u00e3o da cerim\u00f4nia de comemora\u00e7\u00e3o dos 80 anos da vit\u00f3ria da Grande Guerra Patri\u00f3tica, a comunidade internacional presta bastante aten\u00e7\u00e3o. Segundo o diretor do Instituto da China...","og_url":"https:\/\/diariodepe.com.br\/cri\/2025\/05\/21\/china-e-russia-assumem-juntamente-responsabilidades-especiais-para-com-o-mundo\/","og_site_name":"CRI e Diario de Pernambuco","article_published_time":"2025-05-21T07:05:45+00:00","og_image":[{"url":"https:\/\/38picres.cgtn.com\/photoAlbum\/page\/performance\/img\/2025\/5\/10\/1746873437437_737.jpeg","type":"","width":"","height":""}],"author":"Ismael Lucas S. Pereira","twitter_card":"summary_large_image","twitter_misc":{"Escrito por":"Ismael Lucas S. Pereira"},"schema":{"@context":"https:\/\/schema.org","@graph":[{"@type":"Article","@id":"https:\/\/diariodepe.com.br\/cri\/2025\/05\/21\/china-e-russia-assumem-juntamente-responsabilidades-especiais-para-com-o-mundo\/#article","isPartOf":{"@id":"https:\/\/diariodepe.com.br\/cri\/2025\/05\/21\/china-e-russia-assumem-juntamente-responsabilidades-especiais-para-com-o-mundo\/"},"author":{"name":"Ismael Lucas S. Pereira","@id":"https:\/\/diariodepe.com.br\/cri\/#\/schema\/person\/121bb28d84f1a5b1205ef4ce9c2e0c6b"},"headline":"China e R\u00fassia assumem juntamente responsabilidades especiais para com o mundo","datePublished":"2025-05-21T07:05:45+00:00","mainEntityOfPage":{"@id":"https:\/\/diariodepe.com.br\/cri\/2025\/05\/21\/china-e-russia-assumem-juntamente-responsabilidades-especiais-para-com-o-mundo\/"},"wordCount":643,"commentCount":0,"publisher":{"@id":"https:\/\/diariodepe.com.br\/cri\/#organization"},"image":{"@id":"https:\/\/diariodepe.com.br\/cri\/2025\/05\/21\/china-e-russia-assumem-juntamente-responsabilidades-especiais-para-com-o-mundo\/#primaryimage"},"thumbnailUrl":"https:\/\/38picres.cgtn.com\/photoAlbum\/page\/performance\/img\/2025\/5\/10\/1746873437437_737.jpeg","articleSection":["Vis\u00e3o"],"inLanguage":"pt-BR","potentialAction":[{"@type":"CommentAction","name":"Comment","target":["https:\/\/diariodepe.com.br\/cri\/2025\/05\/21\/china-e-russia-assumem-juntamente-responsabilidades-especiais-para-com-o-mundo\/#respond"]}]},{"@type":"WebPage","@id":"https:\/\/diariodepe.com.br\/cri\/2025\/05\/21\/china-e-russia-assumem-juntamente-responsabilidades-especiais-para-com-o-mundo\/","url":"https:\/\/diariodepe.com.br\/cri\/2025\/05\/21\/china-e-russia-assumem-juntamente-responsabilidades-especiais-para-com-o-mundo\/","name":"China e R\u00fassia assumem juntamente responsabilidades especiais para com o mundo - CRI e Diario de Pernambuco","isPartOf":{"@id":"https:\/\/diariodepe.com.br\/cri\/#website"},"primaryImageOfPage":{"@id":"https:\/\/diariodepe.com.br\/cri\/2025\/05\/21\/china-e-russia-assumem-juntamente-responsabilidades-especiais-para-com-o-mundo\/#primaryimage"},"image":{"@id":"https:\/\/diariodepe.com.br\/cri\/2025\/05\/21\/china-e-russia-assumem-juntamente-responsabilidades-especiais-para-com-o-mundo\/#primaryimage"},"thumbnailUrl":"https:\/\/38picres.cgtn.com\/photoAlbum\/page\/performance\/img\/2025\/5\/10\/1746873437437_737.jpeg","datePublished":"2025-05-21T07:05:45+00:00","breadcrumb":{"@id":"https:\/\/diariodepe.com.br\/cri\/2025\/05\/21\/china-e-russia-assumem-juntamente-responsabilidades-especiais-para-com-o-mundo\/#breadcrumb"},"inLanguage":"pt-BR","potentialAction":[{"@type":"ReadAction","target":["https:\/\/diariodepe.com.br\/cri\/2025\/05\/21\/china-e-russia-assumem-juntamente-responsabilidades-especiais-para-com-o-mundo\/"]}]},{"@type":"ImageObject","inLanguage":"pt-BR","@id":"https:\/\/diariodepe.com.br\/cri\/2025\/05\/21\/china-e-russia-assumem-juntamente-responsabilidades-especiais-para-com-o-mundo\/#primaryimage","url":"https:\/\/38picres.cgtn.com\/photoAlbum\/page\/performance\/img\/2025\/5\/10\/1746873437437_737.jpeg","contentUrl":"https:\/\/38picres.cgtn.com\/photoAlbum\/page\/performance\/img\/2025\/5\/10\/1746873437437_737.jpeg"},{"@type":"BreadcrumbList","@id":"https:\/\/diariodepe.com.br\/cri\/2025\/05\/21\/china-e-russia-assumem-juntamente-responsabilidades-especiais-para-com-o-mundo\/#breadcrumb","itemListElement":[{"@type":"ListItem","position":1,"name":"In\u00edcio","item":"https:\/\/diariodepe.com.br\/cri\/"},{"@type":"ListItem","position":2,"name":"China e R\u00fassia assumem juntamente responsabilidades especiais para com o mundo"}]},{"@type":"WebSite","@id":"https:\/\/diariodepe.com.br\/cri\/#website","url":"https:\/\/diariodepe.com.br\/cri\/","name":"CRI e Diario de Pernambuco","description":"R\u00e1dio Internacional da China","publisher":{"@id":"https:\/\/diariodepe.com.br\/cri\/#organization"},"potentialAction":[{"@type":"SearchAction","target":{"@type":"EntryPoint","urlTemplate":"https:\/\/diariodepe.com.br\/cri\/?s={search_term_string}"},"query-input":{"@type":"PropertyValueSpecification","valueRequired":true,"valueName":"search_term_string"}}],"inLanguage":"pt-BR"},{"@type":"Organization","@id":"https:\/\/diariodepe.com.br\/cri\/#organization","name":"CRI e Diario de Pernambuco","url":"https:\/\/diariodepe.com.br\/cri\/","logo":{"@type":"ImageObject","inLanguage":"pt-BR","@id":"https:\/\/diariodepe.com.br\/cri\/#\/schema\/logo\/image\/","url":"https:\/\/diariodepe.com.br\/cri\/wp-content\/uploads\/sites\/2\/2022\/12\/cropped-Logo.jpg","contentUrl":"https:\/\/diariodepe.com.br\/cri\/wp-content\/uploads\/sites\/2\/2022\/12\/cropped-Logo.jpg","width":700,"height":59,"caption":"CRI e Diario de Pernambuco"},"image":{"@id":"https:\/\/diariodepe.com.br\/cri\/#\/schema\/logo\/image\/"}},{"@type":"Person","@id":"https:\/\/diariodepe.com.br\/cri\/#\/schema\/person\/121bb28d84f1a5b1205ef4ce9c2e0c6b","name":"Ismael Lucas S. Pereira","image":{"@type":"ImageObject","inLanguage":"pt-BR","@id":"https:\/\/secure.gravatar.com\/avatar\/887a0f3b5a7ceea963a48499fb883ffce6b5037362def025c52c2505b15d63e4?s=96&d=mm&r=g","url":"https:\/\/secure.gravatar.com\/avatar\/887a0f3b5a7ceea963a48499fb883ffce6b5037362def025c52c2505b15d63e4?s=96&d=mm&r=g","contentUrl":"https:\/\/secure.gravatar.com\/avatar\/887a0f3b5a7ceea963a48499fb883ffce6b5037362def025c52c2505b15d63e4?s=96&d=mm&r=g","caption":"Ismael Lucas S. Pereira"},"url":"https:\/\/diariodepe.com.br\/cri\/author\/ismael-lucas\/"}]}},"cc_featured_image_caption":{"caption_text":false,"source_text":false,"source_url":false},"amp_enabled":true,"_links":{"self":[{"href":"https:\/\/diariodepe.com.br\/cri\/wp-json\/wp\/v2\/posts\/8413","targetHints":{"allow":["GET"]}}],"collection":[{"href":"https:\/\/diariodepe.com.br\/cri\/wp-json\/wp\/v2\/posts"}],"about":[{"href":"https:\/\/diariodepe.com.br\/cri\/wp-json\/wp\/v2\/types\/post"}],"author":[{"embeddable":true,"href":"https:\/\/diariodepe.com.br\/cri\/wp-json\/wp\/v2\/users\/2"}],"replies":[{"embeddable":true,"href":"https:\/\/diariodepe.com.br\/cri\/wp-json\/wp\/v2\/comments?post=8413"}],"version-history":[{"count":1,"href":"https:\/\/diariodepe.com.br\/cri\/wp-json\/wp\/v2\/posts\/8413\/revisions"}],"predecessor-version":[{"id":8414,"href":"https:\/\/diariodepe.com.br\/cri\/wp-json\/wp\/v2\/posts\/8413\/revisions\/8414"}],"wp:attachment":[{"href":"https:\/\/diariodepe.com.br\/cri\/wp-json\/wp\/v2\/media?parent=8413"}],"wp:term":[{"taxonomy":"category","embeddable":true,"href":"https:\/\/diariodepe.com.br\/cri\/wp-json\/wp\/v2\/categories?post=8413"},{"taxonomy":"post_tag","embeddable":true,"href":"https:\/\/diariodepe.com.br\/cri\/wp-json\/wp\/v2\/tags?post=8413"}],"curies":[{"name":"wp","href":"https:\/\/api.w.org\/{rel}","templated":true}]}}