{"id":8409,"date":"2025-05-21T04:04:39","date_gmt":"2025-05-21T07:04:39","guid":{"rendered":"https:\/\/diariodepe.com.br\/cri\/?p=8409"},"modified":"2025-05-21T04:04:39","modified_gmt":"2025-05-21T07:04:39","slug":"mundo-ve-novas-oportunidades-no-boom-de-consumo-durante-feriado-do-dia-do-trabalhador","status":"publish","type":"post","link":"https:\/\/diariodepe.com.br\/cri\/2025\/05\/21\/mundo-ve-novas-oportunidades-no-boom-de-consumo-durante-feriado-do-dia-do-trabalhador\/","title":{"rendered":"Mundo v\u00ea novas oportunidades no boom de consumo durante feriado do Dia do Trabalhador"},"content":{"rendered":"<p><img decoding=\"async\" src=\"https:\/\/38picres.cgtn.com\/photoAlbum\/page\/performance\/img\/2025\/5\/7\/1746601271771_351.png\" width=\"100%\" height=\"auto\" \/><\/p>\n<p>No feriado do Dia do Trabalhador, a imprensa internacional descreveu a China com uma palavra em comum: \u201cboom\u201d. O jornal espanhol\u00a0<i>La Vanguardia<\/i>\u00a0destacou que muitas atra\u00e7\u00f5es tur\u00edsticas no pa\u00eds passaram a utilizar rob\u00f4s humanoides para oferecer servi\u00e7os de guia tur\u00edstico e at\u00e9 apresenta\u00e7\u00f5es, impressionando os visitantes.<\/p>\n<p>Dados mostram que durante o feriado, o n\u00famero de viagens dom\u00e9sticas na China aumentou 6,4%, totalizando 314 milh\u00f5es. Os gastos relacionados cresceram 8%, superando 180 bilh\u00f5es de yuans. Vale ressaltar que, com o surgimento de novos tipos de consumo, como passeis de avi\u00e3o e saltos de paraquedas, o mercado consumidor chin\u00eas est\u00e1 sendo revitalizado por completo.<\/p>\n<p>Gra\u00e7as \u00e0s inova\u00e7\u00f5es tecnol\u00f3gicas, a qualidade dos produtos culturais e tur\u00edsticos em diversos pontos do pa\u00eds tem melhorado\u00a0consideravelmente, atendendo \u00e0s demandas cada vez mais diversificadas da popula\u00e7\u00e3o. A ind\u00fastria cinematogr\u00e1fica chinesa tem experimentado uma forte vitalidade desde o in\u00edcio deste ano.<\/p>\n<p>A renova\u00e7\u00e3o do consumo est\u00e1 diretamente ligada ao apoio das pol\u00edticas p\u00fablicas. Desde o in\u00edcio deste ano, a China adotou uma s\u00e9rie de medidas estrat\u00e9gicas para estimular a demanda interna. No primeiro trimestre, o consumo respondeu por 51,7%\u00a0do crescimento econ\u00f4mico,\u00a0um avan\u00e7o de 7,2 pontos percentuais em rela\u00e7\u00e3o \u00e0 cifra de todo o ano de\u00a02024. Com a transi\u00e7\u00e3o para um modelo de crescimento impulsionado pelo consumo, o vasto potencial do mercado chin\u00eas tende a ser cada vez mais explorado.<\/p>\n<p><img decoding=\"async\" src=\"https:\/\/38picres.cgtn.com\/photoAlbum\/page\/performance\/img\/2025\/5\/7\/1746601280565_702.png\" width=\"100%\" height=\"auto\" \/><\/p>\n<p>A expans\u00e3o do mercado consumidor chin\u00eas tamb\u00e9m representa uma oportunidade para o mundo. Durante o feriado do Dia do Trabalhador,\u00a0turistas chineses visitaram 1.837 cidades ao redor do mundo. O CEO do Aeroporto Internacional de Dubai, Paul Griffiths, afirmou que embora as tarifas impostas pelos EUA tenham elevado a volatilidade do setor de turismo internacional, a chegada de turistas chineses ajudou a manter est\u00e1vel o fluxo de visitantes no Oriente M\u00e9dio.<\/p>\n<p>Ao mesmo tempo, pol\u00edticas como a isen\u00e7\u00e3o de vistos e a melhoria no sistema de reembolso de impostos para estrangeiros t\u00eam incentivado a chegada de um n\u00famero crescente de turistas internacionais \u00e0 China. Segundo dados recentes, as reservas de viagens para o pa\u00eds durante o feriado saltaram 173% em rela\u00e7\u00e3o ao ano anterior. A transi\u00e7\u00e3o de \u201cViajar pela China\u201d para \u201cComprar na China\u201d se tornou um retrato claro da cont\u00ednua amplia\u00e7\u00e3o da abertura chinesa ao mundo.<\/p>\n<p>Em escala global, mesmo sob a sombra da guerra tarif\u00e1ria promovida pelos EUA, o boom do consumo durante o\u00a0feriado na\u00a0China evidenciou a not\u00e1vel resili\u00eancia da economia chinesa. A diretora do Escrit\u00f3rio de Pesquisa de Pol\u00edticas Econ\u00f4micas da China na Organiza\u00e7\u00e3o para Coopera\u00e7\u00e3o e Desenvolvimento Econ\u00f4mico (OCDE), Margit Molnar, destacou que o\u00a0impulso a novas for\u00e7as produtivas e o avan\u00e7o de\u00a0reformas estruturais t\u00eam sustentado o crescimento de longo prazo do pa\u00eds, consolidando seu papel como motor da economia mundial.<\/p>\n<p>No contexto global, em contraste com os muros de dissocia\u00e7\u00e3o erguidos por alguns pa\u00edses, a China segue ampliando as\u00a0&#8220;portas&#8221; da coopera\u00e7\u00e3o e criando oportunidades de ganhos m\u00fatuos. Neste feriado do Dia do Trabalhador, o mundo viu isso com ainda mais clareza.<\/p>\n","protected":false},"excerpt":{"rendered":"<p>No feriado do Dia do Trabalhador, a imprensa internacional descreveu a China com uma palavra em comum: \u201cboom\u201d. O jornal espanhol\u00a0La Vanguardia\u00a0destacou que muitas atra\u00e7\u00f5es tur\u00edsticas no pa\u00eds passaram a utilizar rob\u00f4s humanoides para oferecer servi\u00e7os de guia tur\u00edstico e&#8230;<\/p>\n","protected":false},"author":2,"featured_media":0,"comment_status":"open","ping_status":"open","sticky":false,"template":"","format":"standard","meta":{"footnotes":""},"categories":[7],"tags":[],"class_list":["post-8409","post","type-post","status-publish","format-standard","hentry","category-visao"],"yoast_head":"<!-- This site is optimized with the Yoast SEO plugin v27.4 - https:\/\/yoast.com\/product\/yoast-seo-wordpress\/ -->\n<title>Mundo v\u00ea novas oportunidades no boom de consumo durante feriado do Dia do Trabalhador - CRI e Diario de Pernambuco<\/title>\n<meta name=\"robots\" content=\"index, follow, max-snippet:-1, max-image-preview:large, max-video-preview:-1\" \/>\n<link rel=\"canonical\" href=\"https:\/\/diariodepe.com.br\/cri\/2025\/05\/21\/mundo-ve-novas-oportunidades-no-boom-de-consumo-durante-feriado-do-dia-do-trabalhador\/\" \/>\n<meta property=\"og:locale\" content=\"pt_BR\" \/>\n<meta property=\"og:type\" content=\"article\" \/>\n<meta property=\"og:title\" content=\"Mundo v\u00ea novas oportunidades no boom de consumo durante feriado do Dia do Trabalhador - CRI e Diario de Pernambuco\" \/>\n<meta property=\"og:description\" content=\"No feriado do Dia do Trabalhador, a imprensa internacional descreveu a China com uma palavra em comum: \u201cboom\u201d. O jornal espanhol\u00a0La Vanguardia\u00a0destacou que muitas atra\u00e7\u00f5es tur\u00edsticas no pa\u00eds passaram a utilizar rob\u00f4s humanoides para oferecer servi\u00e7os de guia tur\u00edstico e...\" \/>\n<meta property=\"og:url\" content=\"https:\/\/diariodepe.com.br\/cri\/2025\/05\/21\/mundo-ve-novas-oportunidades-no-boom-de-consumo-durante-feriado-do-dia-do-trabalhador\/\" \/>\n<meta property=\"og:site_name\" content=\"CRI e Diario de Pernambuco\" \/>\n<meta property=\"article:published_time\" content=\"2025-05-21T07:04:39+00:00\" \/>\n<meta property=\"og:image\" content=\"https:\/\/38picres.cgtn.com\/photoAlbum\/page\/performance\/img\/2025\/5\/7\/1746601271771_351.png\" \/>\n<meta name=\"author\" content=\"Ismael Lucas S. Pereira\" \/>\n<meta name=\"twitter:card\" content=\"summary_large_image\" \/>\n<meta name=\"twitter:label1\" content=\"Escrito por\" \/>\n\t<meta name=\"twitter:data1\" content=\"Ismael Lucas S. Pereira\" \/>\n\t<meta name=\"twitter:label2\" content=\"Est. tempo de leitura\" \/>\n\t<meta name=\"twitter:data2\" content=\"4 minutos\" \/>\n<script type=\"application\/ld+json\" class=\"yoast-schema-graph\">{\"@context\":\"https:\\\/\\\/schema.org\",\"@graph\":[{\"@type\":\"Article\",\"@id\":\"https:\\\/\\\/diariodepe.com.br\\\/cri\\\/2025\\\/05\\\/21\\\/mundo-ve-novas-oportunidades-no-boom-de-consumo-durante-feriado-do-dia-do-trabalhador\\\/#article\",\"isPartOf\":{\"@id\":\"https:\\\/\\\/diariodepe.com.br\\\/cri\\\/2025\\\/05\\\/21\\\/mundo-ve-novas-oportunidades-no-boom-de-consumo-durante-feriado-do-dia-do-trabalhador\\\/\"},\"author\":{\"name\":\"Ismael Lucas S. Pereira\",\"@id\":\"https:\\\/\\\/diariodepe.com.br\\\/cri\\\/#\\\/schema\\\/person\\\/121bb28d84f1a5b1205ef4ce9c2e0c6b\"},\"headline\":\"Mundo v\u00ea novas oportunidades no boom de consumo durante feriado do Dia do Trabalhador\",\"datePublished\":\"2025-05-21T07:04:39+00:00\",\"mainEntityOfPage\":{\"@id\":\"https:\\\/\\\/diariodepe.com.br\\\/cri\\\/2025\\\/05\\\/21\\\/mundo-ve-novas-oportunidades-no-boom-de-consumo-durante-feriado-do-dia-do-trabalhador\\\/\"},\"wordCount\":563,\"commentCount\":0,\"publisher\":{\"@id\":\"https:\\\/\\\/diariodepe.com.br\\\/cri\\\/#organization\"},\"image\":{\"@id\":\"https:\\\/\\\/diariodepe.com.br\\\/cri\\\/2025\\\/05\\\/21\\\/mundo-ve-novas-oportunidades-no-boom-de-consumo-durante-feriado-do-dia-do-trabalhador\\\/#primaryimage\"},\"thumbnailUrl\":\"https:\\\/\\\/38picres.cgtn.com\\\/photoAlbum\\\/page\\\/performance\\\/img\\\/2025\\\/5\\\/7\\\/1746601271771_351.png\",\"articleSection\":[\"Vis\u00e3o\"],\"inLanguage\":\"pt-BR\",\"potentialAction\":[{\"@type\":\"CommentAction\",\"name\":\"Comment\",\"target\":[\"https:\\\/\\\/diariodepe.com.br\\\/cri\\\/2025\\\/05\\\/21\\\/mundo-ve-novas-oportunidades-no-boom-de-consumo-durante-feriado-do-dia-do-trabalhador\\\/#respond\"]}]},{\"@type\":\"WebPage\",\"@id\":\"https:\\\/\\\/diariodepe.com.br\\\/cri\\\/2025\\\/05\\\/21\\\/mundo-ve-novas-oportunidades-no-boom-de-consumo-durante-feriado-do-dia-do-trabalhador\\\/\",\"url\":\"https:\\\/\\\/diariodepe.com.br\\\/cri\\\/2025\\\/05\\\/21\\\/mundo-ve-novas-oportunidades-no-boom-de-consumo-durante-feriado-do-dia-do-trabalhador\\\/\",\"name\":\"Mundo v\u00ea novas oportunidades no boom de consumo durante feriado do Dia do Trabalhador - CRI e Diario de Pernambuco\",\"isPartOf\":{\"@id\":\"https:\\\/\\\/diariodepe.com.br\\\/cri\\\/#website\"},\"primaryImageOfPage\":{\"@id\":\"https:\\\/\\\/diariodepe.com.br\\\/cri\\\/2025\\\/05\\\/21\\\/mundo-ve-novas-oportunidades-no-boom-de-consumo-durante-feriado-do-dia-do-trabalhador\\\/#primaryimage\"},\"image\":{\"@id\":\"https:\\\/\\\/diariodepe.com.br\\\/cri\\\/2025\\\/05\\\/21\\\/mundo-ve-novas-oportunidades-no-boom-de-consumo-durante-feriado-do-dia-do-trabalhador\\\/#primaryimage\"},\"thumbnailUrl\":\"https:\\\/\\\/38picres.cgtn.com\\\/photoAlbum\\\/page\\\/performance\\\/img\\\/2025\\\/5\\\/7\\\/1746601271771_351.png\",\"datePublished\":\"2025-05-21T07:04:39+00:00\",\"breadcrumb\":{\"@id\":\"https:\\\/\\\/diariodepe.com.br\\\/cri\\\/2025\\\/05\\\/21\\\/mundo-ve-novas-oportunidades-no-boom-de-consumo-durante-feriado-do-dia-do-trabalhador\\\/#breadcrumb\"},\"inLanguage\":\"pt-BR\",\"potentialAction\":[{\"@type\":\"ReadAction\",\"target\":[\"https:\\\/\\\/diariodepe.com.br\\\/cri\\\/2025\\\/05\\\/21\\\/mundo-ve-novas-oportunidades-no-boom-de-consumo-durante-feriado-do-dia-do-trabalhador\\\/\"]}]},{\"@type\":\"ImageObject\",\"inLanguage\":\"pt-BR\",\"@id\":\"https:\\\/\\\/diariodepe.com.br\\\/cri\\\/2025\\\/05\\\/21\\\/mundo-ve-novas-oportunidades-no-boom-de-consumo-durante-feriado-do-dia-do-trabalhador\\\/#primaryimage\",\"url\":\"https:\\\/\\\/38picres.cgtn.com\\\/photoAlbum\\\/page\\\/performance\\\/img\\\/2025\\\/5\\\/7\\\/1746601271771_351.png\",\"contentUrl\":\"https:\\\/\\\/38picres.cgtn.com\\\/photoAlbum\\\/page\\\/performance\\\/img\\\/2025\\\/5\\\/7\\\/1746601271771_351.png\"},{\"@type\":\"BreadcrumbList\",\"@id\":\"https:\\\/\\\/diariodepe.com.br\\\/cri\\\/2025\\\/05\\\/21\\\/mundo-ve-novas-oportunidades-no-boom-de-consumo-durante-feriado-do-dia-do-trabalhador\\\/#breadcrumb\",\"itemListElement\":[{\"@type\":\"ListItem\",\"position\":1,\"name\":\"In\u00edcio\",\"item\":\"https:\\\/\\\/diariodepe.com.br\\\/cri\\\/\"},{\"@type\":\"ListItem\",\"position\":2,\"name\":\"Mundo v\u00ea novas oportunidades no boom de consumo durante feriado do Dia do Trabalhador\"}]},{\"@type\":\"WebSite\",\"@id\":\"https:\\\/\\\/diariodepe.com.br\\\/cri\\\/#website\",\"url\":\"https:\\\/\\\/diariodepe.com.br\\\/cri\\\/\",\"name\":\"CRI e Diario de Pernambuco\",\"description\":\"R\u00e1dio Internacional da China\",\"publisher\":{\"@id\":\"https:\\\/\\\/diariodepe.com.br\\\/cri\\\/#organization\"},\"potentialAction\":[{\"@type\":\"SearchAction\",\"target\":{\"@type\":\"EntryPoint\",\"urlTemplate\":\"https:\\\/\\\/diariodepe.com.br\\\/cri\\\/?s={search_term_string}\"},\"query-input\":{\"@type\":\"PropertyValueSpecification\",\"valueRequired\":true,\"valueName\":\"search_term_string\"}}],\"inLanguage\":\"pt-BR\"},{\"@type\":\"Organization\",\"@id\":\"https:\\\/\\\/diariodepe.com.br\\\/cri\\\/#organization\",\"name\":\"CRI e Diario de Pernambuco\",\"url\":\"https:\\\/\\\/diariodepe.com.br\\\/cri\\\/\",\"logo\":{\"@type\":\"ImageObject\",\"inLanguage\":\"pt-BR\",\"@id\":\"https:\\\/\\\/diariodepe.com.br\\\/cri\\\/#\\\/schema\\\/logo\\\/image\\\/\",\"url\":\"https:\\\/\\\/diariodepe.com.br\\\/cri\\\/wp-content\\\/uploads\\\/sites\\\/2\\\/2022\\\/12\\\/cropped-Logo.jpg\",\"contentUrl\":\"https:\\\/\\\/diariodepe.com.br\\\/cri\\\/wp-content\\\/uploads\\\/sites\\\/2\\\/2022\\\/12\\\/cropped-Logo.jpg\",\"width\":700,\"height\":59,\"caption\":\"CRI e Diario de Pernambuco\"},\"image\":{\"@id\":\"https:\\\/\\\/diariodepe.com.br\\\/cri\\\/#\\\/schema\\\/logo\\\/image\\\/\"}},{\"@type\":\"Person\",\"@id\":\"https:\\\/\\\/diariodepe.com.br\\\/cri\\\/#\\\/schema\\\/person\\\/121bb28d84f1a5b1205ef4ce9c2e0c6b\",\"name\":\"Ismael Lucas S. Pereira\",\"image\":{\"@type\":\"ImageObject\",\"inLanguage\":\"pt-BR\",\"@id\":\"https:\\\/\\\/secure.gravatar.com\\\/avatar\\\/887a0f3b5a7ceea963a48499fb883ffce6b5037362def025c52c2505b15d63e4?s=96&d=mm&r=g\",\"url\":\"https:\\\/\\\/secure.gravatar.com\\\/avatar\\\/887a0f3b5a7ceea963a48499fb883ffce6b5037362def025c52c2505b15d63e4?s=96&d=mm&r=g\",\"contentUrl\":\"https:\\\/\\\/secure.gravatar.com\\\/avatar\\\/887a0f3b5a7ceea963a48499fb883ffce6b5037362def025c52c2505b15d63e4?s=96&d=mm&r=g\",\"caption\":\"Ismael Lucas S. Pereira\"},\"url\":\"https:\\\/\\\/diariodepe.com.br\\\/cri\\\/author\\\/ismael-lucas\\\/\"}]}<\/script>\n<!-- \/ Yoast SEO plugin. -->","yoast_head_json":{"title":"Mundo v\u00ea novas oportunidades no boom de consumo durante feriado do Dia do Trabalhador - CRI e Diario de Pernambuco","robots":{"index":"index","follow":"follow","max-snippet":"max-snippet:-1","max-image-preview":"max-image-preview:large","max-video-preview":"max-video-preview:-1"},"canonical":"https:\/\/diariodepe.com.br\/cri\/2025\/05\/21\/mundo-ve-novas-oportunidades-no-boom-de-consumo-durante-feriado-do-dia-do-trabalhador\/","og_locale":"pt_BR","og_type":"article","og_title":"Mundo v\u00ea novas oportunidades no boom de consumo durante feriado do Dia do Trabalhador - CRI e Diario de Pernambuco","og_description":"No feriado do Dia do Trabalhador, a imprensa internacional descreveu a China com uma palavra em comum: \u201cboom\u201d. O jornal espanhol\u00a0La Vanguardia\u00a0destacou que muitas atra\u00e7\u00f5es tur\u00edsticas no pa\u00eds passaram a utilizar rob\u00f4s humanoides para oferecer servi\u00e7os de guia tur\u00edstico e...","og_url":"https:\/\/diariodepe.com.br\/cri\/2025\/05\/21\/mundo-ve-novas-oportunidades-no-boom-de-consumo-durante-feriado-do-dia-do-trabalhador\/","og_site_name":"CRI e Diario de Pernambuco","article_published_time":"2025-05-21T07:04:39+00:00","og_image":[{"url":"https:\/\/38picres.cgtn.com\/photoAlbum\/page\/performance\/img\/2025\/5\/7\/1746601271771_351.png","type":"","width":"","height":""}],"author":"Ismael Lucas S. Pereira","twitter_card":"summary_large_image","twitter_misc":{"Escrito por":"Ismael Lucas S. Pereira","Est. tempo de leitura":"4 minutos"},"schema":{"@context":"https:\/\/schema.org","@graph":[{"@type":"Article","@id":"https:\/\/diariodepe.com.br\/cri\/2025\/05\/21\/mundo-ve-novas-oportunidades-no-boom-de-consumo-durante-feriado-do-dia-do-trabalhador\/#article","isPartOf":{"@id":"https:\/\/diariodepe.com.br\/cri\/2025\/05\/21\/mundo-ve-novas-oportunidades-no-boom-de-consumo-durante-feriado-do-dia-do-trabalhador\/"},"author":{"name":"Ismael Lucas S. Pereira","@id":"https:\/\/diariodepe.com.br\/cri\/#\/schema\/person\/121bb28d84f1a5b1205ef4ce9c2e0c6b"},"headline":"Mundo v\u00ea novas oportunidades no boom de consumo durante feriado do Dia do Trabalhador","datePublished":"2025-05-21T07:04:39+00:00","mainEntityOfPage":{"@id":"https:\/\/diariodepe.com.br\/cri\/2025\/05\/21\/mundo-ve-novas-oportunidades-no-boom-de-consumo-durante-feriado-do-dia-do-trabalhador\/"},"wordCount":563,"commentCount":0,"publisher":{"@id":"https:\/\/diariodepe.com.br\/cri\/#organization"},"image":{"@id":"https:\/\/diariodepe.com.br\/cri\/2025\/05\/21\/mundo-ve-novas-oportunidades-no-boom-de-consumo-durante-feriado-do-dia-do-trabalhador\/#primaryimage"},"thumbnailUrl":"https:\/\/38picres.cgtn.com\/photoAlbum\/page\/performance\/img\/2025\/5\/7\/1746601271771_351.png","articleSection":["Vis\u00e3o"],"inLanguage":"pt-BR","potentialAction":[{"@type":"CommentAction","name":"Comment","target":["https:\/\/diariodepe.com.br\/cri\/2025\/05\/21\/mundo-ve-novas-oportunidades-no-boom-de-consumo-durante-feriado-do-dia-do-trabalhador\/#respond"]}]},{"@type":"WebPage","@id":"https:\/\/diariodepe.com.br\/cri\/2025\/05\/21\/mundo-ve-novas-oportunidades-no-boom-de-consumo-durante-feriado-do-dia-do-trabalhador\/","url":"https:\/\/diariodepe.com.br\/cri\/2025\/05\/21\/mundo-ve-novas-oportunidades-no-boom-de-consumo-durante-feriado-do-dia-do-trabalhador\/","name":"Mundo v\u00ea novas oportunidades no boom de consumo durante feriado do Dia do Trabalhador - CRI e Diario de Pernambuco","isPartOf":{"@id":"https:\/\/diariodepe.com.br\/cri\/#website"},"primaryImageOfPage":{"@id":"https:\/\/diariodepe.com.br\/cri\/2025\/05\/21\/mundo-ve-novas-oportunidades-no-boom-de-consumo-durante-feriado-do-dia-do-trabalhador\/#primaryimage"},"image":{"@id":"https:\/\/diariodepe.com.br\/cri\/2025\/05\/21\/mundo-ve-novas-oportunidades-no-boom-de-consumo-durante-feriado-do-dia-do-trabalhador\/#primaryimage"},"thumbnailUrl":"https:\/\/38picres.cgtn.com\/photoAlbum\/page\/performance\/img\/2025\/5\/7\/1746601271771_351.png","datePublished":"2025-05-21T07:04:39+00:00","breadcrumb":{"@id":"https:\/\/diariodepe.com.br\/cri\/2025\/05\/21\/mundo-ve-novas-oportunidades-no-boom-de-consumo-durante-feriado-do-dia-do-trabalhador\/#breadcrumb"},"inLanguage":"pt-BR","potentialAction":[{"@type":"ReadAction","target":["https:\/\/diariodepe.com.br\/cri\/2025\/05\/21\/mundo-ve-novas-oportunidades-no-boom-de-consumo-durante-feriado-do-dia-do-trabalhador\/"]}]},{"@type":"ImageObject","inLanguage":"pt-BR","@id":"https:\/\/diariodepe.com.br\/cri\/2025\/05\/21\/mundo-ve-novas-oportunidades-no-boom-de-consumo-durante-feriado-do-dia-do-trabalhador\/#primaryimage","url":"https:\/\/38picres.cgtn.com\/photoAlbum\/page\/performance\/img\/2025\/5\/7\/1746601271771_351.png","contentUrl":"https:\/\/38picres.cgtn.com\/photoAlbum\/page\/performance\/img\/2025\/5\/7\/1746601271771_351.png"},{"@type":"BreadcrumbList","@id":"https:\/\/diariodepe.com.br\/cri\/2025\/05\/21\/mundo-ve-novas-oportunidades-no-boom-de-consumo-durante-feriado-do-dia-do-trabalhador\/#breadcrumb","itemListElement":[{"@type":"ListItem","position":1,"name":"In\u00edcio","item":"https:\/\/diariodepe.com.br\/cri\/"},{"@type":"ListItem","position":2,"name":"Mundo v\u00ea novas oportunidades no boom de consumo durante feriado do Dia do Trabalhador"}]},{"@type":"WebSite","@id":"https:\/\/diariodepe.com.br\/cri\/#website","url":"https:\/\/diariodepe.com.br\/cri\/","name":"CRI e Diario de Pernambuco","description":"R\u00e1dio Internacional da China","publisher":{"@id":"https:\/\/diariodepe.com.br\/cri\/#organization"},"potentialAction":[{"@type":"SearchAction","target":{"@type":"EntryPoint","urlTemplate":"https:\/\/diariodepe.com.br\/cri\/?s={search_term_string}"},"query-input":{"@type":"PropertyValueSpecification","valueRequired":true,"valueName":"search_term_string"}}],"inLanguage":"pt-BR"},{"@type":"Organization","@id":"https:\/\/diariodepe.com.br\/cri\/#organization","name":"CRI e Diario de Pernambuco","url":"https:\/\/diariodepe.com.br\/cri\/","logo":{"@type":"ImageObject","inLanguage":"pt-BR","@id":"https:\/\/diariodepe.com.br\/cri\/#\/schema\/logo\/image\/","url":"https:\/\/diariodepe.com.br\/cri\/wp-content\/uploads\/sites\/2\/2022\/12\/cropped-Logo.jpg","contentUrl":"https:\/\/diariodepe.com.br\/cri\/wp-content\/uploads\/sites\/2\/2022\/12\/cropped-Logo.jpg","width":700,"height":59,"caption":"CRI e Diario de Pernambuco"},"image":{"@id":"https:\/\/diariodepe.com.br\/cri\/#\/schema\/logo\/image\/"}},{"@type":"Person","@id":"https:\/\/diariodepe.com.br\/cri\/#\/schema\/person\/121bb28d84f1a5b1205ef4ce9c2e0c6b","name":"Ismael Lucas S. Pereira","image":{"@type":"ImageObject","inLanguage":"pt-BR","@id":"https:\/\/secure.gravatar.com\/avatar\/887a0f3b5a7ceea963a48499fb883ffce6b5037362def025c52c2505b15d63e4?s=96&d=mm&r=g","url":"https:\/\/secure.gravatar.com\/avatar\/887a0f3b5a7ceea963a48499fb883ffce6b5037362def025c52c2505b15d63e4?s=96&d=mm&r=g","contentUrl":"https:\/\/secure.gravatar.com\/avatar\/887a0f3b5a7ceea963a48499fb883ffce6b5037362def025c52c2505b15d63e4?s=96&d=mm&r=g","caption":"Ismael Lucas S. Pereira"},"url":"https:\/\/diariodepe.com.br\/cri\/author\/ismael-lucas\/"}]}},"cc_featured_image_caption":{"caption_text":false,"source_text":false,"source_url":false},"amp_enabled":true,"_links":{"self":[{"href":"https:\/\/diariodepe.com.br\/cri\/wp-json\/wp\/v2\/posts\/8409","targetHints":{"allow":["GET"]}}],"collection":[{"href":"https:\/\/diariodepe.com.br\/cri\/wp-json\/wp\/v2\/posts"}],"about":[{"href":"https:\/\/diariodepe.com.br\/cri\/wp-json\/wp\/v2\/types\/post"}],"author":[{"embeddable":true,"href":"https:\/\/diariodepe.com.br\/cri\/wp-json\/wp\/v2\/users\/2"}],"replies":[{"embeddable":true,"href":"https:\/\/diariodepe.com.br\/cri\/wp-json\/wp\/v2\/comments?post=8409"}],"version-history":[{"count":1,"href":"https:\/\/diariodepe.com.br\/cri\/wp-json\/wp\/v2\/posts\/8409\/revisions"}],"predecessor-version":[{"id":8410,"href":"https:\/\/diariodepe.com.br\/cri\/wp-json\/wp\/v2\/posts\/8409\/revisions\/8410"}],"wp:attachment":[{"href":"https:\/\/diariodepe.com.br\/cri\/wp-json\/wp\/v2\/media?parent=8409"}],"wp:term":[{"taxonomy":"category","embeddable":true,"href":"https:\/\/diariodepe.com.br\/cri\/wp-json\/wp\/v2\/categories?post=8409"},{"taxonomy":"post_tag","embeddable":true,"href":"https:\/\/diariodepe.com.br\/cri\/wp-json\/wp\/v2\/tags?post=8409"}],"curies":[{"name":"wp","href":"https:\/\/api.w.org\/{rel}","templated":true}]}}