{"id":8405,"date":"2025-05-21T04:03:32","date_gmt":"2025-05-21T07:03:32","guid":{"rendered":"https:\/\/diariodepe.com.br\/cri\/?p=8405"},"modified":"2025-05-21T04:03:32","modified_gmt":"2025-05-21T07:03:32","slug":"cmg-lanca-em-moscou-mostra-de-programas-especiais-sobre-a-china","status":"publish","type":"post","link":"https:\/\/diariodepe.com.br\/cri\/2025\/05\/21\/cmg-lanca-em-moscou-mostra-de-programas-especiais-sobre-a-china\/","title":{"rendered":"CMG lan\u00e7a em Moscou mostra de programas especiais sobre a China"},"content":{"rendered":"<p><img decoding=\"async\" src=\"https:\/\/38picres.cgtn.com\/photoAlbum\/page\/performance\/img\/2025\/5\/4\/1746366216768_334.png\" width=\"100%\" height=\"auto\" \/><\/p>\n<p>Antes da visita de Estado do presidente chin\u00eas, Xi Jinping, \u00e0 R\u00fassia, prevista para 7 a 10 de maio, o China Group Media (CMG, sigla em ingl\u00eas) lan\u00e7ou, neste domingo (4), uma mostra de programas especiais sobre a China. Os document\u00e1rios, entre eles a produ\u00e7\u00e3o Xi Jinping e Cultura, Caminho da moderniza\u00e7\u00e3o chinesa, ser\u00e3o exibidos nas principais TVs russas.<\/p>\n<p><img decoding=\"async\" src=\"https:\/\/38picres.cgtn.com\/photoAlbum\/page\/performance\/img\/2025\/5\/4\/1746371971709_72.jpg\" width=\"100%\" height=\"auto\" \/><\/p>\n<p>No evento, o vice-chefe do Departamento de Comunica\u00e7\u00e3o do Comit\u00ea Central do Partido Comunista da China (PCCh) e presidente do CMG, Shen Haixiong, discursou por v\u00eddeo, ressaltando que, desde o in\u00edcio deste ano, Xi Jinping e o presidente russo, Vladimir Putin, j\u00e1 fizeram duas comunica\u00e7\u00f5es estrat\u00e9gicas, nas quais destacaram a solidez da boa vizinhan\u00e7a entre os dois pa\u00edses, com enfrentamento conjunto dos desafios e apoio m\u00fatuo firme.<\/p>\n<p>Ao lembrar que os dois chefes de Estado levaram o relacionamento China-R\u00fassia a um n\u00edvel mais alto em resposta \u00e0 incerteza do ambiente externo, Shen Haixiong apontou que 2025 \u00e9 tamb\u00e9m o Ano Cultural China-R\u00fassia. Por isso, o CMG e a m\u00eddia russa organizaram conjuntamente a mostra program\u00e1tica, para implementar o consenso alcan\u00e7ado pelos dois l\u00edderes, fortalecer os interc\u00e2mbios culturais e consolidar a base da opini\u00e3o p\u00fablica em rela\u00e7\u00e3o \u00e0 amizade China-R\u00fassia.<\/p>\n<p><img decoding=\"async\" src=\"https:\/\/38picres.cgtn.com\/photoAlbum\/page\/performance\/img\/2025\/5\/4\/1746371995639_406.png\" width=\"100%\" height=\"auto\" \/><\/p>\n<p>Por meio de programas de alta qualidade, como o &#8220;Afinidade Cultural de Xi Jinping&#8221;, &#8220;Decodificando a China: O Caminho \u00danico para a Moderniza\u00e7\u00e3o&#8221;, &#8220;Minha Hist\u00f3ria da China&#8221; e &#8220;Harmonia e Compartilhamento&#8221;, o p\u00fablico russo apreciar\u00e1 o carisma do presidente chin\u00eas, entender\u00e1 as pr\u00e1ticas inovadoras de moderniza\u00e7\u00e3o da China e sentir\u00e1 a vigorosa vitalidade do pa\u00eds na nova era e o charme \u00fanico da China cultural.<\/p>\n","protected":false},"excerpt":{"rendered":"<p>Antes da visita de Estado do presidente chin\u00eas, Xi Jinping, \u00e0 R\u00fassia, prevista para 7 a 10 de maio, o China Group Media (CMG, sigla em ingl\u00eas) lan\u00e7ou, neste domingo (4), uma mostra de programas especiais sobre a China. Os&#8230;<\/p>\n","protected":false},"author":2,"featured_media":0,"comment_status":"open","ping_status":"open","sticky":false,"template":"","format":"standard","meta":{"footnotes":""},"categories":[8],"tags":[],"class_list":["post-8405","post","type-post","status-publish","format-standard","hentry","category-internacional"],"yoast_head":"<!-- This site is optimized with the Yoast SEO plugin v27.4 - https:\/\/yoast.com\/product\/yoast-seo-wordpress\/ -->\n<title>CMG lan\u00e7a em Moscou mostra de programas especiais sobre a China - CRI e Diario de Pernambuco<\/title>\n<meta name=\"robots\" content=\"index, follow, max-snippet:-1, max-image-preview:large, max-video-preview:-1\" \/>\n<link rel=\"canonical\" href=\"https:\/\/diariodepe.com.br\/cri\/2025\/05\/21\/cmg-lanca-em-moscou-mostra-de-programas-especiais-sobre-a-china\/\" \/>\n<meta property=\"og:locale\" content=\"pt_BR\" \/>\n<meta property=\"og:type\" content=\"article\" \/>\n<meta property=\"og:title\" content=\"CMG lan\u00e7a em Moscou mostra de programas especiais sobre a China - CRI e Diario de Pernambuco\" \/>\n<meta property=\"og:description\" content=\"Antes da visita de Estado do presidente chin\u00eas, Xi Jinping, \u00e0 R\u00fassia, prevista para 7 a 10 de maio, o China Group Media (CMG, sigla em ingl\u00eas) lan\u00e7ou, neste domingo (4), uma mostra de programas especiais sobre a China. Os...\" \/>\n<meta property=\"og:url\" content=\"https:\/\/diariodepe.com.br\/cri\/2025\/05\/21\/cmg-lanca-em-moscou-mostra-de-programas-especiais-sobre-a-china\/\" \/>\n<meta property=\"og:site_name\" content=\"CRI e Diario de Pernambuco\" \/>\n<meta property=\"article:published_time\" content=\"2025-05-21T07:03:32+00:00\" \/>\n<meta property=\"og:image\" content=\"https:\/\/38picres.cgtn.com\/photoAlbum\/page\/performance\/img\/2025\/5\/4\/1746366216768_334.png\" \/>\n<meta name=\"author\" content=\"Ismael Lucas S. Pereira\" \/>\n<meta name=\"twitter:card\" content=\"summary_large_image\" \/>\n<meta name=\"twitter:label1\" content=\"Escrito por\" \/>\n\t<meta name=\"twitter:data1\" content=\"Ismael Lucas S. Pereira\" \/>\n<script type=\"application\/ld+json\" class=\"yoast-schema-graph\">{\"@context\":\"https:\\\/\\\/schema.org\",\"@graph\":[{\"@type\":\"Article\",\"@id\":\"https:\\\/\\\/diariodepe.com.br\\\/cri\\\/2025\\\/05\\\/21\\\/cmg-lanca-em-moscou-mostra-de-programas-especiais-sobre-a-china\\\/#article\",\"isPartOf\":{\"@id\":\"https:\\\/\\\/diariodepe.com.br\\\/cri\\\/2025\\\/05\\\/21\\\/cmg-lanca-em-moscou-mostra-de-programas-especiais-sobre-a-china\\\/\"},\"author\":{\"name\":\"Ismael Lucas S. Pereira\",\"@id\":\"https:\\\/\\\/diariodepe.com.br\\\/cri\\\/#\\\/schema\\\/person\\\/121bb28d84f1a5b1205ef4ce9c2e0c6b\"},\"headline\":\"CMG lan\u00e7a em Moscou mostra de programas especiais sobre a China\",\"datePublished\":\"2025-05-21T07:03:32+00:00\",\"mainEntityOfPage\":{\"@id\":\"https:\\\/\\\/diariodepe.com.br\\\/cri\\\/2025\\\/05\\\/21\\\/cmg-lanca-em-moscou-mostra-de-programas-especiais-sobre-a-china\\\/\"},\"wordCount\":303,\"commentCount\":0,\"publisher\":{\"@id\":\"https:\\\/\\\/diariodepe.com.br\\\/cri\\\/#organization\"},\"image\":{\"@id\":\"https:\\\/\\\/diariodepe.com.br\\\/cri\\\/2025\\\/05\\\/21\\\/cmg-lanca-em-moscou-mostra-de-programas-especiais-sobre-a-china\\\/#primaryimage\"},\"thumbnailUrl\":\"https:\\\/\\\/38picres.cgtn.com\\\/photoAlbum\\\/page\\\/performance\\\/img\\\/2025\\\/5\\\/4\\\/1746366216768_334.png\",\"articleSection\":[\"Internacional\"],\"inLanguage\":\"pt-BR\",\"potentialAction\":[{\"@type\":\"CommentAction\",\"name\":\"Comment\",\"target\":[\"https:\\\/\\\/diariodepe.com.br\\\/cri\\\/2025\\\/05\\\/21\\\/cmg-lanca-em-moscou-mostra-de-programas-especiais-sobre-a-china\\\/#respond\"]}]},{\"@type\":\"WebPage\",\"@id\":\"https:\\\/\\\/diariodepe.com.br\\\/cri\\\/2025\\\/05\\\/21\\\/cmg-lanca-em-moscou-mostra-de-programas-especiais-sobre-a-china\\\/\",\"url\":\"https:\\\/\\\/diariodepe.com.br\\\/cri\\\/2025\\\/05\\\/21\\\/cmg-lanca-em-moscou-mostra-de-programas-especiais-sobre-a-china\\\/\",\"name\":\"CMG lan\u00e7a em Moscou mostra de programas especiais sobre a China - CRI e Diario de Pernambuco\",\"isPartOf\":{\"@id\":\"https:\\\/\\\/diariodepe.com.br\\\/cri\\\/#website\"},\"primaryImageOfPage\":{\"@id\":\"https:\\\/\\\/diariodepe.com.br\\\/cri\\\/2025\\\/05\\\/21\\\/cmg-lanca-em-moscou-mostra-de-programas-especiais-sobre-a-china\\\/#primaryimage\"},\"image\":{\"@id\":\"https:\\\/\\\/diariodepe.com.br\\\/cri\\\/2025\\\/05\\\/21\\\/cmg-lanca-em-moscou-mostra-de-programas-especiais-sobre-a-china\\\/#primaryimage\"},\"thumbnailUrl\":\"https:\\\/\\\/38picres.cgtn.com\\\/photoAlbum\\\/page\\\/performance\\\/img\\\/2025\\\/5\\\/4\\\/1746366216768_334.png\",\"datePublished\":\"2025-05-21T07:03:32+00:00\",\"breadcrumb\":{\"@id\":\"https:\\\/\\\/diariodepe.com.br\\\/cri\\\/2025\\\/05\\\/21\\\/cmg-lanca-em-moscou-mostra-de-programas-especiais-sobre-a-china\\\/#breadcrumb\"},\"inLanguage\":\"pt-BR\",\"potentialAction\":[{\"@type\":\"ReadAction\",\"target\":[\"https:\\\/\\\/diariodepe.com.br\\\/cri\\\/2025\\\/05\\\/21\\\/cmg-lanca-em-moscou-mostra-de-programas-especiais-sobre-a-china\\\/\"]}]},{\"@type\":\"ImageObject\",\"inLanguage\":\"pt-BR\",\"@id\":\"https:\\\/\\\/diariodepe.com.br\\\/cri\\\/2025\\\/05\\\/21\\\/cmg-lanca-em-moscou-mostra-de-programas-especiais-sobre-a-china\\\/#primaryimage\",\"url\":\"https:\\\/\\\/38picres.cgtn.com\\\/photoAlbum\\\/page\\\/performance\\\/img\\\/2025\\\/5\\\/4\\\/1746366216768_334.png\",\"contentUrl\":\"https:\\\/\\\/38picres.cgtn.com\\\/photoAlbum\\\/page\\\/performance\\\/img\\\/2025\\\/5\\\/4\\\/1746366216768_334.png\"},{\"@type\":\"BreadcrumbList\",\"@id\":\"https:\\\/\\\/diariodepe.com.br\\\/cri\\\/2025\\\/05\\\/21\\\/cmg-lanca-em-moscou-mostra-de-programas-especiais-sobre-a-china\\\/#breadcrumb\",\"itemListElement\":[{\"@type\":\"ListItem\",\"position\":1,\"name\":\"In\u00edcio\",\"item\":\"https:\\\/\\\/diariodepe.com.br\\\/cri\\\/\"},{\"@type\":\"ListItem\",\"position\":2,\"name\":\"CMG lan\u00e7a em Moscou mostra de programas especiais sobre a China\"}]},{\"@type\":\"WebSite\",\"@id\":\"https:\\\/\\\/diariodepe.com.br\\\/cri\\\/#website\",\"url\":\"https:\\\/\\\/diariodepe.com.br\\\/cri\\\/\",\"name\":\"CRI e Diario de Pernambuco\",\"description\":\"R\u00e1dio Internacional da China\",\"publisher\":{\"@id\":\"https:\\\/\\\/diariodepe.com.br\\\/cri\\\/#organization\"},\"potentialAction\":[{\"@type\":\"SearchAction\",\"target\":{\"@type\":\"EntryPoint\",\"urlTemplate\":\"https:\\\/\\\/diariodepe.com.br\\\/cri\\\/?s={search_term_string}\"},\"query-input\":{\"@type\":\"PropertyValueSpecification\",\"valueRequired\":true,\"valueName\":\"search_term_string\"}}],\"inLanguage\":\"pt-BR\"},{\"@type\":\"Organization\",\"@id\":\"https:\\\/\\\/diariodepe.com.br\\\/cri\\\/#organization\",\"name\":\"CRI e Diario de Pernambuco\",\"url\":\"https:\\\/\\\/diariodepe.com.br\\\/cri\\\/\",\"logo\":{\"@type\":\"ImageObject\",\"inLanguage\":\"pt-BR\",\"@id\":\"https:\\\/\\\/diariodepe.com.br\\\/cri\\\/#\\\/schema\\\/logo\\\/image\\\/\",\"url\":\"https:\\\/\\\/diariodepe.com.br\\\/cri\\\/wp-content\\\/uploads\\\/sites\\\/2\\\/2022\\\/12\\\/cropped-Logo.jpg\",\"contentUrl\":\"https:\\\/\\\/diariodepe.com.br\\\/cri\\\/wp-content\\\/uploads\\\/sites\\\/2\\\/2022\\\/12\\\/cropped-Logo.jpg\",\"width\":700,\"height\":59,\"caption\":\"CRI e Diario de Pernambuco\"},\"image\":{\"@id\":\"https:\\\/\\\/diariodepe.com.br\\\/cri\\\/#\\\/schema\\\/logo\\\/image\\\/\"}},{\"@type\":\"Person\",\"@id\":\"https:\\\/\\\/diariodepe.com.br\\\/cri\\\/#\\\/schema\\\/person\\\/121bb28d84f1a5b1205ef4ce9c2e0c6b\",\"name\":\"Ismael Lucas S. Pereira\",\"image\":{\"@type\":\"ImageObject\",\"inLanguage\":\"pt-BR\",\"@id\":\"https:\\\/\\\/secure.gravatar.com\\\/avatar\\\/887a0f3b5a7ceea963a48499fb883ffce6b5037362def025c52c2505b15d63e4?s=96&d=mm&r=g\",\"url\":\"https:\\\/\\\/secure.gravatar.com\\\/avatar\\\/887a0f3b5a7ceea963a48499fb883ffce6b5037362def025c52c2505b15d63e4?s=96&d=mm&r=g\",\"contentUrl\":\"https:\\\/\\\/secure.gravatar.com\\\/avatar\\\/887a0f3b5a7ceea963a48499fb883ffce6b5037362def025c52c2505b15d63e4?s=96&d=mm&r=g\",\"caption\":\"Ismael Lucas S. Pereira\"},\"url\":\"https:\\\/\\\/diariodepe.com.br\\\/cri\\\/author\\\/ismael-lucas\\\/\"}]}<\/script>\n<!-- \/ Yoast SEO plugin. -->","yoast_head_json":{"title":"CMG lan\u00e7a em Moscou mostra de programas especiais sobre a China - CRI e Diario de Pernambuco","robots":{"index":"index","follow":"follow","max-snippet":"max-snippet:-1","max-image-preview":"max-image-preview:large","max-video-preview":"max-video-preview:-1"},"canonical":"https:\/\/diariodepe.com.br\/cri\/2025\/05\/21\/cmg-lanca-em-moscou-mostra-de-programas-especiais-sobre-a-china\/","og_locale":"pt_BR","og_type":"article","og_title":"CMG lan\u00e7a em Moscou mostra de programas especiais sobre a China - CRI e Diario de Pernambuco","og_description":"Antes da visita de Estado do presidente chin\u00eas, Xi Jinping, \u00e0 R\u00fassia, prevista para 7 a 10 de maio, o China Group Media (CMG, sigla em ingl\u00eas) lan\u00e7ou, neste domingo (4), uma mostra de programas especiais sobre a China. Os...","og_url":"https:\/\/diariodepe.com.br\/cri\/2025\/05\/21\/cmg-lanca-em-moscou-mostra-de-programas-especiais-sobre-a-china\/","og_site_name":"CRI e Diario de Pernambuco","article_published_time":"2025-05-21T07:03:32+00:00","og_image":[{"url":"https:\/\/38picres.cgtn.com\/photoAlbum\/page\/performance\/img\/2025\/5\/4\/1746366216768_334.png","type":"","width":"","height":""}],"author":"Ismael Lucas S. Pereira","twitter_card":"summary_large_image","twitter_misc":{"Escrito por":"Ismael Lucas S. Pereira"},"schema":{"@context":"https:\/\/schema.org","@graph":[{"@type":"Article","@id":"https:\/\/diariodepe.com.br\/cri\/2025\/05\/21\/cmg-lanca-em-moscou-mostra-de-programas-especiais-sobre-a-china\/#article","isPartOf":{"@id":"https:\/\/diariodepe.com.br\/cri\/2025\/05\/21\/cmg-lanca-em-moscou-mostra-de-programas-especiais-sobre-a-china\/"},"author":{"name":"Ismael Lucas S. Pereira","@id":"https:\/\/diariodepe.com.br\/cri\/#\/schema\/person\/121bb28d84f1a5b1205ef4ce9c2e0c6b"},"headline":"CMG lan\u00e7a em Moscou mostra de programas especiais sobre a China","datePublished":"2025-05-21T07:03:32+00:00","mainEntityOfPage":{"@id":"https:\/\/diariodepe.com.br\/cri\/2025\/05\/21\/cmg-lanca-em-moscou-mostra-de-programas-especiais-sobre-a-china\/"},"wordCount":303,"commentCount":0,"publisher":{"@id":"https:\/\/diariodepe.com.br\/cri\/#organization"},"image":{"@id":"https:\/\/diariodepe.com.br\/cri\/2025\/05\/21\/cmg-lanca-em-moscou-mostra-de-programas-especiais-sobre-a-china\/#primaryimage"},"thumbnailUrl":"https:\/\/38picres.cgtn.com\/photoAlbum\/page\/performance\/img\/2025\/5\/4\/1746366216768_334.png","articleSection":["Internacional"],"inLanguage":"pt-BR","potentialAction":[{"@type":"CommentAction","name":"Comment","target":["https:\/\/diariodepe.com.br\/cri\/2025\/05\/21\/cmg-lanca-em-moscou-mostra-de-programas-especiais-sobre-a-china\/#respond"]}]},{"@type":"WebPage","@id":"https:\/\/diariodepe.com.br\/cri\/2025\/05\/21\/cmg-lanca-em-moscou-mostra-de-programas-especiais-sobre-a-china\/","url":"https:\/\/diariodepe.com.br\/cri\/2025\/05\/21\/cmg-lanca-em-moscou-mostra-de-programas-especiais-sobre-a-china\/","name":"CMG lan\u00e7a em Moscou mostra de programas especiais sobre a China - CRI e Diario de Pernambuco","isPartOf":{"@id":"https:\/\/diariodepe.com.br\/cri\/#website"},"primaryImageOfPage":{"@id":"https:\/\/diariodepe.com.br\/cri\/2025\/05\/21\/cmg-lanca-em-moscou-mostra-de-programas-especiais-sobre-a-china\/#primaryimage"},"image":{"@id":"https:\/\/diariodepe.com.br\/cri\/2025\/05\/21\/cmg-lanca-em-moscou-mostra-de-programas-especiais-sobre-a-china\/#primaryimage"},"thumbnailUrl":"https:\/\/38picres.cgtn.com\/photoAlbum\/page\/performance\/img\/2025\/5\/4\/1746366216768_334.png","datePublished":"2025-05-21T07:03:32+00:00","breadcrumb":{"@id":"https:\/\/diariodepe.com.br\/cri\/2025\/05\/21\/cmg-lanca-em-moscou-mostra-de-programas-especiais-sobre-a-china\/#breadcrumb"},"inLanguage":"pt-BR","potentialAction":[{"@type":"ReadAction","target":["https:\/\/diariodepe.com.br\/cri\/2025\/05\/21\/cmg-lanca-em-moscou-mostra-de-programas-especiais-sobre-a-china\/"]}]},{"@type":"ImageObject","inLanguage":"pt-BR","@id":"https:\/\/diariodepe.com.br\/cri\/2025\/05\/21\/cmg-lanca-em-moscou-mostra-de-programas-especiais-sobre-a-china\/#primaryimage","url":"https:\/\/38picres.cgtn.com\/photoAlbum\/page\/performance\/img\/2025\/5\/4\/1746366216768_334.png","contentUrl":"https:\/\/38picres.cgtn.com\/photoAlbum\/page\/performance\/img\/2025\/5\/4\/1746366216768_334.png"},{"@type":"BreadcrumbList","@id":"https:\/\/diariodepe.com.br\/cri\/2025\/05\/21\/cmg-lanca-em-moscou-mostra-de-programas-especiais-sobre-a-china\/#breadcrumb","itemListElement":[{"@type":"ListItem","position":1,"name":"In\u00edcio","item":"https:\/\/diariodepe.com.br\/cri\/"},{"@type":"ListItem","position":2,"name":"CMG lan\u00e7a em Moscou mostra de programas especiais sobre a China"}]},{"@type":"WebSite","@id":"https:\/\/diariodepe.com.br\/cri\/#website","url":"https:\/\/diariodepe.com.br\/cri\/","name":"CRI e Diario de Pernambuco","description":"R\u00e1dio Internacional da China","publisher":{"@id":"https:\/\/diariodepe.com.br\/cri\/#organization"},"potentialAction":[{"@type":"SearchAction","target":{"@type":"EntryPoint","urlTemplate":"https:\/\/diariodepe.com.br\/cri\/?s={search_term_string}"},"query-input":{"@type":"PropertyValueSpecification","valueRequired":true,"valueName":"search_term_string"}}],"inLanguage":"pt-BR"},{"@type":"Organization","@id":"https:\/\/diariodepe.com.br\/cri\/#organization","name":"CRI e Diario de Pernambuco","url":"https:\/\/diariodepe.com.br\/cri\/","logo":{"@type":"ImageObject","inLanguage":"pt-BR","@id":"https:\/\/diariodepe.com.br\/cri\/#\/schema\/logo\/image\/","url":"https:\/\/diariodepe.com.br\/cri\/wp-content\/uploads\/sites\/2\/2022\/12\/cropped-Logo.jpg","contentUrl":"https:\/\/diariodepe.com.br\/cri\/wp-content\/uploads\/sites\/2\/2022\/12\/cropped-Logo.jpg","width":700,"height":59,"caption":"CRI e Diario de Pernambuco"},"image":{"@id":"https:\/\/diariodepe.com.br\/cri\/#\/schema\/logo\/image\/"}},{"@type":"Person","@id":"https:\/\/diariodepe.com.br\/cri\/#\/schema\/person\/121bb28d84f1a5b1205ef4ce9c2e0c6b","name":"Ismael Lucas S. Pereira","image":{"@type":"ImageObject","inLanguage":"pt-BR","@id":"https:\/\/secure.gravatar.com\/avatar\/887a0f3b5a7ceea963a48499fb883ffce6b5037362def025c52c2505b15d63e4?s=96&d=mm&r=g","url":"https:\/\/secure.gravatar.com\/avatar\/887a0f3b5a7ceea963a48499fb883ffce6b5037362def025c52c2505b15d63e4?s=96&d=mm&r=g","contentUrl":"https:\/\/secure.gravatar.com\/avatar\/887a0f3b5a7ceea963a48499fb883ffce6b5037362def025c52c2505b15d63e4?s=96&d=mm&r=g","caption":"Ismael Lucas S. Pereira"},"url":"https:\/\/diariodepe.com.br\/cri\/author\/ismael-lucas\/"}]}},"cc_featured_image_caption":{"caption_text":false,"source_text":false,"source_url":false},"amp_enabled":true,"_links":{"self":[{"href":"https:\/\/diariodepe.com.br\/cri\/wp-json\/wp\/v2\/posts\/8405","targetHints":{"allow":["GET"]}}],"collection":[{"href":"https:\/\/diariodepe.com.br\/cri\/wp-json\/wp\/v2\/posts"}],"about":[{"href":"https:\/\/diariodepe.com.br\/cri\/wp-json\/wp\/v2\/types\/post"}],"author":[{"embeddable":true,"href":"https:\/\/diariodepe.com.br\/cri\/wp-json\/wp\/v2\/users\/2"}],"replies":[{"embeddable":true,"href":"https:\/\/diariodepe.com.br\/cri\/wp-json\/wp\/v2\/comments?post=8405"}],"version-history":[{"count":1,"href":"https:\/\/diariodepe.com.br\/cri\/wp-json\/wp\/v2\/posts\/8405\/revisions"}],"predecessor-version":[{"id":8406,"href":"https:\/\/diariodepe.com.br\/cri\/wp-json\/wp\/v2\/posts\/8405\/revisions\/8406"}],"wp:attachment":[{"href":"https:\/\/diariodepe.com.br\/cri\/wp-json\/wp\/v2\/media?parent=8405"}],"wp:term":[{"taxonomy":"category","embeddable":true,"href":"https:\/\/diariodepe.com.br\/cri\/wp-json\/wp\/v2\/categories?post=8405"},{"taxonomy":"post_tag","embeddable":true,"href":"https:\/\/diariodepe.com.br\/cri\/wp-json\/wp\/v2\/tags?post=8405"}],"curies":[{"name":"wp","href":"https:\/\/api.w.org\/{rel}","templated":true}]}}