{"id":8397,"date":"2025-05-21T03:57:52","date_gmt":"2025-05-21T06:57:52","guid":{"rendered":"https:\/\/diariodepe.com.br\/cri\/?p=8397"},"modified":"2025-05-21T03:57:52","modified_gmt":"2025-05-21T06:57:52","slug":"encontro-de-chanceleres-do-brics-se-posiciona-contra-intimidacao-dos-eua","status":"publish","type":"post","link":"https:\/\/diariodepe.com.br\/cri\/2025\/05\/21\/encontro-de-chanceleres-do-brics-se-posiciona-contra-intimidacao-dos-eua\/","title":{"rendered":"Encontro de chanceleres do BRICS se posiciona contra intimida\u00e7\u00e3o dos EUA"},"content":{"rendered":"<p>O porta-voz do Minist\u00e9rio das Rela\u00e7\u00f5es Exteriores da China, Guo Jiakun, comentou hoje (30) sobre os consensos alcan\u00e7ados na reuni\u00e3o de ministros das Rela\u00e7\u00f5es Exteriores do BRICS. Os temas abordados focaram na abordagem dos desafios comuns enfrentados pelos pa\u00edses do bloco e pela comunidade global.<\/p>\n<p>Para o porta-voz, o encontro ecoou a &#8220;voz do BRICS&#8221; em defesa ao multilateralismo, na salvaguarda do sistema multilateral de com\u00e9rcio e na oposi\u00e7\u00e3o \u00e0 intimida\u00e7\u00e3o unilateral por parte dos Estados Unidos.<\/p>\n<p>\u201cOs participantes manifestaram grande preocupa\u00e7\u00e3o com o crescimento do unilateralismo e do protecionismo, incluindo a eleva\u00e7\u00e3o indiscriminada das \u201ctarifas rec\u00edprocas\u201d, afirmando que tais medidas prejudicar\u00e3o as cadeias de suprimentos globais e exacerbar\u00e3o a incerteza econ\u00f4mica mundial, declarou. Ele acrescentou que foi pedido a\u00e7\u00f5es concretas para salvaguardar o livre com\u00e9rcio e o sistema multilateral de com\u00e9rcio.<\/p>\n<p>A comunidade internacional observa que o Sul Global, representado pelos BRICS, tem se tornado cada vez mais uma for\u00e7a em prol do progresso e promotora da democratiza\u00e7\u00e3o nas rela\u00e7\u00f5es internacionais. Um Sul Global solid\u00e1rio, unido e autossuficiente certamente injetar\u00e1 mais estabilidade e certeza no mundo.<\/p>\n","protected":false},"excerpt":{"rendered":"<p>O porta-voz do Minist\u00e9rio das Rela\u00e7\u00f5es Exteriores da China, Guo Jiakun, comentou hoje (30) sobre os consensos alcan\u00e7ados na reuni\u00e3o de ministros das Rela\u00e7\u00f5es Exteriores do BRICS. Os temas abordados focaram na abordagem dos desafios comuns enfrentados pelos pa\u00edses do&#8230;<\/p>\n","protected":false},"author":2,"featured_media":0,"comment_status":"open","ping_status":"open","sticky":false,"template":"","format":"standard","meta":{"footnotes":""},"categories":[3],"tags":[],"class_list":["post-8397","post","type-post","status-publish","format-standard","hentry","category-china"],"yoast_head":"<!-- This site is optimized with the Yoast SEO plugin v27.4 - https:\/\/yoast.com\/product\/yoast-seo-wordpress\/ -->\n<title>Encontro de chanceleres do BRICS se posiciona contra intimida\u00e7\u00e3o dos EUA - CRI e Diario de Pernambuco<\/title>\n<meta name=\"robots\" content=\"index, follow, max-snippet:-1, max-image-preview:large, max-video-preview:-1\" \/>\n<link rel=\"canonical\" href=\"https:\/\/diariodepe.com.br\/cri\/2025\/05\/21\/encontro-de-chanceleres-do-brics-se-posiciona-contra-intimidacao-dos-eua\/\" \/>\n<meta property=\"og:locale\" content=\"pt_BR\" \/>\n<meta property=\"og:type\" content=\"article\" \/>\n<meta property=\"og:title\" content=\"Encontro de chanceleres do BRICS se posiciona contra intimida\u00e7\u00e3o dos EUA - CRI e Diario de Pernambuco\" \/>\n<meta property=\"og:description\" content=\"O porta-voz do Minist\u00e9rio das Rela\u00e7\u00f5es Exteriores da China, Guo Jiakun, comentou hoje (30) sobre os consensos alcan\u00e7ados na reuni\u00e3o de ministros das Rela\u00e7\u00f5es Exteriores do BRICS. Os temas abordados focaram na abordagem dos desafios comuns enfrentados pelos pa\u00edses do...\" \/>\n<meta property=\"og:url\" content=\"https:\/\/diariodepe.com.br\/cri\/2025\/05\/21\/encontro-de-chanceleres-do-brics-se-posiciona-contra-intimidacao-dos-eua\/\" \/>\n<meta property=\"og:site_name\" content=\"CRI e Diario de Pernambuco\" \/>\n<meta property=\"article:published_time\" content=\"2025-05-21T06:57:52+00:00\" \/>\n<meta name=\"author\" content=\"Ismael Lucas S. Pereira\" \/>\n<meta name=\"twitter:card\" content=\"summary_large_image\" \/>\n<meta name=\"twitter:label1\" content=\"Escrito por\" \/>\n\t<meta name=\"twitter:data1\" content=\"Ismael Lucas S. Pereira\" \/>\n<script type=\"application\/ld+json\" class=\"yoast-schema-graph\">{\"@context\":\"https:\\\/\\\/schema.org\",\"@graph\":[{\"@type\":\"Article\",\"@id\":\"https:\\\/\\\/diariodepe.com.br\\\/cri\\\/2025\\\/05\\\/21\\\/encontro-de-chanceleres-do-brics-se-posiciona-contra-intimidacao-dos-eua\\\/#article\",\"isPartOf\":{\"@id\":\"https:\\\/\\\/diariodepe.com.br\\\/cri\\\/2025\\\/05\\\/21\\\/encontro-de-chanceleres-do-brics-se-posiciona-contra-intimidacao-dos-eua\\\/\"},\"author\":{\"name\":\"Ismael Lucas S. Pereira\",\"@id\":\"https:\\\/\\\/diariodepe.com.br\\\/cri\\\/#\\\/schema\\\/person\\\/121bb28d84f1a5b1205ef4ce9c2e0c6b\"},\"headline\":\"Encontro de chanceleres do BRICS se posiciona contra intimida\u00e7\u00e3o dos EUA\",\"datePublished\":\"2025-05-21T06:57:52+00:00\",\"mainEntityOfPage\":{\"@id\":\"https:\\\/\\\/diariodepe.com.br\\\/cri\\\/2025\\\/05\\\/21\\\/encontro-de-chanceleres-do-brics-se-posiciona-contra-intimidacao-dos-eua\\\/\"},\"wordCount\":209,\"commentCount\":0,\"publisher\":{\"@id\":\"https:\\\/\\\/diariodepe.com.br\\\/cri\\\/#organization\"},\"articleSection\":[\"China\"],\"inLanguage\":\"pt-BR\",\"potentialAction\":[{\"@type\":\"CommentAction\",\"name\":\"Comment\",\"target\":[\"https:\\\/\\\/diariodepe.com.br\\\/cri\\\/2025\\\/05\\\/21\\\/encontro-de-chanceleres-do-brics-se-posiciona-contra-intimidacao-dos-eua\\\/#respond\"]}]},{\"@type\":\"WebPage\",\"@id\":\"https:\\\/\\\/diariodepe.com.br\\\/cri\\\/2025\\\/05\\\/21\\\/encontro-de-chanceleres-do-brics-se-posiciona-contra-intimidacao-dos-eua\\\/\",\"url\":\"https:\\\/\\\/diariodepe.com.br\\\/cri\\\/2025\\\/05\\\/21\\\/encontro-de-chanceleres-do-brics-se-posiciona-contra-intimidacao-dos-eua\\\/\",\"name\":\"Encontro de chanceleres do BRICS se posiciona contra intimida\u00e7\u00e3o dos EUA - CRI e Diario de Pernambuco\",\"isPartOf\":{\"@id\":\"https:\\\/\\\/diariodepe.com.br\\\/cri\\\/#website\"},\"datePublished\":\"2025-05-21T06:57:52+00:00\",\"breadcrumb\":{\"@id\":\"https:\\\/\\\/diariodepe.com.br\\\/cri\\\/2025\\\/05\\\/21\\\/encontro-de-chanceleres-do-brics-se-posiciona-contra-intimidacao-dos-eua\\\/#breadcrumb\"},\"inLanguage\":\"pt-BR\",\"potentialAction\":[{\"@type\":\"ReadAction\",\"target\":[\"https:\\\/\\\/diariodepe.com.br\\\/cri\\\/2025\\\/05\\\/21\\\/encontro-de-chanceleres-do-brics-se-posiciona-contra-intimidacao-dos-eua\\\/\"]}]},{\"@type\":\"BreadcrumbList\",\"@id\":\"https:\\\/\\\/diariodepe.com.br\\\/cri\\\/2025\\\/05\\\/21\\\/encontro-de-chanceleres-do-brics-se-posiciona-contra-intimidacao-dos-eua\\\/#breadcrumb\",\"itemListElement\":[{\"@type\":\"ListItem\",\"position\":1,\"name\":\"In\u00edcio\",\"item\":\"https:\\\/\\\/diariodepe.com.br\\\/cri\\\/\"},{\"@type\":\"ListItem\",\"position\":2,\"name\":\"Encontro de chanceleres do BRICS se posiciona contra intimida\u00e7\u00e3o dos EUA\"}]},{\"@type\":\"WebSite\",\"@id\":\"https:\\\/\\\/diariodepe.com.br\\\/cri\\\/#website\",\"url\":\"https:\\\/\\\/diariodepe.com.br\\\/cri\\\/\",\"name\":\"CRI e Diario de Pernambuco\",\"description\":\"R\u00e1dio Internacional da China\",\"publisher\":{\"@id\":\"https:\\\/\\\/diariodepe.com.br\\\/cri\\\/#organization\"},\"potentialAction\":[{\"@type\":\"SearchAction\",\"target\":{\"@type\":\"EntryPoint\",\"urlTemplate\":\"https:\\\/\\\/diariodepe.com.br\\\/cri\\\/?s={search_term_string}\"},\"query-input\":{\"@type\":\"PropertyValueSpecification\",\"valueRequired\":true,\"valueName\":\"search_term_string\"}}],\"inLanguage\":\"pt-BR\"},{\"@type\":\"Organization\",\"@id\":\"https:\\\/\\\/diariodepe.com.br\\\/cri\\\/#organization\",\"name\":\"CRI e Diario de Pernambuco\",\"url\":\"https:\\\/\\\/diariodepe.com.br\\\/cri\\\/\",\"logo\":{\"@type\":\"ImageObject\",\"inLanguage\":\"pt-BR\",\"@id\":\"https:\\\/\\\/diariodepe.com.br\\\/cri\\\/#\\\/schema\\\/logo\\\/image\\\/\",\"url\":\"https:\\\/\\\/diariodepe.com.br\\\/cri\\\/wp-content\\\/uploads\\\/sites\\\/2\\\/2022\\\/12\\\/cropped-Logo.jpg\",\"contentUrl\":\"https:\\\/\\\/diariodepe.com.br\\\/cri\\\/wp-content\\\/uploads\\\/sites\\\/2\\\/2022\\\/12\\\/cropped-Logo.jpg\",\"width\":700,\"height\":59,\"caption\":\"CRI e Diario de Pernambuco\"},\"image\":{\"@id\":\"https:\\\/\\\/diariodepe.com.br\\\/cri\\\/#\\\/schema\\\/logo\\\/image\\\/\"}},{\"@type\":\"Person\",\"@id\":\"https:\\\/\\\/diariodepe.com.br\\\/cri\\\/#\\\/schema\\\/person\\\/121bb28d84f1a5b1205ef4ce9c2e0c6b\",\"name\":\"Ismael Lucas S. Pereira\",\"image\":{\"@type\":\"ImageObject\",\"inLanguage\":\"pt-BR\",\"@id\":\"https:\\\/\\\/secure.gravatar.com\\\/avatar\\\/887a0f3b5a7ceea963a48499fb883ffce6b5037362def025c52c2505b15d63e4?s=96&d=mm&r=g\",\"url\":\"https:\\\/\\\/secure.gravatar.com\\\/avatar\\\/887a0f3b5a7ceea963a48499fb883ffce6b5037362def025c52c2505b15d63e4?s=96&d=mm&r=g\",\"contentUrl\":\"https:\\\/\\\/secure.gravatar.com\\\/avatar\\\/887a0f3b5a7ceea963a48499fb883ffce6b5037362def025c52c2505b15d63e4?s=96&d=mm&r=g\",\"caption\":\"Ismael Lucas S. Pereira\"},\"url\":\"https:\\\/\\\/diariodepe.com.br\\\/cri\\\/author\\\/ismael-lucas\\\/\"}]}<\/script>\n<!-- \/ Yoast SEO plugin. -->","yoast_head_json":{"title":"Encontro de chanceleres do BRICS se posiciona contra intimida\u00e7\u00e3o dos EUA - CRI e Diario de Pernambuco","robots":{"index":"index","follow":"follow","max-snippet":"max-snippet:-1","max-image-preview":"max-image-preview:large","max-video-preview":"max-video-preview:-1"},"canonical":"https:\/\/diariodepe.com.br\/cri\/2025\/05\/21\/encontro-de-chanceleres-do-brics-se-posiciona-contra-intimidacao-dos-eua\/","og_locale":"pt_BR","og_type":"article","og_title":"Encontro de chanceleres do BRICS se posiciona contra intimida\u00e7\u00e3o dos EUA - CRI e Diario de Pernambuco","og_description":"O porta-voz do Minist\u00e9rio das Rela\u00e7\u00f5es Exteriores da China, Guo Jiakun, comentou hoje (30) sobre os consensos alcan\u00e7ados na reuni\u00e3o de ministros das Rela\u00e7\u00f5es Exteriores do BRICS. Os temas abordados focaram na abordagem dos desafios comuns enfrentados pelos pa\u00edses do...","og_url":"https:\/\/diariodepe.com.br\/cri\/2025\/05\/21\/encontro-de-chanceleres-do-brics-se-posiciona-contra-intimidacao-dos-eua\/","og_site_name":"CRI e Diario de Pernambuco","article_published_time":"2025-05-21T06:57:52+00:00","author":"Ismael Lucas S. Pereira","twitter_card":"summary_large_image","twitter_misc":{"Escrito por":"Ismael Lucas S. Pereira"},"schema":{"@context":"https:\/\/schema.org","@graph":[{"@type":"Article","@id":"https:\/\/diariodepe.com.br\/cri\/2025\/05\/21\/encontro-de-chanceleres-do-brics-se-posiciona-contra-intimidacao-dos-eua\/#article","isPartOf":{"@id":"https:\/\/diariodepe.com.br\/cri\/2025\/05\/21\/encontro-de-chanceleres-do-brics-se-posiciona-contra-intimidacao-dos-eua\/"},"author":{"name":"Ismael Lucas S. Pereira","@id":"https:\/\/diariodepe.com.br\/cri\/#\/schema\/person\/121bb28d84f1a5b1205ef4ce9c2e0c6b"},"headline":"Encontro de chanceleres do BRICS se posiciona contra intimida\u00e7\u00e3o dos EUA","datePublished":"2025-05-21T06:57:52+00:00","mainEntityOfPage":{"@id":"https:\/\/diariodepe.com.br\/cri\/2025\/05\/21\/encontro-de-chanceleres-do-brics-se-posiciona-contra-intimidacao-dos-eua\/"},"wordCount":209,"commentCount":0,"publisher":{"@id":"https:\/\/diariodepe.com.br\/cri\/#organization"},"articleSection":["China"],"inLanguage":"pt-BR","potentialAction":[{"@type":"CommentAction","name":"Comment","target":["https:\/\/diariodepe.com.br\/cri\/2025\/05\/21\/encontro-de-chanceleres-do-brics-se-posiciona-contra-intimidacao-dos-eua\/#respond"]}]},{"@type":"WebPage","@id":"https:\/\/diariodepe.com.br\/cri\/2025\/05\/21\/encontro-de-chanceleres-do-brics-se-posiciona-contra-intimidacao-dos-eua\/","url":"https:\/\/diariodepe.com.br\/cri\/2025\/05\/21\/encontro-de-chanceleres-do-brics-se-posiciona-contra-intimidacao-dos-eua\/","name":"Encontro de chanceleres do BRICS se posiciona contra intimida\u00e7\u00e3o dos EUA - CRI e Diario de Pernambuco","isPartOf":{"@id":"https:\/\/diariodepe.com.br\/cri\/#website"},"datePublished":"2025-05-21T06:57:52+00:00","breadcrumb":{"@id":"https:\/\/diariodepe.com.br\/cri\/2025\/05\/21\/encontro-de-chanceleres-do-brics-se-posiciona-contra-intimidacao-dos-eua\/#breadcrumb"},"inLanguage":"pt-BR","potentialAction":[{"@type":"ReadAction","target":["https:\/\/diariodepe.com.br\/cri\/2025\/05\/21\/encontro-de-chanceleres-do-brics-se-posiciona-contra-intimidacao-dos-eua\/"]}]},{"@type":"BreadcrumbList","@id":"https:\/\/diariodepe.com.br\/cri\/2025\/05\/21\/encontro-de-chanceleres-do-brics-se-posiciona-contra-intimidacao-dos-eua\/#breadcrumb","itemListElement":[{"@type":"ListItem","position":1,"name":"In\u00edcio","item":"https:\/\/diariodepe.com.br\/cri\/"},{"@type":"ListItem","position":2,"name":"Encontro de chanceleres do BRICS se posiciona contra intimida\u00e7\u00e3o dos EUA"}]},{"@type":"WebSite","@id":"https:\/\/diariodepe.com.br\/cri\/#website","url":"https:\/\/diariodepe.com.br\/cri\/","name":"CRI e Diario de Pernambuco","description":"R\u00e1dio Internacional da China","publisher":{"@id":"https:\/\/diariodepe.com.br\/cri\/#organization"},"potentialAction":[{"@type":"SearchAction","target":{"@type":"EntryPoint","urlTemplate":"https:\/\/diariodepe.com.br\/cri\/?s={search_term_string}"},"query-input":{"@type":"PropertyValueSpecification","valueRequired":true,"valueName":"search_term_string"}}],"inLanguage":"pt-BR"},{"@type":"Organization","@id":"https:\/\/diariodepe.com.br\/cri\/#organization","name":"CRI e Diario de Pernambuco","url":"https:\/\/diariodepe.com.br\/cri\/","logo":{"@type":"ImageObject","inLanguage":"pt-BR","@id":"https:\/\/diariodepe.com.br\/cri\/#\/schema\/logo\/image\/","url":"https:\/\/diariodepe.com.br\/cri\/wp-content\/uploads\/sites\/2\/2022\/12\/cropped-Logo.jpg","contentUrl":"https:\/\/diariodepe.com.br\/cri\/wp-content\/uploads\/sites\/2\/2022\/12\/cropped-Logo.jpg","width":700,"height":59,"caption":"CRI e Diario de Pernambuco"},"image":{"@id":"https:\/\/diariodepe.com.br\/cri\/#\/schema\/logo\/image\/"}},{"@type":"Person","@id":"https:\/\/diariodepe.com.br\/cri\/#\/schema\/person\/121bb28d84f1a5b1205ef4ce9c2e0c6b","name":"Ismael Lucas S. Pereira","image":{"@type":"ImageObject","inLanguage":"pt-BR","@id":"https:\/\/secure.gravatar.com\/avatar\/887a0f3b5a7ceea963a48499fb883ffce6b5037362def025c52c2505b15d63e4?s=96&d=mm&r=g","url":"https:\/\/secure.gravatar.com\/avatar\/887a0f3b5a7ceea963a48499fb883ffce6b5037362def025c52c2505b15d63e4?s=96&d=mm&r=g","contentUrl":"https:\/\/secure.gravatar.com\/avatar\/887a0f3b5a7ceea963a48499fb883ffce6b5037362def025c52c2505b15d63e4?s=96&d=mm&r=g","caption":"Ismael Lucas S. Pereira"},"url":"https:\/\/diariodepe.com.br\/cri\/author\/ismael-lucas\/"}]}},"cc_featured_image_caption":{"caption_text":false,"source_text":false,"source_url":false},"amp_enabled":true,"_links":{"self":[{"href":"https:\/\/diariodepe.com.br\/cri\/wp-json\/wp\/v2\/posts\/8397","targetHints":{"allow":["GET"]}}],"collection":[{"href":"https:\/\/diariodepe.com.br\/cri\/wp-json\/wp\/v2\/posts"}],"about":[{"href":"https:\/\/diariodepe.com.br\/cri\/wp-json\/wp\/v2\/types\/post"}],"author":[{"embeddable":true,"href":"https:\/\/diariodepe.com.br\/cri\/wp-json\/wp\/v2\/users\/2"}],"replies":[{"embeddable":true,"href":"https:\/\/diariodepe.com.br\/cri\/wp-json\/wp\/v2\/comments?post=8397"}],"version-history":[{"count":1,"href":"https:\/\/diariodepe.com.br\/cri\/wp-json\/wp\/v2\/posts\/8397\/revisions"}],"predecessor-version":[{"id":8398,"href":"https:\/\/diariodepe.com.br\/cri\/wp-json\/wp\/v2\/posts\/8397\/revisions\/8398"}],"wp:attachment":[{"href":"https:\/\/diariodepe.com.br\/cri\/wp-json\/wp\/v2\/media?parent=8397"}],"wp:term":[{"taxonomy":"category","embeddable":true,"href":"https:\/\/diariodepe.com.br\/cri\/wp-json\/wp\/v2\/categories?post=8397"},{"taxonomy":"post_tag","embeddable":true,"href":"https:\/\/diariodepe.com.br\/cri\/wp-json\/wp\/v2\/tags?post=8397"}],"curies":[{"name":"wp","href":"https:\/\/api.w.org\/{rel}","templated":true}]}}