{"id":8389,"date":"2025-05-21T03:54:20","date_gmt":"2025-05-21T06:54:20","guid":{"rendered":"https:\/\/diariodepe.com.br\/cri\/?p=8389"},"modified":"2025-05-21T03:54:20","modified_gmt":"2025-05-21T06:54:20","slug":"presidente-chines-destaca-uniao-de-forcas-dos-trabalhadores-para-revitalizacao-da-nacao-chinesa","status":"publish","type":"post","link":"https:\/\/diariodepe.com.br\/cri\/2025\/05\/21\/presidente-chines-destaca-uniao-de-forcas-dos-trabalhadores-para-revitalizacao-da-nacao-chinesa\/","title":{"rendered":"Presidente chin\u00eas destaca uni\u00e3o de for\u00e7as dos trabalhadores para revitaliza\u00e7\u00e3o da na\u00e7\u00e3o chinesa"},"content":{"rendered":"<p>O presidente chin\u00eas, Xi Jinping, pediu na segunda-feira que se re\u00fana a for\u00e7a da classe trabalhadora do pa\u00eds e do povo trabalhador em massa e que se traduza o grande projeto de tornar a grande revitaliza\u00e7\u00e3o da na\u00e7\u00e3o chinesa uma realidade por meio de trabalho \u00e1rduo e pr\u00e1tico.<\/p>\n<p>Xi, tamb\u00e9m secret\u00e1rio-geral do Comit\u00ea Central do Partido Comunista da China (PCCh) e presidente da Comiss\u00e3o Militar Central, fez as observa\u00e7\u00f5es em uma grande reuni\u00e3o para comemorar o 100\u00ba anivers\u00e1rio da funda\u00e7\u00e3o da Confedera\u00e7\u00e3o Nacional dos Sindicatos da China e homenagear os trabalhadores modelo e indiv\u00edduos exemplares.<\/p>\n<p>A reuni\u00e3o foi presidida pelo primeiro-ministro, Li Qiang. Os l\u00edderes de alto n\u00edvel Zhao Leji, Wang Huning, Ding Xuexiang e Li Xi participaram do evento, e Cai Qi leu as condecora\u00e7\u00f5es.<\/p>\n<p>Um total de 1.670 pessoas foram homenageadas como trabalhadores modelo nacionais e 756 foram reconhecidas como indiv\u00edduos exemplares.<\/p>\n<p>Em nome do Comit\u00ea Central do PCCh, Xi parabenizou os homenageados e estendeu suas felicita\u00e7\u00f5es aos trabalhadores, agricultores, intelectuais, al\u00e9m do povo trabalhador de todos os grupos \u00e9tnicos, bem como aos sindicatos e seus funcion\u00e1rios em todos os n\u00edveis antes do Dia Internacional do Trabalhador, que cai em 1\u00ba de maio.<\/p>\n<p>Xi apontou que a Confedera\u00e7\u00e3o Nacional dos Sindicatos da China escreveu um cap\u00edtulo magn\u00edfico no movimento dos trabalhadores nos \u00faltimos 100 anos, desde sua funda\u00e7\u00e3o.<\/p>\n<p>Desde o 18\u00ba Congresso Nacional do PCCh em 2012, os sindicatos em todos os n\u00edveis se uniram e mobilizaram os trabalhadores em massa para fazer contribui\u00e7\u00f5es significativas para a realiza\u00e7\u00e3o da constru\u00e7\u00e3o de uma sociedade moderadamente pr\u00f3spera em todos os aspectos, conforme programado, e para o avan\u00e7o da moderniza\u00e7\u00e3o chinesa, declarou Xi.<\/p>\n<p>N\u00e3o importa como as condi\u00e7\u00f5es hist\u00f3ricas e os grupos sociais evoluam, o status e o papel da classe trabalhadora na China, o princ\u00edpio fundamental de confiar plenamente na classe trabalhadora, assim como a natureza e as fun\u00e7\u00f5es dos sindicatos do pa\u00eds n\u00e3o podem ser abalados, observou Xi.<\/p>\n<p>Ele destacou que, ao longo do s\u00e9culo passado, a conquista mais significativa na inova\u00e7\u00e3o te\u00f3rica e no desenvolvimento pr\u00e1tico da causa do movimento dos trabalhadores do Partido foi a forma\u00e7\u00e3o do caminho de desenvolvimento do sindicato socialista com caracter\u00edsticas chinesas.<\/p>\n<p>O caminho defende a lideran\u00e7a geral do Partido sobre o movimento dos trabalhadores e os sindicatos, adere ao princ\u00edpio fundamental de confiar plenamente na classe trabalhadora, compromete-se a seguir e servir \u00e0 tarefa central do Partido, mant\u00e9m o car\u00e1ter pol\u00edtico dos sindicatos, a natureza pioneira e a conex\u00e3o com as pessoas, adere ao servi\u00e7o ao povo trabalhador como sua linha de vida e enfatiza a opera\u00e7\u00e3o de acordo com leis e regulamenta\u00e7\u00f5es, disse Xi, acrescentando que esse caminho deve ser mantido a longo prazo.<\/p>\n<p>A tarefa central do Partido define o tema dos tempos para o movimento dos trabalhadores na China, ressaltou Xi.<\/p>\n<p>Na nova jornada da nova era, \u00e9 imperativo concentrar-se na promo\u00e7\u00e3o do desenvolvimento de alta qualidade e motivar o povo trabalhador em massa a lutar por conquistas e ser inovador e criativo, acrescentou.<\/p>\n<p>Segundo Xi, \u00e9 essencial aproveitar a mais recente revolu\u00e7\u00e3o cient\u00edfica e tecnol\u00f3gica e a onda de transforma\u00e7\u00e3o industrial, al\u00e9m de impulsionar de forma abrangente a qualidade da for\u00e7a de trabalho do pa\u00eds.<\/p>\n<p>Ele pediu que se promova o respeito pelos trabalhadores modelo, pelo esp\u00edrito de trabalho e pelo artesanato, se concentre no avan\u00e7o da prosperidade comum e melhore constantemente o bem-estar do grande n\u00famero de funcion\u00e1rios e povo trabalhador.<\/p>\n<p>Xi pediu a toda a sociedade que aprenda com os trabalhadores modelo e indiv\u00edduos exemplares, promovendo suas excelentes qualidades. Os trabalhadores modelo e indiv\u00edduos exemplares tamb\u00e9m devem valorizar as honras recebidas e continuar a trabalhar arduamente para alcan\u00e7ar novos sucessos.<\/p>\n<p>Em um novo e hist\u00f3rico ponto de partida, os sindicatos em todos os n\u00edveis precisam promover o desenvolvimento de alta qualidade de seu trabalho, observou ele.<\/p>\n<p>Os comit\u00eas do Partido em todos os n\u00edveis devem fortalecer e melhorar sua lideran\u00e7a sobre os sindicatos, estudar e abordar prontamente as principais quest\u00f5es no trabalho sindical e criar condi\u00e7\u00f5es favor\u00e1veis para que os sindicatos desempenhem suas fun\u00e7\u00f5es, acrescentou.<\/p>\n","protected":false},"excerpt":{"rendered":"<p>O presidente chin\u00eas, Xi Jinping, pediu na segunda-feira que se re\u00fana a for\u00e7a da classe trabalhadora do pa\u00eds e do povo trabalhador em massa e que se traduza o grande projeto de tornar a grande revitaliza\u00e7\u00e3o da na\u00e7\u00e3o chinesa uma&#8230;<\/p>\n","protected":false},"author":2,"featured_media":0,"comment_status":"open","ping_status":"open","sticky":false,"template":"","format":"standard","meta":{"footnotes":""},"categories":[3],"tags":[],"class_list":["post-8389","post","type-post","status-publish","format-standard","hentry","category-china"],"yoast_head":"<!-- This site is optimized with the Yoast SEO plugin v27.4 - https:\/\/yoast.com\/product\/yoast-seo-wordpress\/ -->\n<title>Presidente chin\u00eas destaca uni\u00e3o de for\u00e7as dos trabalhadores para revitaliza\u00e7\u00e3o da na\u00e7\u00e3o chinesa - CRI e Diario de Pernambuco<\/title>\n<meta name=\"robots\" content=\"index, follow, max-snippet:-1, max-image-preview:large, max-video-preview:-1\" \/>\n<link rel=\"canonical\" href=\"https:\/\/diariodepe.com.br\/cri\/2025\/05\/21\/presidente-chines-destaca-uniao-de-forcas-dos-trabalhadores-para-revitalizacao-da-nacao-chinesa\/\" \/>\n<meta property=\"og:locale\" content=\"pt_BR\" \/>\n<meta property=\"og:type\" content=\"article\" \/>\n<meta property=\"og:title\" content=\"Presidente chin\u00eas destaca uni\u00e3o de for\u00e7as dos trabalhadores para revitaliza\u00e7\u00e3o da na\u00e7\u00e3o chinesa - CRI e Diario de Pernambuco\" \/>\n<meta property=\"og:description\" content=\"O presidente chin\u00eas, Xi Jinping, pediu na segunda-feira que se re\u00fana a for\u00e7a da classe trabalhadora do pa\u00eds e do povo trabalhador em massa e que se traduza o grande projeto de tornar a grande revitaliza\u00e7\u00e3o da na\u00e7\u00e3o chinesa uma...\" \/>\n<meta property=\"og:url\" content=\"https:\/\/diariodepe.com.br\/cri\/2025\/05\/21\/presidente-chines-destaca-uniao-de-forcas-dos-trabalhadores-para-revitalizacao-da-nacao-chinesa\/\" \/>\n<meta property=\"og:site_name\" content=\"CRI e Diario de Pernambuco\" \/>\n<meta property=\"article:published_time\" content=\"2025-05-21T06:54:20+00:00\" \/>\n<meta name=\"author\" content=\"Ismael Lucas S. Pereira\" \/>\n<meta name=\"twitter:card\" content=\"summary_large_image\" \/>\n<meta name=\"twitter:label1\" content=\"Escrito por\" \/>\n\t<meta name=\"twitter:data1\" content=\"Ismael Lucas S. Pereira\" \/>\n<script type=\"application\/ld+json\" class=\"yoast-schema-graph\">{\"@context\":\"https:\\\/\\\/schema.org\",\"@graph\":[{\"@type\":\"Article\",\"@id\":\"https:\\\/\\\/diariodepe.com.br\\\/cri\\\/2025\\\/05\\\/21\\\/presidente-chines-destaca-uniao-de-forcas-dos-trabalhadores-para-revitalizacao-da-nacao-chinesa\\\/#article\",\"isPartOf\":{\"@id\":\"https:\\\/\\\/diariodepe.com.br\\\/cri\\\/2025\\\/05\\\/21\\\/presidente-chines-destaca-uniao-de-forcas-dos-trabalhadores-para-revitalizacao-da-nacao-chinesa\\\/\"},\"author\":{\"name\":\"Ismael Lucas S. Pereira\",\"@id\":\"https:\\\/\\\/diariodepe.com.br\\\/cri\\\/#\\\/schema\\\/person\\\/121bb28d84f1a5b1205ef4ce9c2e0c6b\"},\"headline\":\"Presidente chin\u00eas destaca uni\u00e3o de for\u00e7as dos trabalhadores para revitaliza\u00e7\u00e3o da na\u00e7\u00e3o chinesa\",\"datePublished\":\"2025-05-21T06:54:20+00:00\",\"mainEntityOfPage\":{\"@id\":\"https:\\\/\\\/diariodepe.com.br\\\/cri\\\/2025\\\/05\\\/21\\\/presidente-chines-destaca-uniao-de-forcas-dos-trabalhadores-para-revitalizacao-da-nacao-chinesa\\\/\"},\"wordCount\":760,\"commentCount\":0,\"publisher\":{\"@id\":\"https:\\\/\\\/diariodepe.com.br\\\/cri\\\/#organization\"},\"articleSection\":[\"China\"],\"inLanguage\":\"pt-BR\",\"potentialAction\":[{\"@type\":\"CommentAction\",\"name\":\"Comment\",\"target\":[\"https:\\\/\\\/diariodepe.com.br\\\/cri\\\/2025\\\/05\\\/21\\\/presidente-chines-destaca-uniao-de-forcas-dos-trabalhadores-para-revitalizacao-da-nacao-chinesa\\\/#respond\"]}]},{\"@type\":\"WebPage\",\"@id\":\"https:\\\/\\\/diariodepe.com.br\\\/cri\\\/2025\\\/05\\\/21\\\/presidente-chines-destaca-uniao-de-forcas-dos-trabalhadores-para-revitalizacao-da-nacao-chinesa\\\/\",\"url\":\"https:\\\/\\\/diariodepe.com.br\\\/cri\\\/2025\\\/05\\\/21\\\/presidente-chines-destaca-uniao-de-forcas-dos-trabalhadores-para-revitalizacao-da-nacao-chinesa\\\/\",\"name\":\"Presidente chin\u00eas destaca uni\u00e3o de for\u00e7as dos trabalhadores para revitaliza\u00e7\u00e3o da na\u00e7\u00e3o chinesa - CRI e Diario de Pernambuco\",\"isPartOf\":{\"@id\":\"https:\\\/\\\/diariodepe.com.br\\\/cri\\\/#website\"},\"datePublished\":\"2025-05-21T06:54:20+00:00\",\"breadcrumb\":{\"@id\":\"https:\\\/\\\/diariodepe.com.br\\\/cri\\\/2025\\\/05\\\/21\\\/presidente-chines-destaca-uniao-de-forcas-dos-trabalhadores-para-revitalizacao-da-nacao-chinesa\\\/#breadcrumb\"},\"inLanguage\":\"pt-BR\",\"potentialAction\":[{\"@type\":\"ReadAction\",\"target\":[\"https:\\\/\\\/diariodepe.com.br\\\/cri\\\/2025\\\/05\\\/21\\\/presidente-chines-destaca-uniao-de-forcas-dos-trabalhadores-para-revitalizacao-da-nacao-chinesa\\\/\"]}]},{\"@type\":\"BreadcrumbList\",\"@id\":\"https:\\\/\\\/diariodepe.com.br\\\/cri\\\/2025\\\/05\\\/21\\\/presidente-chines-destaca-uniao-de-forcas-dos-trabalhadores-para-revitalizacao-da-nacao-chinesa\\\/#breadcrumb\",\"itemListElement\":[{\"@type\":\"ListItem\",\"position\":1,\"name\":\"In\u00edcio\",\"item\":\"https:\\\/\\\/diariodepe.com.br\\\/cri\\\/\"},{\"@type\":\"ListItem\",\"position\":2,\"name\":\"Presidente chin\u00eas destaca uni\u00e3o de for\u00e7as dos trabalhadores para revitaliza\u00e7\u00e3o da na\u00e7\u00e3o chinesa\"}]},{\"@type\":\"WebSite\",\"@id\":\"https:\\\/\\\/diariodepe.com.br\\\/cri\\\/#website\",\"url\":\"https:\\\/\\\/diariodepe.com.br\\\/cri\\\/\",\"name\":\"CRI e Diario de Pernambuco\",\"description\":\"R\u00e1dio Internacional da China\",\"publisher\":{\"@id\":\"https:\\\/\\\/diariodepe.com.br\\\/cri\\\/#organization\"},\"potentialAction\":[{\"@type\":\"SearchAction\",\"target\":{\"@type\":\"EntryPoint\",\"urlTemplate\":\"https:\\\/\\\/diariodepe.com.br\\\/cri\\\/?s={search_term_string}\"},\"query-input\":{\"@type\":\"PropertyValueSpecification\",\"valueRequired\":true,\"valueName\":\"search_term_string\"}}],\"inLanguage\":\"pt-BR\"},{\"@type\":\"Organization\",\"@id\":\"https:\\\/\\\/diariodepe.com.br\\\/cri\\\/#organization\",\"name\":\"CRI e Diario de Pernambuco\",\"url\":\"https:\\\/\\\/diariodepe.com.br\\\/cri\\\/\",\"logo\":{\"@type\":\"ImageObject\",\"inLanguage\":\"pt-BR\",\"@id\":\"https:\\\/\\\/diariodepe.com.br\\\/cri\\\/#\\\/schema\\\/logo\\\/image\\\/\",\"url\":\"https:\\\/\\\/diariodepe.com.br\\\/cri\\\/wp-content\\\/uploads\\\/sites\\\/2\\\/2022\\\/12\\\/cropped-Logo.jpg\",\"contentUrl\":\"https:\\\/\\\/diariodepe.com.br\\\/cri\\\/wp-content\\\/uploads\\\/sites\\\/2\\\/2022\\\/12\\\/cropped-Logo.jpg\",\"width\":700,\"height\":59,\"caption\":\"CRI e Diario de Pernambuco\"},\"image\":{\"@id\":\"https:\\\/\\\/diariodepe.com.br\\\/cri\\\/#\\\/schema\\\/logo\\\/image\\\/\"}},{\"@type\":\"Person\",\"@id\":\"https:\\\/\\\/diariodepe.com.br\\\/cri\\\/#\\\/schema\\\/person\\\/121bb28d84f1a5b1205ef4ce9c2e0c6b\",\"name\":\"Ismael Lucas S. Pereira\",\"image\":{\"@type\":\"ImageObject\",\"inLanguage\":\"pt-BR\",\"@id\":\"https:\\\/\\\/secure.gravatar.com\\\/avatar\\\/887a0f3b5a7ceea963a48499fb883ffce6b5037362def025c52c2505b15d63e4?s=96&d=mm&r=g\",\"url\":\"https:\\\/\\\/secure.gravatar.com\\\/avatar\\\/887a0f3b5a7ceea963a48499fb883ffce6b5037362def025c52c2505b15d63e4?s=96&d=mm&r=g\",\"contentUrl\":\"https:\\\/\\\/secure.gravatar.com\\\/avatar\\\/887a0f3b5a7ceea963a48499fb883ffce6b5037362def025c52c2505b15d63e4?s=96&d=mm&r=g\",\"caption\":\"Ismael Lucas S. Pereira\"},\"url\":\"https:\\\/\\\/diariodepe.com.br\\\/cri\\\/author\\\/ismael-lucas\\\/\"}]}<\/script>\n<!-- \/ Yoast SEO plugin. -->","yoast_head_json":{"title":"Presidente chin\u00eas destaca uni\u00e3o de for\u00e7as dos trabalhadores para revitaliza\u00e7\u00e3o da na\u00e7\u00e3o chinesa - CRI e Diario de Pernambuco","robots":{"index":"index","follow":"follow","max-snippet":"max-snippet:-1","max-image-preview":"max-image-preview:large","max-video-preview":"max-video-preview:-1"},"canonical":"https:\/\/diariodepe.com.br\/cri\/2025\/05\/21\/presidente-chines-destaca-uniao-de-forcas-dos-trabalhadores-para-revitalizacao-da-nacao-chinesa\/","og_locale":"pt_BR","og_type":"article","og_title":"Presidente chin\u00eas destaca uni\u00e3o de for\u00e7as dos trabalhadores para revitaliza\u00e7\u00e3o da na\u00e7\u00e3o chinesa - CRI e Diario de Pernambuco","og_description":"O presidente chin\u00eas, Xi Jinping, pediu na segunda-feira que se re\u00fana a for\u00e7a da classe trabalhadora do pa\u00eds e do povo trabalhador em massa e que se traduza o grande projeto de tornar a grande revitaliza\u00e7\u00e3o da na\u00e7\u00e3o chinesa uma...","og_url":"https:\/\/diariodepe.com.br\/cri\/2025\/05\/21\/presidente-chines-destaca-uniao-de-forcas-dos-trabalhadores-para-revitalizacao-da-nacao-chinesa\/","og_site_name":"CRI e Diario de Pernambuco","article_published_time":"2025-05-21T06:54:20+00:00","author":"Ismael Lucas S. Pereira","twitter_card":"summary_large_image","twitter_misc":{"Escrito por":"Ismael Lucas S. Pereira"},"schema":{"@context":"https:\/\/schema.org","@graph":[{"@type":"Article","@id":"https:\/\/diariodepe.com.br\/cri\/2025\/05\/21\/presidente-chines-destaca-uniao-de-forcas-dos-trabalhadores-para-revitalizacao-da-nacao-chinesa\/#article","isPartOf":{"@id":"https:\/\/diariodepe.com.br\/cri\/2025\/05\/21\/presidente-chines-destaca-uniao-de-forcas-dos-trabalhadores-para-revitalizacao-da-nacao-chinesa\/"},"author":{"name":"Ismael Lucas S. Pereira","@id":"https:\/\/diariodepe.com.br\/cri\/#\/schema\/person\/121bb28d84f1a5b1205ef4ce9c2e0c6b"},"headline":"Presidente chin\u00eas destaca uni\u00e3o de for\u00e7as dos trabalhadores para revitaliza\u00e7\u00e3o da na\u00e7\u00e3o chinesa","datePublished":"2025-05-21T06:54:20+00:00","mainEntityOfPage":{"@id":"https:\/\/diariodepe.com.br\/cri\/2025\/05\/21\/presidente-chines-destaca-uniao-de-forcas-dos-trabalhadores-para-revitalizacao-da-nacao-chinesa\/"},"wordCount":760,"commentCount":0,"publisher":{"@id":"https:\/\/diariodepe.com.br\/cri\/#organization"},"articleSection":["China"],"inLanguage":"pt-BR","potentialAction":[{"@type":"CommentAction","name":"Comment","target":["https:\/\/diariodepe.com.br\/cri\/2025\/05\/21\/presidente-chines-destaca-uniao-de-forcas-dos-trabalhadores-para-revitalizacao-da-nacao-chinesa\/#respond"]}]},{"@type":"WebPage","@id":"https:\/\/diariodepe.com.br\/cri\/2025\/05\/21\/presidente-chines-destaca-uniao-de-forcas-dos-trabalhadores-para-revitalizacao-da-nacao-chinesa\/","url":"https:\/\/diariodepe.com.br\/cri\/2025\/05\/21\/presidente-chines-destaca-uniao-de-forcas-dos-trabalhadores-para-revitalizacao-da-nacao-chinesa\/","name":"Presidente chin\u00eas destaca uni\u00e3o de for\u00e7as dos trabalhadores para revitaliza\u00e7\u00e3o da na\u00e7\u00e3o chinesa - CRI e Diario de Pernambuco","isPartOf":{"@id":"https:\/\/diariodepe.com.br\/cri\/#website"},"datePublished":"2025-05-21T06:54:20+00:00","breadcrumb":{"@id":"https:\/\/diariodepe.com.br\/cri\/2025\/05\/21\/presidente-chines-destaca-uniao-de-forcas-dos-trabalhadores-para-revitalizacao-da-nacao-chinesa\/#breadcrumb"},"inLanguage":"pt-BR","potentialAction":[{"@type":"ReadAction","target":["https:\/\/diariodepe.com.br\/cri\/2025\/05\/21\/presidente-chines-destaca-uniao-de-forcas-dos-trabalhadores-para-revitalizacao-da-nacao-chinesa\/"]}]},{"@type":"BreadcrumbList","@id":"https:\/\/diariodepe.com.br\/cri\/2025\/05\/21\/presidente-chines-destaca-uniao-de-forcas-dos-trabalhadores-para-revitalizacao-da-nacao-chinesa\/#breadcrumb","itemListElement":[{"@type":"ListItem","position":1,"name":"In\u00edcio","item":"https:\/\/diariodepe.com.br\/cri\/"},{"@type":"ListItem","position":2,"name":"Presidente chin\u00eas destaca uni\u00e3o de for\u00e7as dos trabalhadores para revitaliza\u00e7\u00e3o da na\u00e7\u00e3o chinesa"}]},{"@type":"WebSite","@id":"https:\/\/diariodepe.com.br\/cri\/#website","url":"https:\/\/diariodepe.com.br\/cri\/","name":"CRI e Diario de Pernambuco","description":"R\u00e1dio Internacional da China","publisher":{"@id":"https:\/\/diariodepe.com.br\/cri\/#organization"},"potentialAction":[{"@type":"SearchAction","target":{"@type":"EntryPoint","urlTemplate":"https:\/\/diariodepe.com.br\/cri\/?s={search_term_string}"},"query-input":{"@type":"PropertyValueSpecification","valueRequired":true,"valueName":"search_term_string"}}],"inLanguage":"pt-BR"},{"@type":"Organization","@id":"https:\/\/diariodepe.com.br\/cri\/#organization","name":"CRI e Diario de Pernambuco","url":"https:\/\/diariodepe.com.br\/cri\/","logo":{"@type":"ImageObject","inLanguage":"pt-BR","@id":"https:\/\/diariodepe.com.br\/cri\/#\/schema\/logo\/image\/","url":"https:\/\/diariodepe.com.br\/cri\/wp-content\/uploads\/sites\/2\/2022\/12\/cropped-Logo.jpg","contentUrl":"https:\/\/diariodepe.com.br\/cri\/wp-content\/uploads\/sites\/2\/2022\/12\/cropped-Logo.jpg","width":700,"height":59,"caption":"CRI e Diario de Pernambuco"},"image":{"@id":"https:\/\/diariodepe.com.br\/cri\/#\/schema\/logo\/image\/"}},{"@type":"Person","@id":"https:\/\/diariodepe.com.br\/cri\/#\/schema\/person\/121bb28d84f1a5b1205ef4ce9c2e0c6b","name":"Ismael Lucas S. Pereira","image":{"@type":"ImageObject","inLanguage":"pt-BR","@id":"https:\/\/secure.gravatar.com\/avatar\/887a0f3b5a7ceea963a48499fb883ffce6b5037362def025c52c2505b15d63e4?s=96&d=mm&r=g","url":"https:\/\/secure.gravatar.com\/avatar\/887a0f3b5a7ceea963a48499fb883ffce6b5037362def025c52c2505b15d63e4?s=96&d=mm&r=g","contentUrl":"https:\/\/secure.gravatar.com\/avatar\/887a0f3b5a7ceea963a48499fb883ffce6b5037362def025c52c2505b15d63e4?s=96&d=mm&r=g","caption":"Ismael Lucas S. Pereira"},"url":"https:\/\/diariodepe.com.br\/cri\/author\/ismael-lucas\/"}]}},"cc_featured_image_caption":{"caption_text":false,"source_text":false,"source_url":false},"amp_enabled":true,"_links":{"self":[{"href":"https:\/\/diariodepe.com.br\/cri\/wp-json\/wp\/v2\/posts\/8389","targetHints":{"allow":["GET"]}}],"collection":[{"href":"https:\/\/diariodepe.com.br\/cri\/wp-json\/wp\/v2\/posts"}],"about":[{"href":"https:\/\/diariodepe.com.br\/cri\/wp-json\/wp\/v2\/types\/post"}],"author":[{"embeddable":true,"href":"https:\/\/diariodepe.com.br\/cri\/wp-json\/wp\/v2\/users\/2"}],"replies":[{"embeddable":true,"href":"https:\/\/diariodepe.com.br\/cri\/wp-json\/wp\/v2\/comments?post=8389"}],"version-history":[{"count":1,"href":"https:\/\/diariodepe.com.br\/cri\/wp-json\/wp\/v2\/posts\/8389\/revisions"}],"predecessor-version":[{"id":8390,"href":"https:\/\/diariodepe.com.br\/cri\/wp-json\/wp\/v2\/posts\/8389\/revisions\/8390"}],"wp:attachment":[{"href":"https:\/\/diariodepe.com.br\/cri\/wp-json\/wp\/v2\/media?parent=8389"}],"wp:term":[{"taxonomy":"category","embeddable":true,"href":"https:\/\/diariodepe.com.br\/cri\/wp-json\/wp\/v2\/categories?post=8389"},{"taxonomy":"post_tag","embeddable":true,"href":"https:\/\/diariodepe.com.br\/cri\/wp-json\/wp\/v2\/tags?post=8389"}],"curies":[{"name":"wp","href":"https:\/\/api.w.org\/{rel}","templated":true}]}}