{"id":8383,"date":"2025-05-21T03:52:42","date_gmt":"2025-05-21T06:52:42","guid":{"rendered":"https:\/\/diariodepe.com.br\/cri\/?p=8383"},"modified":"2025-05-21T03:52:42","modified_gmt":"2025-05-21T06:52:42","slug":"presidente-do-azerbaijao-concede-entrevista-exclusiva-ao-cmg","status":"publish","type":"post","link":"https:\/\/diariodepe.com.br\/cri\/2025\/05\/21\/presidente-do-azerbaijao-concede-entrevista-exclusiva-ao-cmg\/","title":{"rendered":"Presidente do Azerbaij\u00e3o concede entrevista exclusiva ao CMG"},"content":{"rendered":"<p>Durante visita de Estado, o presidente do Arzerbaij\u00e3o, Ilham Aliyev, concedeu entrevista exclusiva ao programa \u201cFalem L\u00edderes\u201d, exibido semanalmente pelo Grupo de M\u00eddia da China (CMG, em ingl\u00eas).<\/p>\n<p>Aos rep\u00f3rteres, Aliyev disse considerar \u00f3timas as rela\u00e7\u00f5es entre China e Azerbaij\u00e3o. \u00a0\u00a0Lembrou que, em julho do ano passado, os dois pa\u00edses decidiram estabelecer a parceria estrat\u00e9gica durante um encontro entre ele e o presidente \u00a0Xi Jinping, \u00a0considerado um marco importante da coopera\u00e7\u00e3o bilateral.<\/p>\n<p><img decoding=\"async\" src=\"https:\/\/38picres.cgtn.com\/photoAlbum\/page\/performance\/img\/2025\/4\/26\/1745671916748_55.jpeg\" width=\"100%\" height=\"auto\" \/><\/p>\n<p>Nessa \u00faltima visita, os dois governos assinaram o acordo de isen\u00e7\u00e3o m\u00fatua de vistos no dia 23 de abril, \u201co que \u00e9 mais uma data hist\u00f3rica para o interc\u00e2mbio entre as duas partes\u201d, acrescentou.<\/p>\n<p>Al\u00e9m disso, as duas na\u00e7\u00f5es \u00a0firmaram mais de 20 acordos de coopera\u00e7\u00e3o em diversas \u00e1reas. Por isso, o presidente azerbaijano considera muito frut\u00edfera sua visita \u00e0 China e agradeceu o presidente Xi Jinping pelo convite.<\/p>\n<p>Ilham Aliyev lembrou que conheceu a China pela primeira vez em 2005. \u00a0Considera que o pa\u00eds est\u00e1 no caminho certo de desenvolvimento, com avan\u00e7os impressionantes em todos os setores.<\/p>\n<p>O l\u00edder do Azerbaij\u00e3o sublinhou que as experi\u00eancias da China, especialmente na erradica\u00e7\u00e3o da pobreza, s\u00e3o exemplos muito importantes para o seu pa\u00eds.<\/p>\n<p>Como um dos participantes da Iniciativa Cintur\u00e3o e Rota, o Azerbaij\u00e3o j\u00e1 \u00e9 beneficiado pela melhoria da infraestrutura e pela facilita\u00e7\u00e3o aduaneira. No entanto, Aliyev acha que isso \u00e9 apenas um in\u00edcio. Ele prometeu que a rota de tr\u00e2nsito atrav\u00e9s do Azerbaij\u00e3o ser\u00e1 uma das mais seguras, convenientes e atraentes.<\/p>\n","protected":false},"excerpt":{"rendered":"<p>Durante visita de Estado, o presidente do Arzerbaij\u00e3o, Ilham Aliyev, concedeu entrevista exclusiva ao programa \u201cFalem L\u00edderes\u201d, exibido semanalmente pelo Grupo de M\u00eddia da China (CMG, em ingl\u00eas). Aos rep\u00f3rteres, Aliyev disse considerar \u00f3timas as rela\u00e7\u00f5es entre China e Azerbaij\u00e3o&#8230;.<\/p>\n","protected":false},"author":2,"featured_media":0,"comment_status":"open","ping_status":"open","sticky":false,"template":"","format":"standard","meta":{"footnotes":""},"categories":[3],"tags":[],"class_list":["post-8383","post","type-post","status-publish","format-standard","hentry","category-china"],"yoast_head":"<!-- This site is optimized with the Yoast SEO plugin v27.4 - https:\/\/yoast.com\/product\/yoast-seo-wordpress\/ -->\n<title>Presidente do Azerbaij\u00e3o concede entrevista exclusiva ao CMG - CRI e Diario de Pernambuco<\/title>\n<meta name=\"robots\" content=\"index, follow, max-snippet:-1, max-image-preview:large, max-video-preview:-1\" \/>\n<link rel=\"canonical\" href=\"https:\/\/diariodepe.com.br\/cri\/2025\/05\/21\/presidente-do-azerbaijao-concede-entrevista-exclusiva-ao-cmg\/\" \/>\n<meta property=\"og:locale\" content=\"pt_BR\" \/>\n<meta property=\"og:type\" content=\"article\" \/>\n<meta property=\"og:title\" content=\"Presidente do Azerbaij\u00e3o concede entrevista exclusiva ao CMG - CRI e Diario de Pernambuco\" \/>\n<meta property=\"og:description\" content=\"Durante visita de Estado, o presidente do Arzerbaij\u00e3o, Ilham Aliyev, concedeu entrevista exclusiva ao programa \u201cFalem L\u00edderes\u201d, exibido semanalmente pelo Grupo de M\u00eddia da China (CMG, em ingl\u00eas). Aos rep\u00f3rteres, Aliyev disse considerar \u00f3timas as rela\u00e7\u00f5es entre China e Azerbaij\u00e3o....\" \/>\n<meta property=\"og:url\" content=\"https:\/\/diariodepe.com.br\/cri\/2025\/05\/21\/presidente-do-azerbaijao-concede-entrevista-exclusiva-ao-cmg\/\" \/>\n<meta property=\"og:site_name\" content=\"CRI e Diario de Pernambuco\" \/>\n<meta property=\"article:published_time\" content=\"2025-05-21T06:52:42+00:00\" \/>\n<meta property=\"og:image\" content=\"https:\/\/38picres.cgtn.com\/photoAlbum\/page\/performance\/img\/2025\/4\/26\/1745671916748_55.jpeg\" \/>\n<meta name=\"author\" content=\"Ismael Lucas S. Pereira\" \/>\n<meta name=\"twitter:card\" content=\"summary_large_image\" \/>\n<meta name=\"twitter:label1\" content=\"Escrito por\" \/>\n\t<meta name=\"twitter:data1\" content=\"Ismael Lucas S. Pereira\" \/>\n\t<meta name=\"twitter:label2\" content=\"Est. tempo de leitura\" \/>\n\t<meta name=\"twitter:data2\" content=\"2 minutos\" \/>\n<script type=\"application\/ld+json\" class=\"yoast-schema-graph\">{\"@context\":\"https:\\\/\\\/schema.org\",\"@graph\":[{\"@type\":\"Article\",\"@id\":\"https:\\\/\\\/diariodepe.com.br\\\/cri\\\/2025\\\/05\\\/21\\\/presidente-do-azerbaijao-concede-entrevista-exclusiva-ao-cmg\\\/#article\",\"isPartOf\":{\"@id\":\"https:\\\/\\\/diariodepe.com.br\\\/cri\\\/2025\\\/05\\\/21\\\/presidente-do-azerbaijao-concede-entrevista-exclusiva-ao-cmg\\\/\"},\"author\":{\"name\":\"Ismael Lucas S. Pereira\",\"@id\":\"https:\\\/\\\/diariodepe.com.br\\\/cri\\\/#\\\/schema\\\/person\\\/121bb28d84f1a5b1205ef4ce9c2e0c6b\"},\"headline\":\"Presidente do Azerbaij\u00e3o concede entrevista exclusiva ao CMG\",\"datePublished\":\"2025-05-21T06:52:42+00:00\",\"mainEntityOfPage\":{\"@id\":\"https:\\\/\\\/diariodepe.com.br\\\/cri\\\/2025\\\/05\\\/21\\\/presidente-do-azerbaijao-concede-entrevista-exclusiva-ao-cmg\\\/\"},\"wordCount\":278,\"commentCount\":0,\"publisher\":{\"@id\":\"https:\\\/\\\/diariodepe.com.br\\\/cri\\\/#organization\"},\"image\":{\"@id\":\"https:\\\/\\\/diariodepe.com.br\\\/cri\\\/2025\\\/05\\\/21\\\/presidente-do-azerbaijao-concede-entrevista-exclusiva-ao-cmg\\\/#primaryimage\"},\"thumbnailUrl\":\"https:\\\/\\\/38picres.cgtn.com\\\/photoAlbum\\\/page\\\/performance\\\/img\\\/2025\\\/4\\\/26\\\/1745671916748_55.jpeg\",\"articleSection\":[\"China\"],\"inLanguage\":\"pt-BR\",\"potentialAction\":[{\"@type\":\"CommentAction\",\"name\":\"Comment\",\"target\":[\"https:\\\/\\\/diariodepe.com.br\\\/cri\\\/2025\\\/05\\\/21\\\/presidente-do-azerbaijao-concede-entrevista-exclusiva-ao-cmg\\\/#respond\"]}]},{\"@type\":\"WebPage\",\"@id\":\"https:\\\/\\\/diariodepe.com.br\\\/cri\\\/2025\\\/05\\\/21\\\/presidente-do-azerbaijao-concede-entrevista-exclusiva-ao-cmg\\\/\",\"url\":\"https:\\\/\\\/diariodepe.com.br\\\/cri\\\/2025\\\/05\\\/21\\\/presidente-do-azerbaijao-concede-entrevista-exclusiva-ao-cmg\\\/\",\"name\":\"Presidente do Azerbaij\u00e3o concede entrevista exclusiva ao CMG - CRI e Diario de Pernambuco\",\"isPartOf\":{\"@id\":\"https:\\\/\\\/diariodepe.com.br\\\/cri\\\/#website\"},\"primaryImageOfPage\":{\"@id\":\"https:\\\/\\\/diariodepe.com.br\\\/cri\\\/2025\\\/05\\\/21\\\/presidente-do-azerbaijao-concede-entrevista-exclusiva-ao-cmg\\\/#primaryimage\"},\"image\":{\"@id\":\"https:\\\/\\\/diariodepe.com.br\\\/cri\\\/2025\\\/05\\\/21\\\/presidente-do-azerbaijao-concede-entrevista-exclusiva-ao-cmg\\\/#primaryimage\"},\"thumbnailUrl\":\"https:\\\/\\\/38picres.cgtn.com\\\/photoAlbum\\\/page\\\/performance\\\/img\\\/2025\\\/4\\\/26\\\/1745671916748_55.jpeg\",\"datePublished\":\"2025-05-21T06:52:42+00:00\",\"breadcrumb\":{\"@id\":\"https:\\\/\\\/diariodepe.com.br\\\/cri\\\/2025\\\/05\\\/21\\\/presidente-do-azerbaijao-concede-entrevista-exclusiva-ao-cmg\\\/#breadcrumb\"},\"inLanguage\":\"pt-BR\",\"potentialAction\":[{\"@type\":\"ReadAction\",\"target\":[\"https:\\\/\\\/diariodepe.com.br\\\/cri\\\/2025\\\/05\\\/21\\\/presidente-do-azerbaijao-concede-entrevista-exclusiva-ao-cmg\\\/\"]}]},{\"@type\":\"ImageObject\",\"inLanguage\":\"pt-BR\",\"@id\":\"https:\\\/\\\/diariodepe.com.br\\\/cri\\\/2025\\\/05\\\/21\\\/presidente-do-azerbaijao-concede-entrevista-exclusiva-ao-cmg\\\/#primaryimage\",\"url\":\"https:\\\/\\\/38picres.cgtn.com\\\/photoAlbum\\\/page\\\/performance\\\/img\\\/2025\\\/4\\\/26\\\/1745671916748_55.jpeg\",\"contentUrl\":\"https:\\\/\\\/38picres.cgtn.com\\\/photoAlbum\\\/page\\\/performance\\\/img\\\/2025\\\/4\\\/26\\\/1745671916748_55.jpeg\"},{\"@type\":\"BreadcrumbList\",\"@id\":\"https:\\\/\\\/diariodepe.com.br\\\/cri\\\/2025\\\/05\\\/21\\\/presidente-do-azerbaijao-concede-entrevista-exclusiva-ao-cmg\\\/#breadcrumb\",\"itemListElement\":[{\"@type\":\"ListItem\",\"position\":1,\"name\":\"In\u00edcio\",\"item\":\"https:\\\/\\\/diariodepe.com.br\\\/cri\\\/\"},{\"@type\":\"ListItem\",\"position\":2,\"name\":\"Presidente do Azerbaij\u00e3o concede entrevista exclusiva ao CMG\"}]},{\"@type\":\"WebSite\",\"@id\":\"https:\\\/\\\/diariodepe.com.br\\\/cri\\\/#website\",\"url\":\"https:\\\/\\\/diariodepe.com.br\\\/cri\\\/\",\"name\":\"CRI e Diario de Pernambuco\",\"description\":\"R\u00e1dio Internacional da China\",\"publisher\":{\"@id\":\"https:\\\/\\\/diariodepe.com.br\\\/cri\\\/#organization\"},\"potentialAction\":[{\"@type\":\"SearchAction\",\"target\":{\"@type\":\"EntryPoint\",\"urlTemplate\":\"https:\\\/\\\/diariodepe.com.br\\\/cri\\\/?s={search_term_string}\"},\"query-input\":{\"@type\":\"PropertyValueSpecification\",\"valueRequired\":true,\"valueName\":\"search_term_string\"}}],\"inLanguage\":\"pt-BR\"},{\"@type\":\"Organization\",\"@id\":\"https:\\\/\\\/diariodepe.com.br\\\/cri\\\/#organization\",\"name\":\"CRI e Diario de Pernambuco\",\"url\":\"https:\\\/\\\/diariodepe.com.br\\\/cri\\\/\",\"logo\":{\"@type\":\"ImageObject\",\"inLanguage\":\"pt-BR\",\"@id\":\"https:\\\/\\\/diariodepe.com.br\\\/cri\\\/#\\\/schema\\\/logo\\\/image\\\/\",\"url\":\"https:\\\/\\\/diariodepe.com.br\\\/cri\\\/wp-content\\\/uploads\\\/sites\\\/2\\\/2022\\\/12\\\/cropped-Logo.jpg\",\"contentUrl\":\"https:\\\/\\\/diariodepe.com.br\\\/cri\\\/wp-content\\\/uploads\\\/sites\\\/2\\\/2022\\\/12\\\/cropped-Logo.jpg\",\"width\":700,\"height\":59,\"caption\":\"CRI e Diario de Pernambuco\"},\"image\":{\"@id\":\"https:\\\/\\\/diariodepe.com.br\\\/cri\\\/#\\\/schema\\\/logo\\\/image\\\/\"}},{\"@type\":\"Person\",\"@id\":\"https:\\\/\\\/diariodepe.com.br\\\/cri\\\/#\\\/schema\\\/person\\\/121bb28d84f1a5b1205ef4ce9c2e0c6b\",\"name\":\"Ismael Lucas S. Pereira\",\"image\":{\"@type\":\"ImageObject\",\"inLanguage\":\"pt-BR\",\"@id\":\"https:\\\/\\\/secure.gravatar.com\\\/avatar\\\/887a0f3b5a7ceea963a48499fb883ffce6b5037362def025c52c2505b15d63e4?s=96&d=mm&r=g\",\"url\":\"https:\\\/\\\/secure.gravatar.com\\\/avatar\\\/887a0f3b5a7ceea963a48499fb883ffce6b5037362def025c52c2505b15d63e4?s=96&d=mm&r=g\",\"contentUrl\":\"https:\\\/\\\/secure.gravatar.com\\\/avatar\\\/887a0f3b5a7ceea963a48499fb883ffce6b5037362def025c52c2505b15d63e4?s=96&d=mm&r=g\",\"caption\":\"Ismael Lucas S. Pereira\"},\"url\":\"https:\\\/\\\/diariodepe.com.br\\\/cri\\\/author\\\/ismael-lucas\\\/\"}]}<\/script>\n<!-- \/ Yoast SEO plugin. -->","yoast_head_json":{"title":"Presidente do Azerbaij\u00e3o concede entrevista exclusiva ao CMG - CRI e Diario de Pernambuco","robots":{"index":"index","follow":"follow","max-snippet":"max-snippet:-1","max-image-preview":"max-image-preview:large","max-video-preview":"max-video-preview:-1"},"canonical":"https:\/\/diariodepe.com.br\/cri\/2025\/05\/21\/presidente-do-azerbaijao-concede-entrevista-exclusiva-ao-cmg\/","og_locale":"pt_BR","og_type":"article","og_title":"Presidente do Azerbaij\u00e3o concede entrevista exclusiva ao CMG - CRI e Diario de Pernambuco","og_description":"Durante visita de Estado, o presidente do Arzerbaij\u00e3o, Ilham Aliyev, concedeu entrevista exclusiva ao programa \u201cFalem L\u00edderes\u201d, exibido semanalmente pelo Grupo de M\u00eddia da China (CMG, em ingl\u00eas). Aos rep\u00f3rteres, Aliyev disse considerar \u00f3timas as rela\u00e7\u00f5es entre China e Azerbaij\u00e3o....","og_url":"https:\/\/diariodepe.com.br\/cri\/2025\/05\/21\/presidente-do-azerbaijao-concede-entrevista-exclusiva-ao-cmg\/","og_site_name":"CRI e Diario de Pernambuco","article_published_time":"2025-05-21T06:52:42+00:00","og_image":[{"url":"https:\/\/38picres.cgtn.com\/photoAlbum\/page\/performance\/img\/2025\/4\/26\/1745671916748_55.jpeg","type":"","width":"","height":""}],"author":"Ismael Lucas S. Pereira","twitter_card":"summary_large_image","twitter_misc":{"Escrito por":"Ismael Lucas S. Pereira","Est. tempo de leitura":"2 minutos"},"schema":{"@context":"https:\/\/schema.org","@graph":[{"@type":"Article","@id":"https:\/\/diariodepe.com.br\/cri\/2025\/05\/21\/presidente-do-azerbaijao-concede-entrevista-exclusiva-ao-cmg\/#article","isPartOf":{"@id":"https:\/\/diariodepe.com.br\/cri\/2025\/05\/21\/presidente-do-azerbaijao-concede-entrevista-exclusiva-ao-cmg\/"},"author":{"name":"Ismael Lucas S. Pereira","@id":"https:\/\/diariodepe.com.br\/cri\/#\/schema\/person\/121bb28d84f1a5b1205ef4ce9c2e0c6b"},"headline":"Presidente do Azerbaij\u00e3o concede entrevista exclusiva ao CMG","datePublished":"2025-05-21T06:52:42+00:00","mainEntityOfPage":{"@id":"https:\/\/diariodepe.com.br\/cri\/2025\/05\/21\/presidente-do-azerbaijao-concede-entrevista-exclusiva-ao-cmg\/"},"wordCount":278,"commentCount":0,"publisher":{"@id":"https:\/\/diariodepe.com.br\/cri\/#organization"},"image":{"@id":"https:\/\/diariodepe.com.br\/cri\/2025\/05\/21\/presidente-do-azerbaijao-concede-entrevista-exclusiva-ao-cmg\/#primaryimage"},"thumbnailUrl":"https:\/\/38picres.cgtn.com\/photoAlbum\/page\/performance\/img\/2025\/4\/26\/1745671916748_55.jpeg","articleSection":["China"],"inLanguage":"pt-BR","potentialAction":[{"@type":"CommentAction","name":"Comment","target":["https:\/\/diariodepe.com.br\/cri\/2025\/05\/21\/presidente-do-azerbaijao-concede-entrevista-exclusiva-ao-cmg\/#respond"]}]},{"@type":"WebPage","@id":"https:\/\/diariodepe.com.br\/cri\/2025\/05\/21\/presidente-do-azerbaijao-concede-entrevista-exclusiva-ao-cmg\/","url":"https:\/\/diariodepe.com.br\/cri\/2025\/05\/21\/presidente-do-azerbaijao-concede-entrevista-exclusiva-ao-cmg\/","name":"Presidente do Azerbaij\u00e3o concede entrevista exclusiva ao CMG - CRI e Diario de Pernambuco","isPartOf":{"@id":"https:\/\/diariodepe.com.br\/cri\/#website"},"primaryImageOfPage":{"@id":"https:\/\/diariodepe.com.br\/cri\/2025\/05\/21\/presidente-do-azerbaijao-concede-entrevista-exclusiva-ao-cmg\/#primaryimage"},"image":{"@id":"https:\/\/diariodepe.com.br\/cri\/2025\/05\/21\/presidente-do-azerbaijao-concede-entrevista-exclusiva-ao-cmg\/#primaryimage"},"thumbnailUrl":"https:\/\/38picres.cgtn.com\/photoAlbum\/page\/performance\/img\/2025\/4\/26\/1745671916748_55.jpeg","datePublished":"2025-05-21T06:52:42+00:00","breadcrumb":{"@id":"https:\/\/diariodepe.com.br\/cri\/2025\/05\/21\/presidente-do-azerbaijao-concede-entrevista-exclusiva-ao-cmg\/#breadcrumb"},"inLanguage":"pt-BR","potentialAction":[{"@type":"ReadAction","target":["https:\/\/diariodepe.com.br\/cri\/2025\/05\/21\/presidente-do-azerbaijao-concede-entrevista-exclusiva-ao-cmg\/"]}]},{"@type":"ImageObject","inLanguage":"pt-BR","@id":"https:\/\/diariodepe.com.br\/cri\/2025\/05\/21\/presidente-do-azerbaijao-concede-entrevista-exclusiva-ao-cmg\/#primaryimage","url":"https:\/\/38picres.cgtn.com\/photoAlbum\/page\/performance\/img\/2025\/4\/26\/1745671916748_55.jpeg","contentUrl":"https:\/\/38picres.cgtn.com\/photoAlbum\/page\/performance\/img\/2025\/4\/26\/1745671916748_55.jpeg"},{"@type":"BreadcrumbList","@id":"https:\/\/diariodepe.com.br\/cri\/2025\/05\/21\/presidente-do-azerbaijao-concede-entrevista-exclusiva-ao-cmg\/#breadcrumb","itemListElement":[{"@type":"ListItem","position":1,"name":"In\u00edcio","item":"https:\/\/diariodepe.com.br\/cri\/"},{"@type":"ListItem","position":2,"name":"Presidente do Azerbaij\u00e3o concede entrevista exclusiva ao CMG"}]},{"@type":"WebSite","@id":"https:\/\/diariodepe.com.br\/cri\/#website","url":"https:\/\/diariodepe.com.br\/cri\/","name":"CRI e Diario de Pernambuco","description":"R\u00e1dio Internacional da China","publisher":{"@id":"https:\/\/diariodepe.com.br\/cri\/#organization"},"potentialAction":[{"@type":"SearchAction","target":{"@type":"EntryPoint","urlTemplate":"https:\/\/diariodepe.com.br\/cri\/?s={search_term_string}"},"query-input":{"@type":"PropertyValueSpecification","valueRequired":true,"valueName":"search_term_string"}}],"inLanguage":"pt-BR"},{"@type":"Organization","@id":"https:\/\/diariodepe.com.br\/cri\/#organization","name":"CRI e Diario de Pernambuco","url":"https:\/\/diariodepe.com.br\/cri\/","logo":{"@type":"ImageObject","inLanguage":"pt-BR","@id":"https:\/\/diariodepe.com.br\/cri\/#\/schema\/logo\/image\/","url":"https:\/\/diariodepe.com.br\/cri\/wp-content\/uploads\/sites\/2\/2022\/12\/cropped-Logo.jpg","contentUrl":"https:\/\/diariodepe.com.br\/cri\/wp-content\/uploads\/sites\/2\/2022\/12\/cropped-Logo.jpg","width":700,"height":59,"caption":"CRI e Diario de Pernambuco"},"image":{"@id":"https:\/\/diariodepe.com.br\/cri\/#\/schema\/logo\/image\/"}},{"@type":"Person","@id":"https:\/\/diariodepe.com.br\/cri\/#\/schema\/person\/121bb28d84f1a5b1205ef4ce9c2e0c6b","name":"Ismael Lucas S. Pereira","image":{"@type":"ImageObject","inLanguage":"pt-BR","@id":"https:\/\/secure.gravatar.com\/avatar\/887a0f3b5a7ceea963a48499fb883ffce6b5037362def025c52c2505b15d63e4?s=96&d=mm&r=g","url":"https:\/\/secure.gravatar.com\/avatar\/887a0f3b5a7ceea963a48499fb883ffce6b5037362def025c52c2505b15d63e4?s=96&d=mm&r=g","contentUrl":"https:\/\/secure.gravatar.com\/avatar\/887a0f3b5a7ceea963a48499fb883ffce6b5037362def025c52c2505b15d63e4?s=96&d=mm&r=g","caption":"Ismael Lucas S. Pereira"},"url":"https:\/\/diariodepe.com.br\/cri\/author\/ismael-lucas\/"}]}},"cc_featured_image_caption":{"caption_text":false,"source_text":false,"source_url":false},"amp_enabled":true,"_links":{"self":[{"href":"https:\/\/diariodepe.com.br\/cri\/wp-json\/wp\/v2\/posts\/8383","targetHints":{"allow":["GET"]}}],"collection":[{"href":"https:\/\/diariodepe.com.br\/cri\/wp-json\/wp\/v2\/posts"}],"about":[{"href":"https:\/\/diariodepe.com.br\/cri\/wp-json\/wp\/v2\/types\/post"}],"author":[{"embeddable":true,"href":"https:\/\/diariodepe.com.br\/cri\/wp-json\/wp\/v2\/users\/2"}],"replies":[{"embeddable":true,"href":"https:\/\/diariodepe.com.br\/cri\/wp-json\/wp\/v2\/comments?post=8383"}],"version-history":[{"count":1,"href":"https:\/\/diariodepe.com.br\/cri\/wp-json\/wp\/v2\/posts\/8383\/revisions"}],"predecessor-version":[{"id":8384,"href":"https:\/\/diariodepe.com.br\/cri\/wp-json\/wp\/v2\/posts\/8383\/revisions\/8384"}],"wp:attachment":[{"href":"https:\/\/diariodepe.com.br\/cri\/wp-json\/wp\/v2\/media?parent=8383"}],"wp:term":[{"taxonomy":"category","embeddable":true,"href":"https:\/\/diariodepe.com.br\/cri\/wp-json\/wp\/v2\/categories?post=8383"},{"taxonomy":"post_tag","embeddable":true,"href":"https:\/\/diariodepe.com.br\/cri\/wp-json\/wp\/v2\/tags?post=8383"}],"curies":[{"name":"wp","href":"https:\/\/api.w.org\/{rel}","templated":true}]}}